{"id":75722,"date":"2014-03-11T17:59:52","date_gmt":"2014-03-11T20:59:52","guid":{"rendered":"http:\/\/www.quersaberpolitica.com.br\/?p=75722"},"modified":"2014-03-11T18:17:01","modified_gmt":"2014-03-11T21:17:01","slug":"secretaria-de-juazeiro-anuncia-investimento-de-r-50-mil-para-projetos-culturais-atraves-de-chamadas-publicas","status":"publish","type":"post","link":"https:\/\/blogdofarnesio.com.br\/?p=75722","title":{"rendered":"JUAZEIRO ANUNCIA INVESTIMENTO DE R$ 50 MIL PARA PROJETOS CULTURAIS ATRAV\u00c9S DE CHAMADAS P\u00daBLICAS"},"content":{"rendered":"<p style=\"text-align: justify\"><a href=\"http:\/\/www.quersaberpolitica.com.br\/2016\/wp-content\/uploads\/2013\/12\/miniatura_destaque.jpg\"><img loading=\"lazy\" decoding=\"async\" class=\"alignleft size-medium wp-image-67305\" alt=\"blogqspcultura\" src=\"http:\/\/www.quersaberpolitica.com.br\/2016\/wp-content\/uploads\/2013\/12\/miniatura_destaque-300x168.jpg\" width=\"300\" height=\"168\" srcset=\"https:\/\/blogdofarnesio.com.br\/wp-content\/uploads\/2013\/12\/miniatura_destaque-300x168.jpg 300w, https:\/\/blogdofarnesio.com.br\/wp-content\/uploads\/2013\/12\/miniatura_destaque.jpg 400w\" sizes=\"auto, (max-width: 300px) 100vw, 300px\" \/><\/a>Como parte da pol\u00edtica de valoriza\u00e7\u00e3o e incentivo \u00e0 produ\u00e7\u00e3o cultural juazeirense mediante processo democr\u00e1tico, a Prefeitura de Juazeiro, atrav\u00e9s da Secretaria de Cultura e Juventude, anuncia a abertura de Editais de Chamadas P\u00fablicas com recurso total de R$ 50 mil para investimento nos seguintes segmentos art\u00edsticos: Calend\u00e1rio de Apoio e Espet\u00e1culos Sacros (na sede e no interior do munic\u00edpio).<\/p>\n<p style=\"text-align: justify\">\u201cO recurso \u00e9 proveniente do Fundo Municipal de Cultura e esse \u00e9 o resultado de um \u00e1rduo trabalho que temos feito nos \u00faltimos anos de implanta\u00e7\u00e3o de pol\u00edticas p\u00fablicas, assim como reestrutura\u00e7\u00e3o da Secretaria e do Conselho Municipal. O primeiro passo foi inscrever Juazeiro no Sistema Nacional de Cultura e agora estamos finalizando as etapas seguintes, como por exemplo, o Plano Municipal de Cultura. Tudo isso possibilitou dispormos desse recurso para fomenta\u00e7\u00e3o da nossa produ\u00e7\u00e3o cultural\u201d, explicou o secret\u00e1rio Donizete Menezes.<!--more--><\/p>\n<p style=\"text-align: justify\">O objetivo destes Editais de Chamadas P\u00fablicas \u2013 in\u00e9dito no setor da cultura em Juazeiro \u2013 \u00e9 realizar concurso para sele\u00e7\u00e3o de propostas voltadas ao desenvolvimento e fomento da produ\u00e7\u00e3o cultural e art\u00edstica com a\u00e7\u00f5es a serem executadas em 2014. O Edital<b>\u00a0<\/b>Calend\u00e1rio\u00a0de Apoio\u00a0contemplar\u00e1 iniciativas culturais e art\u00edsticas voltadas \u00e0 forma\u00e7\u00e3o, difus\u00e3o, cria\u00e7\u00e3o, produ\u00e7\u00e3o, circula\u00e7\u00e3o, pesquisa e mem\u00f3ria.<\/p>\n<p style=\"text-align: justify\">Esse edital contemplar\u00e1\u00a0projetos\u00a0a serem executados na sede e\/ou no interior do munic\u00edpio nas modalidades Artes Visuais,<b>\u00a0<\/b>Audiovisual,<b>\u00a0<\/b>Arte educa\u00e7\u00e3o\u00a0(envolvendo quest\u00f5es et\u00e1rias, de g\u00eanero, e \u00e9tnico-raciais),\u00a0Circo, Manifesta\u00e7\u00f5es e Festas Populares, Dan\u00e7a, Literatura, M\u00fasica, Teatro e Artes Integradas.<\/p>\n<p style=\"text-align: justify\">Ser\u00e3o selecionadas\u00a0seis propostas com valor de\u00a0R$ 5 mil e o total do recurso para a chamada de Calend\u00e1rio de Apoio \u00e9 de R$ 30 mil.<\/p>\n<p style=\"text-align: justify\">Para atender \u00e0 tradi\u00e7\u00e3o das pe\u00e7as teatrais do per\u00edodo da Semana Santa tamb\u00e9m est\u00e1 aberto o Edital<b>\u00a0<\/b>de Espet\u00e1culos Sacros<b>,\u00a0<\/b>direcionado \u00e0 concess\u00e3o de apoio a produ\u00e7\u00f5es a serem realizadas de\u00a015 a 19 de abril 2014. Dos espet\u00e1culos selecionados pelo menos dois devem ser apresentados na zona rural. O recurso dispon\u00edvel para apoio neste chamamento \u00e9 de\u00a0R$ 20 mil, distribu\u00eddos em cinco projetos de R$ 4 mil.<\/p>\n<p style=\"text-align: justify\">Ser\u00e3o habilitados para participar das sele\u00e7\u00f5es os artistas e grupos residentes e atuantes no munic\u00edpio de Juazeiro\/BA h\u00e1 no m\u00ednimo tr\u00eas anos e que se inscreverem nos chamamento p\u00fablicos no per\u00edodo de 10 a 20\/03 (Espet\u00e1culos Sacros) e de 10 a 28\/03 (Calend\u00e1rio de Apoio).<\/p>\n<p style=\"text-align: justify\">Mais informa\u00e7\u00f5es e inscri\u00e7\u00f5es na Secretaria de Cultura e Juventude, situada na Avenida Carmela Dutra, N\u00b0683, na Orla 1 de Juazeiro, das 08h \u00e0s 13h. Os Editais e os cronogramas de execu\u00e7\u00e3o das produ\u00e7\u00f5es est\u00e3o publicados no Di\u00e1rio Oficial do Munic\u00edpio:<cite><a href=\"http:\/\/www.doem.org.br\/\" target=\"_blank\">www.doem.org.br\/<\/a>ba\/juazeiro.<\/cite><\/p>\n<p><strong><i>Por Luiz H\u00e9lio\/Secretaria de Cultura e Juventude<\/i><\/strong><\/p>\n<p>&nbsp;<\/p>\n<p>&nbsp;<\/p>\n","protected":false},"excerpt":{"rendered":"<p>Como parte da pol\u00edtica de valoriza\u00e7\u00e3o e incentivo \u00e0 produ\u00e7\u00e3o cultural juazeirense mediante processo democr\u00e1tico, a Prefeitura de Juazeiro, atrav\u00e9s da Secretaria de Cultura e Juventude, anuncia a abertura de Editais de Chamadas P\u00fablicas com recurso total de R$ 50 mil para investimento nos seguintes segmentos art\u00edsticos: Calend\u00e1rio de Apoio e Espet\u00e1culos Sacros (na sede e no interior do munic\u00edpio). \u201cO recurso \u00e9 proveniente do Fundo Municipal de Cultura e esse \u00e9 o resultado de um \u00e1rduo trabalho que temos feito nos \u00faltimos anos de implanta\u00e7\u00e3o de pol\u00edticas p\u00fablicas, assim como reestrutura\u00e7\u00e3o da Secretaria e do Conselho Municipal. O primeiro passo foi inscrever Juazeiro no Sistema Nacional de Cultura e agora estamos finalizando as etapas seguintes, como por exemplo, o&hellip; <\/p>\n","protected":false},"author":3,"featured_media":0,"comment_status":"open","ping_status":"open","sticky":false,"template":"","format":"standard","meta":{"_acf_changed":false,"footnotes":""},"categories":[10],"tags":[],"class_list":["post-75722","post","type-post","status-publish","format-standard","hentry","category-cultura"],"acf":[],"yoast_head":"<!-- This site is optimized with the Yoast SEO plugin v27.4 - https:\/\/yoast.com\/product\/yoast-seo-wordpress\/ -->\n<title>JUAZEIRO ANUNCIA INVESTIMENTO DE R$ 50 MIL PARA PROJETOS CULTURAIS ATRAV\u00c9S DE CHAMADAS P\u00daBLICAS - Blog do Farn\u00e9sio<\/title>\n<meta name=\"robots\" content=\"index, follow, max-snippet:-1, max-image-preview:large, max-video-preview:-1\" \/>\n<link rel=\"canonical\" href=\"https:\/\/blogdofarnesio.com.br\/?p=75722\" \/>\n<meta property=\"og:locale\" content=\"pt_BR\" \/>\n<meta property=\"og:type\" content=\"article\" \/>\n<meta property=\"og:title\" content=\"JUAZEIRO ANUNCIA INVESTIMENTO DE R$ 50 MIL PARA PROJETOS CULTURAIS ATRAV\u00c9S DE CHAMADAS P\u00daBLICAS - Blog do Farn\u00e9sio\" \/>\n<meta property=\"og:description\" content=\"Como parte da pol\u00edtica de valoriza\u00e7\u00e3o e incentivo \u00e0 produ\u00e7\u00e3o cultural juazeirense mediante processo democr\u00e1tico, a Prefeitura de Juazeiro, atrav\u00e9s da Secretaria de Cultura e Juventude, anuncia a abertura de Editais de Chamadas P\u00fablicas com recurso total de R$ 50 mil para investimento nos seguintes segmentos art\u00edsticos: Calend\u00e1rio de Apoio e Espet\u00e1culos Sacros (na sede e no interior do munic\u00edpio). \u201cO recurso \u00e9 proveniente do Fundo Municipal de Cultura e esse \u00e9 o resultado de um \u00e1rduo trabalho que temos feito nos \u00faltimos anos de implanta\u00e7\u00e3o de pol\u00edticas p\u00fablicas, assim como reestrutura\u00e7\u00e3o da Secretaria e do Conselho Municipal. O primeiro passo foi inscrever Juazeiro no Sistema Nacional de Cultura e agora estamos finalizando as etapas seguintes, como por exemplo, o&hellip;\" \/>\n<meta property=\"og:url\" content=\"https:\/\/blogdofarnesio.com.br\/?p=75722\" \/>\n<meta property=\"og:site_name\" content=\"Blog do Farn\u00e9sio\" \/>\n<meta property=\"article:publisher\" content=\"https:\/\/www.facebook.com\/BlogQuerSaberPolitica\/\" \/>\n<meta property=\"article:published_time\" content=\"2014-03-11T20:59:52+00:00\" \/>\n<meta property=\"article:modified_time\" content=\"2014-03-11T21:17:01+00:00\" \/>\n<meta property=\"og:image\" content=\"http:\/\/www.quersaberpolitica.com.br\/2016\/wp-content\/uploads\/2013\/12\/miniatura_destaque-300x168.jpg\" \/>\n<meta name=\"author\" content=\"teste\" \/>\n<meta name=\"twitter:card\" content=\"summary_large_image\" \/>\n<meta name=\"twitter:label1\" content=\"Escrito por\" \/>\n\t<meta name=\"twitter:data1\" content=\"teste\" \/>\n\t<meta name=\"twitter:label2\" content=\"Est. tempo de leitura\" \/>\n\t<meta name=\"twitter:data2\" content=\"2 minutos\" \/>\n<script type=\"application\/ld+json\" class=\"yoast-schema-graph\">{\"@context\":\"https:\\\/\\\/schema.org\",\"@graph\":[{\"@type\":\"Article\",\"@id\":\"https:\\\/\\\/blogdofarnesio.com.br\\\/?p=75722#article\",\"isPartOf\":{\"@id\":\"https:\\\/\\\/blogdofarnesio.com.br\\\/?p=75722\"},\"author\":{\"name\":\"teste\",\"@id\":\"https:\\\/\\\/blogdofarnesio.com.br\\\/#\\\/schema\\\/person\\\/dd1bf5eba40b687199ba45ca6b97dff9\"},\"headline\":\"JUAZEIRO ANUNCIA INVESTIMENTO DE R$ 50 MIL PARA PROJETOS CULTURAIS ATRAV\u00c9S DE CHAMADAS P\u00daBLICAS\",\"datePublished\":\"2014-03-11T20:59:52+00:00\",\"dateModified\":\"2014-03-11T21:17:01+00:00\",\"mainEntityOfPage\":{\"@id\":\"https:\\\/\\\/blogdofarnesio.com.br\\\/?p=75722\"},\"wordCount\":499,\"commentCount\":0,\"publisher\":{\"@id\":\"https:\\\/\\\/blogdofarnesio.com.br\\\/#organization\"},\"image\":{\"@id\":\"https:\\\/\\\/blogdofarnesio.com.br\\\/?p=75722#primaryimage\"},\"thumbnailUrl\":\"http:\\\/\\\/www.quersaberpolitica.com.br\\\/2016\\\/wp-content\\\/uploads\\\/2013\\\/12\\\/miniatura_destaque-300x168.jpg\",\"articleSection\":[\"Cultura\"],\"inLanguage\":\"pt-BR\",\"potentialAction\":[{\"@type\":\"CommentAction\",\"name\":\"Comment\",\"target\":[\"https:\\\/\\\/blogdofarnesio.com.br\\\/?p=75722#respond\"]}]},{\"@type\":\"WebPage\",\"@id\":\"https:\\\/\\\/blogdofarnesio.com.br\\\/?p=75722\",\"url\":\"https:\\\/\\\/blogdofarnesio.com.br\\\/?p=75722\",\"name\":\"JUAZEIRO ANUNCIA INVESTIMENTO DE R$ 50 MIL PARA PROJETOS CULTURAIS ATRAV\u00c9S DE CHAMADAS P\u00daBLICAS - Blog do Farn\u00e9sio\",\"isPartOf\":{\"@id\":\"https:\\\/\\\/blogdofarnesio.com.br\\\/#website\"},\"primaryImageOfPage\":{\"@id\":\"https:\\\/\\\/blogdofarnesio.com.br\\\/?p=75722#primaryimage\"},\"image\":{\"@id\":\"https:\\\/\\\/blogdofarnesio.com.br\\\/?p=75722#primaryimage\"},\"thumbnailUrl\":\"http:\\\/\\\/www.quersaberpolitica.com.br\\\/2016\\\/wp-content\\\/uploads\\\/2013\\\/12\\\/miniatura_destaque-300x168.jpg\",\"datePublished\":\"2014-03-11T20:59:52+00:00\",\"dateModified\":\"2014-03-11T21:17:01+00:00\",\"breadcrumb\":{\"@id\":\"https:\\\/\\\/blogdofarnesio.com.br\\\/?p=75722#breadcrumb\"},\"inLanguage\":\"pt-BR\",\"potentialAction\":[{\"@type\":\"ReadAction\",\"target\":[\"https:\\\/\\\/blogdofarnesio.com.br\\\/?p=75722\"]}]},{\"@type\":\"ImageObject\",\"inLanguage\":\"pt-BR\",\"@id\":\"https:\\\/\\\/blogdofarnesio.com.br\\\/?p=75722#primaryimage\",\"url\":\"http:\\\/\\\/www.quersaberpolitica.com.br\\\/2016\\\/wp-content\\\/uploads\\\/2013\\\/12\\\/miniatura_destaque-300x168.jpg\",\"contentUrl\":\"http:\\\/\\\/www.quersaberpolitica.com.br\\\/2016\\\/wp-content\\\/uploads\\\/2013\\\/12\\\/miniatura_destaque-300x168.jpg\"},{\"@type\":\"BreadcrumbList\",\"@id\":\"https:\\\/\\\/blogdofarnesio.com.br\\\/?p=75722#breadcrumb\",\"itemListElement\":[{\"@type\":\"ListItem\",\"position\":1,\"name\":\"In\u00edcio\",\"item\":\"https:\\\/\\\/blogdofarnesio.com.br\\\/\"},{\"@type\":\"ListItem\",\"position\":2,\"name\":\"JUAZEIRO ANUNCIA INVESTIMENTO DE R$ 50 MIL PARA PROJETOS CULTURAIS ATRAV\u00c9S DE CHAMADAS P\u00daBLICAS\"}]},{\"@type\":\"WebSite\",\"@id\":\"https:\\\/\\\/blogdofarnesio.com.br\\\/#website\",\"url\":\"https:\\\/\\\/blogdofarnesio.com.br\\\/\",\"name\":\"Blog do Farn\u00e9sio\",\"description\":\"Quer Saber Pol\u00edtica?\",\"publisher\":{\"@id\":\"https:\\\/\\\/blogdofarnesio.com.br\\\/#organization\"},\"potentialAction\":[{\"@type\":\"SearchAction\",\"target\":{\"@type\":\"EntryPoint\",\"urlTemplate\":\"https:\\\/\\\/blogdofarnesio.com.br\\\/?s={search_term_string}\"},\"query-input\":{\"@type\":\"PropertyValueSpecification\",\"valueRequired\":true,\"valueName\":\"search_term_string\"}}],\"inLanguage\":\"pt-BR\"},{\"@type\":\"Organization\",\"@id\":\"https:\\\/\\\/blogdofarnesio.com.br\\\/#organization\",\"name\":\"Blog do Farn\u00e9sio\",\"url\":\"https:\\\/\\\/blogdofarnesio.com.br\\\/\",\"logo\":{\"@type\":\"ImageObject\",\"inLanguage\":\"pt-BR\",\"@id\":\"https:\\\/\\\/blogdofarnesio.com.br\\\/#\\\/schema\\\/logo\\\/image\\\/\",\"url\":\"https:\\\/\\\/blogdofarnesio.com.br\\\/wp-content\\\/uploads\\\/2026\\\/03\\\/cropped-logo_new-1.png\",\"contentUrl\":\"https:\\\/\\\/blogdofarnesio.com.br\\\/wp-content\\\/uploads\\\/2026\\\/03\\\/cropped-logo_new-1.png\",\"width\":881,\"height\":685,\"caption\":\"Blog do Farn\u00e9sio\"},\"image\":{\"@id\":\"https:\\\/\\\/blogdofarnesio.com.br\\\/#\\\/schema\\\/logo\\\/image\\\/\"},\"sameAs\":[\"https:\\\/\\\/www.facebook.com\\\/BlogQuerSaberPolitica\\\/\"]},{\"@type\":\"Person\",\"@id\":\"https:\\\/\\\/blogdofarnesio.com.br\\\/#\\\/schema\\\/person\\\/dd1bf5eba40b687199ba45ca6b97dff9\",\"name\":\"teste\",\"image\":{\"@type\":\"ImageObject\",\"inLanguage\":\"pt-BR\",\"@id\":\"https:\\\/\\\/secure.gravatar.com\\\/avatar\\\/2172498d4914b51e1d89a0f97957b035ac4938723a5cac208135d389b6972a6d?s=96&d=mm&r=g\",\"url\":\"https:\\\/\\\/secure.gravatar.com\\\/avatar\\\/2172498d4914b51e1d89a0f97957b035ac4938723a5cac208135d389b6972a6d?s=96&d=mm&r=g\",\"contentUrl\":\"https:\\\/\\\/secure.gravatar.com\\\/avatar\\\/2172498d4914b51e1d89a0f97957b035ac4938723a5cac208135d389b6972a6d?s=96&d=mm&r=g\",\"caption\":\"teste\"},\"url\":\"https:\\\/\\\/blogdofarnesio.com.br\\\/?author=3\"}]}<\/script>\n<!-- \/ Yoast SEO plugin. -->","yoast_head_json":{"title":"JUAZEIRO ANUNCIA INVESTIMENTO DE R$ 50 MIL PARA PROJETOS CULTURAIS ATRAV\u00c9S DE CHAMADAS P\u00daBLICAS - Blog do Farn\u00e9sio","robots":{"index":"index","follow":"follow","max-snippet":"max-snippet:-1","max-image-preview":"max-image-preview:large","max-video-preview":"max-video-preview:-1"},"canonical":"https:\/\/blogdofarnesio.com.br\/?p=75722","og_locale":"pt_BR","og_type":"article","og_title":"JUAZEIRO ANUNCIA INVESTIMENTO DE R$ 50 MIL PARA PROJETOS CULTURAIS ATRAV\u00c9S DE CHAMADAS P\u00daBLICAS - Blog do Farn\u00e9sio","og_description":"Como parte da pol\u00edtica de valoriza\u00e7\u00e3o e incentivo \u00e0 produ\u00e7\u00e3o cultural juazeirense mediante processo democr\u00e1tico, a Prefeitura de Juazeiro, atrav\u00e9s da Secretaria de Cultura e Juventude, anuncia a abertura de Editais de Chamadas P\u00fablicas com recurso total de R$ 50 mil para investimento nos seguintes segmentos art\u00edsticos: Calend\u00e1rio de Apoio e Espet\u00e1culos Sacros (na sede e no interior do munic\u00edpio). \u201cO recurso \u00e9 proveniente do Fundo Municipal de Cultura e esse \u00e9 o resultado de um \u00e1rduo trabalho que temos feito nos \u00faltimos anos de implanta\u00e7\u00e3o de pol\u00edticas p\u00fablicas, assim como reestrutura\u00e7\u00e3o da Secretaria e do Conselho Municipal. O primeiro passo foi inscrever Juazeiro no Sistema Nacional de Cultura e agora estamos finalizando as etapas seguintes, como por exemplo, o&hellip;","og_url":"https:\/\/blogdofarnesio.com.br\/?p=75722","og_site_name":"Blog do Farn\u00e9sio","article_publisher":"https:\/\/www.facebook.com\/BlogQuerSaberPolitica\/","article_published_time":"2014-03-11T20:59:52+00:00","article_modified_time":"2014-03-11T21:17:01+00:00","og_image":[{"url":"http:\/\/www.quersaberpolitica.com.br\/2016\/wp-content\/uploads\/2013\/12\/miniatura_destaque-300x168.jpg","type":"","width":"","height":""}],"author":"teste","twitter_card":"summary_large_image","twitter_misc":{"Escrito por":"teste","Est. tempo de leitura":"2 minutos"},"schema":{"@context":"https:\/\/schema.org","@graph":[{"@type":"Article","@id":"https:\/\/blogdofarnesio.com.br\/?p=75722#article","isPartOf":{"@id":"https:\/\/blogdofarnesio.com.br\/?p=75722"},"author":{"name":"teste","@id":"https:\/\/blogdofarnesio.com.br\/#\/schema\/person\/dd1bf5eba40b687199ba45ca6b97dff9"},"headline":"JUAZEIRO ANUNCIA INVESTIMENTO DE R$ 50 MIL PARA PROJETOS CULTURAIS ATRAV\u00c9S DE CHAMADAS P\u00daBLICAS","datePublished":"2014-03-11T20:59:52+00:00","dateModified":"2014-03-11T21:17:01+00:00","mainEntityOfPage":{"@id":"https:\/\/blogdofarnesio.com.br\/?p=75722"},"wordCount":499,"commentCount":0,"publisher":{"@id":"https:\/\/blogdofarnesio.com.br\/#organization"},"image":{"@id":"https:\/\/blogdofarnesio.com.br\/?p=75722#primaryimage"},"thumbnailUrl":"http:\/\/www.quersaberpolitica.com.br\/2016\/wp-content\/uploads\/2013\/12\/miniatura_destaque-300x168.jpg","articleSection":["Cultura"],"inLanguage":"pt-BR","potentialAction":[{"@type":"CommentAction","name":"Comment","target":["https:\/\/blogdofarnesio.com.br\/?p=75722#respond"]}]},{"@type":"WebPage","@id":"https:\/\/blogdofarnesio.com.br\/?p=75722","url":"https:\/\/blogdofarnesio.com.br\/?p=75722","name":"JUAZEIRO ANUNCIA INVESTIMENTO DE R$ 50 MIL PARA PROJETOS CULTURAIS ATRAV\u00c9S DE CHAMADAS P\u00daBLICAS - Blog do Farn\u00e9sio","isPartOf":{"@id":"https:\/\/blogdofarnesio.com.br\/#website"},"primaryImageOfPage":{"@id":"https:\/\/blogdofarnesio.com.br\/?p=75722#primaryimage"},"image":{"@id":"https:\/\/blogdofarnesio.com.br\/?p=75722#primaryimage"},"thumbnailUrl":"http:\/\/www.quersaberpolitica.com.br\/2016\/wp-content\/uploads\/2013\/12\/miniatura_destaque-300x168.jpg","datePublished":"2014-03-11T20:59:52+00:00","dateModified":"2014-03-11T21:17:01+00:00","breadcrumb":{"@id":"https:\/\/blogdofarnesio.com.br\/?p=75722#breadcrumb"},"inLanguage":"pt-BR","potentialAction":[{"@type":"ReadAction","target":["https:\/\/blogdofarnesio.com.br\/?p=75722"]}]},{"@type":"ImageObject","inLanguage":"pt-BR","@id":"https:\/\/blogdofarnesio.com.br\/?p=75722#primaryimage","url":"http:\/\/www.quersaberpolitica.com.br\/2016\/wp-content\/uploads\/2013\/12\/miniatura_destaque-300x168.jpg","contentUrl":"http:\/\/www.quersaberpolitica.com.br\/2016\/wp-content\/uploads\/2013\/12\/miniatura_destaque-300x168.jpg"},{"@type":"BreadcrumbList","@id":"https:\/\/blogdofarnesio.com.br\/?p=75722#breadcrumb","itemListElement":[{"@type":"ListItem","position":1,"name":"In\u00edcio","item":"https:\/\/blogdofarnesio.com.br\/"},{"@type":"ListItem","position":2,"name":"JUAZEIRO ANUNCIA INVESTIMENTO DE R$ 50 MIL PARA PROJETOS CULTURAIS ATRAV\u00c9S DE CHAMADAS P\u00daBLICAS"}]},{"@type":"WebSite","@id":"https:\/\/blogdofarnesio.com.br\/#website","url":"https:\/\/blogdofarnesio.com.br\/","name":"Blog do Farn\u00e9sio","description":"Quer Saber Pol\u00edtica?","publisher":{"@id":"https:\/\/blogdofarnesio.com.br\/#organization"},"potentialAction":[{"@type":"SearchAction","target":{"@type":"EntryPoint","urlTemplate":"https:\/\/blogdofarnesio.com.br\/?s={search_term_string}"},"query-input":{"@type":"PropertyValueSpecification","valueRequired":true,"valueName":"search_term_string"}}],"inLanguage":"pt-BR"},{"@type":"Organization","@id":"https:\/\/blogdofarnesio.com.br\/#organization","name":"Blog do Farn\u00e9sio","url":"https:\/\/blogdofarnesio.com.br\/","logo":{"@type":"ImageObject","inLanguage":"pt-BR","@id":"https:\/\/blogdofarnesio.com.br\/#\/schema\/logo\/image\/","url":"https:\/\/blogdofarnesio.com.br\/wp-content\/uploads\/2026\/03\/cropped-logo_new-1.png","contentUrl":"https:\/\/blogdofarnesio.com.br\/wp-content\/uploads\/2026\/03\/cropped-logo_new-1.png","width":881,"height":685,"caption":"Blog do Farn\u00e9sio"},"image":{"@id":"https:\/\/blogdofarnesio.com.br\/#\/schema\/logo\/image\/"},"sameAs":["https:\/\/www.facebook.com\/BlogQuerSaberPolitica\/"]},{"@type":"Person","@id":"https:\/\/blogdofarnesio.com.br\/#\/schema\/person\/dd1bf5eba40b687199ba45ca6b97dff9","name":"teste","image":{"@type":"ImageObject","inLanguage":"pt-BR","@id":"https:\/\/secure.gravatar.com\/avatar\/2172498d4914b51e1d89a0f97957b035ac4938723a5cac208135d389b6972a6d?s=96&d=mm&r=g","url":"https:\/\/secure.gravatar.com\/avatar\/2172498d4914b51e1d89a0f97957b035ac4938723a5cac208135d389b6972a6d?s=96&d=mm&r=g","contentUrl":"https:\/\/secure.gravatar.com\/avatar\/2172498d4914b51e1d89a0f97957b035ac4938723a5cac208135d389b6972a6d?s=96&d=mm&r=g","caption":"teste"},"url":"https:\/\/blogdofarnesio.com.br\/?author=3"}]}},"_links":{"self":[{"href":"https:\/\/blogdofarnesio.com.br\/index.php?rest_route=\/wp\/v2\/posts\/75722","targetHints":{"allow":["GET"]}}],"collection":[{"href":"https:\/\/blogdofarnesio.com.br\/index.php?rest_route=\/wp\/v2\/posts"}],"about":[{"href":"https:\/\/blogdofarnesio.com.br\/index.php?rest_route=\/wp\/v2\/types\/post"}],"author":[{"embeddable":true,"href":"https:\/\/blogdofarnesio.com.br\/index.php?rest_route=\/wp\/v2\/users\/3"}],"replies":[{"embeddable":true,"href":"https:\/\/blogdofarnesio.com.br\/index.php?rest_route=%2Fwp%2Fv2%2Fcomments&post=75722"}],"version-history":[{"count":0,"href":"https:\/\/blogdofarnesio.com.br\/index.php?rest_route=\/wp\/v2\/posts\/75722\/revisions"}],"wp:attachment":[{"href":"https:\/\/blogdofarnesio.com.br\/index.php?rest_route=%2Fwp%2Fv2%2Fmedia&parent=75722"}],"wp:term":[{"taxonomy":"category","embeddable":true,"href":"https:\/\/blogdofarnesio.com.br\/index.php?rest_route=%2Fwp%2Fv2%2Fcategories&post=75722"},{"taxonomy":"post_tag","embeddable":true,"href":"https:\/\/blogdofarnesio.com.br\/index.php?rest_route=%2Fwp%2Fv2%2Ftags&post=75722"}],"curies":[{"name":"wp","href":"https:\/\/api.w.org\/{rel}","templated":true}]}}