{"id":75563,"date":"2014-03-10T16:22:36","date_gmt":"2014-03-10T19:22:36","guid":{"rendered":"http:\/\/www.quersaberpolitica.com.br\/?p=75563"},"modified":"2014-03-10T15:05:23","modified_gmt":"2014-03-10T18:05:23","slug":"deputado-federal-amauri-faz-um-balanco-do-encontro-do-pt-em-juazeiro","status":"publish","type":"post","link":"https:\/\/blogdofarnesio.com.br\/?p=75563","title":{"rendered":"DEPUTADO FEDERAL AMAURI FAZ UM BALAN\u00c7O DO ENCONTRO DO PT EM JUAZEIRO"},"content":{"rendered":"<figure id=\"attachment_75569\" aria-describedby=\"caption-attachment-75569\" style=\"width: 512px\" class=\"wp-caption aligncenter\"><a href=\"http:\/\/www.quersaberpolitica.com.br\/2016\/wp-content\/uploads\/2014\/03\/blogqspdepamauryteixeira-foto-BlogQSP1.jpg\"><img loading=\"lazy\" decoding=\"async\" class=\" wp-image-75569 \" alt=\"Dep Amaury Teieira PT  Foto BlogQSP\" src=\"http:\/\/www.quersaberpolitica.com.br\/2016\/wp-content\/uploads\/2014\/03\/blogqspdepamauryteixeira-foto-BlogQSP1.jpg\" width=\"512\" height=\"286\" srcset=\"https:\/\/blogdofarnesio.com.br\/wp-content\/uploads\/2014\/03\/blogqspdepamauryteixeira-foto-BlogQSP1.jpg 640w, https:\/\/blogdofarnesio.com.br\/wp-content\/uploads\/2014\/03\/blogqspdepamauryteixeira-foto-BlogQSP1-300x167.jpg 300w, https:\/\/blogdofarnesio.com.br\/wp-content\/uploads\/2014\/03\/blogqspdepamauryteixeira-foto-BlogQSP1-500x279.jpg 500w\" sizes=\"auto, (max-width: 512px) 100vw, 512px\" \/><\/a><figcaption id=\"caption-attachment-75569\" class=\"wp-caption-text\">Dep Amauri Teixeira PT \u00a0 \u00a0 \u00a0 \u00a0 \u00a0Foto BlogQSP<\/figcaption><\/figure>\n<p style=\"text-align: justify\">Nesta Segunda-feira (10), em visita a regi\u00e3o, o deputado federal Amauri Teixeira (PT) concedeu entrevista a radialista Farn\u00e9sio Silva, no programa Bastidores da not\u00edcia, veiculado na TropicalSat. Na ocasi\u00e3o, o deputado, fez um balan\u00e7o do encontro do partido que aconteceu neste domingo no munic\u00edpio de Juazeiro.<\/p>\n<p style=\"text-align: justify\">Vale lembrar, que o deputado \u00e9 um dos mais atuantes com a\u00e7\u00f5es e lutas important\u00edssimas para a regi\u00e3o do Vale do s\u00e3o Francisco. O deputado destacou essa foi uma maiores plan\u00e1rias para a constru\u00e7\u00e3o do Programa de Governo Participativo (PGP) do pr\u00e9-candidato do PT ao governo da Bahia, Rui Costa. A caravana, j\u00e1 percorreu por dez territ\u00f3rios de identidade, e em Juazeiro reuniu cerca de duas mil pessoas.<\/p>\n<p style=\"text-align: justify\">\u201cAt\u00e9 agora n\u00f3s j\u00e1 estivemos em cinco ou seis e a de Juazeiro impressionou, n\u00e3o s\u00f3 pela quantidade, como pela representatividade, at\u00e9 o n\u00famero de deputados federais que tem oscilado em quatro ou cinco, nas que eu tive, ontem teve um n\u00famero maior, n\u00famero maior tamb\u00e9m de prefeitos, vereadores e lideran\u00e7as. Uma diversidade de apoios muito forte, ent\u00e3o nos impressionou positivamente\u201d, destacou.<!--more--><\/p>\n<p style=\"text-align: justify\">Ao ser questionado se esses encontros seriam para dar mais visibilidade a Rui Costa, o deputado afirmou que esse \u00e9 tamb\u00e9m um dos objetivos, ele citou o exemplo do ex-presidente Lula que come\u00e7ou a sua trajet\u00f3ria fazendo a caravana da cidadania e que, de certa forma, esses encontros contribu\u00edram para faz\u00ea-lo conhecido em diversos lugares.<\/p>\n<p style=\"text-align: justify\">Outro ponto abordado foi a import\u00e2ncia de Juazeiro na elei\u00e7\u00e3o, visto que, diversos encontros tem ocorrido no munic\u00edpio. De acordo com Amauri, \u2018essa \u00e9 uma regi\u00e3o que \u00e9 determinante nessa disputa\u2019.<\/p>\n<p style=\"text-align: justify\"><strong>Por Cl\u00eailma Souza\/BlogQSP<\/strong><\/p>\n","protected":false},"excerpt":{"rendered":"<p>Nesta Segunda-feira (10), em visita a regi\u00e3o, o deputado federal Amauri Teixeira (PT) concedeu entrevista a radialista Farn\u00e9sio Silva, no programa Bastidores da not\u00edcia, veiculado na TropicalSat. Na ocasi\u00e3o, o deputado, fez um balan\u00e7o do encontro do partido que aconteceu neste domingo no munic\u00edpio de Juazeiro. Vale lembrar, que o deputado \u00e9 um dos mais atuantes com a\u00e7\u00f5es e lutas important\u00edssimas para a regi\u00e3o do Vale do s\u00e3o Francisco. O deputado destacou essa foi uma maiores plan\u00e1rias para a constru\u00e7\u00e3o do Programa de Governo Participativo (PGP) do pr\u00e9-candidato do PT ao governo da Bahia, Rui Costa. A caravana, j\u00e1 percorreu por dez territ\u00f3rios de identidade, e em Juazeiro reuniu cerca de duas mil pessoas. \u201cAt\u00e9 agora n\u00f3s j\u00e1 estivemos em&hellip; <\/p>\n","protected":false},"author":3,"featured_media":0,"comment_status":"open","ping_status":"open","sticky":false,"template":"","format":"standard","meta":{"_acf_changed":false,"footnotes":""},"categories":[1],"tags":[],"class_list":["post-75563","post","type-post","status-publish","format-standard","hentry","category-politica"],"acf":[],"yoast_head":"<!-- This site is optimized with the Yoast SEO plugin v27.4 - https:\/\/yoast.com\/product\/yoast-seo-wordpress\/ -->\n<title>DEPUTADO FEDERAL AMAURI FAZ UM BALAN\u00c7O DO ENCONTRO DO PT EM JUAZEIRO  - Blog do Farn\u00e9sio<\/title>\n<meta name=\"robots\" content=\"index, follow, max-snippet:-1, max-image-preview:large, max-video-preview:-1\" \/>\n<link rel=\"canonical\" href=\"https:\/\/blogdofarnesio.com.br\/?p=75563\" \/>\n<meta property=\"og:locale\" content=\"pt_BR\" \/>\n<meta property=\"og:type\" content=\"article\" \/>\n<meta property=\"og:title\" content=\"DEPUTADO FEDERAL AMAURI FAZ UM BALAN\u00c7O DO ENCONTRO DO PT EM JUAZEIRO  - Blog do Farn\u00e9sio\" \/>\n<meta property=\"og:description\" content=\"Nesta Segunda-feira (10), em visita a regi\u00e3o, o deputado federal Amauri Teixeira (PT) concedeu entrevista a radialista Farn\u00e9sio Silva, no programa Bastidores da not\u00edcia, veiculado na TropicalSat. Na ocasi\u00e3o, o deputado, fez um balan\u00e7o do encontro do partido que aconteceu neste domingo no munic\u00edpio de Juazeiro. Vale lembrar, que o deputado \u00e9 um dos mais atuantes com a\u00e7\u00f5es e lutas important\u00edssimas para a regi\u00e3o do Vale do s\u00e3o Francisco. O deputado destacou essa foi uma maiores plan\u00e1rias para a constru\u00e7\u00e3o do Programa de Governo Participativo (PGP) do pr\u00e9-candidato do PT ao governo da Bahia, Rui Costa. A caravana, j\u00e1 percorreu por dez territ\u00f3rios de identidade, e em Juazeiro reuniu cerca de duas mil pessoas. \u201cAt\u00e9 agora n\u00f3s j\u00e1 estivemos em&hellip;\" \/>\n<meta property=\"og:url\" content=\"https:\/\/blogdofarnesio.com.br\/?p=75563\" \/>\n<meta property=\"og:site_name\" content=\"Blog do Farn\u00e9sio\" \/>\n<meta property=\"article:publisher\" content=\"https:\/\/www.facebook.com\/BlogQuerSaberPolitica\/\" \/>\n<meta property=\"article:published_time\" content=\"2014-03-10T19:22:36+00:00\" \/>\n<meta property=\"og:image\" content=\"http:\/\/www.quersaberpolitica.com.br\/2016\/wp-content\/uploads\/2014\/03\/blogqspdepamauryteixeira-foto-BlogQSP1.jpg\" \/>\n<meta name=\"author\" content=\"teste\" \/>\n<meta name=\"twitter:card\" content=\"summary_large_image\" \/>\n<meta name=\"twitter:label1\" content=\"Escrito por\" \/>\n\t<meta name=\"twitter:data1\" content=\"teste\" \/>\n\t<meta name=\"twitter:label2\" content=\"Est. tempo de leitura\" \/>\n\t<meta name=\"twitter:data2\" content=\"2 minutos\" \/>\n<script type=\"application\/ld+json\" class=\"yoast-schema-graph\">{\"@context\":\"https:\\\/\\\/schema.org\",\"@graph\":[{\"@type\":\"Article\",\"@id\":\"https:\\\/\\\/blogdofarnesio.com.br\\\/?p=75563#article\",\"isPartOf\":{\"@id\":\"https:\\\/\\\/blogdofarnesio.com.br\\\/?p=75563\"},\"author\":{\"name\":\"teste\",\"@id\":\"https:\\\/\\\/blogdofarnesio.com.br\\\/#\\\/schema\\\/person\\\/dd1bf5eba40b687199ba45ca6b97dff9\"},\"headline\":\"DEPUTADO FEDERAL AMAURI FAZ UM BALAN\u00c7O DO ENCONTRO DO PT EM JUAZEIRO\",\"datePublished\":\"2014-03-10T19:22:36+00:00\",\"mainEntityOfPage\":{\"@id\":\"https:\\\/\\\/blogdofarnesio.com.br\\\/?p=75563\"},\"wordCount\":319,\"commentCount\":0,\"publisher\":{\"@id\":\"https:\\\/\\\/blogdofarnesio.com.br\\\/#organization\"},\"image\":{\"@id\":\"https:\\\/\\\/blogdofarnesio.com.br\\\/?p=75563#primaryimage\"},\"thumbnailUrl\":\"http:\\\/\\\/www.quersaberpolitica.com.br\\\/2016\\\/wp-content\\\/uploads\\\/2014\\\/03\\\/blogqspdepamauryteixeira-foto-BlogQSP1.jpg\",\"articleSection\":[\"Pol\u00edtica\"],\"inLanguage\":\"pt-BR\",\"potentialAction\":[{\"@type\":\"CommentAction\",\"name\":\"Comment\",\"target\":[\"https:\\\/\\\/blogdofarnesio.com.br\\\/?p=75563#respond\"]}]},{\"@type\":\"WebPage\",\"@id\":\"https:\\\/\\\/blogdofarnesio.com.br\\\/?p=75563\",\"url\":\"https:\\\/\\\/blogdofarnesio.com.br\\\/?p=75563\",\"name\":\"DEPUTADO FEDERAL AMAURI FAZ UM BALAN\u00c7O DO ENCONTRO DO PT EM JUAZEIRO - Blog do Farn\u00e9sio\",\"isPartOf\":{\"@id\":\"https:\\\/\\\/blogdofarnesio.com.br\\\/#website\"},\"primaryImageOfPage\":{\"@id\":\"https:\\\/\\\/blogdofarnesio.com.br\\\/?p=75563#primaryimage\"},\"image\":{\"@id\":\"https:\\\/\\\/blogdofarnesio.com.br\\\/?p=75563#primaryimage\"},\"thumbnailUrl\":\"http:\\\/\\\/www.quersaberpolitica.com.br\\\/2016\\\/wp-content\\\/uploads\\\/2014\\\/03\\\/blogqspdepamauryteixeira-foto-BlogQSP1.jpg\",\"datePublished\":\"2014-03-10T19:22:36+00:00\",\"breadcrumb\":{\"@id\":\"https:\\\/\\\/blogdofarnesio.com.br\\\/?p=75563#breadcrumb\"},\"inLanguage\":\"pt-BR\",\"potentialAction\":[{\"@type\":\"ReadAction\",\"target\":[\"https:\\\/\\\/blogdofarnesio.com.br\\\/?p=75563\"]}]},{\"@type\":\"ImageObject\",\"inLanguage\":\"pt-BR\",\"@id\":\"https:\\\/\\\/blogdofarnesio.com.br\\\/?p=75563#primaryimage\",\"url\":\"http:\\\/\\\/www.quersaberpolitica.com.br\\\/2016\\\/wp-content\\\/uploads\\\/2014\\\/03\\\/blogqspdepamauryteixeira-foto-BlogQSP1.jpg\",\"contentUrl\":\"http:\\\/\\\/www.quersaberpolitica.com.br\\\/2016\\\/wp-content\\\/uploads\\\/2014\\\/03\\\/blogqspdepamauryteixeira-foto-BlogQSP1.jpg\"},{\"@type\":\"BreadcrumbList\",\"@id\":\"https:\\\/\\\/blogdofarnesio.com.br\\\/?p=75563#breadcrumb\",\"itemListElement\":[{\"@type\":\"ListItem\",\"position\":1,\"name\":\"In\u00edcio\",\"item\":\"https:\\\/\\\/blogdofarnesio.com.br\\\/\"},{\"@type\":\"ListItem\",\"position\":2,\"name\":\"DEPUTADO FEDERAL AMAURI FAZ UM BALAN\u00c7O DO ENCONTRO DO PT EM JUAZEIRO\"}]},{\"@type\":\"WebSite\",\"@id\":\"https:\\\/\\\/blogdofarnesio.com.br\\\/#website\",\"url\":\"https:\\\/\\\/blogdofarnesio.com.br\\\/\",\"name\":\"Blog do Farn\u00e9sio\",\"description\":\"Quer Saber Pol\u00edtica?\",\"publisher\":{\"@id\":\"https:\\\/\\\/blogdofarnesio.com.br\\\/#organization\"},\"potentialAction\":[{\"@type\":\"SearchAction\",\"target\":{\"@type\":\"EntryPoint\",\"urlTemplate\":\"https:\\\/\\\/blogdofarnesio.com.br\\\/?s={search_term_string}\"},\"query-input\":{\"@type\":\"PropertyValueSpecification\",\"valueRequired\":true,\"valueName\":\"search_term_string\"}}],\"inLanguage\":\"pt-BR\"},{\"@type\":\"Organization\",\"@id\":\"https:\\\/\\\/blogdofarnesio.com.br\\\/#organization\",\"name\":\"Blog do Farn\u00e9sio\",\"url\":\"https:\\\/\\\/blogdofarnesio.com.br\\\/\",\"logo\":{\"@type\":\"ImageObject\",\"inLanguage\":\"pt-BR\",\"@id\":\"https:\\\/\\\/blogdofarnesio.com.br\\\/#\\\/schema\\\/logo\\\/image\\\/\",\"url\":\"https:\\\/\\\/blogdofarnesio.com.br\\\/wp-content\\\/uploads\\\/2026\\\/03\\\/cropped-logo_new-1.png\",\"contentUrl\":\"https:\\\/\\\/blogdofarnesio.com.br\\\/wp-content\\\/uploads\\\/2026\\\/03\\\/cropped-logo_new-1.png\",\"width\":881,\"height\":685,\"caption\":\"Blog do Farn\u00e9sio\"},\"image\":{\"@id\":\"https:\\\/\\\/blogdofarnesio.com.br\\\/#\\\/schema\\\/logo\\\/image\\\/\"},\"sameAs\":[\"https:\\\/\\\/www.facebook.com\\\/BlogQuerSaberPolitica\\\/\"]},{\"@type\":\"Person\",\"@id\":\"https:\\\/\\\/blogdofarnesio.com.br\\\/#\\\/schema\\\/person\\\/dd1bf5eba40b687199ba45ca6b97dff9\",\"name\":\"teste\",\"image\":{\"@type\":\"ImageObject\",\"inLanguage\":\"pt-BR\",\"@id\":\"https:\\\/\\\/secure.gravatar.com\\\/avatar\\\/2172498d4914b51e1d89a0f97957b035ac4938723a5cac208135d389b6972a6d?s=96&d=mm&r=g\",\"url\":\"https:\\\/\\\/secure.gravatar.com\\\/avatar\\\/2172498d4914b51e1d89a0f97957b035ac4938723a5cac208135d389b6972a6d?s=96&d=mm&r=g\",\"contentUrl\":\"https:\\\/\\\/secure.gravatar.com\\\/avatar\\\/2172498d4914b51e1d89a0f97957b035ac4938723a5cac208135d389b6972a6d?s=96&d=mm&r=g\",\"caption\":\"teste\"},\"url\":\"https:\\\/\\\/blogdofarnesio.com.br\\\/?author=3\"}]}<\/script>\n<!-- \/ Yoast SEO plugin. -->","yoast_head_json":{"title":"DEPUTADO FEDERAL AMAURI FAZ UM BALAN\u00c7O DO ENCONTRO DO PT EM JUAZEIRO  - Blog do Farn\u00e9sio","robots":{"index":"index","follow":"follow","max-snippet":"max-snippet:-1","max-image-preview":"max-image-preview:large","max-video-preview":"max-video-preview:-1"},"canonical":"https:\/\/blogdofarnesio.com.br\/?p=75563","og_locale":"pt_BR","og_type":"article","og_title":"DEPUTADO FEDERAL AMAURI FAZ UM BALAN\u00c7O DO ENCONTRO DO PT EM JUAZEIRO  - Blog do Farn\u00e9sio","og_description":"Nesta Segunda-feira (10), em visita a regi\u00e3o, o deputado federal Amauri Teixeira (PT) concedeu entrevista a radialista Farn\u00e9sio Silva, no programa Bastidores da not\u00edcia, veiculado na TropicalSat. Na ocasi\u00e3o, o deputado, fez um balan\u00e7o do encontro do partido que aconteceu neste domingo no munic\u00edpio de Juazeiro. Vale lembrar, que o deputado \u00e9 um dos mais atuantes com a\u00e7\u00f5es e lutas important\u00edssimas para a regi\u00e3o do Vale do s\u00e3o Francisco. O deputado destacou essa foi uma maiores plan\u00e1rias para a constru\u00e7\u00e3o do Programa de Governo Participativo (PGP) do pr\u00e9-candidato do PT ao governo da Bahia, Rui Costa. A caravana, j\u00e1 percorreu por dez territ\u00f3rios de identidade, e em Juazeiro reuniu cerca de duas mil pessoas. \u201cAt\u00e9 agora n\u00f3s j\u00e1 estivemos em&hellip;","og_url":"https:\/\/blogdofarnesio.com.br\/?p=75563","og_site_name":"Blog do Farn\u00e9sio","article_publisher":"https:\/\/www.facebook.com\/BlogQuerSaberPolitica\/","article_published_time":"2014-03-10T19:22:36+00:00","og_image":[{"url":"http:\/\/www.quersaberpolitica.com.br\/2016\/wp-content\/uploads\/2014\/03\/blogqspdepamauryteixeira-foto-BlogQSP1.jpg","type":"","width":"","height":""}],"author":"teste","twitter_card":"summary_large_image","twitter_misc":{"Escrito por":"teste","Est. tempo de leitura":"2 minutos"},"schema":{"@context":"https:\/\/schema.org","@graph":[{"@type":"Article","@id":"https:\/\/blogdofarnesio.com.br\/?p=75563#article","isPartOf":{"@id":"https:\/\/blogdofarnesio.com.br\/?p=75563"},"author":{"name":"teste","@id":"https:\/\/blogdofarnesio.com.br\/#\/schema\/person\/dd1bf5eba40b687199ba45ca6b97dff9"},"headline":"DEPUTADO FEDERAL AMAURI FAZ UM BALAN\u00c7O DO ENCONTRO DO PT EM JUAZEIRO","datePublished":"2014-03-10T19:22:36+00:00","mainEntityOfPage":{"@id":"https:\/\/blogdofarnesio.com.br\/?p=75563"},"wordCount":319,"commentCount":0,"publisher":{"@id":"https:\/\/blogdofarnesio.com.br\/#organization"},"image":{"@id":"https:\/\/blogdofarnesio.com.br\/?p=75563#primaryimage"},"thumbnailUrl":"http:\/\/www.quersaberpolitica.com.br\/2016\/wp-content\/uploads\/2014\/03\/blogqspdepamauryteixeira-foto-BlogQSP1.jpg","articleSection":["Pol\u00edtica"],"inLanguage":"pt-BR","potentialAction":[{"@type":"CommentAction","name":"Comment","target":["https:\/\/blogdofarnesio.com.br\/?p=75563#respond"]}]},{"@type":"WebPage","@id":"https:\/\/blogdofarnesio.com.br\/?p=75563","url":"https:\/\/blogdofarnesio.com.br\/?p=75563","name":"DEPUTADO FEDERAL AMAURI FAZ UM BALAN\u00c7O DO ENCONTRO DO PT EM JUAZEIRO - Blog do Farn\u00e9sio","isPartOf":{"@id":"https:\/\/blogdofarnesio.com.br\/#website"},"primaryImageOfPage":{"@id":"https:\/\/blogdofarnesio.com.br\/?p=75563#primaryimage"},"image":{"@id":"https:\/\/blogdofarnesio.com.br\/?p=75563#primaryimage"},"thumbnailUrl":"http:\/\/www.quersaberpolitica.com.br\/2016\/wp-content\/uploads\/2014\/03\/blogqspdepamauryteixeira-foto-BlogQSP1.jpg","datePublished":"2014-03-10T19:22:36+00:00","breadcrumb":{"@id":"https:\/\/blogdofarnesio.com.br\/?p=75563#breadcrumb"},"inLanguage":"pt-BR","potentialAction":[{"@type":"ReadAction","target":["https:\/\/blogdofarnesio.com.br\/?p=75563"]}]},{"@type":"ImageObject","inLanguage":"pt-BR","@id":"https:\/\/blogdofarnesio.com.br\/?p=75563#primaryimage","url":"http:\/\/www.quersaberpolitica.com.br\/2016\/wp-content\/uploads\/2014\/03\/blogqspdepamauryteixeira-foto-BlogQSP1.jpg","contentUrl":"http:\/\/www.quersaberpolitica.com.br\/2016\/wp-content\/uploads\/2014\/03\/blogqspdepamauryteixeira-foto-BlogQSP1.jpg"},{"@type":"BreadcrumbList","@id":"https:\/\/blogdofarnesio.com.br\/?p=75563#breadcrumb","itemListElement":[{"@type":"ListItem","position":1,"name":"In\u00edcio","item":"https:\/\/blogdofarnesio.com.br\/"},{"@type":"ListItem","position":2,"name":"DEPUTADO FEDERAL AMAURI FAZ UM BALAN\u00c7O DO ENCONTRO DO PT EM JUAZEIRO"}]},{"@type":"WebSite","@id":"https:\/\/blogdofarnesio.com.br\/#website","url":"https:\/\/blogdofarnesio.com.br\/","name":"Blog do Farn\u00e9sio","description":"Quer Saber Pol\u00edtica?","publisher":{"@id":"https:\/\/blogdofarnesio.com.br\/#organization"},"potentialAction":[{"@type":"SearchAction","target":{"@type":"EntryPoint","urlTemplate":"https:\/\/blogdofarnesio.com.br\/?s={search_term_string}"},"query-input":{"@type":"PropertyValueSpecification","valueRequired":true,"valueName":"search_term_string"}}],"inLanguage":"pt-BR"},{"@type":"Organization","@id":"https:\/\/blogdofarnesio.com.br\/#organization","name":"Blog do Farn\u00e9sio","url":"https:\/\/blogdofarnesio.com.br\/","logo":{"@type":"ImageObject","inLanguage":"pt-BR","@id":"https:\/\/blogdofarnesio.com.br\/#\/schema\/logo\/image\/","url":"https:\/\/blogdofarnesio.com.br\/wp-content\/uploads\/2026\/03\/cropped-logo_new-1.png","contentUrl":"https:\/\/blogdofarnesio.com.br\/wp-content\/uploads\/2026\/03\/cropped-logo_new-1.png","width":881,"height":685,"caption":"Blog do Farn\u00e9sio"},"image":{"@id":"https:\/\/blogdofarnesio.com.br\/#\/schema\/logo\/image\/"},"sameAs":["https:\/\/www.facebook.com\/BlogQuerSaberPolitica\/"]},{"@type":"Person","@id":"https:\/\/blogdofarnesio.com.br\/#\/schema\/person\/dd1bf5eba40b687199ba45ca6b97dff9","name":"teste","image":{"@type":"ImageObject","inLanguage":"pt-BR","@id":"https:\/\/secure.gravatar.com\/avatar\/2172498d4914b51e1d89a0f97957b035ac4938723a5cac208135d389b6972a6d?s=96&d=mm&r=g","url":"https:\/\/secure.gravatar.com\/avatar\/2172498d4914b51e1d89a0f97957b035ac4938723a5cac208135d389b6972a6d?s=96&d=mm&r=g","contentUrl":"https:\/\/secure.gravatar.com\/avatar\/2172498d4914b51e1d89a0f97957b035ac4938723a5cac208135d389b6972a6d?s=96&d=mm&r=g","caption":"teste"},"url":"https:\/\/blogdofarnesio.com.br\/?author=3"}]}},"_links":{"self":[{"href":"https:\/\/blogdofarnesio.com.br\/index.php?rest_route=\/wp\/v2\/posts\/75563","targetHints":{"allow":["GET"]}}],"collection":[{"href":"https:\/\/blogdofarnesio.com.br\/index.php?rest_route=\/wp\/v2\/posts"}],"about":[{"href":"https:\/\/blogdofarnesio.com.br\/index.php?rest_route=\/wp\/v2\/types\/post"}],"author":[{"embeddable":true,"href":"https:\/\/blogdofarnesio.com.br\/index.php?rest_route=\/wp\/v2\/users\/3"}],"replies":[{"embeddable":true,"href":"https:\/\/blogdofarnesio.com.br\/index.php?rest_route=%2Fwp%2Fv2%2Fcomments&post=75563"}],"version-history":[{"count":0,"href":"https:\/\/blogdofarnesio.com.br\/index.php?rest_route=\/wp\/v2\/posts\/75563\/revisions"}],"wp:attachment":[{"href":"https:\/\/blogdofarnesio.com.br\/index.php?rest_route=%2Fwp%2Fv2%2Fmedia&parent=75563"}],"wp:term":[{"taxonomy":"category","embeddable":true,"href":"https:\/\/blogdofarnesio.com.br\/index.php?rest_route=%2Fwp%2Fv2%2Fcategories&post=75563"},{"taxonomy":"post_tag","embeddable":true,"href":"https:\/\/blogdofarnesio.com.br\/index.php?rest_route=%2Fwp%2Fv2%2Ftags&post=75563"}],"curies":[{"name":"wp","href":"https:\/\/api.w.org\/{rel}","templated":true}]}}