{"id":75552,"date":"2014-03-10T16:01:16","date_gmt":"2014-03-10T19:01:16","guid":{"rendered":"http:\/\/www.quersaberpolitica.com.br\/?p=75552"},"modified":"2014-03-11T11:52:46","modified_gmt":"2014-03-11T14:52:46","slug":"secretaria-de-educacao-petrolina-se-pronuncia-sobre-a-reportagem-no-fantastico","status":"publish","type":"post","link":"https:\/\/blogdofarnesio.com.br\/?p=75552","title":{"rendered":"SECRETARIA DE EDUCA\u00c7\u00c3O PETROLINA SE PRONUNCIA SOBRE A REPORTAGEM NO FANT\u00c1STICO"},"content":{"rendered":"<p style=\"text-align: justify\"><a href=\"http:\/\/www.quersaberpolitica.com.br\/2016\/wp-content\/uploads\/2013\/10\/Foto-Nelly-Santana.jpg\"><img loading=\"lazy\" decoding=\"async\" class=\"alignleft size-full wp-image-61765\" alt=\"blogqsp.escola\" src=\"http:\/\/www.quersaberpolitica.com.br\/2016\/wp-content\/uploads\/2013\/10\/Foto-Nelly-Santana.jpg\" width=\"300\" height=\"225\" \/><\/a>Ap\u00f3s a exibi\u00e7\u00e3o da mat\u00e9ria sobre a situa\u00e7\u00e3o ca\u00f3tica educa\u00e7\u00e3o de diversos munic\u00edpios do Brasil, entre eles, Petrolina, o secret\u00e1rio de educa\u00e7\u00e3o do munic\u00edpio, Heitor Leite, enviou nota ao <strong>BlogQSP<\/strong>, esclarecendo as denuncias exibidas na mat\u00e9ria. Confira a nota:<\/p>\n<p style=\"text-align: justify\">O Prefeito Julio Lossio, por interm\u00e9dio do Secret\u00e1rio de Educa\u00e7\u00e3o, Heitor Leite, prioriza a educa\u00e7\u00e3o na sua gest\u00e3o, de modo que todas as crian\u00e7as sejam atendidas, tanto da sede como da zona rural, da melhor forma poss\u00edvel e estaremos sempre \u00e0 disposi\u00e7\u00e3o para qualquer esclarecimento e at\u00e9 mesmo solu\u00e7\u00e3o dos problemas que possam ser apontados.<\/p>\n<p style=\"text-align: justify\">Petrolina tem um total de 92 escolas (e anexos) e 20 CMEIS, al\u00e9m de 108 Unidades do exitoso programa de educa\u00e7\u00e3o infantil Nova Semente, num raio de aproximadamente 100 Km da sede do munic\u00edpio.<\/p>\n<p style=\"text-align: justify\">A Assessoria de Comunica\u00e7\u00e3o da Secretaria de Educa\u00e7\u00e3o \u2013 SEDUC &#8211; acompanhou a equipe de reportagem da TV Grande Rio \/ Fant\u00e1stico, que buscava apontar problemas nas escolas da rede p\u00fablica, notadamente na esfera municipal, quando teve oportunidade de esclarecer sobre as situa\u00e7\u00f5es mencionadas no programa, a saber:<!--more--><\/p>\n<p style=\"text-align: justify\">Com rela\u00e7\u00e3o \u00e0s carteiras escolares, assunto da reportagem, foram distribu\u00eddas 5146 unidades, em 2013, e mais 3142 unidades, em 2014, num processo, ainda em andamento (mais 5 mil unidades est\u00e3o adquiridas, aguardando a entrega em nossa cidade) de renova\u00e7\u00e3o do mobili\u00e1rio dos alunos.<\/p>\n<p style=\"text-align: justify\">As equipes de gestoras\/professoras\/agentes de educa\u00e7\u00e3o, desenvolvem forte campanha de conscientiza\u00e7\u00e3o quanto \u00e0 necessidade de conserva\u00e7\u00e3o desse patrim\u00f4nio p\u00fablico, responsabilizando cada aluno pela sua carteira, devidamente identificada, como pode ser visto no final da pr\u00f3pria reportagem.<\/p>\n<p style=\"text-align: justify\">Observamos tamb\u00e9m que das carteiras usadas, em condi\u00e7\u00f5es de reaproveitamento, cerca de 50% s\u00e3o remanejadas para as escolas onde as carteiras novas n\u00e3o chegaram ainda<\/p>\n<p style=\"text-align: justify\">Destacamos que nesse per\u00edodo, 40% das institui\u00e7\u00f5es da rede municipal de Ensino foram atendidas com a renova\u00e7\u00e3o das carteiras.<\/p>\n<p style=\"text-align: justify\">Com rela\u00e7\u00e3o \u00e0s instala\u00e7\u00f5es sanit\u00e1rias, a reportagem deixou de mostrar, embora tenha filmado, a constru\u00e7\u00e3o em andamento de banheiros, salas de aula e do muro da pr\u00f3pria escola alvo da reportagem.<\/p>\n<p style=\"text-align: justify\">O mais importante, e foco das a\u00e7\u00f5es dos que comp\u00f5em a equipe de gest\u00e3o municipal e, em particular, a abnegada equipe de profissionais da educa\u00e7\u00e3o em Petrolina, \u00e9 o esfor\u00e7o em fazer o melhor por nossos alunos, raz\u00e3o de termos os melhores \u00edndices educacionais dentre as oito maiores cidades de Pernambucano e j\u00e1 ter alcan\u00e7ado as metas estabelecidas pelo MEC para 2015, al\u00e9m de ser refer\u00eancia na educa\u00e7\u00e3o infantil, tendo inclu\u00eddo, em 5 anos, o dobro de crian\u00e7as em seu sistema educacional, hoje com aproximadamente 13 mil.<\/p>\n<p style=\"text-align: justify\">Atenciosamente,<\/p>\n<p style=\"text-align: justify\">Heitor Bezerra Leite &#8211; Secret\u00e1rio de Educa\u00e7\u00e3o de Petrolina<\/p>\n","protected":false},"excerpt":{"rendered":"<p>Ap\u00f3s a exibi\u00e7\u00e3o da mat\u00e9ria sobre a situa\u00e7\u00e3o ca\u00f3tica educa\u00e7\u00e3o de diversos munic\u00edpios do Brasil, entre eles, Petrolina, o secret\u00e1rio de educa\u00e7\u00e3o do munic\u00edpio, Heitor Leite, enviou nota ao BlogQSP, esclarecendo as denuncias exibidas na mat\u00e9ria. Confira a nota: O Prefeito Julio Lossio, por interm\u00e9dio do Secret\u00e1rio de Educa\u00e7\u00e3o, Heitor Leite, prioriza a educa\u00e7\u00e3o na sua gest\u00e3o, de modo que todas as crian\u00e7as sejam atendidas, tanto da sede como da zona rural, da melhor forma poss\u00edvel e estaremos sempre \u00e0 disposi\u00e7\u00e3o para qualquer esclarecimento e at\u00e9 mesmo solu\u00e7\u00e3o dos problemas que possam ser apontados. Petrolina tem um total de 92 escolas (e anexos) e 20 CMEIS, al\u00e9m de 108 Unidades do exitoso programa de educa\u00e7\u00e3o infantil Nova Semente, num raio&hellip; <\/p>\n","protected":false},"author":3,"featured_media":0,"comment_status":"open","ping_status":"open","sticky":false,"template":"","format":"standard","meta":{"_acf_changed":false,"footnotes":""},"categories":[6],"tags":[],"class_list":["post-75552","post","type-post","status-publish","format-standard","hentry","category-educacao"],"acf":[],"yoast_head":"<!-- This site is optimized with the Yoast SEO plugin v27.4 - https:\/\/yoast.com\/product\/yoast-seo-wordpress\/ -->\n<title>SECRETARIA DE EDUCA\u00c7\u00c3O PETROLINA SE PRONUNCIA SOBRE A REPORTAGEM NO FANT\u00c1STICO - Blog do Farn\u00e9sio<\/title>\n<meta name=\"robots\" content=\"index, follow, max-snippet:-1, max-image-preview:large, max-video-preview:-1\" \/>\n<link rel=\"canonical\" href=\"https:\/\/blogdofarnesio.com.br\/?p=75552\" \/>\n<meta property=\"og:locale\" content=\"pt_BR\" \/>\n<meta property=\"og:type\" content=\"article\" \/>\n<meta property=\"og:title\" content=\"SECRETARIA DE EDUCA\u00c7\u00c3O PETROLINA SE PRONUNCIA SOBRE A REPORTAGEM NO FANT\u00c1STICO - Blog do Farn\u00e9sio\" \/>\n<meta property=\"og:description\" content=\"Ap\u00f3s a exibi\u00e7\u00e3o da mat\u00e9ria sobre a situa\u00e7\u00e3o ca\u00f3tica educa\u00e7\u00e3o de diversos munic\u00edpios do Brasil, entre eles, Petrolina, o secret\u00e1rio de educa\u00e7\u00e3o do munic\u00edpio, Heitor Leite, enviou nota ao BlogQSP, esclarecendo as denuncias exibidas na mat\u00e9ria. Confira a nota: O Prefeito Julio Lossio, por interm\u00e9dio do Secret\u00e1rio de Educa\u00e7\u00e3o, Heitor Leite, prioriza a educa\u00e7\u00e3o na sua gest\u00e3o, de modo que todas as crian\u00e7as sejam atendidas, tanto da sede como da zona rural, da melhor forma poss\u00edvel e estaremos sempre \u00e0 disposi\u00e7\u00e3o para qualquer esclarecimento e at\u00e9 mesmo solu\u00e7\u00e3o dos problemas que possam ser apontados. Petrolina tem um total de 92 escolas (e anexos) e 20 CMEIS, al\u00e9m de 108 Unidades do exitoso programa de educa\u00e7\u00e3o infantil Nova Semente, num raio&hellip;\" \/>\n<meta property=\"og:url\" content=\"https:\/\/blogdofarnesio.com.br\/?p=75552\" \/>\n<meta property=\"og:site_name\" content=\"Blog do Farn\u00e9sio\" \/>\n<meta property=\"article:publisher\" content=\"https:\/\/www.facebook.com\/BlogQuerSaberPolitica\/\" \/>\n<meta property=\"article:published_time\" content=\"2014-03-10T19:01:16+00:00\" \/>\n<meta property=\"article:modified_time\" content=\"2014-03-11T14:52:46+00:00\" \/>\n<meta property=\"og:image\" content=\"http:\/\/www.quersaberpolitica.com.br\/2016\/wp-content\/uploads\/2013\/10\/Foto-Nelly-Santana.jpg\" \/>\n<meta name=\"author\" content=\"teste\" \/>\n<meta name=\"twitter:card\" content=\"summary_large_image\" \/>\n<meta name=\"twitter:label1\" content=\"Escrito por\" \/>\n\t<meta name=\"twitter:data1\" content=\"teste\" \/>\n\t<meta name=\"twitter:label2\" content=\"Est. tempo de leitura\" \/>\n\t<meta name=\"twitter:data2\" content=\"2 minutos\" \/>\n<script type=\"application\/ld+json\" class=\"yoast-schema-graph\">{\"@context\":\"https:\\\/\\\/schema.org\",\"@graph\":[{\"@type\":\"Article\",\"@id\":\"https:\\\/\\\/blogdofarnesio.com.br\\\/?p=75552#article\",\"isPartOf\":{\"@id\":\"https:\\\/\\\/blogdofarnesio.com.br\\\/?p=75552\"},\"author\":{\"name\":\"teste\",\"@id\":\"https:\\\/\\\/blogdofarnesio.com.br\\\/#\\\/schema\\\/person\\\/dd1bf5eba40b687199ba45ca6b97dff9\"},\"headline\":\"SECRETARIA DE EDUCA\u00c7\u00c3O PETROLINA SE PRONUNCIA SOBRE A REPORTAGEM NO FANT\u00c1STICO\",\"datePublished\":\"2014-03-10T19:01:16+00:00\",\"dateModified\":\"2014-03-11T14:52:46+00:00\",\"mainEntityOfPage\":{\"@id\":\"https:\\\/\\\/blogdofarnesio.com.br\\\/?p=75552\"},\"wordCount\":488,\"commentCount\":1,\"publisher\":{\"@id\":\"https:\\\/\\\/blogdofarnesio.com.br\\\/#organization\"},\"image\":{\"@id\":\"https:\\\/\\\/blogdofarnesio.com.br\\\/?p=75552#primaryimage\"},\"thumbnailUrl\":\"http:\\\/\\\/www.quersaberpolitica.com.br\\\/2016\\\/wp-content\\\/uploads\\\/2013\\\/10\\\/Foto-Nelly-Santana.jpg\",\"articleSection\":[\"Educa\u00e7\u00e3o\"],\"inLanguage\":\"pt-BR\",\"potentialAction\":[{\"@type\":\"CommentAction\",\"name\":\"Comment\",\"target\":[\"https:\\\/\\\/blogdofarnesio.com.br\\\/?p=75552#respond\"]}]},{\"@type\":\"WebPage\",\"@id\":\"https:\\\/\\\/blogdofarnesio.com.br\\\/?p=75552\",\"url\":\"https:\\\/\\\/blogdofarnesio.com.br\\\/?p=75552\",\"name\":\"SECRETARIA DE EDUCA\u00c7\u00c3O PETROLINA SE PRONUNCIA SOBRE A REPORTAGEM NO FANT\u00c1STICO - Blog do Farn\u00e9sio\",\"isPartOf\":{\"@id\":\"https:\\\/\\\/blogdofarnesio.com.br\\\/#website\"},\"primaryImageOfPage\":{\"@id\":\"https:\\\/\\\/blogdofarnesio.com.br\\\/?p=75552#primaryimage\"},\"image\":{\"@id\":\"https:\\\/\\\/blogdofarnesio.com.br\\\/?p=75552#primaryimage\"},\"thumbnailUrl\":\"http:\\\/\\\/www.quersaberpolitica.com.br\\\/2016\\\/wp-content\\\/uploads\\\/2013\\\/10\\\/Foto-Nelly-Santana.jpg\",\"datePublished\":\"2014-03-10T19:01:16+00:00\",\"dateModified\":\"2014-03-11T14:52:46+00:00\",\"breadcrumb\":{\"@id\":\"https:\\\/\\\/blogdofarnesio.com.br\\\/?p=75552#breadcrumb\"},\"inLanguage\":\"pt-BR\",\"potentialAction\":[{\"@type\":\"ReadAction\",\"target\":[\"https:\\\/\\\/blogdofarnesio.com.br\\\/?p=75552\"]}]},{\"@type\":\"ImageObject\",\"inLanguage\":\"pt-BR\",\"@id\":\"https:\\\/\\\/blogdofarnesio.com.br\\\/?p=75552#primaryimage\",\"url\":\"http:\\\/\\\/www.quersaberpolitica.com.br\\\/2016\\\/wp-content\\\/uploads\\\/2013\\\/10\\\/Foto-Nelly-Santana.jpg\",\"contentUrl\":\"http:\\\/\\\/www.quersaberpolitica.com.br\\\/2016\\\/wp-content\\\/uploads\\\/2013\\\/10\\\/Foto-Nelly-Santana.jpg\"},{\"@type\":\"BreadcrumbList\",\"@id\":\"https:\\\/\\\/blogdofarnesio.com.br\\\/?p=75552#breadcrumb\",\"itemListElement\":[{\"@type\":\"ListItem\",\"position\":1,\"name\":\"In\u00edcio\",\"item\":\"https:\\\/\\\/blogdofarnesio.com.br\\\/\"},{\"@type\":\"ListItem\",\"position\":2,\"name\":\"SECRETARIA DE EDUCA\u00c7\u00c3O PETROLINA SE PRONUNCIA SOBRE A REPORTAGEM NO FANT\u00c1STICO\"}]},{\"@type\":\"WebSite\",\"@id\":\"https:\\\/\\\/blogdofarnesio.com.br\\\/#website\",\"url\":\"https:\\\/\\\/blogdofarnesio.com.br\\\/\",\"name\":\"Blog do Farn\u00e9sio\",\"description\":\"Quer Saber Pol\u00edtica?\",\"publisher\":{\"@id\":\"https:\\\/\\\/blogdofarnesio.com.br\\\/#organization\"},\"potentialAction\":[{\"@type\":\"SearchAction\",\"target\":{\"@type\":\"EntryPoint\",\"urlTemplate\":\"https:\\\/\\\/blogdofarnesio.com.br\\\/?s={search_term_string}\"},\"query-input\":{\"@type\":\"PropertyValueSpecification\",\"valueRequired\":true,\"valueName\":\"search_term_string\"}}],\"inLanguage\":\"pt-BR\"},{\"@type\":\"Organization\",\"@id\":\"https:\\\/\\\/blogdofarnesio.com.br\\\/#organization\",\"name\":\"Blog do Farn\u00e9sio\",\"url\":\"https:\\\/\\\/blogdofarnesio.com.br\\\/\",\"logo\":{\"@type\":\"ImageObject\",\"inLanguage\":\"pt-BR\",\"@id\":\"https:\\\/\\\/blogdofarnesio.com.br\\\/#\\\/schema\\\/logo\\\/image\\\/\",\"url\":\"https:\\\/\\\/blogdofarnesio.com.br\\\/wp-content\\\/uploads\\\/2026\\\/03\\\/cropped-logo_new-1.png\",\"contentUrl\":\"https:\\\/\\\/blogdofarnesio.com.br\\\/wp-content\\\/uploads\\\/2026\\\/03\\\/cropped-logo_new-1.png\",\"width\":881,\"height\":685,\"caption\":\"Blog do Farn\u00e9sio\"},\"image\":{\"@id\":\"https:\\\/\\\/blogdofarnesio.com.br\\\/#\\\/schema\\\/logo\\\/image\\\/\"},\"sameAs\":[\"https:\\\/\\\/www.facebook.com\\\/BlogQuerSaberPolitica\\\/\"]},{\"@type\":\"Person\",\"@id\":\"https:\\\/\\\/blogdofarnesio.com.br\\\/#\\\/schema\\\/person\\\/dd1bf5eba40b687199ba45ca6b97dff9\",\"name\":\"teste\",\"image\":{\"@type\":\"ImageObject\",\"inLanguage\":\"pt-BR\",\"@id\":\"https:\\\/\\\/secure.gravatar.com\\\/avatar\\\/2172498d4914b51e1d89a0f97957b035ac4938723a5cac208135d389b6972a6d?s=96&d=mm&r=g\",\"url\":\"https:\\\/\\\/secure.gravatar.com\\\/avatar\\\/2172498d4914b51e1d89a0f97957b035ac4938723a5cac208135d389b6972a6d?s=96&d=mm&r=g\",\"contentUrl\":\"https:\\\/\\\/secure.gravatar.com\\\/avatar\\\/2172498d4914b51e1d89a0f97957b035ac4938723a5cac208135d389b6972a6d?s=96&d=mm&r=g\",\"caption\":\"teste\"},\"url\":\"https:\\\/\\\/blogdofarnesio.com.br\\\/?author=3\"}]}<\/script>\n<!-- \/ Yoast SEO plugin. -->","yoast_head_json":{"title":"SECRETARIA DE EDUCA\u00c7\u00c3O PETROLINA SE PRONUNCIA SOBRE A REPORTAGEM NO FANT\u00c1STICO - Blog do Farn\u00e9sio","robots":{"index":"index","follow":"follow","max-snippet":"max-snippet:-1","max-image-preview":"max-image-preview:large","max-video-preview":"max-video-preview:-1"},"canonical":"https:\/\/blogdofarnesio.com.br\/?p=75552","og_locale":"pt_BR","og_type":"article","og_title":"SECRETARIA DE EDUCA\u00c7\u00c3O PETROLINA SE PRONUNCIA SOBRE A REPORTAGEM NO FANT\u00c1STICO - Blog do Farn\u00e9sio","og_description":"Ap\u00f3s a exibi\u00e7\u00e3o da mat\u00e9ria sobre a situa\u00e7\u00e3o ca\u00f3tica educa\u00e7\u00e3o de diversos munic\u00edpios do Brasil, entre eles, Petrolina, o secret\u00e1rio de educa\u00e7\u00e3o do munic\u00edpio, Heitor Leite, enviou nota ao BlogQSP, esclarecendo as denuncias exibidas na mat\u00e9ria. Confira a nota: O Prefeito Julio Lossio, por interm\u00e9dio do Secret\u00e1rio de Educa\u00e7\u00e3o, Heitor Leite, prioriza a educa\u00e7\u00e3o na sua gest\u00e3o, de modo que todas as crian\u00e7as sejam atendidas, tanto da sede como da zona rural, da melhor forma poss\u00edvel e estaremos sempre \u00e0 disposi\u00e7\u00e3o para qualquer esclarecimento e at\u00e9 mesmo solu\u00e7\u00e3o dos problemas que possam ser apontados. Petrolina tem um total de 92 escolas (e anexos) e 20 CMEIS, al\u00e9m de 108 Unidades do exitoso programa de educa\u00e7\u00e3o infantil Nova Semente, num raio&hellip;","og_url":"https:\/\/blogdofarnesio.com.br\/?p=75552","og_site_name":"Blog do Farn\u00e9sio","article_publisher":"https:\/\/www.facebook.com\/BlogQuerSaberPolitica\/","article_published_time":"2014-03-10T19:01:16+00:00","article_modified_time":"2014-03-11T14:52:46+00:00","og_image":[{"url":"http:\/\/www.quersaberpolitica.com.br\/2016\/wp-content\/uploads\/2013\/10\/Foto-Nelly-Santana.jpg","type":"","width":"","height":""}],"author":"teste","twitter_card":"summary_large_image","twitter_misc":{"Escrito por":"teste","Est. tempo de leitura":"2 minutos"},"schema":{"@context":"https:\/\/schema.org","@graph":[{"@type":"Article","@id":"https:\/\/blogdofarnesio.com.br\/?p=75552#article","isPartOf":{"@id":"https:\/\/blogdofarnesio.com.br\/?p=75552"},"author":{"name":"teste","@id":"https:\/\/blogdofarnesio.com.br\/#\/schema\/person\/dd1bf5eba40b687199ba45ca6b97dff9"},"headline":"SECRETARIA DE EDUCA\u00c7\u00c3O PETROLINA SE PRONUNCIA SOBRE A REPORTAGEM NO FANT\u00c1STICO","datePublished":"2014-03-10T19:01:16+00:00","dateModified":"2014-03-11T14:52:46+00:00","mainEntityOfPage":{"@id":"https:\/\/blogdofarnesio.com.br\/?p=75552"},"wordCount":488,"commentCount":1,"publisher":{"@id":"https:\/\/blogdofarnesio.com.br\/#organization"},"image":{"@id":"https:\/\/blogdofarnesio.com.br\/?p=75552#primaryimage"},"thumbnailUrl":"http:\/\/www.quersaberpolitica.com.br\/2016\/wp-content\/uploads\/2013\/10\/Foto-Nelly-Santana.jpg","articleSection":["Educa\u00e7\u00e3o"],"inLanguage":"pt-BR","potentialAction":[{"@type":"CommentAction","name":"Comment","target":["https:\/\/blogdofarnesio.com.br\/?p=75552#respond"]}]},{"@type":"WebPage","@id":"https:\/\/blogdofarnesio.com.br\/?p=75552","url":"https:\/\/blogdofarnesio.com.br\/?p=75552","name":"SECRETARIA DE EDUCA\u00c7\u00c3O PETROLINA SE PRONUNCIA SOBRE A REPORTAGEM NO FANT\u00c1STICO - Blog do Farn\u00e9sio","isPartOf":{"@id":"https:\/\/blogdofarnesio.com.br\/#website"},"primaryImageOfPage":{"@id":"https:\/\/blogdofarnesio.com.br\/?p=75552#primaryimage"},"image":{"@id":"https:\/\/blogdofarnesio.com.br\/?p=75552#primaryimage"},"thumbnailUrl":"http:\/\/www.quersaberpolitica.com.br\/2016\/wp-content\/uploads\/2013\/10\/Foto-Nelly-Santana.jpg","datePublished":"2014-03-10T19:01:16+00:00","dateModified":"2014-03-11T14:52:46+00:00","breadcrumb":{"@id":"https:\/\/blogdofarnesio.com.br\/?p=75552#breadcrumb"},"inLanguage":"pt-BR","potentialAction":[{"@type":"ReadAction","target":["https:\/\/blogdofarnesio.com.br\/?p=75552"]}]},{"@type":"ImageObject","inLanguage":"pt-BR","@id":"https:\/\/blogdofarnesio.com.br\/?p=75552#primaryimage","url":"http:\/\/www.quersaberpolitica.com.br\/2016\/wp-content\/uploads\/2013\/10\/Foto-Nelly-Santana.jpg","contentUrl":"http:\/\/www.quersaberpolitica.com.br\/2016\/wp-content\/uploads\/2013\/10\/Foto-Nelly-Santana.jpg"},{"@type":"BreadcrumbList","@id":"https:\/\/blogdofarnesio.com.br\/?p=75552#breadcrumb","itemListElement":[{"@type":"ListItem","position":1,"name":"In\u00edcio","item":"https:\/\/blogdofarnesio.com.br\/"},{"@type":"ListItem","position":2,"name":"SECRETARIA DE EDUCA\u00c7\u00c3O PETROLINA SE PRONUNCIA SOBRE A REPORTAGEM NO FANT\u00c1STICO"}]},{"@type":"WebSite","@id":"https:\/\/blogdofarnesio.com.br\/#website","url":"https:\/\/blogdofarnesio.com.br\/","name":"Blog do Farn\u00e9sio","description":"Quer Saber Pol\u00edtica?","publisher":{"@id":"https:\/\/blogdofarnesio.com.br\/#organization"},"potentialAction":[{"@type":"SearchAction","target":{"@type":"EntryPoint","urlTemplate":"https:\/\/blogdofarnesio.com.br\/?s={search_term_string}"},"query-input":{"@type":"PropertyValueSpecification","valueRequired":true,"valueName":"search_term_string"}}],"inLanguage":"pt-BR"},{"@type":"Organization","@id":"https:\/\/blogdofarnesio.com.br\/#organization","name":"Blog do Farn\u00e9sio","url":"https:\/\/blogdofarnesio.com.br\/","logo":{"@type":"ImageObject","inLanguage":"pt-BR","@id":"https:\/\/blogdofarnesio.com.br\/#\/schema\/logo\/image\/","url":"https:\/\/blogdofarnesio.com.br\/wp-content\/uploads\/2026\/03\/cropped-logo_new-1.png","contentUrl":"https:\/\/blogdofarnesio.com.br\/wp-content\/uploads\/2026\/03\/cropped-logo_new-1.png","width":881,"height":685,"caption":"Blog do Farn\u00e9sio"},"image":{"@id":"https:\/\/blogdofarnesio.com.br\/#\/schema\/logo\/image\/"},"sameAs":["https:\/\/www.facebook.com\/BlogQuerSaberPolitica\/"]},{"@type":"Person","@id":"https:\/\/blogdofarnesio.com.br\/#\/schema\/person\/dd1bf5eba40b687199ba45ca6b97dff9","name":"teste","image":{"@type":"ImageObject","inLanguage":"pt-BR","@id":"https:\/\/secure.gravatar.com\/avatar\/2172498d4914b51e1d89a0f97957b035ac4938723a5cac208135d389b6972a6d?s=96&d=mm&r=g","url":"https:\/\/secure.gravatar.com\/avatar\/2172498d4914b51e1d89a0f97957b035ac4938723a5cac208135d389b6972a6d?s=96&d=mm&r=g","contentUrl":"https:\/\/secure.gravatar.com\/avatar\/2172498d4914b51e1d89a0f97957b035ac4938723a5cac208135d389b6972a6d?s=96&d=mm&r=g","caption":"teste"},"url":"https:\/\/blogdofarnesio.com.br\/?author=3"}]}},"_links":{"self":[{"href":"https:\/\/blogdofarnesio.com.br\/index.php?rest_route=\/wp\/v2\/posts\/75552","targetHints":{"allow":["GET"]}}],"collection":[{"href":"https:\/\/blogdofarnesio.com.br\/index.php?rest_route=\/wp\/v2\/posts"}],"about":[{"href":"https:\/\/blogdofarnesio.com.br\/index.php?rest_route=\/wp\/v2\/types\/post"}],"author":[{"embeddable":true,"href":"https:\/\/blogdofarnesio.com.br\/index.php?rest_route=\/wp\/v2\/users\/3"}],"replies":[{"embeddable":true,"href":"https:\/\/blogdofarnesio.com.br\/index.php?rest_route=%2Fwp%2Fv2%2Fcomments&post=75552"}],"version-history":[{"count":0,"href":"https:\/\/blogdofarnesio.com.br\/index.php?rest_route=\/wp\/v2\/posts\/75552\/revisions"}],"wp:attachment":[{"href":"https:\/\/blogdofarnesio.com.br\/index.php?rest_route=%2Fwp%2Fv2%2Fmedia&parent=75552"}],"wp:term":[{"taxonomy":"category","embeddable":true,"href":"https:\/\/blogdofarnesio.com.br\/index.php?rest_route=%2Fwp%2Fv2%2Fcategories&post=75552"},{"taxonomy":"post_tag","embeddable":true,"href":"https:\/\/blogdofarnesio.com.br\/index.php?rest_route=%2Fwp%2Fv2%2Ftags&post=75552"}],"curies":[{"name":"wp","href":"https:\/\/api.w.org\/{rel}","templated":true}]}}