{"id":75498,"date":"2014-03-10T09:42:57","date_gmt":"2014-03-10T12:42:57","guid":{"rendered":"http:\/\/www.quersaberpolitica.com.br\/?p=75498"},"modified":"2014-03-10T09:43:47","modified_gmt":"2014-03-10T12:43:47","slug":"direto-de-lagoa-grande-105","status":"publish","type":"post","link":"https:\/\/blogdofarnesio.com.br\/?p=75498","title":{"rendered":"DIRETO DE LAGOA GRANDE"},"content":{"rendered":"<p style=\"text-align: justify\"><b>SECRETARIA DE EDUCA\u00c7\u00c3O COMENTA MAT\u00c9RIA DO FANT\u00c1STICO<\/b><\/p>\n<p style=\"text-align: justify\">Ontem a noite, o Fant\u00e1stico, revista eletr\u00f4nica da Globo, l\u00edder de audi\u00eancia em todo pa\u00eds, veiculou reportagem acerca das prec\u00e1rias condi\u00e7\u00f5es que crian\u00e7as pelo Brasil afora, tem para frequentar as escolas. De nossa regi\u00e3o, Petrolina e Lagoa grande foram citadas.<\/p>\n<p style=\"text-align: justify\">Em Petrolina, antes da mat\u00e9ria ser veiculada, o problema de falta de cadeiras e outras a\u00e7\u00f5es na escola pautada foram resolvidos.<\/p>\n<p style=\"text-align: justify\">Quanto ao munic\u00edpio de Lagoa Grande, a assessoria de comunica\u00e7\u00e3o enviou ao <strong>BlogQSP,\u00a0<\/strong> nota oficial comentado o assunto. Leia abaixo:<\/p>\n<figure id=\"attachment_75504\" aria-describedby=\"caption-attachment-75504\" style=\"width: 300px\" class=\"wp-caption alignright\"><img loading=\"lazy\" decoding=\"async\" class=\"size-medium wp-image-75504 \" alt=\"blogqsplgseceduca\u00e7\u00e3ofoto Farnesio Silva (6)\" src=\"http:\/\/www.quersaberpolitica.com.br\/2016\/wp-content\/uploads\/2014\/03\/blogqsplgseceduca\u00e7\u00e3ofoto-Farnesio-Silva-6-300x168.jpg\" width=\"300\" height=\"168\" srcset=\"https:\/\/blogdofarnesio.com.br\/wp-content\/uploads\/2014\/03\/blogqsplgseceduca\u00e7\u00e3ofoto-Farnesio-Silva-6-300x168.jpg 300w, https:\/\/blogdofarnesio.com.br\/wp-content\/uploads\/2014\/03\/blogqsplgseceduca\u00e7\u00e3ofoto-Farnesio-Silva-6-500x281.jpg 500w, https:\/\/blogdofarnesio.com.br\/wp-content\/uploads\/2014\/03\/blogqsplgseceduca\u00e7\u00e3ofoto-Farnesio-Silva-6.jpg 640w\" sizes=\"auto, (max-width: 300px) 100vw, 300px\" \/><figcaption id=\"caption-attachment-75504\" class=\"wp-caption-text\">Secret\u00e1rio de Educa\u00e7\u00e3o de Lagoa Grande foto Farnesio Silva<\/figcaption><\/figure>\n<p style=\"text-align: justify\">&#8211; Muito nos entristece fazer parte dessa realidade mostrada pelo programa Fant\u00e1stico, exibido no \u00faltimo domingo (9). Mas ao mesmo tempo nos motiva e nos mostra a dimens\u00e3o da nossa responsabilidade \u00e0 frente da educa\u00e7\u00e3o de Lagoa Grande. Para n\u00f3s que assumimos a gest\u00e3o no ano passado (2013), tomamos conhecimento exato dessa realidade e do trabalho que ter\u00edamos para muda-la e \u00e9 exatamente isso que temos feito. Estamos melhorando toda a estrutura f\u00edsica das escolas, pois entendemos que o ambiente precisa ser adequado para ajudar no processo de aprendizagem dos nossos meninos e meninas.<\/p>\n<p style=\"text-align: justify\">Um exemplo claro dessas mudan\u00e7as s\u00e3o as escolas de Cruz do Pontal, Ouro Verde e Sombrio, Juta\u00ed, Lambedor e a maior escola da rede que \u00e9 a Arco Iris, no distrito de Vermelhos. Esta at\u00e9 2012 abrigava os alunos em um galp\u00e3o, demonstrando falta de respeito com nossos pequenos cidad\u00e3os. Hoje, a Escola Arco \u00cdris foi reformada recebendo salas climatizadas e se tornou um ambiente agrad\u00e1vel para os estudos. Al\u00e9m dessas reformas estamos construindo uma escola de 12 salas no distrito e outra no Assentamento Jatob\u00e1.\u00a0Infelizmente um ano n\u00e3o foi suficiente para que o melhoramento da rede alcan\u00e7asse os 100% que almejamos.<\/p>\n<p style=\"text-align: justify\">A escola mostrada pelo programa Fant\u00e1stico neste domingo trata-se da Extens\u00e3o da Escola S\u00e3o Braz<!--more--> que funciona num espa\u00e7o cedido pela Associa\u00e7\u00e3o de Moradores no Assentamento Santa Marta, j\u00e1 que os assentados n\u00e3o permitem a sa\u00edda das crian\u00e7as para escola sede.<\/p>\n<p style=\"text-align: justify\">H\u00e1 menos de 20 alunos matriculados nessa escola, a maioria mora no pr\u00f3prio assentamento e portanto n\u00e3o utiliza transporte escolar. Os que moram fora t\u00eam transporte adequado diariamente, assim como toda rede, j\u00e1 que uma das nossas primeiras medidas foi erradicar o pau-de-arara e jamais poder\u00edamos permitir que alunos que residam na dist\u00e2ncia regulamentar do transporte escolar utilizasse carro\u00e7a.<\/p>\n<p style=\"text-align: justify\">Sobre outros pontos mostrados na mat\u00e9ria do Fant\u00e1stico, ela foi gravada na primeira quinzena de fevereiro onde ainda est\u00e1vamos em per\u00edodo de f\u00e9rias, portanto n\u00e3o poderia ter aluno na escola. Vale ressaltar tamb\u00e9m que Josiane Barbosa da Silva, apresentada como zeladora, trabalhou no munic\u00edpio at\u00e9 dezembro de 2012.<\/p>\n<p style=\"text-align: justify\">N\u00e3o fugimos da nossa responsabilidade perante \u00e0 educa\u00e7\u00e3o dos nossos meninos e meninas, garantimos empenho incondicional para superarmos todos estes problemas no mais breve tempo poss\u00edvel.<\/p>\n<p style=\"text-align: justify\"><i>Assessoria de Comunica\u00e7\u00e3o<\/i><\/p>\n","protected":false},"excerpt":{"rendered":"<p>SECRETARIA DE EDUCA\u00c7\u00c3O COMENTA MAT\u00c9RIA DO FANT\u00c1STICO Ontem a noite, o Fant\u00e1stico, revista eletr\u00f4nica da Globo, l\u00edder de audi\u00eancia em todo pa\u00eds, veiculou reportagem acerca das prec\u00e1rias condi\u00e7\u00f5es que crian\u00e7as pelo Brasil afora, tem para frequentar as escolas. De nossa regi\u00e3o, Petrolina e Lagoa grande foram citadas. Em Petrolina, antes da mat\u00e9ria ser veiculada, o problema de falta de cadeiras e outras a\u00e7\u00f5es na escola pautada foram resolvidos. Quanto ao munic\u00edpio de Lagoa Grande, a assessoria de comunica\u00e7\u00e3o enviou ao BlogQSP,\u00a0 nota oficial comentado o assunto. Leia abaixo: &#8211; Muito nos entristece fazer parte dessa realidade mostrada pelo programa Fant\u00e1stico, exibido no \u00faltimo domingo (9). Mas ao mesmo tempo nos motiva e nos mostra a dimens\u00e3o da nossa responsabilidade \u00e0&hellip; <\/p>\n","protected":false},"author":3,"featured_media":0,"comment_status":"open","ping_status":"open","sticky":false,"template":"","format":"standard","meta":{"_acf_changed":false,"footnotes":""},"categories":[27],"tags":[],"class_list":["post-75498","post","type-post","status-publish","format-standard","hentry","category-cidades"],"acf":[],"yoast_head":"<!-- This site is optimized with the Yoast SEO plugin v27.4 - https:\/\/yoast.com\/product\/yoast-seo-wordpress\/ -->\n<title>DIRETO DE LAGOA GRANDE - Blog do Farn\u00e9sio<\/title>\n<meta name=\"robots\" content=\"index, follow, max-snippet:-1, max-image-preview:large, max-video-preview:-1\" \/>\n<link rel=\"canonical\" href=\"https:\/\/blogdofarnesio.com.br\/?p=75498\" \/>\n<meta property=\"og:locale\" content=\"pt_BR\" \/>\n<meta property=\"og:type\" content=\"article\" \/>\n<meta property=\"og:title\" content=\"DIRETO DE LAGOA GRANDE - Blog do Farn\u00e9sio\" \/>\n<meta property=\"og:description\" content=\"SECRETARIA DE EDUCA\u00c7\u00c3O COMENTA MAT\u00c9RIA DO FANT\u00c1STICO Ontem a noite, o Fant\u00e1stico, revista eletr\u00f4nica da Globo, l\u00edder de audi\u00eancia em todo pa\u00eds, veiculou reportagem acerca das prec\u00e1rias condi\u00e7\u00f5es que crian\u00e7as pelo Brasil afora, tem para frequentar as escolas. De nossa regi\u00e3o, Petrolina e Lagoa grande foram citadas. Em Petrolina, antes da mat\u00e9ria ser veiculada, o problema de falta de cadeiras e outras a\u00e7\u00f5es na escola pautada foram resolvidos. Quanto ao munic\u00edpio de Lagoa Grande, a assessoria de comunica\u00e7\u00e3o enviou ao BlogQSP,\u00a0 nota oficial comentado o assunto. Leia abaixo: &#8211; Muito nos entristece fazer parte dessa realidade mostrada pelo programa Fant\u00e1stico, exibido no \u00faltimo domingo (9). Mas ao mesmo tempo nos motiva e nos mostra a dimens\u00e3o da nossa responsabilidade \u00e0&hellip;\" \/>\n<meta property=\"og:url\" content=\"https:\/\/blogdofarnesio.com.br\/?p=75498\" \/>\n<meta property=\"og:site_name\" content=\"Blog do Farn\u00e9sio\" \/>\n<meta property=\"article:publisher\" content=\"https:\/\/www.facebook.com\/BlogQuerSaberPolitica\/\" \/>\n<meta property=\"article:published_time\" content=\"2014-03-10T12:42:57+00:00\" \/>\n<meta property=\"article:modified_time\" content=\"2014-03-10T12:43:47+00:00\" \/>\n<meta name=\"author\" content=\"teste\" \/>\n<meta name=\"twitter:card\" content=\"summary_large_image\" \/>\n<meta name=\"twitter:label1\" content=\"Escrito por\" \/>\n\t<meta name=\"twitter:data1\" content=\"teste\" \/>\n\t<meta name=\"twitter:label2\" content=\"Est. tempo de leitura\" \/>\n\t<meta name=\"twitter:data2\" content=\"3 minutos\" \/>\n<script type=\"application\/ld+json\" class=\"yoast-schema-graph\">{\"@context\":\"https:\\\/\\\/schema.org\",\"@graph\":[{\"@type\":\"Article\",\"@id\":\"https:\\\/\\\/blogdofarnesio.com.br\\\/?p=75498#article\",\"isPartOf\":{\"@id\":\"https:\\\/\\\/blogdofarnesio.com.br\\\/?p=75498\"},\"author\":{\"name\":\"teste\",\"@id\":\"https:\\\/\\\/blogdofarnesio.com.br\\\/#\\\/schema\\\/person\\\/dd1bf5eba40b687199ba45ca6b97dff9\"},\"headline\":\"DIRETO DE LAGOA GRANDE\",\"datePublished\":\"2014-03-10T12:42:57+00:00\",\"dateModified\":\"2014-03-10T12:43:47+00:00\",\"mainEntityOfPage\":{\"@id\":\"https:\\\/\\\/blogdofarnesio.com.br\\\/?p=75498\"},\"wordCount\":530,\"commentCount\":0,\"publisher\":{\"@id\":\"https:\\\/\\\/blogdofarnesio.com.br\\\/#organization\"},\"articleSection\":[\"Cidades\"],\"inLanguage\":\"pt-BR\",\"potentialAction\":[{\"@type\":\"CommentAction\",\"name\":\"Comment\",\"target\":[\"https:\\\/\\\/blogdofarnesio.com.br\\\/?p=75498#respond\"]}]},{\"@type\":\"WebPage\",\"@id\":\"https:\\\/\\\/blogdofarnesio.com.br\\\/?p=75498\",\"url\":\"https:\\\/\\\/blogdofarnesio.com.br\\\/?p=75498\",\"name\":\"DIRETO DE LAGOA GRANDE - Blog do Farn\u00e9sio\",\"isPartOf\":{\"@id\":\"https:\\\/\\\/blogdofarnesio.com.br\\\/#website\"},\"datePublished\":\"2014-03-10T12:42:57+00:00\",\"dateModified\":\"2014-03-10T12:43:47+00:00\",\"breadcrumb\":{\"@id\":\"https:\\\/\\\/blogdofarnesio.com.br\\\/?p=75498#breadcrumb\"},\"inLanguage\":\"pt-BR\",\"potentialAction\":[{\"@type\":\"ReadAction\",\"target\":[\"https:\\\/\\\/blogdofarnesio.com.br\\\/?p=75498\"]}]},{\"@type\":\"BreadcrumbList\",\"@id\":\"https:\\\/\\\/blogdofarnesio.com.br\\\/?p=75498#breadcrumb\",\"itemListElement\":[{\"@type\":\"ListItem\",\"position\":1,\"name\":\"In\u00edcio\",\"item\":\"https:\\\/\\\/blogdofarnesio.com.br\\\/\"},{\"@type\":\"ListItem\",\"position\":2,\"name\":\"DIRETO DE LAGOA GRANDE\"}]},{\"@type\":\"WebSite\",\"@id\":\"https:\\\/\\\/blogdofarnesio.com.br\\\/#website\",\"url\":\"https:\\\/\\\/blogdofarnesio.com.br\\\/\",\"name\":\"Blog do Farn\u00e9sio\",\"description\":\"Quer Saber Pol\u00edtica?\",\"publisher\":{\"@id\":\"https:\\\/\\\/blogdofarnesio.com.br\\\/#organization\"},\"potentialAction\":[{\"@type\":\"SearchAction\",\"target\":{\"@type\":\"EntryPoint\",\"urlTemplate\":\"https:\\\/\\\/blogdofarnesio.com.br\\\/?s={search_term_string}\"},\"query-input\":{\"@type\":\"PropertyValueSpecification\",\"valueRequired\":true,\"valueName\":\"search_term_string\"}}],\"inLanguage\":\"pt-BR\"},{\"@type\":\"Organization\",\"@id\":\"https:\\\/\\\/blogdofarnesio.com.br\\\/#organization\",\"name\":\"Blog do Farn\u00e9sio\",\"url\":\"https:\\\/\\\/blogdofarnesio.com.br\\\/\",\"logo\":{\"@type\":\"ImageObject\",\"inLanguage\":\"pt-BR\",\"@id\":\"https:\\\/\\\/blogdofarnesio.com.br\\\/#\\\/schema\\\/logo\\\/image\\\/\",\"url\":\"https:\\\/\\\/blogdofarnesio.com.br\\\/wp-content\\\/uploads\\\/2026\\\/03\\\/cropped-logo_new-1.png\",\"contentUrl\":\"https:\\\/\\\/blogdofarnesio.com.br\\\/wp-content\\\/uploads\\\/2026\\\/03\\\/cropped-logo_new-1.png\",\"width\":881,\"height\":685,\"caption\":\"Blog do Farn\u00e9sio\"},\"image\":{\"@id\":\"https:\\\/\\\/blogdofarnesio.com.br\\\/#\\\/schema\\\/logo\\\/image\\\/\"},\"sameAs\":[\"https:\\\/\\\/www.facebook.com\\\/BlogQuerSaberPolitica\\\/\"]},{\"@type\":\"Person\",\"@id\":\"https:\\\/\\\/blogdofarnesio.com.br\\\/#\\\/schema\\\/person\\\/dd1bf5eba40b687199ba45ca6b97dff9\",\"name\":\"teste\",\"image\":{\"@type\":\"ImageObject\",\"inLanguage\":\"pt-BR\",\"@id\":\"https:\\\/\\\/secure.gravatar.com\\\/avatar\\\/2172498d4914b51e1d89a0f97957b035ac4938723a5cac208135d389b6972a6d?s=96&d=mm&r=g\",\"url\":\"https:\\\/\\\/secure.gravatar.com\\\/avatar\\\/2172498d4914b51e1d89a0f97957b035ac4938723a5cac208135d389b6972a6d?s=96&d=mm&r=g\",\"contentUrl\":\"https:\\\/\\\/secure.gravatar.com\\\/avatar\\\/2172498d4914b51e1d89a0f97957b035ac4938723a5cac208135d389b6972a6d?s=96&d=mm&r=g\",\"caption\":\"teste\"},\"url\":\"https:\\\/\\\/blogdofarnesio.com.br\\\/?author=3\"}]}<\/script>\n<!-- \/ Yoast SEO plugin. -->","yoast_head_json":{"title":"DIRETO DE LAGOA GRANDE - Blog do Farn\u00e9sio","robots":{"index":"index","follow":"follow","max-snippet":"max-snippet:-1","max-image-preview":"max-image-preview:large","max-video-preview":"max-video-preview:-1"},"canonical":"https:\/\/blogdofarnesio.com.br\/?p=75498","og_locale":"pt_BR","og_type":"article","og_title":"DIRETO DE LAGOA GRANDE - Blog do Farn\u00e9sio","og_description":"SECRETARIA DE EDUCA\u00c7\u00c3O COMENTA MAT\u00c9RIA DO FANT\u00c1STICO Ontem a noite, o Fant\u00e1stico, revista eletr\u00f4nica da Globo, l\u00edder de audi\u00eancia em todo pa\u00eds, veiculou reportagem acerca das prec\u00e1rias condi\u00e7\u00f5es que crian\u00e7as pelo Brasil afora, tem para frequentar as escolas. De nossa regi\u00e3o, Petrolina e Lagoa grande foram citadas. Em Petrolina, antes da mat\u00e9ria ser veiculada, o problema de falta de cadeiras e outras a\u00e7\u00f5es na escola pautada foram resolvidos. Quanto ao munic\u00edpio de Lagoa Grande, a assessoria de comunica\u00e7\u00e3o enviou ao BlogQSP,\u00a0 nota oficial comentado o assunto. Leia abaixo: &#8211; Muito nos entristece fazer parte dessa realidade mostrada pelo programa Fant\u00e1stico, exibido no \u00faltimo domingo (9). Mas ao mesmo tempo nos motiva e nos mostra a dimens\u00e3o da nossa responsabilidade \u00e0&hellip;","og_url":"https:\/\/blogdofarnesio.com.br\/?p=75498","og_site_name":"Blog do Farn\u00e9sio","article_publisher":"https:\/\/www.facebook.com\/BlogQuerSaberPolitica\/","article_published_time":"2014-03-10T12:42:57+00:00","article_modified_time":"2014-03-10T12:43:47+00:00","author":"teste","twitter_card":"summary_large_image","twitter_misc":{"Escrito por":"teste","Est. tempo de leitura":"3 minutos"},"schema":{"@context":"https:\/\/schema.org","@graph":[{"@type":"Article","@id":"https:\/\/blogdofarnesio.com.br\/?p=75498#article","isPartOf":{"@id":"https:\/\/blogdofarnesio.com.br\/?p=75498"},"author":{"name":"teste","@id":"https:\/\/blogdofarnesio.com.br\/#\/schema\/person\/dd1bf5eba40b687199ba45ca6b97dff9"},"headline":"DIRETO DE LAGOA GRANDE","datePublished":"2014-03-10T12:42:57+00:00","dateModified":"2014-03-10T12:43:47+00:00","mainEntityOfPage":{"@id":"https:\/\/blogdofarnesio.com.br\/?p=75498"},"wordCount":530,"commentCount":0,"publisher":{"@id":"https:\/\/blogdofarnesio.com.br\/#organization"},"articleSection":["Cidades"],"inLanguage":"pt-BR","potentialAction":[{"@type":"CommentAction","name":"Comment","target":["https:\/\/blogdofarnesio.com.br\/?p=75498#respond"]}]},{"@type":"WebPage","@id":"https:\/\/blogdofarnesio.com.br\/?p=75498","url":"https:\/\/blogdofarnesio.com.br\/?p=75498","name":"DIRETO DE LAGOA GRANDE - Blog do Farn\u00e9sio","isPartOf":{"@id":"https:\/\/blogdofarnesio.com.br\/#website"},"datePublished":"2014-03-10T12:42:57+00:00","dateModified":"2014-03-10T12:43:47+00:00","breadcrumb":{"@id":"https:\/\/blogdofarnesio.com.br\/?p=75498#breadcrumb"},"inLanguage":"pt-BR","potentialAction":[{"@type":"ReadAction","target":["https:\/\/blogdofarnesio.com.br\/?p=75498"]}]},{"@type":"BreadcrumbList","@id":"https:\/\/blogdofarnesio.com.br\/?p=75498#breadcrumb","itemListElement":[{"@type":"ListItem","position":1,"name":"In\u00edcio","item":"https:\/\/blogdofarnesio.com.br\/"},{"@type":"ListItem","position":2,"name":"DIRETO DE LAGOA GRANDE"}]},{"@type":"WebSite","@id":"https:\/\/blogdofarnesio.com.br\/#website","url":"https:\/\/blogdofarnesio.com.br\/","name":"Blog do Farn\u00e9sio","description":"Quer Saber Pol\u00edtica?","publisher":{"@id":"https:\/\/blogdofarnesio.com.br\/#organization"},"potentialAction":[{"@type":"SearchAction","target":{"@type":"EntryPoint","urlTemplate":"https:\/\/blogdofarnesio.com.br\/?s={search_term_string}"},"query-input":{"@type":"PropertyValueSpecification","valueRequired":true,"valueName":"search_term_string"}}],"inLanguage":"pt-BR"},{"@type":"Organization","@id":"https:\/\/blogdofarnesio.com.br\/#organization","name":"Blog do Farn\u00e9sio","url":"https:\/\/blogdofarnesio.com.br\/","logo":{"@type":"ImageObject","inLanguage":"pt-BR","@id":"https:\/\/blogdofarnesio.com.br\/#\/schema\/logo\/image\/","url":"https:\/\/blogdofarnesio.com.br\/wp-content\/uploads\/2026\/03\/cropped-logo_new-1.png","contentUrl":"https:\/\/blogdofarnesio.com.br\/wp-content\/uploads\/2026\/03\/cropped-logo_new-1.png","width":881,"height":685,"caption":"Blog do Farn\u00e9sio"},"image":{"@id":"https:\/\/blogdofarnesio.com.br\/#\/schema\/logo\/image\/"},"sameAs":["https:\/\/www.facebook.com\/BlogQuerSaberPolitica\/"]},{"@type":"Person","@id":"https:\/\/blogdofarnesio.com.br\/#\/schema\/person\/dd1bf5eba40b687199ba45ca6b97dff9","name":"teste","image":{"@type":"ImageObject","inLanguage":"pt-BR","@id":"https:\/\/secure.gravatar.com\/avatar\/2172498d4914b51e1d89a0f97957b035ac4938723a5cac208135d389b6972a6d?s=96&d=mm&r=g","url":"https:\/\/secure.gravatar.com\/avatar\/2172498d4914b51e1d89a0f97957b035ac4938723a5cac208135d389b6972a6d?s=96&d=mm&r=g","contentUrl":"https:\/\/secure.gravatar.com\/avatar\/2172498d4914b51e1d89a0f97957b035ac4938723a5cac208135d389b6972a6d?s=96&d=mm&r=g","caption":"teste"},"url":"https:\/\/blogdofarnesio.com.br\/?author=3"}]}},"_links":{"self":[{"href":"https:\/\/blogdofarnesio.com.br\/index.php?rest_route=\/wp\/v2\/posts\/75498","targetHints":{"allow":["GET"]}}],"collection":[{"href":"https:\/\/blogdofarnesio.com.br\/index.php?rest_route=\/wp\/v2\/posts"}],"about":[{"href":"https:\/\/blogdofarnesio.com.br\/index.php?rest_route=\/wp\/v2\/types\/post"}],"author":[{"embeddable":true,"href":"https:\/\/blogdofarnesio.com.br\/index.php?rest_route=\/wp\/v2\/users\/3"}],"replies":[{"embeddable":true,"href":"https:\/\/blogdofarnesio.com.br\/index.php?rest_route=%2Fwp%2Fv2%2Fcomments&post=75498"}],"version-history":[{"count":0,"href":"https:\/\/blogdofarnesio.com.br\/index.php?rest_route=\/wp\/v2\/posts\/75498\/revisions"}],"wp:attachment":[{"href":"https:\/\/blogdofarnesio.com.br\/index.php?rest_route=%2Fwp%2Fv2%2Fmedia&parent=75498"}],"wp:term":[{"taxonomy":"category","embeddable":true,"href":"https:\/\/blogdofarnesio.com.br\/index.php?rest_route=%2Fwp%2Fv2%2Fcategories&post=75498"},{"taxonomy":"post_tag","embeddable":true,"href":"https:\/\/blogdofarnesio.com.br\/index.php?rest_route=%2Fwp%2Fv2%2Ftags&post=75498"}],"curies":[{"name":"wp","href":"https:\/\/api.w.org\/{rel}","templated":true}]}}