{"id":75460,"date":"2014-03-10T17:36:31","date_gmt":"2014-03-10T20:36:31","guid":{"rendered":"http:\/\/www.quersaberpolitica.com.br\/?p=75460"},"modified":"2014-03-10T15:47:10","modified_gmt":"2014-03-10T18:47:10","slug":"sertanejas-comemoram-dia-internacional-da-mulher-com-agua-na-porta-de-casa","status":"publish","type":"post","link":"https:\/\/blogdofarnesio.com.br\/?p=75460","title":{"rendered":"SERTANEJAS COMEMORAM DIA INTERNACIONAL DA MULHER COM \u00c1GUA NA PORTA DE CASA"},"content":{"rendered":"<p style=\"text-align: justify\"><a href=\"http:\/\/www.quersaberpolitica.com.br\/2016\/wp-content\/uploads\/2014\/03\/20140128_110544.jpg\"><img loading=\"lazy\" decoding=\"async\" class=\"alignleft size-medium wp-image-75461\" alt=\"BLOGQSP\u00c1GUA\" src=\"http:\/\/www.quersaberpolitica.com.br\/2016\/wp-content\/uploads\/2014\/03\/20140128_110544-300x225.jpg\" width=\"300\" height=\"225\" srcset=\"https:\/\/blogdofarnesio.com.br\/wp-content\/uploads\/2014\/03\/20140128_110544-300x225.jpg 300w, https:\/\/blogdofarnesio.com.br\/wp-content\/uploads\/2014\/03\/20140128_110544.jpg 400w\" sizes=\"auto, (max-width: 300px) 100vw, 300px\" \/><\/a>As mulheres do semi\u00e1rido pernambucano t\u00eam um bom motivo para comemorar o Dia Internacional da Mulher.<\/p>\n<p style=\"text-align: justify\">No Estado (do Agreste ao Sert\u00e3o), 39.006 mil fam\u00edlias est\u00e3o sendo beneficiadas com a instala\u00e7\u00e3o das cisternas de polietileno, por meio do Programa \u00c1gua para Todos, via Minist\u00e9rio da Integra\u00e7\u00e3o.<\/p>\n<p style=\"text-align: justify\">As cisternas captam a \u00e1gua da chuva e permitem o armazenamento de 16 mil litros, garantindo condi\u00e7\u00f5es para uma fam\u00edlia de quatro a cinco pessoas se manter por at\u00e9 nove meses de estiagem. Na regi\u00e3o de Lagoa Grande, no Sert\u00e3o do Estado, a aposentada Ant\u00f4nia Virg\u00efnia da Silva Bezerra, 68 anos, sempre carregou consigo a esperan\u00e7a por dias melhores.<\/p>\n<p style=\"text-align: justify\">&#8220;A \u00e1gua que se tinha para tudo &#8211; beber, cozinhar, usar em casa, planta\u00e7\u00e3o e animais &#8211; era a de um a\u00e7ude aqui perto. Quem chegasse primeiro com sua lata na cabe\u00e7a tinha mais chances de conseguir levar \u00e1gua para casa. Com as cisternas ningu\u00e9m tem do que reclamar&#8221;, disse a aposentada.<!--more--><\/p>\n<p style=\"text-align: justify\">Os reservat\u00f3rios s\u00e3o fabricados pela Acqualimp e entregues pela Companhia de Desenvolvimento dos Vales do S\u00e3o Francisco e do Parna\u00edba (Codevasf), Funasa e Departamento Nacional de Obras Contra as Secas (DNOCS). &#8220;O material utilizado na fabrica\u00e7\u00e3o dos reservat\u00f3rios \u00e9 adequado \u00e0 regi\u00e3o. A resina de polietileno somente pode fundir a uma temperatura de 147o C, sendo que na regi\u00e3o a temperatura m\u00e1xima pode oscilar em torno de 50o C em per\u00edodos de clima mais severo, o que desmistifica a informa\u00e7\u00e3o incorreta de que as cisternas derretem no calor do sert\u00e3o. Al\u00e9m disso, essa \u00e9 uma tecnologia consolidada internacionalmente e utilizada h\u00e1 mais de duas d\u00e9cadas em pa\u00edses com temperaturas semelhantes ou at\u00e9 mais cr\u00edticas que as encontradas no Nordeste brasileiro&#8221;, explicou Amauri Ramos, diretor da Acqualimp, fabricante dos reservat\u00f3rios.<\/p>\n<p style=\"text-align: justify\"><strong>EM TEMPO<\/strong> O Programa \u00c1gua Para Todos pretende entregar at\u00e9 o final deste ano 750 mil cisternas &#8211; polietileno e placa &#8211; que garantir\u00e3o \u00e1gua para cerca de 3,75 milh\u00f5es de pessoas que vivem na \u00e1rea rural. As fam\u00edlias beneficiadas atenderam aos requisitos estipulados pelo governo federal, por viverem abaixo da linha de pobreza extrema e conviverem com as duras consequ\u00eancias da seca \u2013 uma das mais severas dos \u00faltimos 50 anos.<\/p>\n<p style=\"text-align: justify\"><strong>ASCOM<\/strong><\/p>\n","protected":false},"excerpt":{"rendered":"<p>As mulheres do semi\u00e1rido pernambucano t\u00eam um bom motivo para comemorar o Dia Internacional da Mulher. No Estado (do Agreste ao Sert\u00e3o), 39.006 mil fam\u00edlias est\u00e3o sendo beneficiadas com a instala\u00e7\u00e3o das cisternas de polietileno, por meio do Programa \u00c1gua para Todos, via Minist\u00e9rio da Integra\u00e7\u00e3o. As cisternas captam a \u00e1gua da chuva e permitem o armazenamento de 16 mil litros, garantindo condi\u00e7\u00f5es para uma fam\u00edlia de quatro a cinco pessoas se manter por at\u00e9 nove meses de estiagem. Na regi\u00e3o de Lagoa Grande, no Sert\u00e3o do Estado, a aposentada Ant\u00f4nia Virg\u00efnia da Silva Bezerra, 68 anos, sempre carregou consigo a esperan\u00e7a por dias melhores. &#8220;A \u00e1gua que se tinha para tudo &#8211; beber, cozinhar, usar em casa, planta\u00e7\u00e3o e&hellip; <\/p>\n","protected":false},"author":3,"featured_media":0,"comment_status":"open","ping_status":"open","sticky":false,"template":"","format":"standard","meta":{"_acf_changed":false,"footnotes":""},"categories":[24],"tags":[],"class_list":["post-75460","post","type-post","status-publish","format-standard","hentry","category-investimento"],"acf":[],"yoast_head":"<!-- This site is optimized with the Yoast SEO plugin v27.4 - https:\/\/yoast.com\/product\/yoast-seo-wordpress\/ -->\n<title>SERTANEJAS COMEMORAM DIA INTERNACIONAL DA MULHER COM \u00c1GUA NA PORTA DE CASA - Blog do Farn\u00e9sio<\/title>\n<meta name=\"robots\" content=\"index, follow, max-snippet:-1, max-image-preview:large, max-video-preview:-1\" \/>\n<link rel=\"canonical\" href=\"https:\/\/blogdofarnesio.com.br\/?p=75460\" \/>\n<meta property=\"og:locale\" content=\"pt_BR\" \/>\n<meta property=\"og:type\" content=\"article\" \/>\n<meta property=\"og:title\" content=\"SERTANEJAS COMEMORAM DIA INTERNACIONAL DA MULHER COM \u00c1GUA NA PORTA DE CASA - Blog do Farn\u00e9sio\" \/>\n<meta property=\"og:description\" content=\"As mulheres do semi\u00e1rido pernambucano t\u00eam um bom motivo para comemorar o Dia Internacional da Mulher. No Estado (do Agreste ao Sert\u00e3o), 39.006 mil fam\u00edlias est\u00e3o sendo beneficiadas com a instala\u00e7\u00e3o das cisternas de polietileno, por meio do Programa \u00c1gua para Todos, via Minist\u00e9rio da Integra\u00e7\u00e3o. As cisternas captam a \u00e1gua da chuva e permitem o armazenamento de 16 mil litros, garantindo condi\u00e7\u00f5es para uma fam\u00edlia de quatro a cinco pessoas se manter por at\u00e9 nove meses de estiagem. Na regi\u00e3o de Lagoa Grande, no Sert\u00e3o do Estado, a aposentada Ant\u00f4nia Virg\u00efnia da Silva Bezerra, 68 anos, sempre carregou consigo a esperan\u00e7a por dias melhores. &#8220;A \u00e1gua que se tinha para tudo &#8211; beber, cozinhar, usar em casa, planta\u00e7\u00e3o e&hellip;\" \/>\n<meta property=\"og:url\" content=\"https:\/\/blogdofarnesio.com.br\/?p=75460\" \/>\n<meta property=\"og:site_name\" content=\"Blog do Farn\u00e9sio\" \/>\n<meta property=\"article:publisher\" content=\"https:\/\/www.facebook.com\/BlogQuerSaberPolitica\/\" \/>\n<meta property=\"article:published_time\" content=\"2014-03-10T20:36:31+00:00\" \/>\n<meta property=\"og:image\" content=\"http:\/\/www.quersaberpolitica.com.br\/2016\/wp-content\/uploads\/2014\/03\/20140128_110544-300x225.jpg\" \/>\n<meta name=\"author\" content=\"teste\" \/>\n<meta name=\"twitter:card\" content=\"summary_large_image\" \/>\n<meta name=\"twitter:label1\" content=\"Escrito por\" \/>\n\t<meta name=\"twitter:data1\" content=\"teste\" \/>\n\t<meta name=\"twitter:label2\" content=\"Est. tempo de leitura\" \/>\n\t<meta name=\"twitter:data2\" content=\"2 minutos\" \/>\n<script type=\"application\/ld+json\" class=\"yoast-schema-graph\">{\"@context\":\"https:\\\/\\\/schema.org\",\"@graph\":[{\"@type\":\"Article\",\"@id\":\"https:\\\/\\\/blogdofarnesio.com.br\\\/?p=75460#article\",\"isPartOf\":{\"@id\":\"https:\\\/\\\/blogdofarnesio.com.br\\\/?p=75460\"},\"author\":{\"name\":\"teste\",\"@id\":\"https:\\\/\\\/blogdofarnesio.com.br\\\/#\\\/schema\\\/person\\\/dd1bf5eba40b687199ba45ca6b97dff9\"},\"headline\":\"SERTANEJAS COMEMORAM DIA INTERNACIONAL DA MULHER COM \u00c1GUA NA PORTA DE CASA\",\"datePublished\":\"2014-03-10T20:36:31+00:00\",\"mainEntityOfPage\":{\"@id\":\"https:\\\/\\\/blogdofarnesio.com.br\\\/?p=75460\"},\"wordCount\":401,\"commentCount\":0,\"publisher\":{\"@id\":\"https:\\\/\\\/blogdofarnesio.com.br\\\/#organization\"},\"image\":{\"@id\":\"https:\\\/\\\/blogdofarnesio.com.br\\\/?p=75460#primaryimage\"},\"thumbnailUrl\":\"http:\\\/\\\/www.quersaberpolitica.com.br\\\/2016\\\/wp-content\\\/uploads\\\/2014\\\/03\\\/20140128_110544-300x225.jpg\",\"articleSection\":[\"Investimento\"],\"inLanguage\":\"pt-BR\",\"potentialAction\":[{\"@type\":\"CommentAction\",\"name\":\"Comment\",\"target\":[\"https:\\\/\\\/blogdofarnesio.com.br\\\/?p=75460#respond\"]}]},{\"@type\":\"WebPage\",\"@id\":\"https:\\\/\\\/blogdofarnesio.com.br\\\/?p=75460\",\"url\":\"https:\\\/\\\/blogdofarnesio.com.br\\\/?p=75460\",\"name\":\"SERTANEJAS COMEMORAM DIA INTERNACIONAL DA MULHER COM \u00c1GUA NA PORTA DE CASA - Blog do Farn\u00e9sio\",\"isPartOf\":{\"@id\":\"https:\\\/\\\/blogdofarnesio.com.br\\\/#website\"},\"primaryImageOfPage\":{\"@id\":\"https:\\\/\\\/blogdofarnesio.com.br\\\/?p=75460#primaryimage\"},\"image\":{\"@id\":\"https:\\\/\\\/blogdofarnesio.com.br\\\/?p=75460#primaryimage\"},\"thumbnailUrl\":\"http:\\\/\\\/www.quersaberpolitica.com.br\\\/2016\\\/wp-content\\\/uploads\\\/2014\\\/03\\\/20140128_110544-300x225.jpg\",\"datePublished\":\"2014-03-10T20:36:31+00:00\",\"breadcrumb\":{\"@id\":\"https:\\\/\\\/blogdofarnesio.com.br\\\/?p=75460#breadcrumb\"},\"inLanguage\":\"pt-BR\",\"potentialAction\":[{\"@type\":\"ReadAction\",\"target\":[\"https:\\\/\\\/blogdofarnesio.com.br\\\/?p=75460\"]}]},{\"@type\":\"ImageObject\",\"inLanguage\":\"pt-BR\",\"@id\":\"https:\\\/\\\/blogdofarnesio.com.br\\\/?p=75460#primaryimage\",\"url\":\"http:\\\/\\\/www.quersaberpolitica.com.br\\\/2016\\\/wp-content\\\/uploads\\\/2014\\\/03\\\/20140128_110544-300x225.jpg\",\"contentUrl\":\"http:\\\/\\\/www.quersaberpolitica.com.br\\\/2016\\\/wp-content\\\/uploads\\\/2014\\\/03\\\/20140128_110544-300x225.jpg\"},{\"@type\":\"BreadcrumbList\",\"@id\":\"https:\\\/\\\/blogdofarnesio.com.br\\\/?p=75460#breadcrumb\",\"itemListElement\":[{\"@type\":\"ListItem\",\"position\":1,\"name\":\"In\u00edcio\",\"item\":\"https:\\\/\\\/blogdofarnesio.com.br\\\/\"},{\"@type\":\"ListItem\",\"position\":2,\"name\":\"SERTANEJAS COMEMORAM DIA INTERNACIONAL DA MULHER COM \u00c1GUA NA PORTA DE CASA\"}]},{\"@type\":\"WebSite\",\"@id\":\"https:\\\/\\\/blogdofarnesio.com.br\\\/#website\",\"url\":\"https:\\\/\\\/blogdofarnesio.com.br\\\/\",\"name\":\"Blog do Farn\u00e9sio\",\"description\":\"Quer Saber Pol\u00edtica?\",\"publisher\":{\"@id\":\"https:\\\/\\\/blogdofarnesio.com.br\\\/#organization\"},\"potentialAction\":[{\"@type\":\"SearchAction\",\"target\":{\"@type\":\"EntryPoint\",\"urlTemplate\":\"https:\\\/\\\/blogdofarnesio.com.br\\\/?s={search_term_string}\"},\"query-input\":{\"@type\":\"PropertyValueSpecification\",\"valueRequired\":true,\"valueName\":\"search_term_string\"}}],\"inLanguage\":\"pt-BR\"},{\"@type\":\"Organization\",\"@id\":\"https:\\\/\\\/blogdofarnesio.com.br\\\/#organization\",\"name\":\"Blog do Farn\u00e9sio\",\"url\":\"https:\\\/\\\/blogdofarnesio.com.br\\\/\",\"logo\":{\"@type\":\"ImageObject\",\"inLanguage\":\"pt-BR\",\"@id\":\"https:\\\/\\\/blogdofarnesio.com.br\\\/#\\\/schema\\\/logo\\\/image\\\/\",\"url\":\"https:\\\/\\\/blogdofarnesio.com.br\\\/wp-content\\\/uploads\\\/2026\\\/03\\\/cropped-logo_new-1.png\",\"contentUrl\":\"https:\\\/\\\/blogdofarnesio.com.br\\\/wp-content\\\/uploads\\\/2026\\\/03\\\/cropped-logo_new-1.png\",\"width\":881,\"height\":685,\"caption\":\"Blog do Farn\u00e9sio\"},\"image\":{\"@id\":\"https:\\\/\\\/blogdofarnesio.com.br\\\/#\\\/schema\\\/logo\\\/image\\\/\"},\"sameAs\":[\"https:\\\/\\\/www.facebook.com\\\/BlogQuerSaberPolitica\\\/\"]},{\"@type\":\"Person\",\"@id\":\"https:\\\/\\\/blogdofarnesio.com.br\\\/#\\\/schema\\\/person\\\/dd1bf5eba40b687199ba45ca6b97dff9\",\"name\":\"teste\",\"image\":{\"@type\":\"ImageObject\",\"inLanguage\":\"pt-BR\",\"@id\":\"https:\\\/\\\/secure.gravatar.com\\\/avatar\\\/2172498d4914b51e1d89a0f97957b035ac4938723a5cac208135d389b6972a6d?s=96&d=mm&r=g\",\"url\":\"https:\\\/\\\/secure.gravatar.com\\\/avatar\\\/2172498d4914b51e1d89a0f97957b035ac4938723a5cac208135d389b6972a6d?s=96&d=mm&r=g\",\"contentUrl\":\"https:\\\/\\\/secure.gravatar.com\\\/avatar\\\/2172498d4914b51e1d89a0f97957b035ac4938723a5cac208135d389b6972a6d?s=96&d=mm&r=g\",\"caption\":\"teste\"},\"url\":\"https:\\\/\\\/blogdofarnesio.com.br\\\/?author=3\"}]}<\/script>\n<!-- \/ Yoast SEO plugin. -->","yoast_head_json":{"title":"SERTANEJAS COMEMORAM DIA INTERNACIONAL DA MULHER COM \u00c1GUA NA PORTA DE CASA - Blog do Farn\u00e9sio","robots":{"index":"index","follow":"follow","max-snippet":"max-snippet:-1","max-image-preview":"max-image-preview:large","max-video-preview":"max-video-preview:-1"},"canonical":"https:\/\/blogdofarnesio.com.br\/?p=75460","og_locale":"pt_BR","og_type":"article","og_title":"SERTANEJAS COMEMORAM DIA INTERNACIONAL DA MULHER COM \u00c1GUA NA PORTA DE CASA - Blog do Farn\u00e9sio","og_description":"As mulheres do semi\u00e1rido pernambucano t\u00eam um bom motivo para comemorar o Dia Internacional da Mulher. No Estado (do Agreste ao Sert\u00e3o), 39.006 mil fam\u00edlias est\u00e3o sendo beneficiadas com a instala\u00e7\u00e3o das cisternas de polietileno, por meio do Programa \u00c1gua para Todos, via Minist\u00e9rio da Integra\u00e7\u00e3o. As cisternas captam a \u00e1gua da chuva e permitem o armazenamento de 16 mil litros, garantindo condi\u00e7\u00f5es para uma fam\u00edlia de quatro a cinco pessoas se manter por at\u00e9 nove meses de estiagem. Na regi\u00e3o de Lagoa Grande, no Sert\u00e3o do Estado, a aposentada Ant\u00f4nia Virg\u00efnia da Silva Bezerra, 68 anos, sempre carregou consigo a esperan\u00e7a por dias melhores. &#8220;A \u00e1gua que se tinha para tudo &#8211; beber, cozinhar, usar em casa, planta\u00e7\u00e3o e&hellip;","og_url":"https:\/\/blogdofarnesio.com.br\/?p=75460","og_site_name":"Blog do Farn\u00e9sio","article_publisher":"https:\/\/www.facebook.com\/BlogQuerSaberPolitica\/","article_published_time":"2014-03-10T20:36:31+00:00","og_image":[{"url":"http:\/\/www.quersaberpolitica.com.br\/2016\/wp-content\/uploads\/2014\/03\/20140128_110544-300x225.jpg","type":"","width":"","height":""}],"author":"teste","twitter_card":"summary_large_image","twitter_misc":{"Escrito por":"teste","Est. tempo de leitura":"2 minutos"},"schema":{"@context":"https:\/\/schema.org","@graph":[{"@type":"Article","@id":"https:\/\/blogdofarnesio.com.br\/?p=75460#article","isPartOf":{"@id":"https:\/\/blogdofarnesio.com.br\/?p=75460"},"author":{"name":"teste","@id":"https:\/\/blogdofarnesio.com.br\/#\/schema\/person\/dd1bf5eba40b687199ba45ca6b97dff9"},"headline":"SERTANEJAS COMEMORAM DIA INTERNACIONAL DA MULHER COM \u00c1GUA NA PORTA DE CASA","datePublished":"2014-03-10T20:36:31+00:00","mainEntityOfPage":{"@id":"https:\/\/blogdofarnesio.com.br\/?p=75460"},"wordCount":401,"commentCount":0,"publisher":{"@id":"https:\/\/blogdofarnesio.com.br\/#organization"},"image":{"@id":"https:\/\/blogdofarnesio.com.br\/?p=75460#primaryimage"},"thumbnailUrl":"http:\/\/www.quersaberpolitica.com.br\/2016\/wp-content\/uploads\/2014\/03\/20140128_110544-300x225.jpg","articleSection":["Investimento"],"inLanguage":"pt-BR","potentialAction":[{"@type":"CommentAction","name":"Comment","target":["https:\/\/blogdofarnesio.com.br\/?p=75460#respond"]}]},{"@type":"WebPage","@id":"https:\/\/blogdofarnesio.com.br\/?p=75460","url":"https:\/\/blogdofarnesio.com.br\/?p=75460","name":"SERTANEJAS COMEMORAM DIA INTERNACIONAL DA MULHER COM \u00c1GUA NA PORTA DE CASA - Blog do Farn\u00e9sio","isPartOf":{"@id":"https:\/\/blogdofarnesio.com.br\/#website"},"primaryImageOfPage":{"@id":"https:\/\/blogdofarnesio.com.br\/?p=75460#primaryimage"},"image":{"@id":"https:\/\/blogdofarnesio.com.br\/?p=75460#primaryimage"},"thumbnailUrl":"http:\/\/www.quersaberpolitica.com.br\/2016\/wp-content\/uploads\/2014\/03\/20140128_110544-300x225.jpg","datePublished":"2014-03-10T20:36:31+00:00","breadcrumb":{"@id":"https:\/\/blogdofarnesio.com.br\/?p=75460#breadcrumb"},"inLanguage":"pt-BR","potentialAction":[{"@type":"ReadAction","target":["https:\/\/blogdofarnesio.com.br\/?p=75460"]}]},{"@type":"ImageObject","inLanguage":"pt-BR","@id":"https:\/\/blogdofarnesio.com.br\/?p=75460#primaryimage","url":"http:\/\/www.quersaberpolitica.com.br\/2016\/wp-content\/uploads\/2014\/03\/20140128_110544-300x225.jpg","contentUrl":"http:\/\/www.quersaberpolitica.com.br\/2016\/wp-content\/uploads\/2014\/03\/20140128_110544-300x225.jpg"},{"@type":"BreadcrumbList","@id":"https:\/\/blogdofarnesio.com.br\/?p=75460#breadcrumb","itemListElement":[{"@type":"ListItem","position":1,"name":"In\u00edcio","item":"https:\/\/blogdofarnesio.com.br\/"},{"@type":"ListItem","position":2,"name":"SERTANEJAS COMEMORAM DIA INTERNACIONAL DA MULHER COM \u00c1GUA NA PORTA DE CASA"}]},{"@type":"WebSite","@id":"https:\/\/blogdofarnesio.com.br\/#website","url":"https:\/\/blogdofarnesio.com.br\/","name":"Blog do Farn\u00e9sio","description":"Quer Saber Pol\u00edtica?","publisher":{"@id":"https:\/\/blogdofarnesio.com.br\/#organization"},"potentialAction":[{"@type":"SearchAction","target":{"@type":"EntryPoint","urlTemplate":"https:\/\/blogdofarnesio.com.br\/?s={search_term_string}"},"query-input":{"@type":"PropertyValueSpecification","valueRequired":true,"valueName":"search_term_string"}}],"inLanguage":"pt-BR"},{"@type":"Organization","@id":"https:\/\/blogdofarnesio.com.br\/#organization","name":"Blog do Farn\u00e9sio","url":"https:\/\/blogdofarnesio.com.br\/","logo":{"@type":"ImageObject","inLanguage":"pt-BR","@id":"https:\/\/blogdofarnesio.com.br\/#\/schema\/logo\/image\/","url":"https:\/\/blogdofarnesio.com.br\/wp-content\/uploads\/2026\/03\/cropped-logo_new-1.png","contentUrl":"https:\/\/blogdofarnesio.com.br\/wp-content\/uploads\/2026\/03\/cropped-logo_new-1.png","width":881,"height":685,"caption":"Blog do Farn\u00e9sio"},"image":{"@id":"https:\/\/blogdofarnesio.com.br\/#\/schema\/logo\/image\/"},"sameAs":["https:\/\/www.facebook.com\/BlogQuerSaberPolitica\/"]},{"@type":"Person","@id":"https:\/\/blogdofarnesio.com.br\/#\/schema\/person\/dd1bf5eba40b687199ba45ca6b97dff9","name":"teste","image":{"@type":"ImageObject","inLanguage":"pt-BR","@id":"https:\/\/secure.gravatar.com\/avatar\/2172498d4914b51e1d89a0f97957b035ac4938723a5cac208135d389b6972a6d?s=96&d=mm&r=g","url":"https:\/\/secure.gravatar.com\/avatar\/2172498d4914b51e1d89a0f97957b035ac4938723a5cac208135d389b6972a6d?s=96&d=mm&r=g","contentUrl":"https:\/\/secure.gravatar.com\/avatar\/2172498d4914b51e1d89a0f97957b035ac4938723a5cac208135d389b6972a6d?s=96&d=mm&r=g","caption":"teste"},"url":"https:\/\/blogdofarnesio.com.br\/?author=3"}]}},"_links":{"self":[{"href":"https:\/\/blogdofarnesio.com.br\/index.php?rest_route=\/wp\/v2\/posts\/75460","targetHints":{"allow":["GET"]}}],"collection":[{"href":"https:\/\/blogdofarnesio.com.br\/index.php?rest_route=\/wp\/v2\/posts"}],"about":[{"href":"https:\/\/blogdofarnesio.com.br\/index.php?rest_route=\/wp\/v2\/types\/post"}],"author":[{"embeddable":true,"href":"https:\/\/blogdofarnesio.com.br\/index.php?rest_route=\/wp\/v2\/users\/3"}],"replies":[{"embeddable":true,"href":"https:\/\/blogdofarnesio.com.br\/index.php?rest_route=%2Fwp%2Fv2%2Fcomments&post=75460"}],"version-history":[{"count":0,"href":"https:\/\/blogdofarnesio.com.br\/index.php?rest_route=\/wp\/v2\/posts\/75460\/revisions"}],"wp:attachment":[{"href":"https:\/\/blogdofarnesio.com.br\/index.php?rest_route=%2Fwp%2Fv2%2Fmedia&parent=75460"}],"wp:term":[{"taxonomy":"category","embeddable":true,"href":"https:\/\/blogdofarnesio.com.br\/index.php?rest_route=%2Fwp%2Fv2%2Fcategories&post=75460"},{"taxonomy":"post_tag","embeddable":true,"href":"https:\/\/blogdofarnesio.com.br\/index.php?rest_route=%2Fwp%2Fv2%2Ftags&post=75460"}],"curies":[{"name":"wp","href":"https:\/\/api.w.org\/{rel}","templated":true}]}}