{"id":75445,"date":"2014-03-10T17:00:03","date_gmt":"2014-03-10T20:00:03","guid":{"rendered":"http:\/\/www.quersaberpolitica.com.br\/?p=75445"},"modified":"2014-03-10T15:55:38","modified_gmt":"2014-03-10T18:55:38","slug":"rui-costa-diz-que-conta-com-a-lideranca-forte-e-aguerrida-de-luiz-vicente-berti","status":"publish","type":"post","link":"https:\/\/blogdofarnesio.com.br\/?p=75445","title":{"rendered":"RUI COSTA DIZ QUE CONTA COM A LIDERAN\u00c7A FORTE E AGUERRIDA DE LUIZ VICENTE BERTI"},"content":{"rendered":"<p style=\"text-align: justify\"><a href=\"http:\/\/www.quersaberpolitica.com.br\/2016\/wp-content\/uploads\/2014\/03\/DSC_1180.jpg\"><img loading=\"lazy\" decoding=\"async\" class=\"aligncenter  wp-image-75446\" alt=\"blogqspluizsobradinho\" src=\"http:\/\/www.quersaberpolitica.com.br\/2016\/wp-content\/uploads\/2014\/03\/DSC_1180.jpg\" width=\"450\" height=\"250\" srcset=\"https:\/\/blogdofarnesio.com.br\/wp-content\/uploads\/2014\/03\/DSC_1180.jpg 500w, https:\/\/blogdofarnesio.com.br\/wp-content\/uploads\/2014\/03\/DSC_1180-300x166.jpg 300w\" sizes=\"auto, (max-width: 450px) 100vw, 450px\" \/><\/a>Cumprindo uma extensa agenda no interior, o pr\u00e9-candidato ao Governo baiano pelo Partido dos Trabalhadores, Rui Costa, marcou presen\u00e7a ontem (09), em Juazeiro numa reuni\u00e3o com a popula\u00e7\u00e3o dos territ\u00f3rios S\u00e3o Francisco e Piemonte do Itapicuru. \u00a0O evento, realizado na Ch\u00e1cara Boungaville, contou com a participa\u00e7\u00e3o de mais de 2.000 pessoas de cerca de vinte munic\u00edpios do Norte da Bahia e reuniu diversos parlamentares federais, estaduais, prefeitos, ex-prefeitos, vereadores, sindicalistas, presidentes de associa\u00e7\u00f5es e entidades do semi- \u00e1rido, estudantes, mulheres, MST, produtores rurais e comunit\u00e1rios da regi\u00e3o.<\/p>\n<p style=\"text-align: justify\">O Pr\u00e9-candidato, acompanhado do vice-governador e pr\u00e9-candidato ao Senado, Otto Alencar, apresentou o Plano de governo Participativo. Rui Costa tem visitado as principais cidades da Bahia no intuito de ouvir lideran\u00e7as e comunidades para elaborar o plano de governo.Uma das principais lideran\u00e7as pol\u00edticas da regi\u00e3o e aliado de Rui Costa , o Prefeito Luiz Vicente Berti, foi um dos articuladores desta visita a Juazeiro. Luiz Vicente est\u00e1 empenhado em mobilizar lideran\u00e7as dos munic\u00edpios do Vale do S\u00e3o Francisco com o objetivo de construir uma pauta de reivindica\u00e7\u00f5es que dever\u00e1 ser incorporada ao plano de governo.<!--more--><\/p>\n<p style=\"text-align: justify\">\u201cRui Costa tem relevantes servi\u00e7os prestados a toda Bahia, sobretudo ao Vale do S\u00e3o Francisco. Esta iniciativa de dialogar com as comunidades revela o compromisso que tem com o estado como um todo e nos encoraja e incentiva a trabalhar juntos pelo fortalecimento dos munic\u00edpios de menor porte, que passam por s\u00e9rias dificuldades&#8221;, ressalta Luiz Vicente.<\/p>\n<p style=\"text-align: justify\">O Prefeito Luiz Vicente Berti, que preside o Cons\u00f3cio de Desenvolvimento Sustent\u00e1vel do Sert\u00e3o do S\u00e3o Francisco- CONTESF, representando os 10 munic\u00edpios que integram o cons\u00f3rcio, no Norte da Bahia: Juazeiro, Sobradinho, Sento-S\u00e9, Casa Nova, Remanso, Pil\u00e3o Arcado, Campo Alegre de Lourdes, Cura\u00e7\u00e1, Uau\u00e1 e Canudos, foi bastante aplaudido quando usou a palavra.<\/p>\n<p style=\"text-align: justify\">No seu discurso defendeu os munic\u00edpios do territ\u00f3rio do Semi-\u00e1rido, demonstrando maturidade pol\u00edtica, lideran\u00e7a e poder de reunir for\u00e7as em prol do desenvolvimento do vale.<\/p>\n<p style=\"text-align: justify\">\u201c\u00c9 muito positivo o protagonismo da nossa regi\u00e3o, Rui Costa vem sinalizando um grande interesse na constru\u00e7\u00e3o de parcerias e fortalecimento dos cons\u00f3rcios como instrumentos de realiza\u00e7\u00e3o das demandas comuns dos munic\u00edpios. Esse canal est\u00e1 aberto, o que \u00e9 muito importante para o CONTESF&#8221;, destacou o Prefeito de Sobradinho.<\/p>\n<p style=\"text-align: justify\">Rui Costa ressaltou a import\u00e2ncia desse encontro como forma de planejar, por meio do di\u00e1logo, o futuro da regi\u00e3o.<\/p>\n<p style=\"text-align: justify\">&#8220;O fruto desse di\u00e1logo vai ser apresentado ao povo da Bahia em junho deste ano. \u00c9 nossa pretens\u00e3o realizar cerca de 60 debates com a popula\u00e7\u00e3o baiana e estabelecer um plano que promova o desenvolvimento do nosso estado como um todo&#8221;, garantiu o pr\u00e9-candidato.<\/p>\n<p style=\"text-align: justify\">Rui Costa agradeceu a receptividade e o empenho das lideran\u00e7as e partidos articuladores do encontro e fez uma referencia especial ao prefeito de Sobradinho a Luiz Vicente Berti, enaltecendo a sua capacidade de mobiliza\u00e7\u00e3o. &#8220;Luiz Vicente Berti, um jovem de 31 anos, \u00e9 competente, dedicado e aguerrido. Me alegra e encoraja quando vejo prefeitos jovens fazendo a diferen\u00e7a na pol\u00edtica baiana. Luiz Vicente \u00e9 um exemplo disso&#8221;, declarou.<\/p>\n<p><strong>ASCOM<\/strong><\/p>\n","protected":false},"excerpt":{"rendered":"<p>Cumprindo uma extensa agenda no interior, o pr\u00e9-candidato ao Governo baiano pelo Partido dos Trabalhadores, Rui Costa, marcou presen\u00e7a ontem (09), em Juazeiro numa reuni\u00e3o com a popula\u00e7\u00e3o dos territ\u00f3rios S\u00e3o Francisco e Piemonte do Itapicuru. \u00a0O evento, realizado na Ch\u00e1cara Boungaville, contou com a participa\u00e7\u00e3o de mais de 2.000 pessoas de cerca de vinte munic\u00edpios do Norte da Bahia e reuniu diversos parlamentares federais, estaduais, prefeitos, ex-prefeitos, vereadores, sindicalistas, presidentes de associa\u00e7\u00f5es e entidades do semi- \u00e1rido, estudantes, mulheres, MST, produtores rurais e comunit\u00e1rios da regi\u00e3o. O Pr\u00e9-candidato, acompanhado do vice-governador e pr\u00e9-candidato ao Senado, Otto Alencar, apresentou o Plano de governo Participativo. Rui Costa tem visitado as principais cidades da Bahia no intuito de ouvir lideran\u00e7as e comunidades&hellip; <\/p>\n","protected":false},"author":3,"featured_media":0,"comment_status":"open","ping_status":"open","sticky":false,"template":"","format":"standard","meta":{"_acf_changed":false,"footnotes":""},"categories":[1],"tags":[],"class_list":["post-75445","post","type-post","status-publish","format-standard","hentry","category-politica"],"acf":[],"yoast_head":"<!-- This site is optimized with the Yoast SEO plugin v27.4 - https:\/\/yoast.com\/product\/yoast-seo-wordpress\/ -->\n<title>RUI COSTA DIZ QUE CONTA COM A LIDERAN\u00c7A FORTE E AGUERRIDA DE LUIZ VICENTE BERTI - Blog do Farn\u00e9sio<\/title>\n<meta name=\"robots\" content=\"index, follow, max-snippet:-1, max-image-preview:large, max-video-preview:-1\" \/>\n<link rel=\"canonical\" href=\"https:\/\/blogdofarnesio.com.br\/?p=75445\" \/>\n<meta property=\"og:locale\" content=\"pt_BR\" \/>\n<meta property=\"og:type\" content=\"article\" \/>\n<meta property=\"og:title\" content=\"RUI COSTA DIZ QUE CONTA COM A LIDERAN\u00c7A FORTE E AGUERRIDA DE LUIZ VICENTE BERTI - Blog do Farn\u00e9sio\" \/>\n<meta property=\"og:description\" content=\"Cumprindo uma extensa agenda no interior, o pr\u00e9-candidato ao Governo baiano pelo Partido dos Trabalhadores, Rui Costa, marcou presen\u00e7a ontem (09), em Juazeiro numa reuni\u00e3o com a popula\u00e7\u00e3o dos territ\u00f3rios S\u00e3o Francisco e Piemonte do Itapicuru. \u00a0O evento, realizado na Ch\u00e1cara Boungaville, contou com a participa\u00e7\u00e3o de mais de 2.000 pessoas de cerca de vinte munic\u00edpios do Norte da Bahia e reuniu diversos parlamentares federais, estaduais, prefeitos, ex-prefeitos, vereadores, sindicalistas, presidentes de associa\u00e7\u00f5es e entidades do semi- \u00e1rido, estudantes, mulheres, MST, produtores rurais e comunit\u00e1rios da regi\u00e3o. O Pr\u00e9-candidato, acompanhado do vice-governador e pr\u00e9-candidato ao Senado, Otto Alencar, apresentou o Plano de governo Participativo. Rui Costa tem visitado as principais cidades da Bahia no intuito de ouvir lideran\u00e7as e comunidades&hellip;\" \/>\n<meta property=\"og:url\" content=\"https:\/\/blogdofarnesio.com.br\/?p=75445\" \/>\n<meta property=\"og:site_name\" content=\"Blog do Farn\u00e9sio\" \/>\n<meta property=\"article:publisher\" content=\"https:\/\/www.facebook.com\/BlogQuerSaberPolitica\/\" \/>\n<meta property=\"article:published_time\" content=\"2014-03-10T20:00:03+00:00\" \/>\n<meta property=\"og:image\" content=\"http:\/\/www.quersaberpolitica.com.br\/2016\/wp-content\/uploads\/2014\/03\/DSC_1180.jpg\" \/>\n<meta name=\"author\" content=\"teste\" \/>\n<meta name=\"twitter:card\" content=\"summary_large_image\" \/>\n<meta name=\"twitter:label1\" content=\"Escrito por\" \/>\n\t<meta name=\"twitter:data1\" content=\"teste\" \/>\n\t<meta name=\"twitter:label2\" content=\"Est. tempo de leitura\" \/>\n\t<meta name=\"twitter:data2\" content=\"3 minutos\" \/>\n<script type=\"application\/ld+json\" class=\"yoast-schema-graph\">{\"@context\":\"https:\\\/\\\/schema.org\",\"@graph\":[{\"@type\":\"Article\",\"@id\":\"https:\\\/\\\/blogdofarnesio.com.br\\\/?p=75445#article\",\"isPartOf\":{\"@id\":\"https:\\\/\\\/blogdofarnesio.com.br\\\/?p=75445\"},\"author\":{\"name\":\"teste\",\"@id\":\"https:\\\/\\\/blogdofarnesio.com.br\\\/#\\\/schema\\\/person\\\/dd1bf5eba40b687199ba45ca6b97dff9\"},\"headline\":\"RUI COSTA DIZ QUE CONTA COM A LIDERAN\u00c7A FORTE E AGUERRIDA DE LUIZ VICENTE BERTI\",\"datePublished\":\"2014-03-10T20:00:03+00:00\",\"mainEntityOfPage\":{\"@id\":\"https:\\\/\\\/blogdofarnesio.com.br\\\/?p=75445\"},\"wordCount\":558,\"commentCount\":0,\"publisher\":{\"@id\":\"https:\\\/\\\/blogdofarnesio.com.br\\\/#organization\"},\"image\":{\"@id\":\"https:\\\/\\\/blogdofarnesio.com.br\\\/?p=75445#primaryimage\"},\"thumbnailUrl\":\"http:\\\/\\\/www.quersaberpolitica.com.br\\\/2016\\\/wp-content\\\/uploads\\\/2014\\\/03\\\/DSC_1180.jpg\",\"articleSection\":[\"Pol\u00edtica\"],\"inLanguage\":\"pt-BR\",\"potentialAction\":[{\"@type\":\"CommentAction\",\"name\":\"Comment\",\"target\":[\"https:\\\/\\\/blogdofarnesio.com.br\\\/?p=75445#respond\"]}]},{\"@type\":\"WebPage\",\"@id\":\"https:\\\/\\\/blogdofarnesio.com.br\\\/?p=75445\",\"url\":\"https:\\\/\\\/blogdofarnesio.com.br\\\/?p=75445\",\"name\":\"RUI COSTA DIZ QUE CONTA COM A LIDERAN\u00c7A FORTE E AGUERRIDA DE LUIZ VICENTE BERTI - Blog do Farn\u00e9sio\",\"isPartOf\":{\"@id\":\"https:\\\/\\\/blogdofarnesio.com.br\\\/#website\"},\"primaryImageOfPage\":{\"@id\":\"https:\\\/\\\/blogdofarnesio.com.br\\\/?p=75445#primaryimage\"},\"image\":{\"@id\":\"https:\\\/\\\/blogdofarnesio.com.br\\\/?p=75445#primaryimage\"},\"thumbnailUrl\":\"http:\\\/\\\/www.quersaberpolitica.com.br\\\/2016\\\/wp-content\\\/uploads\\\/2014\\\/03\\\/DSC_1180.jpg\",\"datePublished\":\"2014-03-10T20:00:03+00:00\",\"breadcrumb\":{\"@id\":\"https:\\\/\\\/blogdofarnesio.com.br\\\/?p=75445#breadcrumb\"},\"inLanguage\":\"pt-BR\",\"potentialAction\":[{\"@type\":\"ReadAction\",\"target\":[\"https:\\\/\\\/blogdofarnesio.com.br\\\/?p=75445\"]}]},{\"@type\":\"ImageObject\",\"inLanguage\":\"pt-BR\",\"@id\":\"https:\\\/\\\/blogdofarnesio.com.br\\\/?p=75445#primaryimage\",\"url\":\"http:\\\/\\\/www.quersaberpolitica.com.br\\\/2016\\\/wp-content\\\/uploads\\\/2014\\\/03\\\/DSC_1180.jpg\",\"contentUrl\":\"http:\\\/\\\/www.quersaberpolitica.com.br\\\/2016\\\/wp-content\\\/uploads\\\/2014\\\/03\\\/DSC_1180.jpg\"},{\"@type\":\"BreadcrumbList\",\"@id\":\"https:\\\/\\\/blogdofarnesio.com.br\\\/?p=75445#breadcrumb\",\"itemListElement\":[{\"@type\":\"ListItem\",\"position\":1,\"name\":\"In\u00edcio\",\"item\":\"https:\\\/\\\/blogdofarnesio.com.br\\\/\"},{\"@type\":\"ListItem\",\"position\":2,\"name\":\"RUI COSTA DIZ QUE CONTA COM A LIDERAN\u00c7A FORTE E AGUERRIDA DE LUIZ VICENTE BERTI\"}]},{\"@type\":\"WebSite\",\"@id\":\"https:\\\/\\\/blogdofarnesio.com.br\\\/#website\",\"url\":\"https:\\\/\\\/blogdofarnesio.com.br\\\/\",\"name\":\"Blog do Farn\u00e9sio\",\"description\":\"Quer Saber Pol\u00edtica?\",\"publisher\":{\"@id\":\"https:\\\/\\\/blogdofarnesio.com.br\\\/#organization\"},\"potentialAction\":[{\"@type\":\"SearchAction\",\"target\":{\"@type\":\"EntryPoint\",\"urlTemplate\":\"https:\\\/\\\/blogdofarnesio.com.br\\\/?s={search_term_string}\"},\"query-input\":{\"@type\":\"PropertyValueSpecification\",\"valueRequired\":true,\"valueName\":\"search_term_string\"}}],\"inLanguage\":\"pt-BR\"},{\"@type\":\"Organization\",\"@id\":\"https:\\\/\\\/blogdofarnesio.com.br\\\/#organization\",\"name\":\"Blog do Farn\u00e9sio\",\"url\":\"https:\\\/\\\/blogdofarnesio.com.br\\\/\",\"logo\":{\"@type\":\"ImageObject\",\"inLanguage\":\"pt-BR\",\"@id\":\"https:\\\/\\\/blogdofarnesio.com.br\\\/#\\\/schema\\\/logo\\\/image\\\/\",\"url\":\"https:\\\/\\\/blogdofarnesio.com.br\\\/wp-content\\\/uploads\\\/2026\\\/03\\\/cropped-logo_new-1.png\",\"contentUrl\":\"https:\\\/\\\/blogdofarnesio.com.br\\\/wp-content\\\/uploads\\\/2026\\\/03\\\/cropped-logo_new-1.png\",\"width\":881,\"height\":685,\"caption\":\"Blog do Farn\u00e9sio\"},\"image\":{\"@id\":\"https:\\\/\\\/blogdofarnesio.com.br\\\/#\\\/schema\\\/logo\\\/image\\\/\"},\"sameAs\":[\"https:\\\/\\\/www.facebook.com\\\/BlogQuerSaberPolitica\\\/\"]},{\"@type\":\"Person\",\"@id\":\"https:\\\/\\\/blogdofarnesio.com.br\\\/#\\\/schema\\\/person\\\/dd1bf5eba40b687199ba45ca6b97dff9\",\"name\":\"teste\",\"image\":{\"@type\":\"ImageObject\",\"inLanguage\":\"pt-BR\",\"@id\":\"https:\\\/\\\/secure.gravatar.com\\\/avatar\\\/2172498d4914b51e1d89a0f97957b035ac4938723a5cac208135d389b6972a6d?s=96&d=mm&r=g\",\"url\":\"https:\\\/\\\/secure.gravatar.com\\\/avatar\\\/2172498d4914b51e1d89a0f97957b035ac4938723a5cac208135d389b6972a6d?s=96&d=mm&r=g\",\"contentUrl\":\"https:\\\/\\\/secure.gravatar.com\\\/avatar\\\/2172498d4914b51e1d89a0f97957b035ac4938723a5cac208135d389b6972a6d?s=96&d=mm&r=g\",\"caption\":\"teste\"},\"url\":\"https:\\\/\\\/blogdofarnesio.com.br\\\/?author=3\"}]}<\/script>\n<!-- \/ Yoast SEO plugin. -->","yoast_head_json":{"title":"RUI COSTA DIZ QUE CONTA COM A LIDERAN\u00c7A FORTE E AGUERRIDA DE LUIZ VICENTE BERTI - Blog do Farn\u00e9sio","robots":{"index":"index","follow":"follow","max-snippet":"max-snippet:-1","max-image-preview":"max-image-preview:large","max-video-preview":"max-video-preview:-1"},"canonical":"https:\/\/blogdofarnesio.com.br\/?p=75445","og_locale":"pt_BR","og_type":"article","og_title":"RUI COSTA DIZ QUE CONTA COM A LIDERAN\u00c7A FORTE E AGUERRIDA DE LUIZ VICENTE BERTI - Blog do Farn\u00e9sio","og_description":"Cumprindo uma extensa agenda no interior, o pr\u00e9-candidato ao Governo baiano pelo Partido dos Trabalhadores, Rui Costa, marcou presen\u00e7a ontem (09), em Juazeiro numa reuni\u00e3o com a popula\u00e7\u00e3o dos territ\u00f3rios S\u00e3o Francisco e Piemonte do Itapicuru. \u00a0O evento, realizado na Ch\u00e1cara Boungaville, contou com a participa\u00e7\u00e3o de mais de 2.000 pessoas de cerca de vinte munic\u00edpios do Norte da Bahia e reuniu diversos parlamentares federais, estaduais, prefeitos, ex-prefeitos, vereadores, sindicalistas, presidentes de associa\u00e7\u00f5es e entidades do semi- \u00e1rido, estudantes, mulheres, MST, produtores rurais e comunit\u00e1rios da regi\u00e3o. O Pr\u00e9-candidato, acompanhado do vice-governador e pr\u00e9-candidato ao Senado, Otto Alencar, apresentou o Plano de governo Participativo. Rui Costa tem visitado as principais cidades da Bahia no intuito de ouvir lideran\u00e7as e comunidades&hellip;","og_url":"https:\/\/blogdofarnesio.com.br\/?p=75445","og_site_name":"Blog do Farn\u00e9sio","article_publisher":"https:\/\/www.facebook.com\/BlogQuerSaberPolitica\/","article_published_time":"2014-03-10T20:00:03+00:00","og_image":[{"url":"http:\/\/www.quersaberpolitica.com.br\/2016\/wp-content\/uploads\/2014\/03\/DSC_1180.jpg","type":"","width":"","height":""}],"author":"teste","twitter_card":"summary_large_image","twitter_misc":{"Escrito por":"teste","Est. tempo de leitura":"3 minutos"},"schema":{"@context":"https:\/\/schema.org","@graph":[{"@type":"Article","@id":"https:\/\/blogdofarnesio.com.br\/?p=75445#article","isPartOf":{"@id":"https:\/\/blogdofarnesio.com.br\/?p=75445"},"author":{"name":"teste","@id":"https:\/\/blogdofarnesio.com.br\/#\/schema\/person\/dd1bf5eba40b687199ba45ca6b97dff9"},"headline":"RUI COSTA DIZ QUE CONTA COM A LIDERAN\u00c7A FORTE E AGUERRIDA DE LUIZ VICENTE BERTI","datePublished":"2014-03-10T20:00:03+00:00","mainEntityOfPage":{"@id":"https:\/\/blogdofarnesio.com.br\/?p=75445"},"wordCount":558,"commentCount":0,"publisher":{"@id":"https:\/\/blogdofarnesio.com.br\/#organization"},"image":{"@id":"https:\/\/blogdofarnesio.com.br\/?p=75445#primaryimage"},"thumbnailUrl":"http:\/\/www.quersaberpolitica.com.br\/2016\/wp-content\/uploads\/2014\/03\/DSC_1180.jpg","articleSection":["Pol\u00edtica"],"inLanguage":"pt-BR","potentialAction":[{"@type":"CommentAction","name":"Comment","target":["https:\/\/blogdofarnesio.com.br\/?p=75445#respond"]}]},{"@type":"WebPage","@id":"https:\/\/blogdofarnesio.com.br\/?p=75445","url":"https:\/\/blogdofarnesio.com.br\/?p=75445","name":"RUI COSTA DIZ QUE CONTA COM A LIDERAN\u00c7A FORTE E AGUERRIDA DE LUIZ VICENTE BERTI - Blog do Farn\u00e9sio","isPartOf":{"@id":"https:\/\/blogdofarnesio.com.br\/#website"},"primaryImageOfPage":{"@id":"https:\/\/blogdofarnesio.com.br\/?p=75445#primaryimage"},"image":{"@id":"https:\/\/blogdofarnesio.com.br\/?p=75445#primaryimage"},"thumbnailUrl":"http:\/\/www.quersaberpolitica.com.br\/2016\/wp-content\/uploads\/2014\/03\/DSC_1180.jpg","datePublished":"2014-03-10T20:00:03+00:00","breadcrumb":{"@id":"https:\/\/blogdofarnesio.com.br\/?p=75445#breadcrumb"},"inLanguage":"pt-BR","potentialAction":[{"@type":"ReadAction","target":["https:\/\/blogdofarnesio.com.br\/?p=75445"]}]},{"@type":"ImageObject","inLanguage":"pt-BR","@id":"https:\/\/blogdofarnesio.com.br\/?p=75445#primaryimage","url":"http:\/\/www.quersaberpolitica.com.br\/2016\/wp-content\/uploads\/2014\/03\/DSC_1180.jpg","contentUrl":"http:\/\/www.quersaberpolitica.com.br\/2016\/wp-content\/uploads\/2014\/03\/DSC_1180.jpg"},{"@type":"BreadcrumbList","@id":"https:\/\/blogdofarnesio.com.br\/?p=75445#breadcrumb","itemListElement":[{"@type":"ListItem","position":1,"name":"In\u00edcio","item":"https:\/\/blogdofarnesio.com.br\/"},{"@type":"ListItem","position":2,"name":"RUI COSTA DIZ QUE CONTA COM A LIDERAN\u00c7A FORTE E AGUERRIDA DE LUIZ VICENTE BERTI"}]},{"@type":"WebSite","@id":"https:\/\/blogdofarnesio.com.br\/#website","url":"https:\/\/blogdofarnesio.com.br\/","name":"Blog do Farn\u00e9sio","description":"Quer Saber Pol\u00edtica?","publisher":{"@id":"https:\/\/blogdofarnesio.com.br\/#organization"},"potentialAction":[{"@type":"SearchAction","target":{"@type":"EntryPoint","urlTemplate":"https:\/\/blogdofarnesio.com.br\/?s={search_term_string}"},"query-input":{"@type":"PropertyValueSpecification","valueRequired":true,"valueName":"search_term_string"}}],"inLanguage":"pt-BR"},{"@type":"Organization","@id":"https:\/\/blogdofarnesio.com.br\/#organization","name":"Blog do Farn\u00e9sio","url":"https:\/\/blogdofarnesio.com.br\/","logo":{"@type":"ImageObject","inLanguage":"pt-BR","@id":"https:\/\/blogdofarnesio.com.br\/#\/schema\/logo\/image\/","url":"https:\/\/blogdofarnesio.com.br\/wp-content\/uploads\/2026\/03\/cropped-logo_new-1.png","contentUrl":"https:\/\/blogdofarnesio.com.br\/wp-content\/uploads\/2026\/03\/cropped-logo_new-1.png","width":881,"height":685,"caption":"Blog do Farn\u00e9sio"},"image":{"@id":"https:\/\/blogdofarnesio.com.br\/#\/schema\/logo\/image\/"},"sameAs":["https:\/\/www.facebook.com\/BlogQuerSaberPolitica\/"]},{"@type":"Person","@id":"https:\/\/blogdofarnesio.com.br\/#\/schema\/person\/dd1bf5eba40b687199ba45ca6b97dff9","name":"teste","image":{"@type":"ImageObject","inLanguage":"pt-BR","@id":"https:\/\/secure.gravatar.com\/avatar\/2172498d4914b51e1d89a0f97957b035ac4938723a5cac208135d389b6972a6d?s=96&d=mm&r=g","url":"https:\/\/secure.gravatar.com\/avatar\/2172498d4914b51e1d89a0f97957b035ac4938723a5cac208135d389b6972a6d?s=96&d=mm&r=g","contentUrl":"https:\/\/secure.gravatar.com\/avatar\/2172498d4914b51e1d89a0f97957b035ac4938723a5cac208135d389b6972a6d?s=96&d=mm&r=g","caption":"teste"},"url":"https:\/\/blogdofarnesio.com.br\/?author=3"}]}},"_links":{"self":[{"href":"https:\/\/blogdofarnesio.com.br\/index.php?rest_route=\/wp\/v2\/posts\/75445","targetHints":{"allow":["GET"]}}],"collection":[{"href":"https:\/\/blogdofarnesio.com.br\/index.php?rest_route=\/wp\/v2\/posts"}],"about":[{"href":"https:\/\/blogdofarnesio.com.br\/index.php?rest_route=\/wp\/v2\/types\/post"}],"author":[{"embeddable":true,"href":"https:\/\/blogdofarnesio.com.br\/index.php?rest_route=\/wp\/v2\/users\/3"}],"replies":[{"embeddable":true,"href":"https:\/\/blogdofarnesio.com.br\/index.php?rest_route=%2Fwp%2Fv2%2Fcomments&post=75445"}],"version-history":[{"count":0,"href":"https:\/\/blogdofarnesio.com.br\/index.php?rest_route=\/wp\/v2\/posts\/75445\/revisions"}],"wp:attachment":[{"href":"https:\/\/blogdofarnesio.com.br\/index.php?rest_route=%2Fwp%2Fv2%2Fmedia&parent=75445"}],"wp:term":[{"taxonomy":"category","embeddable":true,"href":"https:\/\/blogdofarnesio.com.br\/index.php?rest_route=%2Fwp%2Fv2%2Fcategories&post=75445"},{"taxonomy":"post_tag","embeddable":true,"href":"https:\/\/blogdofarnesio.com.br\/index.php?rest_route=%2Fwp%2Fv2%2Ftags&post=75445"}],"curies":[{"name":"wp","href":"https:\/\/api.w.org\/{rel}","templated":true}]}}