{"id":75441,"date":"2014-03-09T12:03:28","date_gmt":"2014-03-09T15:03:28","guid":{"rendered":"http:\/\/www.quersaberpolitica.com.br\/?p=75441"},"modified":"2014-03-09T10:07:49","modified_gmt":"2014-03-09T13:07:49","slug":"casemiro-neto-desabafa-sobre-polemica-com-ivete-e-lembra-epoca-em-que-cantora-pedia-divulgacao","status":"publish","type":"post","link":"https:\/\/blogdofarnesio.com.br\/?p=75441","title":{"rendered":"Casemiro Neto desabafa sobre pol\u00eamica com Ivete e lembra \u00e9poca em que cantora pedia divulga\u00e7\u00e3o"},"content":{"rendered":"<h1 style=\"text-align: center\">Apresentador fez desabafo no Facebook<\/h1>\n<p><img loading=\"lazy\" decoding=\"async\" class=\"aligncenter\" title=\"Reprodu\u00e7\u00e3o \/ TV Aratu\" alt=\"Reprodu\u00e7\u00e3o \/ TV Aratu\" src=\"http:\/\/varelanoticias.com.br\/wp-content\/uploads\/2014\/03\/07302012111523-550x309.jpg\" width=\"495\" height=\"278\" \/><\/p>\n<p style=\"text-align: justify\">O apresentador do SBT, Casemiro Neto, resolveu se pronunciar sobre o v\u00eddeo que vem circulando nas redes sociais, quando Ivete Sangalo, irritada e sem meias palavras, respondeu ao comunicador sobre os boatos de gravidez: \u201cVoc\u00ea me comeu?\u201d.<\/p>\n<p style=\"text-align: justify\">Em seu desabafo no Facebook, Casemiro relembrou os tempos em que trabalhava em outra emissora e Ivete pedia espa\u00e7o para divulga\u00e7\u00e3o.<\/p>\n<ul style=\"text-align: justify\">\n<li><a href=\"http:\/\/varelanoticias.com.br\/pegou-ar-apos-boatos-de-suposta-gravidez-ivete-dispara-contra-apresentador-voce-me-comeu-veja-video\/\" target=\"_blank\">PEGOU AR! Ap\u00f3s boatos de suposta gravidez Ivete dispara contra apresentador: \u201cVoc\u00ea me comeu?\u201d. Veja v\u00eddeo<\/a><\/li>\n<\/ul>\n<p style=\"text-align: justify\">\u201cIvete \u00e9 uma grande artista do Brasil que eu tive o prazer de desfrutar da amizade e apoiar desde o come\u00e7o da carreira. Inclusive sempre que ela pedia espa\u00e7o para a divulga\u00e7\u00e3o do seu trabalho\u201d, disse.<\/p>\n<p style=\"text-align: justify\">Ele rebateu as cr\u00edticas de que teria \u201cexagerado\u201d na not\u00edcia da gravidez, ao question\u00e1-la sobre o fato, e negou que esteja arrependido. Por fim, ainda brincou com a hist\u00f3ria: \u201cO filho n\u00e3o \u00e9 meu\u201d.<\/p>\n<p style=\"text-align: justify\"><img loading=\"lazy\" decoding=\"async\" alt=\"casemironeto_desabafo_facebook\" src=\"http:\/\/varelanoticias.com.br\/wp-content\/uploads\/2014\/03\/casemironeto_desabafo_facebook-384x320.jpg\" width=\"384\" height=\"320\" \/><\/p>\n<p style=\"text-align: justify\">\u201cExerci o meu trabalho como acho que deve ser feito. Perguntando o que deve ser perguntado. Repito, n\u00e3o sou animador de trio. Sou jornalista! Pior \u00e9 ver gente que trabalha na minha \u00e1rea entrar nessa. Em alguns casos, bem conhecidos, a inveja, a intriga e a burrice j\u00e1 s\u00e3o esperadas, mas em outros\u2026 Sorry, n\u00e3o tenho rabo preso com esquema de assessorias, camarotes, blocos e tais\u201d, explicou.<\/p>\n","protected":false},"excerpt":{"rendered":"<p>Apresentador fez desabafo no Facebook O apresentador do SBT, Casemiro Neto, resolveu se pronunciar sobre o v\u00eddeo que vem circulando nas redes sociais, quando Ivete Sangalo, irritada e sem meias palavras, respondeu ao comunicador sobre os boatos de gravidez: \u201cVoc\u00ea me comeu?\u201d. Em seu desabafo no Facebook, Casemiro relembrou os tempos em que trabalhava em outra emissora e Ivete pedia espa\u00e7o para divulga\u00e7\u00e3o. PEGOU AR! Ap\u00f3s boatos de suposta gravidez Ivete dispara contra apresentador: \u201cVoc\u00ea me comeu?\u201d. Veja v\u00eddeo \u201cIvete \u00e9 uma grande artista do Brasil que eu tive o prazer de desfrutar da amizade e apoiar desde o come\u00e7o da carreira. Inclusive sempre que ela pedia espa\u00e7o para a divulga\u00e7\u00e3o do seu trabalho\u201d, disse. Ele rebateu as cr\u00edticas de&hellip; <\/p>\n","protected":false},"author":3,"featured_media":0,"comment_status":"open","ping_status":"open","sticky":false,"template":"","format":"standard","meta":{"_acf_changed":false,"footnotes":""},"categories":[3],"tags":[],"class_list":["post-75441","post","type-post","status-publish","format-standard","hentry","category-entretenimento"],"acf":[],"yoast_head":"<!-- This site is optimized with the Yoast SEO plugin v27.4 - https:\/\/yoast.com\/product\/yoast-seo-wordpress\/ -->\n<title>Casemiro Neto desabafa sobre pol\u00eamica com Ivete e lembra \u00e9poca em que cantora pedia divulga\u00e7\u00e3o - Blog do Farn\u00e9sio<\/title>\n<meta name=\"robots\" content=\"index, follow, max-snippet:-1, max-image-preview:large, max-video-preview:-1\" \/>\n<link rel=\"canonical\" href=\"https:\/\/blogdofarnesio.com.br\/?p=75441\" \/>\n<meta property=\"og:locale\" content=\"pt_BR\" \/>\n<meta property=\"og:type\" content=\"article\" \/>\n<meta property=\"og:title\" content=\"Casemiro Neto desabafa sobre pol\u00eamica com Ivete e lembra \u00e9poca em que cantora pedia divulga\u00e7\u00e3o - Blog do Farn\u00e9sio\" \/>\n<meta property=\"og:description\" content=\"Apresentador fez desabafo no Facebook O apresentador do SBT, Casemiro Neto, resolveu se pronunciar sobre o v\u00eddeo que vem circulando nas redes sociais, quando Ivete Sangalo, irritada e sem meias palavras, respondeu ao comunicador sobre os boatos de gravidez: \u201cVoc\u00ea me comeu?\u201d. Em seu desabafo no Facebook, Casemiro relembrou os tempos em que trabalhava em outra emissora e Ivete pedia espa\u00e7o para divulga\u00e7\u00e3o. PEGOU AR! Ap\u00f3s boatos de suposta gravidez Ivete dispara contra apresentador: \u201cVoc\u00ea me comeu?\u201d. Veja v\u00eddeo \u201cIvete \u00e9 uma grande artista do Brasil que eu tive o prazer de desfrutar da amizade e apoiar desde o come\u00e7o da carreira. Inclusive sempre que ela pedia espa\u00e7o para a divulga\u00e7\u00e3o do seu trabalho\u201d, disse. Ele rebateu as cr\u00edticas de&hellip;\" \/>\n<meta property=\"og:url\" content=\"https:\/\/blogdofarnesio.com.br\/?p=75441\" \/>\n<meta property=\"og:site_name\" content=\"Blog do Farn\u00e9sio\" \/>\n<meta property=\"article:publisher\" content=\"https:\/\/www.facebook.com\/BlogQuerSaberPolitica\/\" \/>\n<meta property=\"article:published_time\" content=\"2014-03-09T15:03:28+00:00\" \/>\n<meta property=\"og:image\" content=\"http:\/\/varelanoticias.com.br\/wp-content\/uploads\/2014\/03\/07302012111523-550x309.jpg\" \/>\n<meta name=\"author\" content=\"teste\" \/>\n<meta name=\"twitter:card\" content=\"summary_large_image\" \/>\n<meta name=\"twitter:label1\" content=\"Escrito por\" \/>\n\t<meta name=\"twitter:data1\" content=\"teste\" \/>\n\t<meta name=\"twitter:label2\" content=\"Est. tempo de leitura\" \/>\n\t<meta name=\"twitter:data2\" content=\"1 minuto\" \/>\n<script type=\"application\/ld+json\" class=\"yoast-schema-graph\">{\"@context\":\"https:\\\/\\\/schema.org\",\"@graph\":[{\"@type\":\"Article\",\"@id\":\"https:\\\/\\\/blogdofarnesio.com.br\\\/?p=75441#article\",\"isPartOf\":{\"@id\":\"https:\\\/\\\/blogdofarnesio.com.br\\\/?p=75441\"},\"author\":{\"name\":\"teste\",\"@id\":\"https:\\\/\\\/blogdofarnesio.com.br\\\/#\\\/schema\\\/person\\\/dd1bf5eba40b687199ba45ca6b97dff9\"},\"headline\":\"Casemiro Neto desabafa sobre pol\u00eamica com Ivete e lembra \u00e9poca em que cantora pedia divulga\u00e7\u00e3o\",\"datePublished\":\"2014-03-09T15:03:28+00:00\",\"mainEntityOfPage\":{\"@id\":\"https:\\\/\\\/blogdofarnesio.com.br\\\/?p=75441\"},\"wordCount\":246,\"commentCount\":0,\"publisher\":{\"@id\":\"https:\\\/\\\/blogdofarnesio.com.br\\\/#organization\"},\"image\":{\"@id\":\"https:\\\/\\\/blogdofarnesio.com.br\\\/?p=75441#primaryimage\"},\"thumbnailUrl\":\"http:\\\/\\\/varelanoticias.com.br\\\/wp-content\\\/uploads\\\/2014\\\/03\\\/07302012111523-550x309.jpg\",\"articleSection\":[\"Entretenimento\"],\"inLanguage\":\"pt-BR\",\"potentialAction\":[{\"@type\":\"CommentAction\",\"name\":\"Comment\",\"target\":[\"https:\\\/\\\/blogdofarnesio.com.br\\\/?p=75441#respond\"]}]},{\"@type\":\"WebPage\",\"@id\":\"https:\\\/\\\/blogdofarnesio.com.br\\\/?p=75441\",\"url\":\"https:\\\/\\\/blogdofarnesio.com.br\\\/?p=75441\",\"name\":\"Casemiro Neto desabafa sobre pol\u00eamica com Ivete e lembra \u00e9poca em que cantora pedia divulga\u00e7\u00e3o - Blog do Farn\u00e9sio\",\"isPartOf\":{\"@id\":\"https:\\\/\\\/blogdofarnesio.com.br\\\/#website\"},\"primaryImageOfPage\":{\"@id\":\"https:\\\/\\\/blogdofarnesio.com.br\\\/?p=75441#primaryimage\"},\"image\":{\"@id\":\"https:\\\/\\\/blogdofarnesio.com.br\\\/?p=75441#primaryimage\"},\"thumbnailUrl\":\"http:\\\/\\\/varelanoticias.com.br\\\/wp-content\\\/uploads\\\/2014\\\/03\\\/07302012111523-550x309.jpg\",\"datePublished\":\"2014-03-09T15:03:28+00:00\",\"breadcrumb\":{\"@id\":\"https:\\\/\\\/blogdofarnesio.com.br\\\/?p=75441#breadcrumb\"},\"inLanguage\":\"pt-BR\",\"potentialAction\":[{\"@type\":\"ReadAction\",\"target\":[\"https:\\\/\\\/blogdofarnesio.com.br\\\/?p=75441\"]}]},{\"@type\":\"ImageObject\",\"inLanguage\":\"pt-BR\",\"@id\":\"https:\\\/\\\/blogdofarnesio.com.br\\\/?p=75441#primaryimage\",\"url\":\"http:\\\/\\\/varelanoticias.com.br\\\/wp-content\\\/uploads\\\/2014\\\/03\\\/07302012111523-550x309.jpg\",\"contentUrl\":\"http:\\\/\\\/varelanoticias.com.br\\\/wp-content\\\/uploads\\\/2014\\\/03\\\/07302012111523-550x309.jpg\"},{\"@type\":\"BreadcrumbList\",\"@id\":\"https:\\\/\\\/blogdofarnesio.com.br\\\/?p=75441#breadcrumb\",\"itemListElement\":[{\"@type\":\"ListItem\",\"position\":1,\"name\":\"In\u00edcio\",\"item\":\"https:\\\/\\\/blogdofarnesio.com.br\\\/\"},{\"@type\":\"ListItem\",\"position\":2,\"name\":\"Casemiro Neto desabafa sobre pol\u00eamica com Ivete e lembra \u00e9poca em que cantora pedia divulga\u00e7\u00e3o\"}]},{\"@type\":\"WebSite\",\"@id\":\"https:\\\/\\\/blogdofarnesio.com.br\\\/#website\",\"url\":\"https:\\\/\\\/blogdofarnesio.com.br\\\/\",\"name\":\"Blog do Farn\u00e9sio\",\"description\":\"Quer Saber Pol\u00edtica?\",\"publisher\":{\"@id\":\"https:\\\/\\\/blogdofarnesio.com.br\\\/#organization\"},\"potentialAction\":[{\"@type\":\"SearchAction\",\"target\":{\"@type\":\"EntryPoint\",\"urlTemplate\":\"https:\\\/\\\/blogdofarnesio.com.br\\\/?s={search_term_string}\"},\"query-input\":{\"@type\":\"PropertyValueSpecification\",\"valueRequired\":true,\"valueName\":\"search_term_string\"}}],\"inLanguage\":\"pt-BR\"},{\"@type\":\"Organization\",\"@id\":\"https:\\\/\\\/blogdofarnesio.com.br\\\/#organization\",\"name\":\"Blog do Farn\u00e9sio\",\"url\":\"https:\\\/\\\/blogdofarnesio.com.br\\\/\",\"logo\":{\"@type\":\"ImageObject\",\"inLanguage\":\"pt-BR\",\"@id\":\"https:\\\/\\\/blogdofarnesio.com.br\\\/#\\\/schema\\\/logo\\\/image\\\/\",\"url\":\"https:\\\/\\\/blogdofarnesio.com.br\\\/wp-content\\\/uploads\\\/2026\\\/03\\\/cropped-logo_new-1.png\",\"contentUrl\":\"https:\\\/\\\/blogdofarnesio.com.br\\\/wp-content\\\/uploads\\\/2026\\\/03\\\/cropped-logo_new-1.png\",\"width\":881,\"height\":685,\"caption\":\"Blog do Farn\u00e9sio\"},\"image\":{\"@id\":\"https:\\\/\\\/blogdofarnesio.com.br\\\/#\\\/schema\\\/logo\\\/image\\\/\"},\"sameAs\":[\"https:\\\/\\\/www.facebook.com\\\/BlogQuerSaberPolitica\\\/\"]},{\"@type\":\"Person\",\"@id\":\"https:\\\/\\\/blogdofarnesio.com.br\\\/#\\\/schema\\\/person\\\/dd1bf5eba40b687199ba45ca6b97dff9\",\"name\":\"teste\",\"image\":{\"@type\":\"ImageObject\",\"inLanguage\":\"pt-BR\",\"@id\":\"https:\\\/\\\/secure.gravatar.com\\\/avatar\\\/2172498d4914b51e1d89a0f97957b035ac4938723a5cac208135d389b6972a6d?s=96&d=mm&r=g\",\"url\":\"https:\\\/\\\/secure.gravatar.com\\\/avatar\\\/2172498d4914b51e1d89a0f97957b035ac4938723a5cac208135d389b6972a6d?s=96&d=mm&r=g\",\"contentUrl\":\"https:\\\/\\\/secure.gravatar.com\\\/avatar\\\/2172498d4914b51e1d89a0f97957b035ac4938723a5cac208135d389b6972a6d?s=96&d=mm&r=g\",\"caption\":\"teste\"},\"url\":\"https:\\\/\\\/blogdofarnesio.com.br\\\/?author=3\"}]}<\/script>\n<!-- \/ Yoast SEO plugin. -->","yoast_head_json":{"title":"Casemiro Neto desabafa sobre pol\u00eamica com Ivete e lembra \u00e9poca em que cantora pedia divulga\u00e7\u00e3o - Blog do Farn\u00e9sio","robots":{"index":"index","follow":"follow","max-snippet":"max-snippet:-1","max-image-preview":"max-image-preview:large","max-video-preview":"max-video-preview:-1"},"canonical":"https:\/\/blogdofarnesio.com.br\/?p=75441","og_locale":"pt_BR","og_type":"article","og_title":"Casemiro Neto desabafa sobre pol\u00eamica com Ivete e lembra \u00e9poca em que cantora pedia divulga\u00e7\u00e3o - Blog do Farn\u00e9sio","og_description":"Apresentador fez desabafo no Facebook O apresentador do SBT, Casemiro Neto, resolveu se pronunciar sobre o v\u00eddeo que vem circulando nas redes sociais, quando Ivete Sangalo, irritada e sem meias palavras, respondeu ao comunicador sobre os boatos de gravidez: \u201cVoc\u00ea me comeu?\u201d. Em seu desabafo no Facebook, Casemiro relembrou os tempos em que trabalhava em outra emissora e Ivete pedia espa\u00e7o para divulga\u00e7\u00e3o. PEGOU AR! Ap\u00f3s boatos de suposta gravidez Ivete dispara contra apresentador: \u201cVoc\u00ea me comeu?\u201d. Veja v\u00eddeo \u201cIvete \u00e9 uma grande artista do Brasil que eu tive o prazer de desfrutar da amizade e apoiar desde o come\u00e7o da carreira. Inclusive sempre que ela pedia espa\u00e7o para a divulga\u00e7\u00e3o do seu trabalho\u201d, disse. Ele rebateu as cr\u00edticas de&hellip;","og_url":"https:\/\/blogdofarnesio.com.br\/?p=75441","og_site_name":"Blog do Farn\u00e9sio","article_publisher":"https:\/\/www.facebook.com\/BlogQuerSaberPolitica\/","article_published_time":"2014-03-09T15:03:28+00:00","og_image":[{"url":"http:\/\/varelanoticias.com.br\/wp-content\/uploads\/2014\/03\/07302012111523-550x309.jpg","type":"","width":"","height":""}],"author":"teste","twitter_card":"summary_large_image","twitter_misc":{"Escrito por":"teste","Est. tempo de leitura":"1 minuto"},"schema":{"@context":"https:\/\/schema.org","@graph":[{"@type":"Article","@id":"https:\/\/blogdofarnesio.com.br\/?p=75441#article","isPartOf":{"@id":"https:\/\/blogdofarnesio.com.br\/?p=75441"},"author":{"name":"teste","@id":"https:\/\/blogdofarnesio.com.br\/#\/schema\/person\/dd1bf5eba40b687199ba45ca6b97dff9"},"headline":"Casemiro Neto desabafa sobre pol\u00eamica com Ivete e lembra \u00e9poca em que cantora pedia divulga\u00e7\u00e3o","datePublished":"2014-03-09T15:03:28+00:00","mainEntityOfPage":{"@id":"https:\/\/blogdofarnesio.com.br\/?p=75441"},"wordCount":246,"commentCount":0,"publisher":{"@id":"https:\/\/blogdofarnesio.com.br\/#organization"},"image":{"@id":"https:\/\/blogdofarnesio.com.br\/?p=75441#primaryimage"},"thumbnailUrl":"http:\/\/varelanoticias.com.br\/wp-content\/uploads\/2014\/03\/07302012111523-550x309.jpg","articleSection":["Entretenimento"],"inLanguage":"pt-BR","potentialAction":[{"@type":"CommentAction","name":"Comment","target":["https:\/\/blogdofarnesio.com.br\/?p=75441#respond"]}]},{"@type":"WebPage","@id":"https:\/\/blogdofarnesio.com.br\/?p=75441","url":"https:\/\/blogdofarnesio.com.br\/?p=75441","name":"Casemiro Neto desabafa sobre pol\u00eamica com Ivete e lembra \u00e9poca em que cantora pedia divulga\u00e7\u00e3o - Blog do Farn\u00e9sio","isPartOf":{"@id":"https:\/\/blogdofarnesio.com.br\/#website"},"primaryImageOfPage":{"@id":"https:\/\/blogdofarnesio.com.br\/?p=75441#primaryimage"},"image":{"@id":"https:\/\/blogdofarnesio.com.br\/?p=75441#primaryimage"},"thumbnailUrl":"http:\/\/varelanoticias.com.br\/wp-content\/uploads\/2014\/03\/07302012111523-550x309.jpg","datePublished":"2014-03-09T15:03:28+00:00","breadcrumb":{"@id":"https:\/\/blogdofarnesio.com.br\/?p=75441#breadcrumb"},"inLanguage":"pt-BR","potentialAction":[{"@type":"ReadAction","target":["https:\/\/blogdofarnesio.com.br\/?p=75441"]}]},{"@type":"ImageObject","inLanguage":"pt-BR","@id":"https:\/\/blogdofarnesio.com.br\/?p=75441#primaryimage","url":"http:\/\/varelanoticias.com.br\/wp-content\/uploads\/2014\/03\/07302012111523-550x309.jpg","contentUrl":"http:\/\/varelanoticias.com.br\/wp-content\/uploads\/2014\/03\/07302012111523-550x309.jpg"},{"@type":"BreadcrumbList","@id":"https:\/\/blogdofarnesio.com.br\/?p=75441#breadcrumb","itemListElement":[{"@type":"ListItem","position":1,"name":"In\u00edcio","item":"https:\/\/blogdofarnesio.com.br\/"},{"@type":"ListItem","position":2,"name":"Casemiro Neto desabafa sobre pol\u00eamica com Ivete e lembra \u00e9poca em que cantora pedia divulga\u00e7\u00e3o"}]},{"@type":"WebSite","@id":"https:\/\/blogdofarnesio.com.br\/#website","url":"https:\/\/blogdofarnesio.com.br\/","name":"Blog do Farn\u00e9sio","description":"Quer Saber Pol\u00edtica?","publisher":{"@id":"https:\/\/blogdofarnesio.com.br\/#organization"},"potentialAction":[{"@type":"SearchAction","target":{"@type":"EntryPoint","urlTemplate":"https:\/\/blogdofarnesio.com.br\/?s={search_term_string}"},"query-input":{"@type":"PropertyValueSpecification","valueRequired":true,"valueName":"search_term_string"}}],"inLanguage":"pt-BR"},{"@type":"Organization","@id":"https:\/\/blogdofarnesio.com.br\/#organization","name":"Blog do Farn\u00e9sio","url":"https:\/\/blogdofarnesio.com.br\/","logo":{"@type":"ImageObject","inLanguage":"pt-BR","@id":"https:\/\/blogdofarnesio.com.br\/#\/schema\/logo\/image\/","url":"https:\/\/blogdofarnesio.com.br\/wp-content\/uploads\/2026\/03\/cropped-logo_new-1.png","contentUrl":"https:\/\/blogdofarnesio.com.br\/wp-content\/uploads\/2026\/03\/cropped-logo_new-1.png","width":881,"height":685,"caption":"Blog do Farn\u00e9sio"},"image":{"@id":"https:\/\/blogdofarnesio.com.br\/#\/schema\/logo\/image\/"},"sameAs":["https:\/\/www.facebook.com\/BlogQuerSaberPolitica\/"]},{"@type":"Person","@id":"https:\/\/blogdofarnesio.com.br\/#\/schema\/person\/dd1bf5eba40b687199ba45ca6b97dff9","name":"teste","image":{"@type":"ImageObject","inLanguage":"pt-BR","@id":"https:\/\/secure.gravatar.com\/avatar\/2172498d4914b51e1d89a0f97957b035ac4938723a5cac208135d389b6972a6d?s=96&d=mm&r=g","url":"https:\/\/secure.gravatar.com\/avatar\/2172498d4914b51e1d89a0f97957b035ac4938723a5cac208135d389b6972a6d?s=96&d=mm&r=g","contentUrl":"https:\/\/secure.gravatar.com\/avatar\/2172498d4914b51e1d89a0f97957b035ac4938723a5cac208135d389b6972a6d?s=96&d=mm&r=g","caption":"teste"},"url":"https:\/\/blogdofarnesio.com.br\/?author=3"}]}},"_links":{"self":[{"href":"https:\/\/blogdofarnesio.com.br\/index.php?rest_route=\/wp\/v2\/posts\/75441","targetHints":{"allow":["GET"]}}],"collection":[{"href":"https:\/\/blogdofarnesio.com.br\/index.php?rest_route=\/wp\/v2\/posts"}],"about":[{"href":"https:\/\/blogdofarnesio.com.br\/index.php?rest_route=\/wp\/v2\/types\/post"}],"author":[{"embeddable":true,"href":"https:\/\/blogdofarnesio.com.br\/index.php?rest_route=\/wp\/v2\/users\/3"}],"replies":[{"embeddable":true,"href":"https:\/\/blogdofarnesio.com.br\/index.php?rest_route=%2Fwp%2Fv2%2Fcomments&post=75441"}],"version-history":[{"count":0,"href":"https:\/\/blogdofarnesio.com.br\/index.php?rest_route=\/wp\/v2\/posts\/75441\/revisions"}],"wp:attachment":[{"href":"https:\/\/blogdofarnesio.com.br\/index.php?rest_route=%2Fwp%2Fv2%2Fmedia&parent=75441"}],"wp:term":[{"taxonomy":"category","embeddable":true,"href":"https:\/\/blogdofarnesio.com.br\/index.php?rest_route=%2Fwp%2Fv2%2Fcategories&post=75441"},{"taxonomy":"post_tag","embeddable":true,"href":"https:\/\/blogdofarnesio.com.br\/index.php?rest_route=%2Fwp%2Fv2%2Ftags&post=75441"}],"curies":[{"name":"wp","href":"https:\/\/api.w.org\/{rel}","templated":true}]}}