{"id":75423,"date":"2014-03-08T19:01:18","date_gmt":"2014-03-08T22:01:18","guid":{"rendered":"http:\/\/www.quersaberpolitica.com.br\/?p=75423"},"modified":"2014-03-08T17:42:43","modified_gmt":"2014-03-08T20:42:43","slug":"barbosa-descarta-ser-candidato-a-presidente-da-republica","status":"publish","type":"post","link":"https:\/\/blogdofarnesio.com.br\/?p=75423","title":{"rendered":"BARBOSA DESCARTA SER CANDIDATO A PRESIDENTE DA REP\u00daBLICA"},"content":{"rendered":"<div style=\"text-align: justify\">\n<p><a href=\"http:\/\/www.folhape.com.br\/blogdafolha\/wp-content\/uploads\/2013\/04\/Joaquim-Barbosa-e1365710900774.jpg\"><img loading=\"lazy\" decoding=\"async\" class=\"aligncenter\" title=\"Joaquim Barbosa\" alt=\"\" src=\"http:\/\/www.folhape.com.br\/blogdafolha\/wp-content\/uploads\/2013\/04\/Joaquim-Barbosa-e1365710900774.jpg\" width=\"470\" height=\"293\" \/><\/a><\/p>\n<p>Presidente do STF planeja se aposentar em novembro deste ano (Foto: Elza Fiuza\/ABr)<\/p>\n<p>O presidente do Supremo Tribunal Federal (STF), ministro Joaquim Barbosa, que ficou conhecido pela atua\u00e7\u00e3o no julgamento do mensal\u00e3o, descarta ser candidato \u00e0 Presid\u00eancia da Rep\u00fablica, segundo informa a revista \u201c\u00c9poca\u201d desta semana.<\/p>\n<p>Para o presidente do STF, \u201co jogo da pol\u00edtica \u00e9 muito pesado, muito sujo\u201d para se envolver mais profundamente. \u201cEstou s\u00f3 assistindo a essa movimenta\u00e7\u00e3o\u201d, diz Barbosa.<\/p>\n<p>Na reportagem, que sugere que ele se incomoda com o ass\u00e9dio de partidos, Barbosa garante que nunca \u201cningu\u00e9m veio diretamente falar\u201d com ele e diz que n\u00e3o \u201cseria apropriado\u201d, ainda estando no cargo de presidente do Supremo, \u201csair por a\u00ed fazendo negocia\u00e7\u00f5es pol\u00edticas\u201d.<\/p>\n<p>Barbosa deseja se aposentar em novembro deste ano, quando deixar\u00e1 a presid\u00eancia da Corte.<\/p>\n<\/div>\n","protected":false},"excerpt":{"rendered":"<p>Presidente do STF planeja se aposentar em novembro deste ano (Foto: Elza Fiuza\/ABr) O presidente do Supremo Tribunal Federal (STF), ministro Joaquim Barbosa, que ficou conhecido pela atua\u00e7\u00e3o no julgamento do mensal\u00e3o, descarta ser candidato \u00e0 Presid\u00eancia da Rep\u00fablica, segundo informa a revista \u201c\u00c9poca\u201d desta semana. Para o presidente do STF, \u201co jogo da pol\u00edtica \u00e9 muito pesado, muito sujo\u201d para se envolver mais profundamente. \u201cEstou s\u00f3 assistindo a essa movimenta\u00e7\u00e3o\u201d, diz Barbosa. Na reportagem, que sugere que ele se incomoda com o ass\u00e9dio de partidos, Barbosa garante que nunca \u201cningu\u00e9m veio diretamente falar\u201d com ele e diz que n\u00e3o \u201cseria apropriado\u201d, ainda estando no cargo de presidente do Supremo, \u201csair por a\u00ed fazendo negocia\u00e7\u00f5es pol\u00edticas\u201d. Barbosa deseja se aposentar&hellip; <\/p>\n","protected":false},"author":3,"featured_media":0,"comment_status":"open","ping_status":"open","sticky":false,"template":"","format":"standard","meta":{"_acf_changed":false,"footnotes":""},"categories":[1],"tags":[],"class_list":["post-75423","post","type-post","status-publish","format-standard","hentry","category-politica"],"acf":[],"yoast_head":"<!-- This site is optimized with the Yoast SEO plugin v27.4 - https:\/\/yoast.com\/product\/yoast-seo-wordpress\/ -->\n<title>BARBOSA DESCARTA SER CANDIDATO A PRESIDENTE DA REP\u00daBLICA - Blog do Farn\u00e9sio<\/title>\n<meta name=\"robots\" content=\"index, follow, max-snippet:-1, max-image-preview:large, max-video-preview:-1\" \/>\n<link rel=\"canonical\" href=\"https:\/\/blogdofarnesio.com.br\/?p=75423\" \/>\n<meta property=\"og:locale\" content=\"pt_BR\" \/>\n<meta property=\"og:type\" content=\"article\" \/>\n<meta property=\"og:title\" content=\"BARBOSA DESCARTA SER CANDIDATO A PRESIDENTE DA REP\u00daBLICA - Blog do Farn\u00e9sio\" \/>\n<meta property=\"og:description\" content=\"Presidente do STF planeja se aposentar em novembro deste ano (Foto: Elza Fiuza\/ABr) O presidente do Supremo Tribunal Federal (STF), ministro Joaquim Barbosa, que ficou conhecido pela atua\u00e7\u00e3o no julgamento do mensal\u00e3o, descarta ser candidato \u00e0 Presid\u00eancia da Rep\u00fablica, segundo informa a revista \u201c\u00c9poca\u201d desta semana. Para o presidente do STF, \u201co jogo da pol\u00edtica \u00e9 muito pesado, muito sujo\u201d para se envolver mais profundamente. \u201cEstou s\u00f3 assistindo a essa movimenta\u00e7\u00e3o\u201d, diz Barbosa. Na reportagem, que sugere que ele se incomoda com o ass\u00e9dio de partidos, Barbosa garante que nunca \u201cningu\u00e9m veio diretamente falar\u201d com ele e diz que n\u00e3o \u201cseria apropriado\u201d, ainda estando no cargo de presidente do Supremo, \u201csair por a\u00ed fazendo negocia\u00e7\u00f5es pol\u00edticas\u201d. Barbosa deseja se aposentar&hellip;\" \/>\n<meta property=\"og:url\" content=\"https:\/\/blogdofarnesio.com.br\/?p=75423\" \/>\n<meta property=\"og:site_name\" content=\"Blog do Farn\u00e9sio\" \/>\n<meta property=\"article:publisher\" content=\"https:\/\/www.facebook.com\/BlogQuerSaberPolitica\/\" \/>\n<meta property=\"article:published_time\" content=\"2014-03-08T22:01:18+00:00\" \/>\n<meta property=\"og:image\" content=\"http:\/\/www.folhape.com.br\/blogdafolha\/wp-content\/uploads\/2013\/04\/Joaquim-Barbosa-e1365710900774.jpg\" \/>\n<meta name=\"author\" content=\"teste\" \/>\n<meta name=\"twitter:card\" content=\"summary_large_image\" \/>\n<meta name=\"twitter:label1\" content=\"Escrito por\" \/>\n\t<meta name=\"twitter:data1\" content=\"teste\" \/>\n\t<meta name=\"twitter:label2\" content=\"Est. tempo de leitura\" \/>\n\t<meta name=\"twitter:data2\" content=\"1 minuto\" \/>\n<script type=\"application\/ld+json\" class=\"yoast-schema-graph\">{\"@context\":\"https:\\\/\\\/schema.org\",\"@graph\":[{\"@type\":\"Article\",\"@id\":\"https:\\\/\\\/blogdofarnesio.com.br\\\/?p=75423#article\",\"isPartOf\":{\"@id\":\"https:\\\/\\\/blogdofarnesio.com.br\\\/?p=75423\"},\"author\":{\"name\":\"teste\",\"@id\":\"https:\\\/\\\/blogdofarnesio.com.br\\\/#\\\/schema\\\/person\\\/dd1bf5eba40b687199ba45ca6b97dff9\"},\"headline\":\"BARBOSA DESCARTA SER CANDIDATO A PRESIDENTE DA REP\u00daBLICA\",\"datePublished\":\"2014-03-08T22:01:18+00:00\",\"mainEntityOfPage\":{\"@id\":\"https:\\\/\\\/blogdofarnesio.com.br\\\/?p=75423\"},\"wordCount\":150,\"commentCount\":0,\"publisher\":{\"@id\":\"https:\\\/\\\/blogdofarnesio.com.br\\\/#organization\"},\"image\":{\"@id\":\"https:\\\/\\\/blogdofarnesio.com.br\\\/?p=75423#primaryimage\"},\"thumbnailUrl\":\"http:\\\/\\\/www.folhape.com.br\\\/blogdafolha\\\/wp-content\\\/uploads\\\/2013\\\/04\\\/Joaquim-Barbosa-e1365710900774.jpg\",\"articleSection\":[\"Pol\u00edtica\"],\"inLanguage\":\"pt-BR\",\"potentialAction\":[{\"@type\":\"CommentAction\",\"name\":\"Comment\",\"target\":[\"https:\\\/\\\/blogdofarnesio.com.br\\\/?p=75423#respond\"]}]},{\"@type\":\"WebPage\",\"@id\":\"https:\\\/\\\/blogdofarnesio.com.br\\\/?p=75423\",\"url\":\"https:\\\/\\\/blogdofarnesio.com.br\\\/?p=75423\",\"name\":\"BARBOSA DESCARTA SER CANDIDATO A PRESIDENTE DA REP\u00daBLICA - Blog do Farn\u00e9sio\",\"isPartOf\":{\"@id\":\"https:\\\/\\\/blogdofarnesio.com.br\\\/#website\"},\"primaryImageOfPage\":{\"@id\":\"https:\\\/\\\/blogdofarnesio.com.br\\\/?p=75423#primaryimage\"},\"image\":{\"@id\":\"https:\\\/\\\/blogdofarnesio.com.br\\\/?p=75423#primaryimage\"},\"thumbnailUrl\":\"http:\\\/\\\/www.folhape.com.br\\\/blogdafolha\\\/wp-content\\\/uploads\\\/2013\\\/04\\\/Joaquim-Barbosa-e1365710900774.jpg\",\"datePublished\":\"2014-03-08T22:01:18+00:00\",\"breadcrumb\":{\"@id\":\"https:\\\/\\\/blogdofarnesio.com.br\\\/?p=75423#breadcrumb\"},\"inLanguage\":\"pt-BR\",\"potentialAction\":[{\"@type\":\"ReadAction\",\"target\":[\"https:\\\/\\\/blogdofarnesio.com.br\\\/?p=75423\"]}]},{\"@type\":\"ImageObject\",\"inLanguage\":\"pt-BR\",\"@id\":\"https:\\\/\\\/blogdofarnesio.com.br\\\/?p=75423#primaryimage\",\"url\":\"http:\\\/\\\/www.folhape.com.br\\\/blogdafolha\\\/wp-content\\\/uploads\\\/2013\\\/04\\\/Joaquim-Barbosa-e1365710900774.jpg\",\"contentUrl\":\"http:\\\/\\\/www.folhape.com.br\\\/blogdafolha\\\/wp-content\\\/uploads\\\/2013\\\/04\\\/Joaquim-Barbosa-e1365710900774.jpg\"},{\"@type\":\"BreadcrumbList\",\"@id\":\"https:\\\/\\\/blogdofarnesio.com.br\\\/?p=75423#breadcrumb\",\"itemListElement\":[{\"@type\":\"ListItem\",\"position\":1,\"name\":\"In\u00edcio\",\"item\":\"https:\\\/\\\/blogdofarnesio.com.br\\\/\"},{\"@type\":\"ListItem\",\"position\":2,\"name\":\"BARBOSA DESCARTA SER CANDIDATO A PRESIDENTE DA REP\u00daBLICA\"}]},{\"@type\":\"WebSite\",\"@id\":\"https:\\\/\\\/blogdofarnesio.com.br\\\/#website\",\"url\":\"https:\\\/\\\/blogdofarnesio.com.br\\\/\",\"name\":\"Blog do Farn\u00e9sio\",\"description\":\"Quer Saber Pol\u00edtica?\",\"publisher\":{\"@id\":\"https:\\\/\\\/blogdofarnesio.com.br\\\/#organization\"},\"potentialAction\":[{\"@type\":\"SearchAction\",\"target\":{\"@type\":\"EntryPoint\",\"urlTemplate\":\"https:\\\/\\\/blogdofarnesio.com.br\\\/?s={search_term_string}\"},\"query-input\":{\"@type\":\"PropertyValueSpecification\",\"valueRequired\":true,\"valueName\":\"search_term_string\"}}],\"inLanguage\":\"pt-BR\"},{\"@type\":\"Organization\",\"@id\":\"https:\\\/\\\/blogdofarnesio.com.br\\\/#organization\",\"name\":\"Blog do Farn\u00e9sio\",\"url\":\"https:\\\/\\\/blogdofarnesio.com.br\\\/\",\"logo\":{\"@type\":\"ImageObject\",\"inLanguage\":\"pt-BR\",\"@id\":\"https:\\\/\\\/blogdofarnesio.com.br\\\/#\\\/schema\\\/logo\\\/image\\\/\",\"url\":\"https:\\\/\\\/blogdofarnesio.com.br\\\/wp-content\\\/uploads\\\/2026\\\/03\\\/cropped-logo_new-1.png\",\"contentUrl\":\"https:\\\/\\\/blogdofarnesio.com.br\\\/wp-content\\\/uploads\\\/2026\\\/03\\\/cropped-logo_new-1.png\",\"width\":881,\"height\":685,\"caption\":\"Blog do Farn\u00e9sio\"},\"image\":{\"@id\":\"https:\\\/\\\/blogdofarnesio.com.br\\\/#\\\/schema\\\/logo\\\/image\\\/\"},\"sameAs\":[\"https:\\\/\\\/www.facebook.com\\\/BlogQuerSaberPolitica\\\/\"]},{\"@type\":\"Person\",\"@id\":\"https:\\\/\\\/blogdofarnesio.com.br\\\/#\\\/schema\\\/person\\\/dd1bf5eba40b687199ba45ca6b97dff9\",\"name\":\"teste\",\"image\":{\"@type\":\"ImageObject\",\"inLanguage\":\"pt-BR\",\"@id\":\"https:\\\/\\\/secure.gravatar.com\\\/avatar\\\/2172498d4914b51e1d89a0f97957b035ac4938723a5cac208135d389b6972a6d?s=96&d=mm&r=g\",\"url\":\"https:\\\/\\\/secure.gravatar.com\\\/avatar\\\/2172498d4914b51e1d89a0f97957b035ac4938723a5cac208135d389b6972a6d?s=96&d=mm&r=g\",\"contentUrl\":\"https:\\\/\\\/secure.gravatar.com\\\/avatar\\\/2172498d4914b51e1d89a0f97957b035ac4938723a5cac208135d389b6972a6d?s=96&d=mm&r=g\",\"caption\":\"teste\"},\"url\":\"https:\\\/\\\/blogdofarnesio.com.br\\\/?author=3\"}]}<\/script>\n<!-- \/ Yoast SEO plugin. -->","yoast_head_json":{"title":"BARBOSA DESCARTA SER CANDIDATO A PRESIDENTE DA REP\u00daBLICA - Blog do Farn\u00e9sio","robots":{"index":"index","follow":"follow","max-snippet":"max-snippet:-1","max-image-preview":"max-image-preview:large","max-video-preview":"max-video-preview:-1"},"canonical":"https:\/\/blogdofarnesio.com.br\/?p=75423","og_locale":"pt_BR","og_type":"article","og_title":"BARBOSA DESCARTA SER CANDIDATO A PRESIDENTE DA REP\u00daBLICA - Blog do Farn\u00e9sio","og_description":"Presidente do STF planeja se aposentar em novembro deste ano (Foto: Elza Fiuza\/ABr) O presidente do Supremo Tribunal Federal (STF), ministro Joaquim Barbosa, que ficou conhecido pela atua\u00e7\u00e3o no julgamento do mensal\u00e3o, descarta ser candidato \u00e0 Presid\u00eancia da Rep\u00fablica, segundo informa a revista \u201c\u00c9poca\u201d desta semana. Para o presidente do STF, \u201co jogo da pol\u00edtica \u00e9 muito pesado, muito sujo\u201d para se envolver mais profundamente. \u201cEstou s\u00f3 assistindo a essa movimenta\u00e7\u00e3o\u201d, diz Barbosa. Na reportagem, que sugere que ele se incomoda com o ass\u00e9dio de partidos, Barbosa garante que nunca \u201cningu\u00e9m veio diretamente falar\u201d com ele e diz que n\u00e3o \u201cseria apropriado\u201d, ainda estando no cargo de presidente do Supremo, \u201csair por a\u00ed fazendo negocia\u00e7\u00f5es pol\u00edticas\u201d. Barbosa deseja se aposentar&hellip;","og_url":"https:\/\/blogdofarnesio.com.br\/?p=75423","og_site_name":"Blog do Farn\u00e9sio","article_publisher":"https:\/\/www.facebook.com\/BlogQuerSaberPolitica\/","article_published_time":"2014-03-08T22:01:18+00:00","og_image":[{"url":"http:\/\/www.folhape.com.br\/blogdafolha\/wp-content\/uploads\/2013\/04\/Joaquim-Barbosa-e1365710900774.jpg","type":"","width":"","height":""}],"author":"teste","twitter_card":"summary_large_image","twitter_misc":{"Escrito por":"teste","Est. tempo de leitura":"1 minuto"},"schema":{"@context":"https:\/\/schema.org","@graph":[{"@type":"Article","@id":"https:\/\/blogdofarnesio.com.br\/?p=75423#article","isPartOf":{"@id":"https:\/\/blogdofarnesio.com.br\/?p=75423"},"author":{"name":"teste","@id":"https:\/\/blogdofarnesio.com.br\/#\/schema\/person\/dd1bf5eba40b687199ba45ca6b97dff9"},"headline":"BARBOSA DESCARTA SER CANDIDATO A PRESIDENTE DA REP\u00daBLICA","datePublished":"2014-03-08T22:01:18+00:00","mainEntityOfPage":{"@id":"https:\/\/blogdofarnesio.com.br\/?p=75423"},"wordCount":150,"commentCount":0,"publisher":{"@id":"https:\/\/blogdofarnesio.com.br\/#organization"},"image":{"@id":"https:\/\/blogdofarnesio.com.br\/?p=75423#primaryimage"},"thumbnailUrl":"http:\/\/www.folhape.com.br\/blogdafolha\/wp-content\/uploads\/2013\/04\/Joaquim-Barbosa-e1365710900774.jpg","articleSection":["Pol\u00edtica"],"inLanguage":"pt-BR","potentialAction":[{"@type":"CommentAction","name":"Comment","target":["https:\/\/blogdofarnesio.com.br\/?p=75423#respond"]}]},{"@type":"WebPage","@id":"https:\/\/blogdofarnesio.com.br\/?p=75423","url":"https:\/\/blogdofarnesio.com.br\/?p=75423","name":"BARBOSA DESCARTA SER CANDIDATO A PRESIDENTE DA REP\u00daBLICA - Blog do Farn\u00e9sio","isPartOf":{"@id":"https:\/\/blogdofarnesio.com.br\/#website"},"primaryImageOfPage":{"@id":"https:\/\/blogdofarnesio.com.br\/?p=75423#primaryimage"},"image":{"@id":"https:\/\/blogdofarnesio.com.br\/?p=75423#primaryimage"},"thumbnailUrl":"http:\/\/www.folhape.com.br\/blogdafolha\/wp-content\/uploads\/2013\/04\/Joaquim-Barbosa-e1365710900774.jpg","datePublished":"2014-03-08T22:01:18+00:00","breadcrumb":{"@id":"https:\/\/blogdofarnesio.com.br\/?p=75423#breadcrumb"},"inLanguage":"pt-BR","potentialAction":[{"@type":"ReadAction","target":["https:\/\/blogdofarnesio.com.br\/?p=75423"]}]},{"@type":"ImageObject","inLanguage":"pt-BR","@id":"https:\/\/blogdofarnesio.com.br\/?p=75423#primaryimage","url":"http:\/\/www.folhape.com.br\/blogdafolha\/wp-content\/uploads\/2013\/04\/Joaquim-Barbosa-e1365710900774.jpg","contentUrl":"http:\/\/www.folhape.com.br\/blogdafolha\/wp-content\/uploads\/2013\/04\/Joaquim-Barbosa-e1365710900774.jpg"},{"@type":"BreadcrumbList","@id":"https:\/\/blogdofarnesio.com.br\/?p=75423#breadcrumb","itemListElement":[{"@type":"ListItem","position":1,"name":"In\u00edcio","item":"https:\/\/blogdofarnesio.com.br\/"},{"@type":"ListItem","position":2,"name":"BARBOSA DESCARTA SER CANDIDATO A PRESIDENTE DA REP\u00daBLICA"}]},{"@type":"WebSite","@id":"https:\/\/blogdofarnesio.com.br\/#website","url":"https:\/\/blogdofarnesio.com.br\/","name":"Blog do Farn\u00e9sio","description":"Quer Saber Pol\u00edtica?","publisher":{"@id":"https:\/\/blogdofarnesio.com.br\/#organization"},"potentialAction":[{"@type":"SearchAction","target":{"@type":"EntryPoint","urlTemplate":"https:\/\/blogdofarnesio.com.br\/?s={search_term_string}"},"query-input":{"@type":"PropertyValueSpecification","valueRequired":true,"valueName":"search_term_string"}}],"inLanguage":"pt-BR"},{"@type":"Organization","@id":"https:\/\/blogdofarnesio.com.br\/#organization","name":"Blog do Farn\u00e9sio","url":"https:\/\/blogdofarnesio.com.br\/","logo":{"@type":"ImageObject","inLanguage":"pt-BR","@id":"https:\/\/blogdofarnesio.com.br\/#\/schema\/logo\/image\/","url":"https:\/\/blogdofarnesio.com.br\/wp-content\/uploads\/2026\/03\/cropped-logo_new-1.png","contentUrl":"https:\/\/blogdofarnesio.com.br\/wp-content\/uploads\/2026\/03\/cropped-logo_new-1.png","width":881,"height":685,"caption":"Blog do Farn\u00e9sio"},"image":{"@id":"https:\/\/blogdofarnesio.com.br\/#\/schema\/logo\/image\/"},"sameAs":["https:\/\/www.facebook.com\/BlogQuerSaberPolitica\/"]},{"@type":"Person","@id":"https:\/\/blogdofarnesio.com.br\/#\/schema\/person\/dd1bf5eba40b687199ba45ca6b97dff9","name":"teste","image":{"@type":"ImageObject","inLanguage":"pt-BR","@id":"https:\/\/secure.gravatar.com\/avatar\/2172498d4914b51e1d89a0f97957b035ac4938723a5cac208135d389b6972a6d?s=96&d=mm&r=g","url":"https:\/\/secure.gravatar.com\/avatar\/2172498d4914b51e1d89a0f97957b035ac4938723a5cac208135d389b6972a6d?s=96&d=mm&r=g","contentUrl":"https:\/\/secure.gravatar.com\/avatar\/2172498d4914b51e1d89a0f97957b035ac4938723a5cac208135d389b6972a6d?s=96&d=mm&r=g","caption":"teste"},"url":"https:\/\/blogdofarnesio.com.br\/?author=3"}]}},"_links":{"self":[{"href":"https:\/\/blogdofarnesio.com.br\/index.php?rest_route=\/wp\/v2\/posts\/75423","targetHints":{"allow":["GET"]}}],"collection":[{"href":"https:\/\/blogdofarnesio.com.br\/index.php?rest_route=\/wp\/v2\/posts"}],"about":[{"href":"https:\/\/blogdofarnesio.com.br\/index.php?rest_route=\/wp\/v2\/types\/post"}],"author":[{"embeddable":true,"href":"https:\/\/blogdofarnesio.com.br\/index.php?rest_route=\/wp\/v2\/users\/3"}],"replies":[{"embeddable":true,"href":"https:\/\/blogdofarnesio.com.br\/index.php?rest_route=%2Fwp%2Fv2%2Fcomments&post=75423"}],"version-history":[{"count":0,"href":"https:\/\/blogdofarnesio.com.br\/index.php?rest_route=\/wp\/v2\/posts\/75423\/revisions"}],"wp:attachment":[{"href":"https:\/\/blogdofarnesio.com.br\/index.php?rest_route=%2Fwp%2Fv2%2Fmedia&parent=75423"}],"wp:term":[{"taxonomy":"category","embeddable":true,"href":"https:\/\/blogdofarnesio.com.br\/index.php?rest_route=%2Fwp%2Fv2%2Fcategories&post=75423"},{"taxonomy":"post_tag","embeddable":true,"href":"https:\/\/blogdofarnesio.com.br\/index.php?rest_route=%2Fwp%2Fv2%2Ftags&post=75423"}],"curies":[{"name":"wp","href":"https:\/\/api.w.org\/{rel}","templated":true}]}}