{"id":75393,"date":"2014-03-08T15:00:31","date_gmt":"2014-03-08T18:00:31","guid":{"rendered":"http:\/\/www.quersaberpolitica.com.br\/?p=75393"},"modified":"2014-03-08T08:50:56","modified_gmt":"2014-03-08T11:50:56","slug":"prefeito-e-diretor-do-saae-assinam-ordem-de-servico-para-perfuracao-de-pocos-nas-comunidades-do-interior","status":"publish","type":"post","link":"https:\/\/blogdofarnesio.com.br\/2014\/03\/prefeito-e-diretor-do-saae-assinam-ordem-de-servico-para-perfuracao-de-pocos-nas-comunidades-do-interior\/","title":{"rendered":"PREFEITO E DIRETOR DO SAAE ASSINAM ORDEM DE SERVI\u00c7O PARA PERFURA\u00c7\u00c3O DE PO\u00c7OS NAS COMUNIDADES DO INTERIOR"},"content":{"rendered":"<p style=\"text-align: justify\"><a href=\"http:\/\/www.quersaberpolitica.com.br\/2016\/wp-content\/uploads\/2014\/03\/pref-Isaac-assina-ordem-de-servi\u00e7o.jpg\"><img loading=\"lazy\" decoding=\"async\" class=\"aligncenter size-full wp-image-75394\" alt=\"blogqspprefIsaac\" src=\"http:\/\/www.quersaberpolitica.com.br\/2016\/wp-content\/uploads\/2014\/03\/pref-Isaac-assina-ordem-de-servi\u00e7o.jpg\" width=\"400\" height=\"266\" srcset=\"https:\/\/blogdofarnesio.com.br\/wp-content\/uploads\/2014\/03\/pref-Isaac-assina-ordem-de-servi\u00e7o.jpg 400w, https:\/\/blogdofarnesio.com.br\/wp-content\/uploads\/2014\/03\/pref-Isaac-assina-ordem-de-servi\u00e7o-300x199.jpg 300w\" sizes=\"auto, (max-width: 400px) 100vw, 400px\" \/><\/a>O prefeito Isaac Carvalho e o diretor do SAAE, Joaquim Neto, assinaram na manh\u00e3 desta sexta-feira (07) a ordem de servi\u00e7o para a perfura\u00e7\u00e3o de 50 po\u00e7os tubulares nas comunidades do interior do munic\u00edpio de Juazeiro. A emenda \u00e9 proveniente do deputado federal Daniel Almeida e o valor contratado \u00e9 de R$ 1.110.778,90.<\/p>\n<p style=\"text-align: justify\">De acordo com o diretor do SAAE, pela primeira vez na hist\u00f3ria da autarquia ser\u00e3o perfurados e instalados po\u00e7os no interior. \u201c\u00c9 uma satisfa\u00e7\u00e3o muito grande em poder trabalhar no \u00f3rg\u00e3o e saber que estamos melhorando cada vez mais o abastecimento de \u00e1gua nas comunidades do interior do munic\u00edpio. Para minimizar a seca foram necess\u00e1rias a\u00e7\u00f5es estruturantes preventivas e emergenciais, como a distribui\u00e7\u00e3o de mais de 24 mil carradas de \u00e1gua com carros pipas em diversas localidades\u201d, destacou Joaquim Neto.<!--more--><\/p>\n<p style=\"text-align: justify\">O diretor da autarquia relatou ainda que nos \u00faltimos cinco anos o SAAE realizou o n\u00famero de 15.444 novas liga\u00e7\u00f5es de \u00e1gua, ampliando o abastecimento na sede e no interior; com recursos pr\u00f3prios instalou 19 novos filtros na Esta\u00e7\u00e3o de Tratamento de \u00c1gua, levando esse n\u00famero para 25; al\u00e9m da constru\u00e7\u00e3o de uma nova adutora de 400 mil\u00edmetros da ETA do Centro a ETA de Piranga.<\/p>\n<p style=\"text-align: justify\">Representando os moradores das localidades beneficiadas, Rog\u00e9rio Leite da Silva, que reside em Lagoa da Pedra, distrito de Pinh\u00f5es, recebeu com satisfa\u00e7\u00e3o a not\u00edcia. \u201cAgrade\u00e7o imensamente ao prefeito e a Joaquim por reconhecer a import\u00e2ncia do trabalho do homem do campo. A seca que se prolongou nestes \u00faltimos anos para mim ficou na hist\u00f3ria da humanidade, e pode ter certeza que em muitos lugares a \u00e1gua ser\u00e1 de boa qualidade, podendo at\u00e9 o produtor rural produzir alimentos para seu rebanho\u201d, disse Rog\u00e9rio Leite.<\/p>\n<p style=\"text-align: justify\">Em seu discurso, o prefeito Isaac Carvalho ressaltou as a\u00e7\u00f5es que o SAAE vem realizando nos \u00faltimos cinco anos, como a instala\u00e7\u00e3o de bombas submersas em v\u00e1rias comunidades do interior, constru\u00e7\u00e3o de novas adutoras, instala\u00e7\u00e3o e manuten\u00e7\u00e3o de catavento, por exemplo. \u201cAinda temos muito que fazer pelo interior. Agora \u00e9 importante explicar a todos os moradores que os po\u00e7os tubulares s\u00e3o patrim\u00f4nio p\u00fablico, mesmo estes estando dentro da propriedade de algu\u00e9m\u201d, destacou o prefeito.<\/p>\n<p style=\"text-align: justify\">Isaac Carvalho citou ainda a constru\u00e7\u00e3o de 12 novas adutoras, muitas j\u00e1 est\u00e3o funcionando como a de Lagoa do Boi, Angico\/ Angical, Po\u00e7\u00f5es e Itamaraty, fornecendo \u00e1gua e melhorando a vida do homem do campo.<\/p>\n<p style=\"text-align: justify\">Os distritos que ser\u00e3o beneficiados pela perfura\u00e7\u00e3o dos po\u00e7os tubulares s\u00e3o: Pinh\u00f5es, Itamotinga, Juremal, Carna\u00edba, Junco\/Salitre, Mani\u00e7oba e Massaroca.<\/p>\n<p><strong>Por Luzete Nobre\/ SAAE<\/strong><\/p>\n","protected":false},"excerpt":{"rendered":"<p>O prefeito Isaac Carvalho e o diretor do SAAE, Joaquim Neto, assinaram na manh\u00e3 desta sexta-feira (07) a ordem de servi\u00e7o para a perfura\u00e7\u00e3o de 50 po\u00e7os tubulares nas comunidades do interior do munic\u00edpio de Juazeiro. A emenda \u00e9 proveniente do deputado federal Daniel Almeida e o valor contratado \u00e9 de R$ 1.110.778,90. De acordo com o diretor do SAAE, pela primeira vez na hist\u00f3ria da autarquia ser\u00e3o perfurados e instalados po\u00e7os no interior. \u201c\u00c9 uma satisfa\u00e7\u00e3o muito grande em poder trabalhar no \u00f3rg\u00e3o e saber que estamos melhorando cada vez mais o abastecimento de \u00e1gua nas comunidades do interior do munic\u00edpio. Para minimizar a seca foram necess\u00e1rias a\u00e7\u00f5es estruturantes preventivas e emergenciais, como a distribui\u00e7\u00e3o de mais de 24&hellip; <\/p>\n","protected":false},"author":3,"featured_media":0,"comment_status":"open","ping_status":"open","sticky":false,"template":"","format":"standard","meta":{"_acf_changed":false,"footnotes":""},"categories":[1],"tags":[],"class_list":["post-75393","post","type-post","status-publish","format-standard","hentry","category-politica"],"acf":[],"yoast_head":"<!-- This site is optimized with the Yoast SEO plugin v27.5 - https:\/\/yoast.com\/product\/yoast-seo-wordpress\/ -->\n<title>PREFEITO E DIRETOR DO SAAE ASSINAM ORDEM DE SERVI\u00c7O PARA PERFURA\u00c7\u00c3O DE PO\u00c7OS NAS COMUNIDADES DO INTERIOR - Blog do Farn\u00e9sio<\/title>\n<meta name=\"robots\" content=\"index, follow, max-snippet:-1, max-image-preview:large, max-video-preview:-1\" \/>\n<link rel=\"canonical\" href=\"https:\/\/blogdofarnesio.com.br\/2014\/03\/prefeito-e-diretor-do-saae-assinam-ordem-de-servico-para-perfuracao-de-pocos-nas-comunidades-do-interior\/\" \/>\n<meta property=\"og:locale\" content=\"pt_BR\" \/>\n<meta property=\"og:type\" content=\"article\" \/>\n<meta property=\"og:title\" content=\"PREFEITO E DIRETOR DO SAAE ASSINAM ORDEM DE SERVI\u00c7O PARA PERFURA\u00c7\u00c3O DE PO\u00c7OS NAS COMUNIDADES DO INTERIOR - Blog do Farn\u00e9sio\" \/>\n<meta property=\"og:description\" content=\"O prefeito Isaac Carvalho e o diretor do SAAE, Joaquim Neto, assinaram na manh\u00e3 desta sexta-feira (07) a ordem de servi\u00e7o para a perfura\u00e7\u00e3o de 50 po\u00e7os tubulares nas comunidades do interior do munic\u00edpio de Juazeiro. A emenda \u00e9 proveniente do deputado federal Daniel Almeida e o valor contratado \u00e9 de R$ 1.110.778,90. De acordo com o diretor do SAAE, pela primeira vez na hist\u00f3ria da autarquia ser\u00e3o perfurados e instalados po\u00e7os no interior. \u201c\u00c9 uma satisfa\u00e7\u00e3o muito grande em poder trabalhar no \u00f3rg\u00e3o e saber que estamos melhorando cada vez mais o abastecimento de \u00e1gua nas comunidades do interior do munic\u00edpio. Para minimizar a seca foram necess\u00e1rias a\u00e7\u00f5es estruturantes preventivas e emergenciais, como a distribui\u00e7\u00e3o de mais de 24&hellip;\" \/>\n<meta property=\"og:url\" content=\"https:\/\/blogdofarnesio.com.br\/2014\/03\/prefeito-e-diretor-do-saae-assinam-ordem-de-servico-para-perfuracao-de-pocos-nas-comunidades-do-interior\/\" \/>\n<meta property=\"og:site_name\" content=\"Blog do Farn\u00e9sio\" \/>\n<meta property=\"article:publisher\" content=\"https:\/\/www.facebook.com\/BlogQuerSaberPolitica\/\" \/>\n<meta property=\"article:published_time\" content=\"2014-03-08T18:00:31+00:00\" \/>\n<meta name=\"author\" content=\"teste\" \/>\n<meta name=\"twitter:card\" content=\"summary_large_image\" \/>\n<meta name=\"twitter:label1\" content=\"Escrito por\" \/>\n\t<meta name=\"twitter:data1\" content=\"teste\" \/>\n\t<meta name=\"twitter:label2\" content=\"Est. tempo de leitura\" \/>\n\t<meta name=\"twitter:data2\" content=\"2 minutos\" \/>\n<script type=\"application\/ld+json\" class=\"yoast-schema-graph\">{\"@context\":\"https:\\\/\\\/schema.org\",\"@graph\":[{\"@type\":\"Article\",\"@id\":\"https:\\\/\\\/blogdofarnesio.com.br\\\/2014\\\/03\\\/prefeito-e-diretor-do-saae-assinam-ordem-de-servico-para-perfuracao-de-pocos-nas-comunidades-do-interior\\\/#article\",\"isPartOf\":{\"@id\":\"https:\\\/\\\/blogdofarnesio.com.br\\\/2014\\\/03\\\/prefeito-e-diretor-do-saae-assinam-ordem-de-servico-para-perfuracao-de-pocos-nas-comunidades-do-interior\\\/\"},\"author\":{\"name\":\"teste\",\"@id\":\"https:\\\/\\\/blogdofarnesio.com.br\\\/#\\\/schema\\\/person\\\/dd1bf5eba40b687199ba45ca6b97dff9\"},\"headline\":\"PREFEITO E DIRETOR DO SAAE ASSINAM ORDEM DE SERVI\u00c7O PARA PERFURA\u00c7\u00c3O DE PO\u00c7OS NAS COMUNIDADES DO INTERIOR\",\"datePublished\":\"2014-03-08T18:00:31+00:00\",\"mainEntityOfPage\":{\"@id\":\"https:\\\/\\\/blogdofarnesio.com.br\\\/2014\\\/03\\\/prefeito-e-diretor-do-saae-assinam-ordem-de-servico-para-perfuracao-de-pocos-nas-comunidades-do-interior\\\/\"},\"wordCount\":472,\"commentCount\":0,\"publisher\":{\"@id\":\"https:\\\/\\\/blogdofarnesio.com.br\\\/#organization\"},\"articleSection\":[\"Pol\u00edtica\"],\"inLanguage\":\"pt-BR\",\"potentialAction\":[{\"@type\":\"CommentAction\",\"name\":\"Comment\",\"target\":[\"https:\\\/\\\/blogdofarnesio.com.br\\\/2014\\\/03\\\/prefeito-e-diretor-do-saae-assinam-ordem-de-servico-para-perfuracao-de-pocos-nas-comunidades-do-interior\\\/#respond\"]}]},{\"@type\":\"WebPage\",\"@id\":\"https:\\\/\\\/blogdofarnesio.com.br\\\/2014\\\/03\\\/prefeito-e-diretor-do-saae-assinam-ordem-de-servico-para-perfuracao-de-pocos-nas-comunidades-do-interior\\\/\",\"url\":\"https:\\\/\\\/blogdofarnesio.com.br\\\/2014\\\/03\\\/prefeito-e-diretor-do-saae-assinam-ordem-de-servico-para-perfuracao-de-pocos-nas-comunidades-do-interior\\\/\",\"name\":\"PREFEITO E DIRETOR DO SAAE ASSINAM ORDEM DE SERVI\u00c7O PARA PERFURA\u00c7\u00c3O DE PO\u00c7OS NAS COMUNIDADES DO INTERIOR - Blog do Farn\u00e9sio\",\"isPartOf\":{\"@id\":\"https:\\\/\\\/blogdofarnesio.com.br\\\/#website\"},\"datePublished\":\"2014-03-08T18:00:31+00:00\",\"breadcrumb\":{\"@id\":\"https:\\\/\\\/blogdofarnesio.com.br\\\/2014\\\/03\\\/prefeito-e-diretor-do-saae-assinam-ordem-de-servico-para-perfuracao-de-pocos-nas-comunidades-do-interior\\\/#breadcrumb\"},\"inLanguage\":\"pt-BR\",\"potentialAction\":[{\"@type\":\"ReadAction\",\"target\":[\"https:\\\/\\\/blogdofarnesio.com.br\\\/2014\\\/03\\\/prefeito-e-diretor-do-saae-assinam-ordem-de-servico-para-perfuracao-de-pocos-nas-comunidades-do-interior\\\/\"]}]},{\"@type\":\"BreadcrumbList\",\"@id\":\"https:\\\/\\\/blogdofarnesio.com.br\\\/2014\\\/03\\\/prefeito-e-diretor-do-saae-assinam-ordem-de-servico-para-perfuracao-de-pocos-nas-comunidades-do-interior\\\/#breadcrumb\",\"itemListElement\":[{\"@type\":\"ListItem\",\"position\":1,\"name\":\"In\u00edcio\",\"item\":\"https:\\\/\\\/blogdofarnesio.com.br\\\/\"},{\"@type\":\"ListItem\",\"position\":2,\"name\":\"PREFEITO E DIRETOR DO SAAE ASSINAM ORDEM DE SERVI\u00c7O PARA PERFURA\u00c7\u00c3O DE PO\u00c7OS NAS COMUNIDADES DO INTERIOR\"}]},{\"@type\":\"WebSite\",\"@id\":\"https:\\\/\\\/blogdofarnesio.com.br\\\/#website\",\"url\":\"https:\\\/\\\/blogdofarnesio.com.br\\\/\",\"name\":\"Blog do Farn\u00e9sio\",\"description\":\"Quer Saber Pol\u00edtica?\",\"publisher\":{\"@id\":\"https:\\\/\\\/blogdofarnesio.com.br\\\/#organization\"},\"potentialAction\":[{\"@type\":\"SearchAction\",\"target\":{\"@type\":\"EntryPoint\",\"urlTemplate\":\"https:\\\/\\\/blogdofarnesio.com.br\\\/?s={search_term_string}\"},\"query-input\":{\"@type\":\"PropertyValueSpecification\",\"valueRequired\":true,\"valueName\":\"search_term_string\"}}],\"inLanguage\":\"pt-BR\"},{\"@type\":\"Organization\",\"@id\":\"https:\\\/\\\/blogdofarnesio.com.br\\\/#organization\",\"name\":\"Blog do Farn\u00e9sio\",\"url\":\"https:\\\/\\\/blogdofarnesio.com.br\\\/\",\"logo\":{\"@type\":\"ImageObject\",\"inLanguage\":\"pt-BR\",\"@id\":\"https:\\\/\\\/blogdofarnesio.com.br\\\/#\\\/schema\\\/logo\\\/image\\\/\",\"url\":\"https:\\\/\\\/blogdofarnesio.com.br\\\/wp-content\\\/uploads\\\/2026\\\/03\\\/cropped-logo_new-1.png\",\"contentUrl\":\"https:\\\/\\\/blogdofarnesio.com.br\\\/wp-content\\\/uploads\\\/2026\\\/03\\\/cropped-logo_new-1.png\",\"width\":881,\"height\":685,\"caption\":\"Blog do Farn\u00e9sio\"},\"image\":{\"@id\":\"https:\\\/\\\/blogdofarnesio.com.br\\\/#\\\/schema\\\/logo\\\/image\\\/\"},\"sameAs\":[\"https:\\\/\\\/www.facebook.com\\\/BlogQuerSaberPolitica\\\/\"]},{\"@type\":\"Person\",\"@id\":\"https:\\\/\\\/blogdofarnesio.com.br\\\/#\\\/schema\\\/person\\\/dd1bf5eba40b687199ba45ca6b97dff9\",\"name\":\"teste\",\"image\":{\"@type\":\"ImageObject\",\"inLanguage\":\"pt-BR\",\"@id\":\"https:\\\/\\\/secure.gravatar.com\\\/avatar\\\/2172498d4914b51e1d89a0f97957b035ac4938723a5cac208135d389b6972a6d?s=96&d=mm&r=g\",\"url\":\"https:\\\/\\\/secure.gravatar.com\\\/avatar\\\/2172498d4914b51e1d89a0f97957b035ac4938723a5cac208135d389b6972a6d?s=96&d=mm&r=g\",\"contentUrl\":\"https:\\\/\\\/secure.gravatar.com\\\/avatar\\\/2172498d4914b51e1d89a0f97957b035ac4938723a5cac208135d389b6972a6d?s=96&d=mm&r=g\",\"caption\":\"teste\"},\"url\":\"https:\\\/\\\/blogdofarnesio.com.br\\\/author\\\/teste\\\/\"}]}<\/script>\n<!-- \/ Yoast SEO plugin. -->","yoast_head_json":{"title":"PREFEITO E DIRETOR DO SAAE ASSINAM ORDEM DE SERVI\u00c7O PARA PERFURA\u00c7\u00c3O DE PO\u00c7OS NAS COMUNIDADES DO INTERIOR - Blog do Farn\u00e9sio","robots":{"index":"index","follow":"follow","max-snippet":"max-snippet:-1","max-image-preview":"max-image-preview:large","max-video-preview":"max-video-preview:-1"},"canonical":"https:\/\/blogdofarnesio.com.br\/2014\/03\/prefeito-e-diretor-do-saae-assinam-ordem-de-servico-para-perfuracao-de-pocos-nas-comunidades-do-interior\/","og_locale":"pt_BR","og_type":"article","og_title":"PREFEITO E DIRETOR DO SAAE ASSINAM ORDEM DE SERVI\u00c7O PARA PERFURA\u00c7\u00c3O DE PO\u00c7OS NAS COMUNIDADES DO INTERIOR - Blog do Farn\u00e9sio","og_description":"O prefeito Isaac Carvalho e o diretor do SAAE, Joaquim Neto, assinaram na manh\u00e3 desta sexta-feira (07) a ordem de servi\u00e7o para a perfura\u00e7\u00e3o de 50 po\u00e7os tubulares nas comunidades do interior do munic\u00edpio de Juazeiro. A emenda \u00e9 proveniente do deputado federal Daniel Almeida e o valor contratado \u00e9 de R$ 1.110.778,90. De acordo com o diretor do SAAE, pela primeira vez na hist\u00f3ria da autarquia ser\u00e3o perfurados e instalados po\u00e7os no interior. \u201c\u00c9 uma satisfa\u00e7\u00e3o muito grande em poder trabalhar no \u00f3rg\u00e3o e saber que estamos melhorando cada vez mais o abastecimento de \u00e1gua nas comunidades do interior do munic\u00edpio. Para minimizar a seca foram necess\u00e1rias a\u00e7\u00f5es estruturantes preventivas e emergenciais, como a distribui\u00e7\u00e3o de mais de 24&hellip;","og_url":"https:\/\/blogdofarnesio.com.br\/2014\/03\/prefeito-e-diretor-do-saae-assinam-ordem-de-servico-para-perfuracao-de-pocos-nas-comunidades-do-interior\/","og_site_name":"Blog do Farn\u00e9sio","article_publisher":"https:\/\/www.facebook.com\/BlogQuerSaberPolitica\/","article_published_time":"2014-03-08T18:00:31+00:00","author":"teste","twitter_card":"summary_large_image","twitter_misc":{"Escrito por":"teste","Est. tempo de leitura":"2 minutos"},"schema":{"@context":"https:\/\/schema.org","@graph":[{"@type":"Article","@id":"https:\/\/blogdofarnesio.com.br\/2014\/03\/prefeito-e-diretor-do-saae-assinam-ordem-de-servico-para-perfuracao-de-pocos-nas-comunidades-do-interior\/#article","isPartOf":{"@id":"https:\/\/blogdofarnesio.com.br\/2014\/03\/prefeito-e-diretor-do-saae-assinam-ordem-de-servico-para-perfuracao-de-pocos-nas-comunidades-do-interior\/"},"author":{"name":"teste","@id":"https:\/\/blogdofarnesio.com.br\/#\/schema\/person\/dd1bf5eba40b687199ba45ca6b97dff9"},"headline":"PREFEITO E DIRETOR DO SAAE ASSINAM ORDEM DE SERVI\u00c7O PARA PERFURA\u00c7\u00c3O DE PO\u00c7OS NAS COMUNIDADES DO INTERIOR","datePublished":"2014-03-08T18:00:31+00:00","mainEntityOfPage":{"@id":"https:\/\/blogdofarnesio.com.br\/2014\/03\/prefeito-e-diretor-do-saae-assinam-ordem-de-servico-para-perfuracao-de-pocos-nas-comunidades-do-interior\/"},"wordCount":472,"commentCount":0,"publisher":{"@id":"https:\/\/blogdofarnesio.com.br\/#organization"},"articleSection":["Pol\u00edtica"],"inLanguage":"pt-BR","potentialAction":[{"@type":"CommentAction","name":"Comment","target":["https:\/\/blogdofarnesio.com.br\/2014\/03\/prefeito-e-diretor-do-saae-assinam-ordem-de-servico-para-perfuracao-de-pocos-nas-comunidades-do-interior\/#respond"]}]},{"@type":"WebPage","@id":"https:\/\/blogdofarnesio.com.br\/2014\/03\/prefeito-e-diretor-do-saae-assinam-ordem-de-servico-para-perfuracao-de-pocos-nas-comunidades-do-interior\/","url":"https:\/\/blogdofarnesio.com.br\/2014\/03\/prefeito-e-diretor-do-saae-assinam-ordem-de-servico-para-perfuracao-de-pocos-nas-comunidades-do-interior\/","name":"PREFEITO E DIRETOR DO SAAE ASSINAM ORDEM DE SERVI\u00c7O PARA PERFURA\u00c7\u00c3O DE PO\u00c7OS NAS COMUNIDADES DO INTERIOR - Blog do Farn\u00e9sio","isPartOf":{"@id":"https:\/\/blogdofarnesio.com.br\/#website"},"datePublished":"2014-03-08T18:00:31+00:00","breadcrumb":{"@id":"https:\/\/blogdofarnesio.com.br\/2014\/03\/prefeito-e-diretor-do-saae-assinam-ordem-de-servico-para-perfuracao-de-pocos-nas-comunidades-do-interior\/#breadcrumb"},"inLanguage":"pt-BR","potentialAction":[{"@type":"ReadAction","target":["https:\/\/blogdofarnesio.com.br\/2014\/03\/prefeito-e-diretor-do-saae-assinam-ordem-de-servico-para-perfuracao-de-pocos-nas-comunidades-do-interior\/"]}]},{"@type":"BreadcrumbList","@id":"https:\/\/blogdofarnesio.com.br\/2014\/03\/prefeito-e-diretor-do-saae-assinam-ordem-de-servico-para-perfuracao-de-pocos-nas-comunidades-do-interior\/#breadcrumb","itemListElement":[{"@type":"ListItem","position":1,"name":"In\u00edcio","item":"https:\/\/blogdofarnesio.com.br\/"},{"@type":"ListItem","position":2,"name":"PREFEITO E DIRETOR DO SAAE ASSINAM ORDEM DE SERVI\u00c7O PARA PERFURA\u00c7\u00c3O DE PO\u00c7OS NAS COMUNIDADES DO INTERIOR"}]},{"@type":"WebSite","@id":"https:\/\/blogdofarnesio.com.br\/#website","url":"https:\/\/blogdofarnesio.com.br\/","name":"Blog do Farn\u00e9sio","description":"Quer Saber Pol\u00edtica?","publisher":{"@id":"https:\/\/blogdofarnesio.com.br\/#organization"},"potentialAction":[{"@type":"SearchAction","target":{"@type":"EntryPoint","urlTemplate":"https:\/\/blogdofarnesio.com.br\/?s={search_term_string}"},"query-input":{"@type":"PropertyValueSpecification","valueRequired":true,"valueName":"search_term_string"}}],"inLanguage":"pt-BR"},{"@type":"Organization","@id":"https:\/\/blogdofarnesio.com.br\/#organization","name":"Blog do Farn\u00e9sio","url":"https:\/\/blogdofarnesio.com.br\/","logo":{"@type":"ImageObject","inLanguage":"pt-BR","@id":"https:\/\/blogdofarnesio.com.br\/#\/schema\/logo\/image\/","url":"https:\/\/blogdofarnesio.com.br\/wp-content\/uploads\/2026\/03\/cropped-logo_new-1.png","contentUrl":"https:\/\/blogdofarnesio.com.br\/wp-content\/uploads\/2026\/03\/cropped-logo_new-1.png","width":881,"height":685,"caption":"Blog do Farn\u00e9sio"},"image":{"@id":"https:\/\/blogdofarnesio.com.br\/#\/schema\/logo\/image\/"},"sameAs":["https:\/\/www.facebook.com\/BlogQuerSaberPolitica\/"]},{"@type":"Person","@id":"https:\/\/blogdofarnesio.com.br\/#\/schema\/person\/dd1bf5eba40b687199ba45ca6b97dff9","name":"teste","image":{"@type":"ImageObject","inLanguage":"pt-BR","@id":"https:\/\/secure.gravatar.com\/avatar\/2172498d4914b51e1d89a0f97957b035ac4938723a5cac208135d389b6972a6d?s=96&d=mm&r=g","url":"https:\/\/secure.gravatar.com\/avatar\/2172498d4914b51e1d89a0f97957b035ac4938723a5cac208135d389b6972a6d?s=96&d=mm&r=g","contentUrl":"https:\/\/secure.gravatar.com\/avatar\/2172498d4914b51e1d89a0f97957b035ac4938723a5cac208135d389b6972a6d?s=96&d=mm&r=g","caption":"teste"},"url":"https:\/\/blogdofarnesio.com.br\/author\/teste\/"}]}},"_links":{"self":[{"href":"https:\/\/blogdofarnesio.com.br\/wp-json\/wp\/v2\/posts\/75393","targetHints":{"allow":["GET"]}}],"collection":[{"href":"https:\/\/blogdofarnesio.com.br\/wp-json\/wp\/v2\/posts"}],"about":[{"href":"https:\/\/blogdofarnesio.com.br\/wp-json\/wp\/v2\/types\/post"}],"author":[{"embeddable":true,"href":"https:\/\/blogdofarnesio.com.br\/wp-json\/wp\/v2\/users\/3"}],"replies":[{"embeddable":true,"href":"https:\/\/blogdofarnesio.com.br\/wp-json\/wp\/v2\/comments?post=75393"}],"version-history":[{"count":0,"href":"https:\/\/blogdofarnesio.com.br\/wp-json\/wp\/v2\/posts\/75393\/revisions"}],"wp:attachment":[{"href":"https:\/\/blogdofarnesio.com.br\/wp-json\/wp\/v2\/media?parent=75393"}],"wp:term":[{"taxonomy":"category","embeddable":true,"href":"https:\/\/blogdofarnesio.com.br\/wp-json\/wp\/v2\/categories?post=75393"},{"taxonomy":"post_tag","embeddable":true,"href":"https:\/\/blogdofarnesio.com.br\/wp-json\/wp\/v2\/tags?post=75393"}],"curies":[{"name":"wp","href":"https:\/\/api.w.org\/{rel}","templated":true}]}}