{"id":75216,"date":"2014-03-06T20:00:41","date_gmt":"2014-03-06T23:00:41","guid":{"rendered":"http:\/\/www.quersaberpolitica.com.br\/?p=75216"},"modified":"2014-03-06T17:07:30","modified_gmt":"2014-03-06T20:07:30","slug":"depois-de-desmentida-morte-de-chapeu-de-couro-foi-confirmada-por-seu-advogado","status":"publish","type":"post","link":"https:\/\/blogdofarnesio.com.br\/?p=75216","title":{"rendered":"DEPOIS DE DESMENTIDA, MORTE DE CHAP\u00c9U DE COURO FOI CONFIRMADA POR SEU ADVOGADO"},"content":{"rendered":"<div><a href=\"http:\/\/7segundos.com.br\/_CACHE\/images\/adaptative\/600_600\/aW1hZ2Vucy8xMzkzNDQ5OTEzY2hhcGF1LWNvdXJvLmpwZw.jpg\"><img loading=\"lazy\" decoding=\"async\" class=\"aligncenter\" title=\"(Foto: F5News)\" alt=\"(Foto: F5News)\" src=\"http:\/\/7segundos.com.br\/_CACHE\/images\/keep_ratio\/600_320\/aW1hZ2Vucy8xMzkzNDQ5OTEzY2hhcGF1LWNvdXJvLmpwZw.jpg\" width=\"458\" height=\"256\" \/><\/a><\/div>\n<p>Foi confirmada na manh\u00e3 desta quinta-feira (6) a morte de Maur\u00edcio Guedes, mais conhecido como \u201cChap\u00e9u de Couro\u201d. A informa\u00e7\u00e3o foi do advogado Ev\u00e2nio Moura.<\/p>\n<p>Chap\u00e9u de Couro estava detido no complexo penitenci\u00e1rio em Sergipe, quando sofreu um Acidente Vascular Cerebral (AVC) no dia 25 de fevereiro. Ele estava internado no Hospital S\u00e3o Lucas, em Aracaju.<\/p>\n<p>No \u00faltimo dia 26 ocorreu um boato de que o pistoleiro teria morrido. Mas Secretaria de Justi\u00e7a de Sergipe negou a informa\u00e7\u00e3o.<\/p>\n<p>Fonte: Site 7segundos<\/p>\n","protected":false},"excerpt":{"rendered":"<p>Foi confirmada na manh\u00e3 desta quinta-feira (6) a morte de Maur\u00edcio Guedes, mais conhecido como \u201cChap\u00e9u de Couro\u201d. A informa\u00e7\u00e3o foi do advogado Ev\u00e2nio Moura. Chap\u00e9u de Couro estava detido no complexo penitenci\u00e1rio em Sergipe, quando sofreu um Acidente Vascular Cerebral (AVC) no dia 25 de fevereiro. Ele estava internado no Hospital S\u00e3o Lucas, em Aracaju. No \u00faltimo dia 26 ocorreu um boato de que o pistoleiro teria morrido. Mas Secretaria de Justi\u00e7a de Sergipe negou a informa\u00e7\u00e3o. Fonte: Site 7segundos<\/p>\n","protected":false},"author":3,"featured_media":0,"comment_status":"open","ping_status":"open","sticky":false,"template":"","format":"standard","meta":{"_acf_changed":false,"footnotes":""},"categories":[23],"tags":[],"class_list":["post-75216","post","type-post","status-publish","format-standard","hentry","category-justica"],"acf":[],"yoast_head":"<!-- This site is optimized with the Yoast SEO plugin v27.4 - https:\/\/yoast.com\/product\/yoast-seo-wordpress\/ -->\n<title>DEPOIS DE DESMENTIDA, MORTE DE CHAP\u00c9U DE COURO FOI CONFIRMADA POR SEU ADVOGADO - Blog do Farn\u00e9sio<\/title>\n<meta name=\"robots\" content=\"index, follow, max-snippet:-1, max-image-preview:large, max-video-preview:-1\" \/>\n<link rel=\"canonical\" href=\"https:\/\/blogdofarnesio.com.br\/?p=75216\" \/>\n<meta property=\"og:locale\" content=\"pt_BR\" \/>\n<meta property=\"og:type\" content=\"article\" \/>\n<meta property=\"og:title\" content=\"DEPOIS DE DESMENTIDA, MORTE DE CHAP\u00c9U DE COURO FOI CONFIRMADA POR SEU ADVOGADO - Blog do Farn\u00e9sio\" \/>\n<meta property=\"og:description\" content=\"Foi confirmada na manh\u00e3 desta quinta-feira (6) a morte de Maur\u00edcio Guedes, mais conhecido como \u201cChap\u00e9u de Couro\u201d. A informa\u00e7\u00e3o foi do advogado Ev\u00e2nio Moura. Chap\u00e9u de Couro estava detido no complexo penitenci\u00e1rio em Sergipe, quando sofreu um Acidente Vascular Cerebral (AVC) no dia 25 de fevereiro. Ele estava internado no Hospital S\u00e3o Lucas, em Aracaju. No \u00faltimo dia 26 ocorreu um boato de que o pistoleiro teria morrido. Mas Secretaria de Justi\u00e7a de Sergipe negou a informa\u00e7\u00e3o. Fonte: Site 7segundos\" \/>\n<meta property=\"og:url\" content=\"https:\/\/blogdofarnesio.com.br\/?p=75216\" \/>\n<meta property=\"og:site_name\" content=\"Blog do Farn\u00e9sio\" \/>\n<meta property=\"article:publisher\" content=\"https:\/\/www.facebook.com\/BlogQuerSaberPolitica\/\" \/>\n<meta property=\"article:published_time\" content=\"2014-03-06T23:00:41+00:00\" \/>\n<meta property=\"og:image\" content=\"http:\/\/7segundos.com.br\/_CACHE\/images\/keep_ratio\/600_320\/aW1hZ2Vucy8xMzkzNDQ5OTEzY2hhcGF1LWNvdXJvLmpwZw.jpg\" \/>\n<meta name=\"author\" content=\"teste\" \/>\n<meta name=\"twitter:card\" content=\"summary_large_image\" \/>\n<meta name=\"twitter:label1\" content=\"Escrito por\" \/>\n\t<meta name=\"twitter:data1\" content=\"teste\" \/>\n<script type=\"application\/ld+json\" class=\"yoast-schema-graph\">{\"@context\":\"https:\\\/\\\/schema.org\",\"@graph\":[{\"@type\":\"Article\",\"@id\":\"https:\\\/\\\/blogdofarnesio.com.br\\\/?p=75216#article\",\"isPartOf\":{\"@id\":\"https:\\\/\\\/blogdofarnesio.com.br\\\/?p=75216\"},\"author\":{\"name\":\"teste\",\"@id\":\"https:\\\/\\\/blogdofarnesio.com.br\\\/#\\\/schema\\\/person\\\/dd1bf5eba40b687199ba45ca6b97dff9\"},\"headline\":\"DEPOIS DE DESMENTIDA, MORTE DE CHAP\u00c9U DE COURO FOI CONFIRMADA POR SEU ADVOGADO\",\"datePublished\":\"2014-03-06T23:00:41+00:00\",\"mainEntityOfPage\":{\"@id\":\"https:\\\/\\\/blogdofarnesio.com.br\\\/?p=75216\"},\"wordCount\":101,\"commentCount\":0,\"publisher\":{\"@id\":\"https:\\\/\\\/blogdofarnesio.com.br\\\/#organization\"},\"image\":{\"@id\":\"https:\\\/\\\/blogdofarnesio.com.br\\\/?p=75216#primaryimage\"},\"thumbnailUrl\":\"http:\\\/\\\/7segundos.com.br\\\/_CACHE\\\/images\\\/keep_ratio\\\/600_320\\\/aW1hZ2Vucy8xMzkzNDQ5OTEzY2hhcGF1LWNvdXJvLmpwZw.jpg\",\"articleSection\":[\"Justi\u00e7a\"],\"inLanguage\":\"pt-BR\",\"potentialAction\":[{\"@type\":\"CommentAction\",\"name\":\"Comment\",\"target\":[\"https:\\\/\\\/blogdofarnesio.com.br\\\/?p=75216#respond\"]}]},{\"@type\":\"WebPage\",\"@id\":\"https:\\\/\\\/blogdofarnesio.com.br\\\/?p=75216\",\"url\":\"https:\\\/\\\/blogdofarnesio.com.br\\\/?p=75216\",\"name\":\"DEPOIS DE DESMENTIDA, MORTE DE CHAP\u00c9U DE COURO FOI CONFIRMADA POR SEU ADVOGADO - Blog do Farn\u00e9sio\",\"isPartOf\":{\"@id\":\"https:\\\/\\\/blogdofarnesio.com.br\\\/#website\"},\"primaryImageOfPage\":{\"@id\":\"https:\\\/\\\/blogdofarnesio.com.br\\\/?p=75216#primaryimage\"},\"image\":{\"@id\":\"https:\\\/\\\/blogdofarnesio.com.br\\\/?p=75216#primaryimage\"},\"thumbnailUrl\":\"http:\\\/\\\/7segundos.com.br\\\/_CACHE\\\/images\\\/keep_ratio\\\/600_320\\\/aW1hZ2Vucy8xMzkzNDQ5OTEzY2hhcGF1LWNvdXJvLmpwZw.jpg\",\"datePublished\":\"2014-03-06T23:00:41+00:00\",\"breadcrumb\":{\"@id\":\"https:\\\/\\\/blogdofarnesio.com.br\\\/?p=75216#breadcrumb\"},\"inLanguage\":\"pt-BR\",\"potentialAction\":[{\"@type\":\"ReadAction\",\"target\":[\"https:\\\/\\\/blogdofarnesio.com.br\\\/?p=75216\"]}]},{\"@type\":\"ImageObject\",\"inLanguage\":\"pt-BR\",\"@id\":\"https:\\\/\\\/blogdofarnesio.com.br\\\/?p=75216#primaryimage\",\"url\":\"http:\\\/\\\/7segundos.com.br\\\/_CACHE\\\/images\\\/keep_ratio\\\/600_320\\\/aW1hZ2Vucy8xMzkzNDQ5OTEzY2hhcGF1LWNvdXJvLmpwZw.jpg\",\"contentUrl\":\"http:\\\/\\\/7segundos.com.br\\\/_CACHE\\\/images\\\/keep_ratio\\\/600_320\\\/aW1hZ2Vucy8xMzkzNDQ5OTEzY2hhcGF1LWNvdXJvLmpwZw.jpg\"},{\"@type\":\"BreadcrumbList\",\"@id\":\"https:\\\/\\\/blogdofarnesio.com.br\\\/?p=75216#breadcrumb\",\"itemListElement\":[{\"@type\":\"ListItem\",\"position\":1,\"name\":\"In\u00edcio\",\"item\":\"https:\\\/\\\/blogdofarnesio.com.br\\\/\"},{\"@type\":\"ListItem\",\"position\":2,\"name\":\"DEPOIS DE DESMENTIDA, MORTE DE CHAP\u00c9U DE COURO FOI CONFIRMADA POR SEU ADVOGADO\"}]},{\"@type\":\"WebSite\",\"@id\":\"https:\\\/\\\/blogdofarnesio.com.br\\\/#website\",\"url\":\"https:\\\/\\\/blogdofarnesio.com.br\\\/\",\"name\":\"Blog do Farn\u00e9sio\",\"description\":\"Quer Saber Pol\u00edtica?\",\"publisher\":{\"@id\":\"https:\\\/\\\/blogdofarnesio.com.br\\\/#organization\"},\"potentialAction\":[{\"@type\":\"SearchAction\",\"target\":{\"@type\":\"EntryPoint\",\"urlTemplate\":\"https:\\\/\\\/blogdofarnesio.com.br\\\/?s={search_term_string}\"},\"query-input\":{\"@type\":\"PropertyValueSpecification\",\"valueRequired\":true,\"valueName\":\"search_term_string\"}}],\"inLanguage\":\"pt-BR\"},{\"@type\":\"Organization\",\"@id\":\"https:\\\/\\\/blogdofarnesio.com.br\\\/#organization\",\"name\":\"Blog do Farn\u00e9sio\",\"url\":\"https:\\\/\\\/blogdofarnesio.com.br\\\/\",\"logo\":{\"@type\":\"ImageObject\",\"inLanguage\":\"pt-BR\",\"@id\":\"https:\\\/\\\/blogdofarnesio.com.br\\\/#\\\/schema\\\/logo\\\/image\\\/\",\"url\":\"https:\\\/\\\/blogdofarnesio.com.br\\\/wp-content\\\/uploads\\\/2026\\\/03\\\/cropped-logo_new-1.png\",\"contentUrl\":\"https:\\\/\\\/blogdofarnesio.com.br\\\/wp-content\\\/uploads\\\/2026\\\/03\\\/cropped-logo_new-1.png\",\"width\":881,\"height\":685,\"caption\":\"Blog do Farn\u00e9sio\"},\"image\":{\"@id\":\"https:\\\/\\\/blogdofarnesio.com.br\\\/#\\\/schema\\\/logo\\\/image\\\/\"},\"sameAs\":[\"https:\\\/\\\/www.facebook.com\\\/BlogQuerSaberPolitica\\\/\"]},{\"@type\":\"Person\",\"@id\":\"https:\\\/\\\/blogdofarnesio.com.br\\\/#\\\/schema\\\/person\\\/dd1bf5eba40b687199ba45ca6b97dff9\",\"name\":\"teste\",\"image\":{\"@type\":\"ImageObject\",\"inLanguage\":\"pt-BR\",\"@id\":\"https:\\\/\\\/secure.gravatar.com\\\/avatar\\\/2172498d4914b51e1d89a0f97957b035ac4938723a5cac208135d389b6972a6d?s=96&d=mm&r=g\",\"url\":\"https:\\\/\\\/secure.gravatar.com\\\/avatar\\\/2172498d4914b51e1d89a0f97957b035ac4938723a5cac208135d389b6972a6d?s=96&d=mm&r=g\",\"contentUrl\":\"https:\\\/\\\/secure.gravatar.com\\\/avatar\\\/2172498d4914b51e1d89a0f97957b035ac4938723a5cac208135d389b6972a6d?s=96&d=mm&r=g\",\"caption\":\"teste\"},\"url\":\"https:\\\/\\\/blogdofarnesio.com.br\\\/?author=3\"}]}<\/script>\n<!-- \/ Yoast SEO plugin. -->","yoast_head_json":{"title":"DEPOIS DE DESMENTIDA, MORTE DE CHAP\u00c9U DE COURO FOI CONFIRMADA POR SEU ADVOGADO - Blog do Farn\u00e9sio","robots":{"index":"index","follow":"follow","max-snippet":"max-snippet:-1","max-image-preview":"max-image-preview:large","max-video-preview":"max-video-preview:-1"},"canonical":"https:\/\/blogdofarnesio.com.br\/?p=75216","og_locale":"pt_BR","og_type":"article","og_title":"DEPOIS DE DESMENTIDA, MORTE DE CHAP\u00c9U DE COURO FOI CONFIRMADA POR SEU ADVOGADO - Blog do Farn\u00e9sio","og_description":"Foi confirmada na manh\u00e3 desta quinta-feira (6) a morte de Maur\u00edcio Guedes, mais conhecido como \u201cChap\u00e9u de Couro\u201d. A informa\u00e7\u00e3o foi do advogado Ev\u00e2nio Moura. Chap\u00e9u de Couro estava detido no complexo penitenci\u00e1rio em Sergipe, quando sofreu um Acidente Vascular Cerebral (AVC) no dia 25 de fevereiro. Ele estava internado no Hospital S\u00e3o Lucas, em Aracaju. No \u00faltimo dia 26 ocorreu um boato de que o pistoleiro teria morrido. Mas Secretaria de Justi\u00e7a de Sergipe negou a informa\u00e7\u00e3o. Fonte: Site 7segundos","og_url":"https:\/\/blogdofarnesio.com.br\/?p=75216","og_site_name":"Blog do Farn\u00e9sio","article_publisher":"https:\/\/www.facebook.com\/BlogQuerSaberPolitica\/","article_published_time":"2014-03-06T23:00:41+00:00","og_image":[{"url":"http:\/\/7segundos.com.br\/_CACHE\/images\/keep_ratio\/600_320\/aW1hZ2Vucy8xMzkzNDQ5OTEzY2hhcGF1LWNvdXJvLmpwZw.jpg","type":"","width":"","height":""}],"author":"teste","twitter_card":"summary_large_image","twitter_misc":{"Escrito por":"teste"},"schema":{"@context":"https:\/\/schema.org","@graph":[{"@type":"Article","@id":"https:\/\/blogdofarnesio.com.br\/?p=75216#article","isPartOf":{"@id":"https:\/\/blogdofarnesio.com.br\/?p=75216"},"author":{"name":"teste","@id":"https:\/\/blogdofarnesio.com.br\/#\/schema\/person\/dd1bf5eba40b687199ba45ca6b97dff9"},"headline":"DEPOIS DE DESMENTIDA, MORTE DE CHAP\u00c9U DE COURO FOI CONFIRMADA POR SEU ADVOGADO","datePublished":"2014-03-06T23:00:41+00:00","mainEntityOfPage":{"@id":"https:\/\/blogdofarnesio.com.br\/?p=75216"},"wordCount":101,"commentCount":0,"publisher":{"@id":"https:\/\/blogdofarnesio.com.br\/#organization"},"image":{"@id":"https:\/\/blogdofarnesio.com.br\/?p=75216#primaryimage"},"thumbnailUrl":"http:\/\/7segundos.com.br\/_CACHE\/images\/keep_ratio\/600_320\/aW1hZ2Vucy8xMzkzNDQ5OTEzY2hhcGF1LWNvdXJvLmpwZw.jpg","articleSection":["Justi\u00e7a"],"inLanguage":"pt-BR","potentialAction":[{"@type":"CommentAction","name":"Comment","target":["https:\/\/blogdofarnesio.com.br\/?p=75216#respond"]}]},{"@type":"WebPage","@id":"https:\/\/blogdofarnesio.com.br\/?p=75216","url":"https:\/\/blogdofarnesio.com.br\/?p=75216","name":"DEPOIS DE DESMENTIDA, MORTE DE CHAP\u00c9U DE COURO FOI CONFIRMADA POR SEU ADVOGADO - Blog do Farn\u00e9sio","isPartOf":{"@id":"https:\/\/blogdofarnesio.com.br\/#website"},"primaryImageOfPage":{"@id":"https:\/\/blogdofarnesio.com.br\/?p=75216#primaryimage"},"image":{"@id":"https:\/\/blogdofarnesio.com.br\/?p=75216#primaryimage"},"thumbnailUrl":"http:\/\/7segundos.com.br\/_CACHE\/images\/keep_ratio\/600_320\/aW1hZ2Vucy8xMzkzNDQ5OTEzY2hhcGF1LWNvdXJvLmpwZw.jpg","datePublished":"2014-03-06T23:00:41+00:00","breadcrumb":{"@id":"https:\/\/blogdofarnesio.com.br\/?p=75216#breadcrumb"},"inLanguage":"pt-BR","potentialAction":[{"@type":"ReadAction","target":["https:\/\/blogdofarnesio.com.br\/?p=75216"]}]},{"@type":"ImageObject","inLanguage":"pt-BR","@id":"https:\/\/blogdofarnesio.com.br\/?p=75216#primaryimage","url":"http:\/\/7segundos.com.br\/_CACHE\/images\/keep_ratio\/600_320\/aW1hZ2Vucy8xMzkzNDQ5OTEzY2hhcGF1LWNvdXJvLmpwZw.jpg","contentUrl":"http:\/\/7segundos.com.br\/_CACHE\/images\/keep_ratio\/600_320\/aW1hZ2Vucy8xMzkzNDQ5OTEzY2hhcGF1LWNvdXJvLmpwZw.jpg"},{"@type":"BreadcrumbList","@id":"https:\/\/blogdofarnesio.com.br\/?p=75216#breadcrumb","itemListElement":[{"@type":"ListItem","position":1,"name":"In\u00edcio","item":"https:\/\/blogdofarnesio.com.br\/"},{"@type":"ListItem","position":2,"name":"DEPOIS DE DESMENTIDA, MORTE DE CHAP\u00c9U DE COURO FOI CONFIRMADA POR SEU ADVOGADO"}]},{"@type":"WebSite","@id":"https:\/\/blogdofarnesio.com.br\/#website","url":"https:\/\/blogdofarnesio.com.br\/","name":"Blog do Farn\u00e9sio","description":"Quer Saber Pol\u00edtica?","publisher":{"@id":"https:\/\/blogdofarnesio.com.br\/#organization"},"potentialAction":[{"@type":"SearchAction","target":{"@type":"EntryPoint","urlTemplate":"https:\/\/blogdofarnesio.com.br\/?s={search_term_string}"},"query-input":{"@type":"PropertyValueSpecification","valueRequired":true,"valueName":"search_term_string"}}],"inLanguage":"pt-BR"},{"@type":"Organization","@id":"https:\/\/blogdofarnesio.com.br\/#organization","name":"Blog do Farn\u00e9sio","url":"https:\/\/blogdofarnesio.com.br\/","logo":{"@type":"ImageObject","inLanguage":"pt-BR","@id":"https:\/\/blogdofarnesio.com.br\/#\/schema\/logo\/image\/","url":"https:\/\/blogdofarnesio.com.br\/wp-content\/uploads\/2026\/03\/cropped-logo_new-1.png","contentUrl":"https:\/\/blogdofarnesio.com.br\/wp-content\/uploads\/2026\/03\/cropped-logo_new-1.png","width":881,"height":685,"caption":"Blog do Farn\u00e9sio"},"image":{"@id":"https:\/\/blogdofarnesio.com.br\/#\/schema\/logo\/image\/"},"sameAs":["https:\/\/www.facebook.com\/BlogQuerSaberPolitica\/"]},{"@type":"Person","@id":"https:\/\/blogdofarnesio.com.br\/#\/schema\/person\/dd1bf5eba40b687199ba45ca6b97dff9","name":"teste","image":{"@type":"ImageObject","inLanguage":"pt-BR","@id":"https:\/\/secure.gravatar.com\/avatar\/2172498d4914b51e1d89a0f97957b035ac4938723a5cac208135d389b6972a6d?s=96&d=mm&r=g","url":"https:\/\/secure.gravatar.com\/avatar\/2172498d4914b51e1d89a0f97957b035ac4938723a5cac208135d389b6972a6d?s=96&d=mm&r=g","contentUrl":"https:\/\/secure.gravatar.com\/avatar\/2172498d4914b51e1d89a0f97957b035ac4938723a5cac208135d389b6972a6d?s=96&d=mm&r=g","caption":"teste"},"url":"https:\/\/blogdofarnesio.com.br\/?author=3"}]}},"_links":{"self":[{"href":"https:\/\/blogdofarnesio.com.br\/index.php?rest_route=\/wp\/v2\/posts\/75216","targetHints":{"allow":["GET"]}}],"collection":[{"href":"https:\/\/blogdofarnesio.com.br\/index.php?rest_route=\/wp\/v2\/posts"}],"about":[{"href":"https:\/\/blogdofarnesio.com.br\/index.php?rest_route=\/wp\/v2\/types\/post"}],"author":[{"embeddable":true,"href":"https:\/\/blogdofarnesio.com.br\/index.php?rest_route=\/wp\/v2\/users\/3"}],"replies":[{"embeddable":true,"href":"https:\/\/blogdofarnesio.com.br\/index.php?rest_route=%2Fwp%2Fv2%2Fcomments&post=75216"}],"version-history":[{"count":0,"href":"https:\/\/blogdofarnesio.com.br\/index.php?rest_route=\/wp\/v2\/posts\/75216\/revisions"}],"wp:attachment":[{"href":"https:\/\/blogdofarnesio.com.br\/index.php?rest_route=%2Fwp%2Fv2%2Fmedia&parent=75216"}],"wp:term":[{"taxonomy":"category","embeddable":true,"href":"https:\/\/blogdofarnesio.com.br\/index.php?rest_route=%2Fwp%2Fv2%2Fcategories&post=75216"},{"taxonomy":"post_tag","embeddable":true,"href":"https:\/\/blogdofarnesio.com.br\/index.php?rest_route=%2Fwp%2Fv2%2Ftags&post=75216"}],"curies":[{"name":"wp","href":"https:\/\/api.w.org\/{rel}","templated":true}]}}