{"id":75168,"date":"2014-03-06T11:03:52","date_gmt":"2014-03-06T14:03:52","guid":{"rendered":"http:\/\/www.quersaberpolitica.com.br\/?p=75168"},"modified":"2014-03-06T09:27:50","modified_gmt":"2014-03-06T12:27:50","slug":"servidores-de-universidades-federais-ameacam-greve-se-acordo-nao-for-cumprido","status":"publish","type":"post","link":"https:\/\/blogdofarnesio.com.br\/?p=75168","title":{"rendered":"SERVIDORES DE UNIVERSIDADES FEDERAIS AMEA\u00c7AM GREVE SE ACORDO N\u00c3O FOR CUMPRIDO"},"content":{"rendered":"<h1 style=\"text-align: justify\"><\/h1>\n<figure id=\"attachment_27545\" aria-describedby=\"caption-attachment-27545\" style=\"width: 300px\" class=\"wp-caption alignleft\"><a href=\"http:\/\/www.quersaberpolitica.com.br\/2016\/wp-content\/uploads\/2013\/02\/blogqspUnivasf-petrolina.jpg\"><img loading=\"lazy\" decoding=\"async\" class=\"size-full wp-image-27545\" alt=\"Ilustra\u00e7\u00e3o\" src=\"http:\/\/www.quersaberpolitica.com.br\/2016\/wp-content\/uploads\/2013\/02\/blogqspUnivasf-petrolina.jpg\" width=\"300\" height=\"168\" \/><\/a><figcaption id=\"caption-attachment-27545\" class=\"wp-caption-text\">Ilustra\u00e7\u00e3o<\/figcaption><\/figure>\n<p style=\"text-align: justify\">Os funcion\u00e1rios t\u00e9cnico-administrativos das institui\u00e7\u00f5es federais de ensino superior prometem entrar em greve a partir do pr\u00f3ximo dia 17, em todo o pa\u00eds.<\/p>\n<p style=\"text-align: justify\">Mas, segundo disse nesta quarta-feira (5) \u00e0 Ag\u00eancia Brasil um dos coordenadores-gerais da Federa\u00e7\u00e3o de Sindicatos de Trabalhadores T\u00e9cnico-Administrativo em Institui\u00e7\u00f5es de Ensino Superior P\u00fablicas do Brasil (Fasubra), Paulo Henrique Rodrigues dos Santos, caso o governo decida pelo cumprimento total do acordo de greve de 2012, o movimento poder\u00e1 ser suspenso.<\/p>\n<div id=\"divMateria\" style=\"text-align: justify\">\n<p>Nesta quinta (6) e sexta-feira (7), a Fasubra se reunir\u00e1 com representantes dos minist\u00e9rios da Educa\u00e7\u00e3o e do Planejamento com a inten\u00e7\u00e3o de fechar esse acordo. Paulo Santos informou que falta o governo negociar os resultados dos grupos de trabalho que foram \u00a0formados ap\u00f3s o final da \u00faltima greve. \u201cN\u00f3s vamos sentar para acabar de fechar o acordo todo. Vai ter a negocia\u00e7\u00e3o dos resultados dos grupos de trabalho. Se o governo atender \u00e0 nossa expectativa, n\u00e3o haver\u00e1 motivo para a greve\u201d.<!--more--><\/p>\n<p>A decis\u00e3o de iniciar uma greve em mar\u00e7o deste ano foi tomada em plen\u00e1ria realizada pela Fasubra no in\u00edcio de fevereiro. Al\u00e9m do cumprimento do acordo de greve de 2012, a categoria reivindica a implementa\u00e7\u00e3o da jornada de 30 horas semanais, j\u00e1 prevista por um decreto presidencial, segundo Santos, bastando apenas que as universidades fa\u00e7am um estudo para sua aplica\u00e7\u00e3o. Os trabalhadores buscam tamb\u00e9m contagem especial do tempo de servi\u00e7o para trabalhadores com insalubridade.<\/p>\n<p>A \u00a0pauta de reivindica\u00e7\u00f5es inclui, ainda, a abertura imediata de concursos p\u00fablicos. Santos salientou que o processo de expans\u00e3o das universidades \u00a0n\u00e3o foi acompanhado por novas contrata\u00e7\u00f5es pelo regime jur\u00eddico \u00fanico. \u00a0Os concursos s\u00e3o necess\u00e1rios para que ocorra a recomposi\u00e7\u00e3o dos quadros, explicou.<\/p>\n<p>A categoria tem 142 mil trabalhadores na ativa em 63 universidades federais em todo o territ\u00f3rio brasileiro. Somando os aposentados, esse n\u00famero sobe para 174 mil. O coordenador-geral da Fasubra informou que a maior concentra\u00e7\u00e3o, em n\u00famero de universidades federais, est\u00e1 em Minas Gerais, com 14 unidades. J\u00e1 a maior concentra\u00e7\u00e3o de trabalhadores atuando nas universidades federais \u00e9 registrado no estado do Rio de Janeiro, com cerca de 23 mil pessoas.<\/p>\n<\/div>\n<div style=\"text-align: justify\">\n<p>Fonte: Ag\u00eancia Brasil<\/p>\n<\/div>\n","protected":false},"excerpt":{"rendered":"<p>Os funcion\u00e1rios t\u00e9cnico-administrativos das institui\u00e7\u00f5es federais de ensino superior prometem entrar em greve a partir do pr\u00f3ximo dia 17, em todo o pa\u00eds. Mas, segundo disse nesta quarta-feira (5) \u00e0 Ag\u00eancia Brasil um dos coordenadores-gerais da Federa\u00e7\u00e3o de Sindicatos de Trabalhadores T\u00e9cnico-Administrativo em Institui\u00e7\u00f5es de Ensino Superior P\u00fablicas do Brasil (Fasubra), Paulo Henrique Rodrigues dos Santos, caso o governo decida pelo cumprimento total do acordo de greve de 2012, o movimento poder\u00e1 ser suspenso. Nesta quinta (6) e sexta-feira (7), a Fasubra se reunir\u00e1 com representantes dos minist\u00e9rios da Educa\u00e7\u00e3o e do Planejamento com a inten\u00e7\u00e3o de fechar esse acordo. Paulo Santos informou que falta o governo negociar os resultados dos grupos de trabalho que foram \u00a0formados ap\u00f3s o final&hellip; <\/p>\n","protected":false},"author":3,"featured_media":0,"comment_status":"open","ping_status":"open","sticky":false,"template":"","format":"standard","meta":{"_acf_changed":false,"footnotes":""},"categories":[19],"tags":[],"class_list":["post-75168","post","type-post","status-publish","format-standard","hentry","category-servidores"],"acf":[],"yoast_head":"<!-- This site is optimized with the Yoast SEO plugin v27.4 - https:\/\/yoast.com\/product\/yoast-seo-wordpress\/ -->\n<title>SERVIDORES DE UNIVERSIDADES FEDERAIS AMEA\u00c7AM GREVE SE ACORDO N\u00c3O FOR CUMPRIDO - Blog do Farn\u00e9sio<\/title>\n<meta name=\"robots\" content=\"index, follow, max-snippet:-1, max-image-preview:large, max-video-preview:-1\" \/>\n<link rel=\"canonical\" href=\"https:\/\/blogdofarnesio.com.br\/?p=75168\" \/>\n<meta property=\"og:locale\" content=\"pt_BR\" \/>\n<meta property=\"og:type\" content=\"article\" \/>\n<meta property=\"og:title\" content=\"SERVIDORES DE UNIVERSIDADES FEDERAIS AMEA\u00c7AM GREVE SE ACORDO N\u00c3O FOR CUMPRIDO - Blog do Farn\u00e9sio\" \/>\n<meta property=\"og:description\" content=\"Os funcion\u00e1rios t\u00e9cnico-administrativos das institui\u00e7\u00f5es federais de ensino superior prometem entrar em greve a partir do pr\u00f3ximo dia 17, em todo o pa\u00eds. Mas, segundo disse nesta quarta-feira (5) \u00e0 Ag\u00eancia Brasil um dos coordenadores-gerais da Federa\u00e7\u00e3o de Sindicatos de Trabalhadores T\u00e9cnico-Administrativo em Institui\u00e7\u00f5es de Ensino Superior P\u00fablicas do Brasil (Fasubra), Paulo Henrique Rodrigues dos Santos, caso o governo decida pelo cumprimento total do acordo de greve de 2012, o movimento poder\u00e1 ser suspenso. Nesta quinta (6) e sexta-feira (7), a Fasubra se reunir\u00e1 com representantes dos minist\u00e9rios da Educa\u00e7\u00e3o e do Planejamento com a inten\u00e7\u00e3o de fechar esse acordo. Paulo Santos informou que falta o governo negociar os resultados dos grupos de trabalho que foram \u00a0formados ap\u00f3s o final&hellip;\" \/>\n<meta property=\"og:url\" content=\"https:\/\/blogdofarnesio.com.br\/?p=75168\" \/>\n<meta property=\"og:site_name\" content=\"Blog do Farn\u00e9sio\" \/>\n<meta property=\"article:publisher\" content=\"https:\/\/www.facebook.com\/BlogQuerSaberPolitica\/\" \/>\n<meta property=\"article:published_time\" content=\"2014-03-06T14:03:52+00:00\" \/>\n<meta property=\"og:image\" content=\"http:\/\/www.quersaberpolitica.com.br\/2016\/wp-content\/uploads\/2013\/02\/blogqspUnivasf-petrolina.jpg\" \/>\n<meta name=\"author\" content=\"teste\" \/>\n<meta name=\"twitter:card\" content=\"summary_large_image\" \/>\n<meta name=\"twitter:label1\" content=\"Escrito por\" \/>\n\t<meta name=\"twitter:data1\" content=\"teste\" \/>\n\t<meta name=\"twitter:label2\" content=\"Est. tempo de leitura\" \/>\n\t<meta name=\"twitter:data2\" content=\"2 minutos\" \/>\n<script type=\"application\/ld+json\" class=\"yoast-schema-graph\">{\"@context\":\"https:\\\/\\\/schema.org\",\"@graph\":[{\"@type\":\"Article\",\"@id\":\"https:\\\/\\\/blogdofarnesio.com.br\\\/?p=75168#article\",\"isPartOf\":{\"@id\":\"https:\\\/\\\/blogdofarnesio.com.br\\\/?p=75168\"},\"author\":{\"name\":\"teste\",\"@id\":\"https:\\\/\\\/blogdofarnesio.com.br\\\/#\\\/schema\\\/person\\\/dd1bf5eba40b687199ba45ca6b97dff9\"},\"headline\":\"SERVIDORES DE UNIVERSIDADES FEDERAIS AMEA\u00c7AM GREVE SE ACORDO N\u00c3O FOR CUMPRIDO\",\"datePublished\":\"2014-03-06T14:03:52+00:00\",\"mainEntityOfPage\":{\"@id\":\"https:\\\/\\\/blogdofarnesio.com.br\\\/?p=75168\"},\"wordCount\":396,\"commentCount\":0,\"publisher\":{\"@id\":\"https:\\\/\\\/blogdofarnesio.com.br\\\/#organization\"},\"image\":{\"@id\":\"https:\\\/\\\/blogdofarnesio.com.br\\\/?p=75168#primaryimage\"},\"thumbnailUrl\":\"http:\\\/\\\/www.quersaberpolitica.com.br\\\/2016\\\/wp-content\\\/uploads\\\/2013\\\/02\\\/blogqspUnivasf-petrolina.jpg\",\"articleSection\":[\"Servidores\"],\"inLanguage\":\"pt-BR\",\"potentialAction\":[{\"@type\":\"CommentAction\",\"name\":\"Comment\",\"target\":[\"https:\\\/\\\/blogdofarnesio.com.br\\\/?p=75168#respond\"]}]},{\"@type\":\"WebPage\",\"@id\":\"https:\\\/\\\/blogdofarnesio.com.br\\\/?p=75168\",\"url\":\"https:\\\/\\\/blogdofarnesio.com.br\\\/?p=75168\",\"name\":\"SERVIDORES DE UNIVERSIDADES FEDERAIS AMEA\u00c7AM GREVE SE ACORDO N\u00c3O FOR CUMPRIDO - Blog do Farn\u00e9sio\",\"isPartOf\":{\"@id\":\"https:\\\/\\\/blogdofarnesio.com.br\\\/#website\"},\"primaryImageOfPage\":{\"@id\":\"https:\\\/\\\/blogdofarnesio.com.br\\\/?p=75168#primaryimage\"},\"image\":{\"@id\":\"https:\\\/\\\/blogdofarnesio.com.br\\\/?p=75168#primaryimage\"},\"thumbnailUrl\":\"http:\\\/\\\/www.quersaberpolitica.com.br\\\/2016\\\/wp-content\\\/uploads\\\/2013\\\/02\\\/blogqspUnivasf-petrolina.jpg\",\"datePublished\":\"2014-03-06T14:03:52+00:00\",\"breadcrumb\":{\"@id\":\"https:\\\/\\\/blogdofarnesio.com.br\\\/?p=75168#breadcrumb\"},\"inLanguage\":\"pt-BR\",\"potentialAction\":[{\"@type\":\"ReadAction\",\"target\":[\"https:\\\/\\\/blogdofarnesio.com.br\\\/?p=75168\"]}]},{\"@type\":\"ImageObject\",\"inLanguage\":\"pt-BR\",\"@id\":\"https:\\\/\\\/blogdofarnesio.com.br\\\/?p=75168#primaryimage\",\"url\":\"http:\\\/\\\/www.quersaberpolitica.com.br\\\/2016\\\/wp-content\\\/uploads\\\/2013\\\/02\\\/blogqspUnivasf-petrolina.jpg\",\"contentUrl\":\"http:\\\/\\\/www.quersaberpolitica.com.br\\\/2016\\\/wp-content\\\/uploads\\\/2013\\\/02\\\/blogqspUnivasf-petrolina.jpg\"},{\"@type\":\"BreadcrumbList\",\"@id\":\"https:\\\/\\\/blogdofarnesio.com.br\\\/?p=75168#breadcrumb\",\"itemListElement\":[{\"@type\":\"ListItem\",\"position\":1,\"name\":\"In\u00edcio\",\"item\":\"https:\\\/\\\/blogdofarnesio.com.br\\\/\"},{\"@type\":\"ListItem\",\"position\":2,\"name\":\"SERVIDORES DE UNIVERSIDADES FEDERAIS AMEA\u00c7AM GREVE SE ACORDO N\u00c3O FOR CUMPRIDO\"}]},{\"@type\":\"WebSite\",\"@id\":\"https:\\\/\\\/blogdofarnesio.com.br\\\/#website\",\"url\":\"https:\\\/\\\/blogdofarnesio.com.br\\\/\",\"name\":\"Blog do Farn\u00e9sio\",\"description\":\"Quer Saber Pol\u00edtica?\",\"publisher\":{\"@id\":\"https:\\\/\\\/blogdofarnesio.com.br\\\/#organization\"},\"potentialAction\":[{\"@type\":\"SearchAction\",\"target\":{\"@type\":\"EntryPoint\",\"urlTemplate\":\"https:\\\/\\\/blogdofarnesio.com.br\\\/?s={search_term_string}\"},\"query-input\":{\"@type\":\"PropertyValueSpecification\",\"valueRequired\":true,\"valueName\":\"search_term_string\"}}],\"inLanguage\":\"pt-BR\"},{\"@type\":\"Organization\",\"@id\":\"https:\\\/\\\/blogdofarnesio.com.br\\\/#organization\",\"name\":\"Blog do Farn\u00e9sio\",\"url\":\"https:\\\/\\\/blogdofarnesio.com.br\\\/\",\"logo\":{\"@type\":\"ImageObject\",\"inLanguage\":\"pt-BR\",\"@id\":\"https:\\\/\\\/blogdofarnesio.com.br\\\/#\\\/schema\\\/logo\\\/image\\\/\",\"url\":\"https:\\\/\\\/blogdofarnesio.com.br\\\/wp-content\\\/uploads\\\/2026\\\/03\\\/cropped-logo_new-1.png\",\"contentUrl\":\"https:\\\/\\\/blogdofarnesio.com.br\\\/wp-content\\\/uploads\\\/2026\\\/03\\\/cropped-logo_new-1.png\",\"width\":881,\"height\":685,\"caption\":\"Blog do Farn\u00e9sio\"},\"image\":{\"@id\":\"https:\\\/\\\/blogdofarnesio.com.br\\\/#\\\/schema\\\/logo\\\/image\\\/\"},\"sameAs\":[\"https:\\\/\\\/www.facebook.com\\\/BlogQuerSaberPolitica\\\/\"]},{\"@type\":\"Person\",\"@id\":\"https:\\\/\\\/blogdofarnesio.com.br\\\/#\\\/schema\\\/person\\\/dd1bf5eba40b687199ba45ca6b97dff9\",\"name\":\"teste\",\"image\":{\"@type\":\"ImageObject\",\"inLanguage\":\"pt-BR\",\"@id\":\"https:\\\/\\\/secure.gravatar.com\\\/avatar\\\/2172498d4914b51e1d89a0f97957b035ac4938723a5cac208135d389b6972a6d?s=96&d=mm&r=g\",\"url\":\"https:\\\/\\\/secure.gravatar.com\\\/avatar\\\/2172498d4914b51e1d89a0f97957b035ac4938723a5cac208135d389b6972a6d?s=96&d=mm&r=g\",\"contentUrl\":\"https:\\\/\\\/secure.gravatar.com\\\/avatar\\\/2172498d4914b51e1d89a0f97957b035ac4938723a5cac208135d389b6972a6d?s=96&d=mm&r=g\",\"caption\":\"teste\"},\"url\":\"https:\\\/\\\/blogdofarnesio.com.br\\\/?author=3\"}]}<\/script>\n<!-- \/ Yoast SEO plugin. -->","yoast_head_json":{"title":"SERVIDORES DE UNIVERSIDADES FEDERAIS AMEA\u00c7AM GREVE SE ACORDO N\u00c3O FOR CUMPRIDO - Blog do Farn\u00e9sio","robots":{"index":"index","follow":"follow","max-snippet":"max-snippet:-1","max-image-preview":"max-image-preview:large","max-video-preview":"max-video-preview:-1"},"canonical":"https:\/\/blogdofarnesio.com.br\/?p=75168","og_locale":"pt_BR","og_type":"article","og_title":"SERVIDORES DE UNIVERSIDADES FEDERAIS AMEA\u00c7AM GREVE SE ACORDO N\u00c3O FOR CUMPRIDO - Blog do Farn\u00e9sio","og_description":"Os funcion\u00e1rios t\u00e9cnico-administrativos das institui\u00e7\u00f5es federais de ensino superior prometem entrar em greve a partir do pr\u00f3ximo dia 17, em todo o pa\u00eds. Mas, segundo disse nesta quarta-feira (5) \u00e0 Ag\u00eancia Brasil um dos coordenadores-gerais da Federa\u00e7\u00e3o de Sindicatos de Trabalhadores T\u00e9cnico-Administrativo em Institui\u00e7\u00f5es de Ensino Superior P\u00fablicas do Brasil (Fasubra), Paulo Henrique Rodrigues dos Santos, caso o governo decida pelo cumprimento total do acordo de greve de 2012, o movimento poder\u00e1 ser suspenso. Nesta quinta (6) e sexta-feira (7), a Fasubra se reunir\u00e1 com representantes dos minist\u00e9rios da Educa\u00e7\u00e3o e do Planejamento com a inten\u00e7\u00e3o de fechar esse acordo. Paulo Santos informou que falta o governo negociar os resultados dos grupos de trabalho que foram \u00a0formados ap\u00f3s o final&hellip;","og_url":"https:\/\/blogdofarnesio.com.br\/?p=75168","og_site_name":"Blog do Farn\u00e9sio","article_publisher":"https:\/\/www.facebook.com\/BlogQuerSaberPolitica\/","article_published_time":"2014-03-06T14:03:52+00:00","og_image":[{"url":"http:\/\/www.quersaberpolitica.com.br\/2016\/wp-content\/uploads\/2013\/02\/blogqspUnivasf-petrolina.jpg","type":"","width":"","height":""}],"author":"teste","twitter_card":"summary_large_image","twitter_misc":{"Escrito por":"teste","Est. tempo de leitura":"2 minutos"},"schema":{"@context":"https:\/\/schema.org","@graph":[{"@type":"Article","@id":"https:\/\/blogdofarnesio.com.br\/?p=75168#article","isPartOf":{"@id":"https:\/\/blogdofarnesio.com.br\/?p=75168"},"author":{"name":"teste","@id":"https:\/\/blogdofarnesio.com.br\/#\/schema\/person\/dd1bf5eba40b687199ba45ca6b97dff9"},"headline":"SERVIDORES DE UNIVERSIDADES FEDERAIS AMEA\u00c7AM GREVE SE ACORDO N\u00c3O FOR CUMPRIDO","datePublished":"2014-03-06T14:03:52+00:00","mainEntityOfPage":{"@id":"https:\/\/blogdofarnesio.com.br\/?p=75168"},"wordCount":396,"commentCount":0,"publisher":{"@id":"https:\/\/blogdofarnesio.com.br\/#organization"},"image":{"@id":"https:\/\/blogdofarnesio.com.br\/?p=75168#primaryimage"},"thumbnailUrl":"http:\/\/www.quersaberpolitica.com.br\/2016\/wp-content\/uploads\/2013\/02\/blogqspUnivasf-petrolina.jpg","articleSection":["Servidores"],"inLanguage":"pt-BR","potentialAction":[{"@type":"CommentAction","name":"Comment","target":["https:\/\/blogdofarnesio.com.br\/?p=75168#respond"]}]},{"@type":"WebPage","@id":"https:\/\/blogdofarnesio.com.br\/?p=75168","url":"https:\/\/blogdofarnesio.com.br\/?p=75168","name":"SERVIDORES DE UNIVERSIDADES FEDERAIS AMEA\u00c7AM GREVE SE ACORDO N\u00c3O FOR CUMPRIDO - Blog do Farn\u00e9sio","isPartOf":{"@id":"https:\/\/blogdofarnesio.com.br\/#website"},"primaryImageOfPage":{"@id":"https:\/\/blogdofarnesio.com.br\/?p=75168#primaryimage"},"image":{"@id":"https:\/\/blogdofarnesio.com.br\/?p=75168#primaryimage"},"thumbnailUrl":"http:\/\/www.quersaberpolitica.com.br\/2016\/wp-content\/uploads\/2013\/02\/blogqspUnivasf-petrolina.jpg","datePublished":"2014-03-06T14:03:52+00:00","breadcrumb":{"@id":"https:\/\/blogdofarnesio.com.br\/?p=75168#breadcrumb"},"inLanguage":"pt-BR","potentialAction":[{"@type":"ReadAction","target":["https:\/\/blogdofarnesio.com.br\/?p=75168"]}]},{"@type":"ImageObject","inLanguage":"pt-BR","@id":"https:\/\/blogdofarnesio.com.br\/?p=75168#primaryimage","url":"http:\/\/www.quersaberpolitica.com.br\/2016\/wp-content\/uploads\/2013\/02\/blogqspUnivasf-petrolina.jpg","contentUrl":"http:\/\/www.quersaberpolitica.com.br\/2016\/wp-content\/uploads\/2013\/02\/blogqspUnivasf-petrolina.jpg"},{"@type":"BreadcrumbList","@id":"https:\/\/blogdofarnesio.com.br\/?p=75168#breadcrumb","itemListElement":[{"@type":"ListItem","position":1,"name":"In\u00edcio","item":"https:\/\/blogdofarnesio.com.br\/"},{"@type":"ListItem","position":2,"name":"SERVIDORES DE UNIVERSIDADES FEDERAIS AMEA\u00c7AM GREVE SE ACORDO N\u00c3O FOR CUMPRIDO"}]},{"@type":"WebSite","@id":"https:\/\/blogdofarnesio.com.br\/#website","url":"https:\/\/blogdofarnesio.com.br\/","name":"Blog do Farn\u00e9sio","description":"Quer Saber Pol\u00edtica?","publisher":{"@id":"https:\/\/blogdofarnesio.com.br\/#organization"},"potentialAction":[{"@type":"SearchAction","target":{"@type":"EntryPoint","urlTemplate":"https:\/\/blogdofarnesio.com.br\/?s={search_term_string}"},"query-input":{"@type":"PropertyValueSpecification","valueRequired":true,"valueName":"search_term_string"}}],"inLanguage":"pt-BR"},{"@type":"Organization","@id":"https:\/\/blogdofarnesio.com.br\/#organization","name":"Blog do Farn\u00e9sio","url":"https:\/\/blogdofarnesio.com.br\/","logo":{"@type":"ImageObject","inLanguage":"pt-BR","@id":"https:\/\/blogdofarnesio.com.br\/#\/schema\/logo\/image\/","url":"https:\/\/blogdofarnesio.com.br\/wp-content\/uploads\/2026\/03\/cropped-logo_new-1.png","contentUrl":"https:\/\/blogdofarnesio.com.br\/wp-content\/uploads\/2026\/03\/cropped-logo_new-1.png","width":881,"height":685,"caption":"Blog do Farn\u00e9sio"},"image":{"@id":"https:\/\/blogdofarnesio.com.br\/#\/schema\/logo\/image\/"},"sameAs":["https:\/\/www.facebook.com\/BlogQuerSaberPolitica\/"]},{"@type":"Person","@id":"https:\/\/blogdofarnesio.com.br\/#\/schema\/person\/dd1bf5eba40b687199ba45ca6b97dff9","name":"teste","image":{"@type":"ImageObject","inLanguage":"pt-BR","@id":"https:\/\/secure.gravatar.com\/avatar\/2172498d4914b51e1d89a0f97957b035ac4938723a5cac208135d389b6972a6d?s=96&d=mm&r=g","url":"https:\/\/secure.gravatar.com\/avatar\/2172498d4914b51e1d89a0f97957b035ac4938723a5cac208135d389b6972a6d?s=96&d=mm&r=g","contentUrl":"https:\/\/secure.gravatar.com\/avatar\/2172498d4914b51e1d89a0f97957b035ac4938723a5cac208135d389b6972a6d?s=96&d=mm&r=g","caption":"teste"},"url":"https:\/\/blogdofarnesio.com.br\/?author=3"}]}},"_links":{"self":[{"href":"https:\/\/blogdofarnesio.com.br\/index.php?rest_route=\/wp\/v2\/posts\/75168","targetHints":{"allow":["GET"]}}],"collection":[{"href":"https:\/\/blogdofarnesio.com.br\/index.php?rest_route=\/wp\/v2\/posts"}],"about":[{"href":"https:\/\/blogdofarnesio.com.br\/index.php?rest_route=\/wp\/v2\/types\/post"}],"author":[{"embeddable":true,"href":"https:\/\/blogdofarnesio.com.br\/index.php?rest_route=\/wp\/v2\/users\/3"}],"replies":[{"embeddable":true,"href":"https:\/\/blogdofarnesio.com.br\/index.php?rest_route=%2Fwp%2Fv2%2Fcomments&post=75168"}],"version-history":[{"count":0,"href":"https:\/\/blogdofarnesio.com.br\/index.php?rest_route=\/wp\/v2\/posts\/75168\/revisions"}],"wp:attachment":[{"href":"https:\/\/blogdofarnesio.com.br\/index.php?rest_route=%2Fwp%2Fv2%2Fmedia&parent=75168"}],"wp:term":[{"taxonomy":"category","embeddable":true,"href":"https:\/\/blogdofarnesio.com.br\/index.php?rest_route=%2Fwp%2Fv2%2Fcategories&post=75168"},{"taxonomy":"post_tag","embeddable":true,"href":"https:\/\/blogdofarnesio.com.br\/index.php?rest_route=%2Fwp%2Fv2%2Ftags&post=75168"}],"curies":[{"name":"wp","href":"https:\/\/api.w.org\/{rel}","templated":true}]}}