{"id":75159,"date":"2014-03-06T10:11:46","date_gmt":"2014-03-06T13:11:46","guid":{"rendered":"http:\/\/www.quersaberpolitica.com.br\/?p=75159"},"modified":"2014-03-06T09:53:14","modified_gmt":"2014-03-06T12:53:14","slug":"presidiarios-denunciam-maus-tratos-no-presidio-de-juazeiro","status":"publish","type":"post","link":"https:\/\/blogdofarnesio.com.br\/?p=75159","title":{"rendered":"PRESIDI\u00c1RIOS DENUNCIAM MAUS TRATOS NO PRES\u00cdDIO DE JUAZEIRO"},"content":{"rendered":"<h1 style=\"text-align: justify\"><strong><a href=\"http:\/\/www.quersaberpolitica.com.br\/2016\/wp-content\/uploads\/2014\/03\/blogqspconjuntopenalrebeliao.jpg\"><img loading=\"lazy\" decoding=\"async\" class=\"alignleft size-medium wp-image-75163\" alt=\"blogqspconjuntopenalrebeliao\" src=\"http:\/\/www.quersaberpolitica.com.br\/2016\/wp-content\/uploads\/2014\/03\/blogqspconjuntopenalrebeliao-300x174.jpg\" width=\"300\" height=\"174\" srcset=\"https:\/\/blogdofarnesio.com.br\/wp-content\/uploads\/2014\/03\/blogqspconjuntopenalrebeliao-300x174.jpg 300w, https:\/\/blogdofarnesio.com.br\/wp-content\/uploads\/2014\/03\/blogqspconjuntopenalrebeliao-500x290.jpg 500w, https:\/\/blogdofarnesio.com.br\/wp-content\/uploads\/2014\/03\/blogqspconjuntopenalrebeliao.jpg 550w\" sizes=\"auto, (max-width: 300px) 100vw, 300px\" \/><\/a><\/strong><\/h1>\n<p style=\"text-align: justify\"><strong>AP<\/strong> &#8211; Detentos do\u00a0Conjunto Penal\u00a0do munic\u00edpio de Juazeiro enviaram a impressa uma carta denunciando a administra\u00e7\u00e3o do atual Diretor do Conjunto Penal, Manoel Tadeu. Na carta eles afirmam que est\u00e3o se alimentando de comida podre e que n\u00e3o tem nenhuma assist\u00eancia m\u00e9dica dentro do pres\u00eddio.<\/p>\n<p style=\"text-align: justify\">Confira:<\/p>\n<p style=\"text-align: justify\">Os detentos que se encontram no Raio B do Pres\u00eddio de Juazeiro est\u00e3o na maior necessidade, est\u00e3o passando fome, a comida est\u00e1 sendo podre e estragada, o arroz com cheiro de \u00e1gua, carne com mau cheiro, parece lavagem. Quando \u00e9 dia de visita a dire\u00e7\u00e3o manda a comida mais ou menos para enganar os nossos familiares. J\u00e1 no raio A os familiares podem depositar R$ 150 reais para os presidi\u00e1rios fazerem compras, sem contar que entra um monte de coisas que \u00e9 irregular. Enquanto isso, no raio B os nossos familiares s\u00f3 podem depositar R$ 50 reais e entrar com um pacote de bolacha, no raio A entra mortadela, leite, bolachas, entre outras coisas.<\/p>\n<p style=\"text-align: justify\">Queremos que a popula\u00e7\u00e3o do Vale do S\u00e3o Francisco fique por dentro do que passa dentro do pres\u00eddio. Todos t\u00eam que ter direitos iguais, pedimos as autoridades competentes socorro. Senhores Ju\u00edzes \u2013 Paulo Inei e Roberto Baranhas tomem alguma provid\u00eancia. Se as coisas n\u00e3o mudarem vamos terminar ficando tuberculosos e fracos por passar fome. Aqui a assist\u00eancia social e os m\u00e9dicos s\u00f3 servem de fachadas. \u00a0O Diretor do Conjunto Penal, Manoel Tadeu, n\u00e3o \u00e9 para est\u00e1 nessa dire\u00e7\u00e3o, ele \u00e9 desumano e sem consci\u00eancia.<\/p>\n<p style=\"text-align: justify\">A reportagem do\u00a0<em><strong>A\u00e7\u00e3o Popular<\/strong><\/em>\u00a0tentou contato com a dire\u00e7\u00e3o do pres\u00eddio e n\u00e3o conseguiu.<\/p>\n","protected":false},"excerpt":{"rendered":"<p>AP &#8211; Detentos do\u00a0Conjunto Penal\u00a0do munic\u00edpio de Juazeiro enviaram a impressa uma carta denunciando a administra\u00e7\u00e3o do atual Diretor do Conjunto Penal, Manoel Tadeu. Na carta eles afirmam que est\u00e3o se alimentando de comida podre e que n\u00e3o tem nenhuma assist\u00eancia m\u00e9dica dentro do pres\u00eddio. Confira: Os detentos que se encontram no Raio B do Pres\u00eddio de Juazeiro est\u00e3o na maior necessidade, est\u00e3o passando fome, a comida est\u00e1 sendo podre e estragada, o arroz com cheiro de \u00e1gua, carne com mau cheiro, parece lavagem. Quando \u00e9 dia de visita a dire\u00e7\u00e3o manda a comida mais ou menos para enganar os nossos familiares. J\u00e1 no raio A os familiares podem depositar R$ 150 reais para os presidi\u00e1rios fazerem compras, sem contar&hellip; <\/p>\n","protected":false},"author":3,"featured_media":0,"comment_status":"open","ping_status":"open","sticky":false,"template":"","format":"standard","meta":{"_acf_changed":false,"footnotes":""},"categories":[5],"tags":[],"class_list":["post-75159","post","type-post","status-publish","format-standard","hentry","category-seguranca"],"acf":[],"yoast_head":"<!-- This site is optimized with the Yoast SEO plugin v27.4 - https:\/\/yoast.com\/product\/yoast-seo-wordpress\/ -->\n<title>PRESIDI\u00c1RIOS DENUNCIAM MAUS TRATOS NO PRES\u00cdDIO DE JUAZEIRO - Blog do Farn\u00e9sio<\/title>\n<meta name=\"robots\" content=\"index, follow, max-snippet:-1, max-image-preview:large, max-video-preview:-1\" \/>\n<link rel=\"canonical\" href=\"https:\/\/blogdofarnesio.com.br\/?p=75159\" \/>\n<meta property=\"og:locale\" content=\"pt_BR\" \/>\n<meta property=\"og:type\" content=\"article\" \/>\n<meta property=\"og:title\" content=\"PRESIDI\u00c1RIOS DENUNCIAM MAUS TRATOS NO PRES\u00cdDIO DE JUAZEIRO - Blog do Farn\u00e9sio\" \/>\n<meta property=\"og:description\" content=\"AP &#8211; Detentos do\u00a0Conjunto Penal\u00a0do munic\u00edpio de Juazeiro enviaram a impressa uma carta denunciando a administra\u00e7\u00e3o do atual Diretor do Conjunto Penal, Manoel Tadeu. Na carta eles afirmam que est\u00e3o se alimentando de comida podre e que n\u00e3o tem nenhuma assist\u00eancia m\u00e9dica dentro do pres\u00eddio. Confira: Os detentos que se encontram no Raio B do Pres\u00eddio de Juazeiro est\u00e3o na maior necessidade, est\u00e3o passando fome, a comida est\u00e1 sendo podre e estragada, o arroz com cheiro de \u00e1gua, carne com mau cheiro, parece lavagem. Quando \u00e9 dia de visita a dire\u00e7\u00e3o manda a comida mais ou menos para enganar os nossos familiares. J\u00e1 no raio A os familiares podem depositar R$ 150 reais para os presidi\u00e1rios fazerem compras, sem contar&hellip;\" \/>\n<meta property=\"og:url\" content=\"https:\/\/blogdofarnesio.com.br\/?p=75159\" \/>\n<meta property=\"og:site_name\" content=\"Blog do Farn\u00e9sio\" \/>\n<meta property=\"article:publisher\" content=\"https:\/\/www.facebook.com\/BlogQuerSaberPolitica\/\" \/>\n<meta property=\"article:published_time\" content=\"2014-03-06T13:11:46+00:00\" \/>\n<meta property=\"og:image\" content=\"http:\/\/www.quersaberpolitica.com.br\/2016\/wp-content\/uploads\/2014\/03\/blogqspconjuntopenalrebeliao-300x174.jpg\" \/>\n<meta name=\"author\" content=\"teste\" \/>\n<meta name=\"twitter:card\" content=\"summary_large_image\" \/>\n<meta name=\"twitter:label1\" content=\"Escrito por\" \/>\n\t<meta name=\"twitter:data1\" content=\"teste\" \/>\n\t<meta name=\"twitter:label2\" content=\"Est. tempo de leitura\" \/>\n\t<meta name=\"twitter:data2\" content=\"1 minuto\" \/>\n<script type=\"application\/ld+json\" class=\"yoast-schema-graph\">{\"@context\":\"https:\\\/\\\/schema.org\",\"@graph\":[{\"@type\":\"Article\",\"@id\":\"https:\\\/\\\/blogdofarnesio.com.br\\\/?p=75159#article\",\"isPartOf\":{\"@id\":\"https:\\\/\\\/blogdofarnesio.com.br\\\/?p=75159\"},\"author\":{\"name\":\"teste\",\"@id\":\"https:\\\/\\\/blogdofarnesio.com.br\\\/#\\\/schema\\\/person\\\/dd1bf5eba40b687199ba45ca6b97dff9\"},\"headline\":\"PRESIDI\u00c1RIOS DENUNCIAM MAUS TRATOS NO PRES\u00cdDIO DE JUAZEIRO\",\"datePublished\":\"2014-03-06T13:11:46+00:00\",\"mainEntityOfPage\":{\"@id\":\"https:\\\/\\\/blogdofarnesio.com.br\\\/?p=75159\"},\"wordCount\":292,\"commentCount\":4,\"publisher\":{\"@id\":\"https:\\\/\\\/blogdofarnesio.com.br\\\/#organization\"},\"image\":{\"@id\":\"https:\\\/\\\/blogdofarnesio.com.br\\\/?p=75159#primaryimage\"},\"thumbnailUrl\":\"http:\\\/\\\/www.quersaberpolitica.com.br\\\/2016\\\/wp-content\\\/uploads\\\/2014\\\/03\\\/blogqspconjuntopenalrebeliao-300x174.jpg\",\"articleSection\":[\"Seguran\u00e7a\"],\"inLanguage\":\"pt-BR\",\"potentialAction\":[{\"@type\":\"CommentAction\",\"name\":\"Comment\",\"target\":[\"https:\\\/\\\/blogdofarnesio.com.br\\\/?p=75159#respond\"]}]},{\"@type\":\"WebPage\",\"@id\":\"https:\\\/\\\/blogdofarnesio.com.br\\\/?p=75159\",\"url\":\"https:\\\/\\\/blogdofarnesio.com.br\\\/?p=75159\",\"name\":\"PRESIDI\u00c1RIOS DENUNCIAM MAUS TRATOS NO PRES\u00cdDIO DE JUAZEIRO - Blog do Farn\u00e9sio\",\"isPartOf\":{\"@id\":\"https:\\\/\\\/blogdofarnesio.com.br\\\/#website\"},\"primaryImageOfPage\":{\"@id\":\"https:\\\/\\\/blogdofarnesio.com.br\\\/?p=75159#primaryimage\"},\"image\":{\"@id\":\"https:\\\/\\\/blogdofarnesio.com.br\\\/?p=75159#primaryimage\"},\"thumbnailUrl\":\"http:\\\/\\\/www.quersaberpolitica.com.br\\\/2016\\\/wp-content\\\/uploads\\\/2014\\\/03\\\/blogqspconjuntopenalrebeliao-300x174.jpg\",\"datePublished\":\"2014-03-06T13:11:46+00:00\",\"breadcrumb\":{\"@id\":\"https:\\\/\\\/blogdofarnesio.com.br\\\/?p=75159#breadcrumb\"},\"inLanguage\":\"pt-BR\",\"potentialAction\":[{\"@type\":\"ReadAction\",\"target\":[\"https:\\\/\\\/blogdofarnesio.com.br\\\/?p=75159\"]}]},{\"@type\":\"ImageObject\",\"inLanguage\":\"pt-BR\",\"@id\":\"https:\\\/\\\/blogdofarnesio.com.br\\\/?p=75159#primaryimage\",\"url\":\"http:\\\/\\\/www.quersaberpolitica.com.br\\\/2016\\\/wp-content\\\/uploads\\\/2014\\\/03\\\/blogqspconjuntopenalrebeliao-300x174.jpg\",\"contentUrl\":\"http:\\\/\\\/www.quersaberpolitica.com.br\\\/2016\\\/wp-content\\\/uploads\\\/2014\\\/03\\\/blogqspconjuntopenalrebeliao-300x174.jpg\"},{\"@type\":\"BreadcrumbList\",\"@id\":\"https:\\\/\\\/blogdofarnesio.com.br\\\/?p=75159#breadcrumb\",\"itemListElement\":[{\"@type\":\"ListItem\",\"position\":1,\"name\":\"In\u00edcio\",\"item\":\"https:\\\/\\\/blogdofarnesio.com.br\\\/\"},{\"@type\":\"ListItem\",\"position\":2,\"name\":\"PRESIDI\u00c1RIOS DENUNCIAM MAUS TRATOS NO PRES\u00cdDIO DE JUAZEIRO\"}]},{\"@type\":\"WebSite\",\"@id\":\"https:\\\/\\\/blogdofarnesio.com.br\\\/#website\",\"url\":\"https:\\\/\\\/blogdofarnesio.com.br\\\/\",\"name\":\"Blog do Farn\u00e9sio\",\"description\":\"Quer Saber Pol\u00edtica?\",\"publisher\":{\"@id\":\"https:\\\/\\\/blogdofarnesio.com.br\\\/#organization\"},\"potentialAction\":[{\"@type\":\"SearchAction\",\"target\":{\"@type\":\"EntryPoint\",\"urlTemplate\":\"https:\\\/\\\/blogdofarnesio.com.br\\\/?s={search_term_string}\"},\"query-input\":{\"@type\":\"PropertyValueSpecification\",\"valueRequired\":true,\"valueName\":\"search_term_string\"}}],\"inLanguage\":\"pt-BR\"},{\"@type\":\"Organization\",\"@id\":\"https:\\\/\\\/blogdofarnesio.com.br\\\/#organization\",\"name\":\"Blog do Farn\u00e9sio\",\"url\":\"https:\\\/\\\/blogdofarnesio.com.br\\\/\",\"logo\":{\"@type\":\"ImageObject\",\"inLanguage\":\"pt-BR\",\"@id\":\"https:\\\/\\\/blogdofarnesio.com.br\\\/#\\\/schema\\\/logo\\\/image\\\/\",\"url\":\"https:\\\/\\\/blogdofarnesio.com.br\\\/wp-content\\\/uploads\\\/2026\\\/03\\\/cropped-logo_new-1.png\",\"contentUrl\":\"https:\\\/\\\/blogdofarnesio.com.br\\\/wp-content\\\/uploads\\\/2026\\\/03\\\/cropped-logo_new-1.png\",\"width\":881,\"height\":685,\"caption\":\"Blog do Farn\u00e9sio\"},\"image\":{\"@id\":\"https:\\\/\\\/blogdofarnesio.com.br\\\/#\\\/schema\\\/logo\\\/image\\\/\"},\"sameAs\":[\"https:\\\/\\\/www.facebook.com\\\/BlogQuerSaberPolitica\\\/\"]},{\"@type\":\"Person\",\"@id\":\"https:\\\/\\\/blogdofarnesio.com.br\\\/#\\\/schema\\\/person\\\/dd1bf5eba40b687199ba45ca6b97dff9\",\"name\":\"teste\",\"image\":{\"@type\":\"ImageObject\",\"inLanguage\":\"pt-BR\",\"@id\":\"https:\\\/\\\/secure.gravatar.com\\\/avatar\\\/2172498d4914b51e1d89a0f97957b035ac4938723a5cac208135d389b6972a6d?s=96&d=mm&r=g\",\"url\":\"https:\\\/\\\/secure.gravatar.com\\\/avatar\\\/2172498d4914b51e1d89a0f97957b035ac4938723a5cac208135d389b6972a6d?s=96&d=mm&r=g\",\"contentUrl\":\"https:\\\/\\\/secure.gravatar.com\\\/avatar\\\/2172498d4914b51e1d89a0f97957b035ac4938723a5cac208135d389b6972a6d?s=96&d=mm&r=g\",\"caption\":\"teste\"},\"url\":\"https:\\\/\\\/blogdofarnesio.com.br\\\/?author=3\"}]}<\/script>\n<!-- \/ Yoast SEO plugin. -->","yoast_head_json":{"title":"PRESIDI\u00c1RIOS DENUNCIAM MAUS TRATOS NO PRES\u00cdDIO DE JUAZEIRO - Blog do Farn\u00e9sio","robots":{"index":"index","follow":"follow","max-snippet":"max-snippet:-1","max-image-preview":"max-image-preview:large","max-video-preview":"max-video-preview:-1"},"canonical":"https:\/\/blogdofarnesio.com.br\/?p=75159","og_locale":"pt_BR","og_type":"article","og_title":"PRESIDI\u00c1RIOS DENUNCIAM MAUS TRATOS NO PRES\u00cdDIO DE JUAZEIRO - Blog do Farn\u00e9sio","og_description":"AP &#8211; Detentos do\u00a0Conjunto Penal\u00a0do munic\u00edpio de Juazeiro enviaram a impressa uma carta denunciando a administra\u00e7\u00e3o do atual Diretor do Conjunto Penal, Manoel Tadeu. Na carta eles afirmam que est\u00e3o se alimentando de comida podre e que n\u00e3o tem nenhuma assist\u00eancia m\u00e9dica dentro do pres\u00eddio. Confira: Os detentos que se encontram no Raio B do Pres\u00eddio de Juazeiro est\u00e3o na maior necessidade, est\u00e3o passando fome, a comida est\u00e1 sendo podre e estragada, o arroz com cheiro de \u00e1gua, carne com mau cheiro, parece lavagem. Quando \u00e9 dia de visita a dire\u00e7\u00e3o manda a comida mais ou menos para enganar os nossos familiares. J\u00e1 no raio A os familiares podem depositar R$ 150 reais para os presidi\u00e1rios fazerem compras, sem contar&hellip;","og_url":"https:\/\/blogdofarnesio.com.br\/?p=75159","og_site_name":"Blog do Farn\u00e9sio","article_publisher":"https:\/\/www.facebook.com\/BlogQuerSaberPolitica\/","article_published_time":"2014-03-06T13:11:46+00:00","og_image":[{"url":"http:\/\/www.quersaberpolitica.com.br\/2016\/wp-content\/uploads\/2014\/03\/blogqspconjuntopenalrebeliao-300x174.jpg","type":"","width":"","height":""}],"author":"teste","twitter_card":"summary_large_image","twitter_misc":{"Escrito por":"teste","Est. tempo de leitura":"1 minuto"},"schema":{"@context":"https:\/\/schema.org","@graph":[{"@type":"Article","@id":"https:\/\/blogdofarnesio.com.br\/?p=75159#article","isPartOf":{"@id":"https:\/\/blogdofarnesio.com.br\/?p=75159"},"author":{"name":"teste","@id":"https:\/\/blogdofarnesio.com.br\/#\/schema\/person\/dd1bf5eba40b687199ba45ca6b97dff9"},"headline":"PRESIDI\u00c1RIOS DENUNCIAM MAUS TRATOS NO PRES\u00cdDIO DE JUAZEIRO","datePublished":"2014-03-06T13:11:46+00:00","mainEntityOfPage":{"@id":"https:\/\/blogdofarnesio.com.br\/?p=75159"},"wordCount":292,"commentCount":4,"publisher":{"@id":"https:\/\/blogdofarnesio.com.br\/#organization"},"image":{"@id":"https:\/\/blogdofarnesio.com.br\/?p=75159#primaryimage"},"thumbnailUrl":"http:\/\/www.quersaberpolitica.com.br\/2016\/wp-content\/uploads\/2014\/03\/blogqspconjuntopenalrebeliao-300x174.jpg","articleSection":["Seguran\u00e7a"],"inLanguage":"pt-BR","potentialAction":[{"@type":"CommentAction","name":"Comment","target":["https:\/\/blogdofarnesio.com.br\/?p=75159#respond"]}]},{"@type":"WebPage","@id":"https:\/\/blogdofarnesio.com.br\/?p=75159","url":"https:\/\/blogdofarnesio.com.br\/?p=75159","name":"PRESIDI\u00c1RIOS DENUNCIAM MAUS TRATOS NO PRES\u00cdDIO DE JUAZEIRO - Blog do Farn\u00e9sio","isPartOf":{"@id":"https:\/\/blogdofarnesio.com.br\/#website"},"primaryImageOfPage":{"@id":"https:\/\/blogdofarnesio.com.br\/?p=75159#primaryimage"},"image":{"@id":"https:\/\/blogdofarnesio.com.br\/?p=75159#primaryimage"},"thumbnailUrl":"http:\/\/www.quersaberpolitica.com.br\/2016\/wp-content\/uploads\/2014\/03\/blogqspconjuntopenalrebeliao-300x174.jpg","datePublished":"2014-03-06T13:11:46+00:00","breadcrumb":{"@id":"https:\/\/blogdofarnesio.com.br\/?p=75159#breadcrumb"},"inLanguage":"pt-BR","potentialAction":[{"@type":"ReadAction","target":["https:\/\/blogdofarnesio.com.br\/?p=75159"]}]},{"@type":"ImageObject","inLanguage":"pt-BR","@id":"https:\/\/blogdofarnesio.com.br\/?p=75159#primaryimage","url":"http:\/\/www.quersaberpolitica.com.br\/2016\/wp-content\/uploads\/2014\/03\/blogqspconjuntopenalrebeliao-300x174.jpg","contentUrl":"http:\/\/www.quersaberpolitica.com.br\/2016\/wp-content\/uploads\/2014\/03\/blogqspconjuntopenalrebeliao-300x174.jpg"},{"@type":"BreadcrumbList","@id":"https:\/\/blogdofarnesio.com.br\/?p=75159#breadcrumb","itemListElement":[{"@type":"ListItem","position":1,"name":"In\u00edcio","item":"https:\/\/blogdofarnesio.com.br\/"},{"@type":"ListItem","position":2,"name":"PRESIDI\u00c1RIOS DENUNCIAM MAUS TRATOS NO PRES\u00cdDIO DE JUAZEIRO"}]},{"@type":"WebSite","@id":"https:\/\/blogdofarnesio.com.br\/#website","url":"https:\/\/blogdofarnesio.com.br\/","name":"Blog do Farn\u00e9sio","description":"Quer Saber Pol\u00edtica?","publisher":{"@id":"https:\/\/blogdofarnesio.com.br\/#organization"},"potentialAction":[{"@type":"SearchAction","target":{"@type":"EntryPoint","urlTemplate":"https:\/\/blogdofarnesio.com.br\/?s={search_term_string}"},"query-input":{"@type":"PropertyValueSpecification","valueRequired":true,"valueName":"search_term_string"}}],"inLanguage":"pt-BR"},{"@type":"Organization","@id":"https:\/\/blogdofarnesio.com.br\/#organization","name":"Blog do Farn\u00e9sio","url":"https:\/\/blogdofarnesio.com.br\/","logo":{"@type":"ImageObject","inLanguage":"pt-BR","@id":"https:\/\/blogdofarnesio.com.br\/#\/schema\/logo\/image\/","url":"https:\/\/blogdofarnesio.com.br\/wp-content\/uploads\/2026\/03\/cropped-logo_new-1.png","contentUrl":"https:\/\/blogdofarnesio.com.br\/wp-content\/uploads\/2026\/03\/cropped-logo_new-1.png","width":881,"height":685,"caption":"Blog do Farn\u00e9sio"},"image":{"@id":"https:\/\/blogdofarnesio.com.br\/#\/schema\/logo\/image\/"},"sameAs":["https:\/\/www.facebook.com\/BlogQuerSaberPolitica\/"]},{"@type":"Person","@id":"https:\/\/blogdofarnesio.com.br\/#\/schema\/person\/dd1bf5eba40b687199ba45ca6b97dff9","name":"teste","image":{"@type":"ImageObject","inLanguage":"pt-BR","@id":"https:\/\/secure.gravatar.com\/avatar\/2172498d4914b51e1d89a0f97957b035ac4938723a5cac208135d389b6972a6d?s=96&d=mm&r=g","url":"https:\/\/secure.gravatar.com\/avatar\/2172498d4914b51e1d89a0f97957b035ac4938723a5cac208135d389b6972a6d?s=96&d=mm&r=g","contentUrl":"https:\/\/secure.gravatar.com\/avatar\/2172498d4914b51e1d89a0f97957b035ac4938723a5cac208135d389b6972a6d?s=96&d=mm&r=g","caption":"teste"},"url":"https:\/\/blogdofarnesio.com.br\/?author=3"}]}},"_links":{"self":[{"href":"https:\/\/blogdofarnesio.com.br\/index.php?rest_route=\/wp\/v2\/posts\/75159","targetHints":{"allow":["GET"]}}],"collection":[{"href":"https:\/\/blogdofarnesio.com.br\/index.php?rest_route=\/wp\/v2\/posts"}],"about":[{"href":"https:\/\/blogdofarnesio.com.br\/index.php?rest_route=\/wp\/v2\/types\/post"}],"author":[{"embeddable":true,"href":"https:\/\/blogdofarnesio.com.br\/index.php?rest_route=\/wp\/v2\/users\/3"}],"replies":[{"embeddable":true,"href":"https:\/\/blogdofarnesio.com.br\/index.php?rest_route=%2Fwp%2Fv2%2Fcomments&post=75159"}],"version-history":[{"count":0,"href":"https:\/\/blogdofarnesio.com.br\/index.php?rest_route=\/wp\/v2\/posts\/75159\/revisions"}],"wp:attachment":[{"href":"https:\/\/blogdofarnesio.com.br\/index.php?rest_route=%2Fwp%2Fv2%2Fmedia&parent=75159"}],"wp:term":[{"taxonomy":"category","embeddable":true,"href":"https:\/\/blogdofarnesio.com.br\/index.php?rest_route=%2Fwp%2Fv2%2Fcategories&post=75159"},{"taxonomy":"post_tag","embeddable":true,"href":"https:\/\/blogdofarnesio.com.br\/index.php?rest_route=%2Fwp%2Fv2%2Ftags&post=75159"}],"curies":[{"name":"wp","href":"https:\/\/api.w.org\/{rel}","templated":true}]}}