{"id":75157,"date":"2014-03-06T16:31:16","date_gmt":"2014-03-06T19:31:16","guid":{"rendered":"http:\/\/www.quersaberpolitica.com.br\/?p=75157"},"modified":"2014-03-06T15:49:56","modified_gmt":"2014-03-06T18:49:56","slug":"mulheres-comemoram-avancos-no-esporte-participando-de-corrida-e-caminhada","status":"publish","type":"post","link":"https:\/\/blogdofarnesio.com.br\/?p=75157","title":{"rendered":"MULHERES COMEMORAM AVAN\u00c7OS NO ESPORTE PARTICIPANDO DE CORRIDA E CAMINHADA"},"content":{"rendered":"<p style=\"text-align: justify\"><a href=\"http:\/\/www.quersaberpolitica.com.br\/2016\/wp-content\/uploads\/2014\/03\/blogqspesporte.jpg\"><img loading=\"lazy\" decoding=\"async\" class=\"alignleft size-medium wp-image-75160\" alt=\"blogqspesporte\" src=\"http:\/\/www.quersaberpolitica.com.br\/2016\/wp-content\/uploads\/2014\/03\/blogqspesporte-300x164.jpg\" width=\"300\" height=\"164\" srcset=\"https:\/\/blogdofarnesio.com.br\/wp-content\/uploads\/2014\/03\/blogqspesporte-300x164.jpg 300w, https:\/\/blogdofarnesio.com.br\/wp-content\/uploads\/2014\/03\/blogqspesporte.jpg 400w\" sizes=\"auto, (max-width: 300px) 100vw, 300px\" \/><\/a>Depois de conquistarem v\u00e1rios t\u00edtulos no esporte em 2013, centenas de mulheres ir\u00e3o comemorar estes avan\u00e7os participando da 2\u00aa Corrida e Caminhada S\u00f3 Para Elas, prova exclusivamente feminina, que contemplar\u00e1 atletas de elite e iniciantes que desejam vencer seus limites pessoais e fazer novas amizades. A Corrida e Caminhada \u00e9 integrante do Circuito Esportivo S\u00f3 Para Elas que acontecer\u00e1 no per\u00edodo de 21 a 23 de mar\u00e7o, no Parque Lagoa do Cal\u00fa<\/p>\n<p style=\"text-align: justify\">Segundo o coordenador t\u00e9cnico do Evento, Jos\u00e9 Carlos Santana, a programa\u00e7\u00e3o ser\u00e1 iniciada no s\u00e1bado, dia 22, a partir das 7 horas, com alongamento seguido de uma Caminhada de 3 km e aula de zumba. No domingo as atividades come\u00e7am com uma Corrida Infantil e a Corrida de 5 km.<\/p>\n<p style=\"text-align: justify\">\u201cA decis\u00e3o de separar a Caminhada da Corrida \u00e9 uma estrat\u00e9gia visando proporcionar dois momentos de participa\u00e7\u00e3o, ou seja, as mulheres que participarem da caminhada no s\u00e1bado tamb\u00e9m poder\u00e3o participar da Corrida no domingo\u201d, explicou Santana.<!--more--><\/p>\n<p style=\"text-align: justify\">As inscri\u00e7\u00f5es da Corrida poder\u00e3o ser feitas no per\u00edodo de 05 a 18 de mar\u00e7o de 2014, das 13:00 \u00e1s 19:00 horas, no Shopping \u00c1guas Center (Pra\u00e7a da Alimenta\u00e7\u00e3o), mediante a apresenta\u00e7\u00e3o de um documento de identifica\u00e7\u00e3o com foto mais o pagamento de uma taxa no valor de R$ 20,00 (vinte reais). Para as inscri\u00e7\u00f5es na Caminhada e na Corrida Infantil ser\u00e1 apenas necess\u00e1ria a doa\u00e7\u00e3o de 01 (um) kg de alimento n\u00e3o perec\u00edvel. Os atletas com idade inferior a 18 anos s\u00f3 poder\u00e3o efetuar as inscri\u00e7\u00f5es com autoriza\u00e7\u00e3o dos pais ou respons\u00e1veis.<\/p>\n<p style=\"text-align: justify\">O evento \u00e9 uma promo\u00e7\u00e3o da Liga Desportiva Juazeirense &#8211; LDJ, em parceria com a Prefeitura Municipal de Juazeiro, TV S\u00e3o Francisco e Pastoral da Mulher e tem como objetivo estimular a pr\u00e1tica da atividade f\u00edsica para o p\u00fablico feminino oportunizando a descoberta de novos valores esportivos, bem como integrar as participantes nas comemora\u00e7\u00f5es alusivas ao M\u00caS DA MULHER e DIA MUNDIAL DA \u00c1GUA.<\/p>\n<p style=\"text-align: justify\">Mais informa\u00e7\u00f5es: www.circuitoesportivosoparaelas.blogspot.com.br<\/p>\n<p style=\"text-align: justify\"><strong>Por: Jos\u00e9 Carlos Santana<\/strong><\/p>\n<p>&nbsp;<\/p>\n","protected":false},"excerpt":{"rendered":"<p>Depois de conquistarem v\u00e1rios t\u00edtulos no esporte em 2013, centenas de mulheres ir\u00e3o comemorar estes avan\u00e7os participando da 2\u00aa Corrida e Caminhada S\u00f3 Para Elas, prova exclusivamente feminina, que contemplar\u00e1 atletas de elite e iniciantes que desejam vencer seus limites pessoais e fazer novas amizades. A Corrida e Caminhada \u00e9 integrante do Circuito Esportivo S\u00f3 Para Elas que acontecer\u00e1 no per\u00edodo de 21 a 23 de mar\u00e7o, no Parque Lagoa do Cal\u00fa Segundo o coordenador t\u00e9cnico do Evento, Jos\u00e9 Carlos Santana, a programa\u00e7\u00e3o ser\u00e1 iniciada no s\u00e1bado, dia 22, a partir das 7 horas, com alongamento seguido de uma Caminhada de 3 km e aula de zumba. No domingo as atividades come\u00e7am com uma Corrida Infantil e a Corrida de&hellip; <\/p>\n","protected":false},"author":3,"featured_media":0,"comment_status":"open","ping_status":"open","sticky":false,"template":"","format":"standard","meta":{"_acf_changed":false,"footnotes":""},"categories":[8],"tags":[],"class_list":["post-75157","post","type-post","status-publish","format-standard","hentry","category-esportes"],"acf":[],"yoast_head":"<!-- This site is optimized with the Yoast SEO plugin v27.4 - https:\/\/yoast.com\/product\/yoast-seo-wordpress\/ -->\n<title>MULHERES COMEMORAM AVAN\u00c7OS NO ESPORTE PARTICIPANDO DE CORRIDA E CAMINHADA - Blog do Farn\u00e9sio<\/title>\n<meta name=\"robots\" content=\"index, follow, max-snippet:-1, max-image-preview:large, max-video-preview:-1\" \/>\n<link rel=\"canonical\" href=\"https:\/\/blogdofarnesio.com.br\/?p=75157\" \/>\n<meta property=\"og:locale\" content=\"pt_BR\" \/>\n<meta property=\"og:type\" content=\"article\" \/>\n<meta property=\"og:title\" content=\"MULHERES COMEMORAM AVAN\u00c7OS NO ESPORTE PARTICIPANDO DE CORRIDA E CAMINHADA - Blog do Farn\u00e9sio\" \/>\n<meta property=\"og:description\" content=\"Depois de conquistarem v\u00e1rios t\u00edtulos no esporte em 2013, centenas de mulheres ir\u00e3o comemorar estes avan\u00e7os participando da 2\u00aa Corrida e Caminhada S\u00f3 Para Elas, prova exclusivamente feminina, que contemplar\u00e1 atletas de elite e iniciantes que desejam vencer seus limites pessoais e fazer novas amizades. A Corrida e Caminhada \u00e9 integrante do Circuito Esportivo S\u00f3 Para Elas que acontecer\u00e1 no per\u00edodo de 21 a 23 de mar\u00e7o, no Parque Lagoa do Cal\u00fa Segundo o coordenador t\u00e9cnico do Evento, Jos\u00e9 Carlos Santana, a programa\u00e7\u00e3o ser\u00e1 iniciada no s\u00e1bado, dia 22, a partir das 7 horas, com alongamento seguido de uma Caminhada de 3 km e aula de zumba. No domingo as atividades come\u00e7am com uma Corrida Infantil e a Corrida de&hellip;\" \/>\n<meta property=\"og:url\" content=\"https:\/\/blogdofarnesio.com.br\/?p=75157\" \/>\n<meta property=\"og:site_name\" content=\"Blog do Farn\u00e9sio\" \/>\n<meta property=\"article:publisher\" content=\"https:\/\/www.facebook.com\/BlogQuerSaberPolitica\/\" \/>\n<meta property=\"article:published_time\" content=\"2014-03-06T19:31:16+00:00\" \/>\n<meta property=\"og:image\" content=\"http:\/\/www.quersaberpolitica.com.br\/2016\/wp-content\/uploads\/2014\/03\/blogqspesporte-300x164.jpg\" \/>\n<meta name=\"author\" content=\"teste\" \/>\n<meta name=\"twitter:card\" content=\"summary_large_image\" \/>\n<meta name=\"twitter:label1\" content=\"Escrito por\" \/>\n\t<meta name=\"twitter:data1\" content=\"teste\" \/>\n\t<meta name=\"twitter:label2\" content=\"Est. tempo de leitura\" \/>\n\t<meta name=\"twitter:data2\" content=\"2 minutos\" \/>\n<script type=\"application\/ld+json\" class=\"yoast-schema-graph\">{\"@context\":\"https:\\\/\\\/schema.org\",\"@graph\":[{\"@type\":\"Article\",\"@id\":\"https:\\\/\\\/blogdofarnesio.com.br\\\/?p=75157#article\",\"isPartOf\":{\"@id\":\"https:\\\/\\\/blogdofarnesio.com.br\\\/?p=75157\"},\"author\":{\"name\":\"teste\",\"@id\":\"https:\\\/\\\/blogdofarnesio.com.br\\\/#\\\/schema\\\/person\\\/dd1bf5eba40b687199ba45ca6b97dff9\"},\"headline\":\"MULHERES COMEMORAM AVAN\u00c7OS NO ESPORTE PARTICIPANDO DE CORRIDA E CAMINHADA\",\"datePublished\":\"2014-03-06T19:31:16+00:00\",\"mainEntityOfPage\":{\"@id\":\"https:\\\/\\\/blogdofarnesio.com.br\\\/?p=75157\"},\"wordCount\":360,\"commentCount\":0,\"publisher\":{\"@id\":\"https:\\\/\\\/blogdofarnesio.com.br\\\/#organization\"},\"image\":{\"@id\":\"https:\\\/\\\/blogdofarnesio.com.br\\\/?p=75157#primaryimage\"},\"thumbnailUrl\":\"http:\\\/\\\/www.quersaberpolitica.com.br\\\/2016\\\/wp-content\\\/uploads\\\/2014\\\/03\\\/blogqspesporte-300x164.jpg\",\"articleSection\":[\"Esportes\"],\"inLanguage\":\"pt-BR\",\"potentialAction\":[{\"@type\":\"CommentAction\",\"name\":\"Comment\",\"target\":[\"https:\\\/\\\/blogdofarnesio.com.br\\\/?p=75157#respond\"]}]},{\"@type\":\"WebPage\",\"@id\":\"https:\\\/\\\/blogdofarnesio.com.br\\\/?p=75157\",\"url\":\"https:\\\/\\\/blogdofarnesio.com.br\\\/?p=75157\",\"name\":\"MULHERES COMEMORAM AVAN\u00c7OS NO ESPORTE PARTICIPANDO DE CORRIDA E CAMINHADA - Blog do Farn\u00e9sio\",\"isPartOf\":{\"@id\":\"https:\\\/\\\/blogdofarnesio.com.br\\\/#website\"},\"primaryImageOfPage\":{\"@id\":\"https:\\\/\\\/blogdofarnesio.com.br\\\/?p=75157#primaryimage\"},\"image\":{\"@id\":\"https:\\\/\\\/blogdofarnesio.com.br\\\/?p=75157#primaryimage\"},\"thumbnailUrl\":\"http:\\\/\\\/www.quersaberpolitica.com.br\\\/2016\\\/wp-content\\\/uploads\\\/2014\\\/03\\\/blogqspesporte-300x164.jpg\",\"datePublished\":\"2014-03-06T19:31:16+00:00\",\"breadcrumb\":{\"@id\":\"https:\\\/\\\/blogdofarnesio.com.br\\\/?p=75157#breadcrumb\"},\"inLanguage\":\"pt-BR\",\"potentialAction\":[{\"@type\":\"ReadAction\",\"target\":[\"https:\\\/\\\/blogdofarnesio.com.br\\\/?p=75157\"]}]},{\"@type\":\"ImageObject\",\"inLanguage\":\"pt-BR\",\"@id\":\"https:\\\/\\\/blogdofarnesio.com.br\\\/?p=75157#primaryimage\",\"url\":\"http:\\\/\\\/www.quersaberpolitica.com.br\\\/2016\\\/wp-content\\\/uploads\\\/2014\\\/03\\\/blogqspesporte-300x164.jpg\",\"contentUrl\":\"http:\\\/\\\/www.quersaberpolitica.com.br\\\/2016\\\/wp-content\\\/uploads\\\/2014\\\/03\\\/blogqspesporte-300x164.jpg\"},{\"@type\":\"BreadcrumbList\",\"@id\":\"https:\\\/\\\/blogdofarnesio.com.br\\\/?p=75157#breadcrumb\",\"itemListElement\":[{\"@type\":\"ListItem\",\"position\":1,\"name\":\"In\u00edcio\",\"item\":\"https:\\\/\\\/blogdofarnesio.com.br\\\/\"},{\"@type\":\"ListItem\",\"position\":2,\"name\":\"MULHERES COMEMORAM AVAN\u00c7OS NO ESPORTE PARTICIPANDO DE CORRIDA E CAMINHADA\"}]},{\"@type\":\"WebSite\",\"@id\":\"https:\\\/\\\/blogdofarnesio.com.br\\\/#website\",\"url\":\"https:\\\/\\\/blogdofarnesio.com.br\\\/\",\"name\":\"Blog do Farn\u00e9sio\",\"description\":\"Quer Saber Pol\u00edtica?\",\"publisher\":{\"@id\":\"https:\\\/\\\/blogdofarnesio.com.br\\\/#organization\"},\"potentialAction\":[{\"@type\":\"SearchAction\",\"target\":{\"@type\":\"EntryPoint\",\"urlTemplate\":\"https:\\\/\\\/blogdofarnesio.com.br\\\/?s={search_term_string}\"},\"query-input\":{\"@type\":\"PropertyValueSpecification\",\"valueRequired\":true,\"valueName\":\"search_term_string\"}}],\"inLanguage\":\"pt-BR\"},{\"@type\":\"Organization\",\"@id\":\"https:\\\/\\\/blogdofarnesio.com.br\\\/#organization\",\"name\":\"Blog do Farn\u00e9sio\",\"url\":\"https:\\\/\\\/blogdofarnesio.com.br\\\/\",\"logo\":{\"@type\":\"ImageObject\",\"inLanguage\":\"pt-BR\",\"@id\":\"https:\\\/\\\/blogdofarnesio.com.br\\\/#\\\/schema\\\/logo\\\/image\\\/\",\"url\":\"https:\\\/\\\/blogdofarnesio.com.br\\\/wp-content\\\/uploads\\\/2026\\\/03\\\/cropped-logo_new-1.png\",\"contentUrl\":\"https:\\\/\\\/blogdofarnesio.com.br\\\/wp-content\\\/uploads\\\/2026\\\/03\\\/cropped-logo_new-1.png\",\"width\":881,\"height\":685,\"caption\":\"Blog do Farn\u00e9sio\"},\"image\":{\"@id\":\"https:\\\/\\\/blogdofarnesio.com.br\\\/#\\\/schema\\\/logo\\\/image\\\/\"},\"sameAs\":[\"https:\\\/\\\/www.facebook.com\\\/BlogQuerSaberPolitica\\\/\"]},{\"@type\":\"Person\",\"@id\":\"https:\\\/\\\/blogdofarnesio.com.br\\\/#\\\/schema\\\/person\\\/dd1bf5eba40b687199ba45ca6b97dff9\",\"name\":\"teste\",\"image\":{\"@type\":\"ImageObject\",\"inLanguage\":\"pt-BR\",\"@id\":\"https:\\\/\\\/secure.gravatar.com\\\/avatar\\\/2172498d4914b51e1d89a0f97957b035ac4938723a5cac208135d389b6972a6d?s=96&d=mm&r=g\",\"url\":\"https:\\\/\\\/secure.gravatar.com\\\/avatar\\\/2172498d4914b51e1d89a0f97957b035ac4938723a5cac208135d389b6972a6d?s=96&d=mm&r=g\",\"contentUrl\":\"https:\\\/\\\/secure.gravatar.com\\\/avatar\\\/2172498d4914b51e1d89a0f97957b035ac4938723a5cac208135d389b6972a6d?s=96&d=mm&r=g\",\"caption\":\"teste\"},\"url\":\"https:\\\/\\\/blogdofarnesio.com.br\\\/?author=3\"}]}<\/script>\n<!-- \/ Yoast SEO plugin. -->","yoast_head_json":{"title":"MULHERES COMEMORAM AVAN\u00c7OS NO ESPORTE PARTICIPANDO DE CORRIDA E CAMINHADA - Blog do Farn\u00e9sio","robots":{"index":"index","follow":"follow","max-snippet":"max-snippet:-1","max-image-preview":"max-image-preview:large","max-video-preview":"max-video-preview:-1"},"canonical":"https:\/\/blogdofarnesio.com.br\/?p=75157","og_locale":"pt_BR","og_type":"article","og_title":"MULHERES COMEMORAM AVAN\u00c7OS NO ESPORTE PARTICIPANDO DE CORRIDA E CAMINHADA - Blog do Farn\u00e9sio","og_description":"Depois de conquistarem v\u00e1rios t\u00edtulos no esporte em 2013, centenas de mulheres ir\u00e3o comemorar estes avan\u00e7os participando da 2\u00aa Corrida e Caminhada S\u00f3 Para Elas, prova exclusivamente feminina, que contemplar\u00e1 atletas de elite e iniciantes que desejam vencer seus limites pessoais e fazer novas amizades. A Corrida e Caminhada \u00e9 integrante do Circuito Esportivo S\u00f3 Para Elas que acontecer\u00e1 no per\u00edodo de 21 a 23 de mar\u00e7o, no Parque Lagoa do Cal\u00fa Segundo o coordenador t\u00e9cnico do Evento, Jos\u00e9 Carlos Santana, a programa\u00e7\u00e3o ser\u00e1 iniciada no s\u00e1bado, dia 22, a partir das 7 horas, com alongamento seguido de uma Caminhada de 3 km e aula de zumba. No domingo as atividades come\u00e7am com uma Corrida Infantil e a Corrida de&hellip;","og_url":"https:\/\/blogdofarnesio.com.br\/?p=75157","og_site_name":"Blog do Farn\u00e9sio","article_publisher":"https:\/\/www.facebook.com\/BlogQuerSaberPolitica\/","article_published_time":"2014-03-06T19:31:16+00:00","og_image":[{"url":"http:\/\/www.quersaberpolitica.com.br\/2016\/wp-content\/uploads\/2014\/03\/blogqspesporte-300x164.jpg","type":"","width":"","height":""}],"author":"teste","twitter_card":"summary_large_image","twitter_misc":{"Escrito por":"teste","Est. tempo de leitura":"2 minutos"},"schema":{"@context":"https:\/\/schema.org","@graph":[{"@type":"Article","@id":"https:\/\/blogdofarnesio.com.br\/?p=75157#article","isPartOf":{"@id":"https:\/\/blogdofarnesio.com.br\/?p=75157"},"author":{"name":"teste","@id":"https:\/\/blogdofarnesio.com.br\/#\/schema\/person\/dd1bf5eba40b687199ba45ca6b97dff9"},"headline":"MULHERES COMEMORAM AVAN\u00c7OS NO ESPORTE PARTICIPANDO DE CORRIDA E CAMINHADA","datePublished":"2014-03-06T19:31:16+00:00","mainEntityOfPage":{"@id":"https:\/\/blogdofarnesio.com.br\/?p=75157"},"wordCount":360,"commentCount":0,"publisher":{"@id":"https:\/\/blogdofarnesio.com.br\/#organization"},"image":{"@id":"https:\/\/blogdofarnesio.com.br\/?p=75157#primaryimage"},"thumbnailUrl":"http:\/\/www.quersaberpolitica.com.br\/2016\/wp-content\/uploads\/2014\/03\/blogqspesporte-300x164.jpg","articleSection":["Esportes"],"inLanguage":"pt-BR","potentialAction":[{"@type":"CommentAction","name":"Comment","target":["https:\/\/blogdofarnesio.com.br\/?p=75157#respond"]}]},{"@type":"WebPage","@id":"https:\/\/blogdofarnesio.com.br\/?p=75157","url":"https:\/\/blogdofarnesio.com.br\/?p=75157","name":"MULHERES COMEMORAM AVAN\u00c7OS NO ESPORTE PARTICIPANDO DE CORRIDA E CAMINHADA - Blog do Farn\u00e9sio","isPartOf":{"@id":"https:\/\/blogdofarnesio.com.br\/#website"},"primaryImageOfPage":{"@id":"https:\/\/blogdofarnesio.com.br\/?p=75157#primaryimage"},"image":{"@id":"https:\/\/blogdofarnesio.com.br\/?p=75157#primaryimage"},"thumbnailUrl":"http:\/\/www.quersaberpolitica.com.br\/2016\/wp-content\/uploads\/2014\/03\/blogqspesporte-300x164.jpg","datePublished":"2014-03-06T19:31:16+00:00","breadcrumb":{"@id":"https:\/\/blogdofarnesio.com.br\/?p=75157#breadcrumb"},"inLanguage":"pt-BR","potentialAction":[{"@type":"ReadAction","target":["https:\/\/blogdofarnesio.com.br\/?p=75157"]}]},{"@type":"ImageObject","inLanguage":"pt-BR","@id":"https:\/\/blogdofarnesio.com.br\/?p=75157#primaryimage","url":"http:\/\/www.quersaberpolitica.com.br\/2016\/wp-content\/uploads\/2014\/03\/blogqspesporte-300x164.jpg","contentUrl":"http:\/\/www.quersaberpolitica.com.br\/2016\/wp-content\/uploads\/2014\/03\/blogqspesporte-300x164.jpg"},{"@type":"BreadcrumbList","@id":"https:\/\/blogdofarnesio.com.br\/?p=75157#breadcrumb","itemListElement":[{"@type":"ListItem","position":1,"name":"In\u00edcio","item":"https:\/\/blogdofarnesio.com.br\/"},{"@type":"ListItem","position":2,"name":"MULHERES COMEMORAM AVAN\u00c7OS NO ESPORTE PARTICIPANDO DE CORRIDA E CAMINHADA"}]},{"@type":"WebSite","@id":"https:\/\/blogdofarnesio.com.br\/#website","url":"https:\/\/blogdofarnesio.com.br\/","name":"Blog do Farn\u00e9sio","description":"Quer Saber Pol\u00edtica?","publisher":{"@id":"https:\/\/blogdofarnesio.com.br\/#organization"},"potentialAction":[{"@type":"SearchAction","target":{"@type":"EntryPoint","urlTemplate":"https:\/\/blogdofarnesio.com.br\/?s={search_term_string}"},"query-input":{"@type":"PropertyValueSpecification","valueRequired":true,"valueName":"search_term_string"}}],"inLanguage":"pt-BR"},{"@type":"Organization","@id":"https:\/\/blogdofarnesio.com.br\/#organization","name":"Blog do Farn\u00e9sio","url":"https:\/\/blogdofarnesio.com.br\/","logo":{"@type":"ImageObject","inLanguage":"pt-BR","@id":"https:\/\/blogdofarnesio.com.br\/#\/schema\/logo\/image\/","url":"https:\/\/blogdofarnesio.com.br\/wp-content\/uploads\/2026\/03\/cropped-logo_new-1.png","contentUrl":"https:\/\/blogdofarnesio.com.br\/wp-content\/uploads\/2026\/03\/cropped-logo_new-1.png","width":881,"height":685,"caption":"Blog do Farn\u00e9sio"},"image":{"@id":"https:\/\/blogdofarnesio.com.br\/#\/schema\/logo\/image\/"},"sameAs":["https:\/\/www.facebook.com\/BlogQuerSaberPolitica\/"]},{"@type":"Person","@id":"https:\/\/blogdofarnesio.com.br\/#\/schema\/person\/dd1bf5eba40b687199ba45ca6b97dff9","name":"teste","image":{"@type":"ImageObject","inLanguage":"pt-BR","@id":"https:\/\/secure.gravatar.com\/avatar\/2172498d4914b51e1d89a0f97957b035ac4938723a5cac208135d389b6972a6d?s=96&d=mm&r=g","url":"https:\/\/secure.gravatar.com\/avatar\/2172498d4914b51e1d89a0f97957b035ac4938723a5cac208135d389b6972a6d?s=96&d=mm&r=g","contentUrl":"https:\/\/secure.gravatar.com\/avatar\/2172498d4914b51e1d89a0f97957b035ac4938723a5cac208135d389b6972a6d?s=96&d=mm&r=g","caption":"teste"},"url":"https:\/\/blogdofarnesio.com.br\/?author=3"}]}},"_links":{"self":[{"href":"https:\/\/blogdofarnesio.com.br\/index.php?rest_route=\/wp\/v2\/posts\/75157","targetHints":{"allow":["GET"]}}],"collection":[{"href":"https:\/\/blogdofarnesio.com.br\/index.php?rest_route=\/wp\/v2\/posts"}],"about":[{"href":"https:\/\/blogdofarnesio.com.br\/index.php?rest_route=\/wp\/v2\/types\/post"}],"author":[{"embeddable":true,"href":"https:\/\/blogdofarnesio.com.br\/index.php?rest_route=\/wp\/v2\/users\/3"}],"replies":[{"embeddable":true,"href":"https:\/\/blogdofarnesio.com.br\/index.php?rest_route=%2Fwp%2Fv2%2Fcomments&post=75157"}],"version-history":[{"count":0,"href":"https:\/\/blogdofarnesio.com.br\/index.php?rest_route=\/wp\/v2\/posts\/75157\/revisions"}],"wp:attachment":[{"href":"https:\/\/blogdofarnesio.com.br\/index.php?rest_route=%2Fwp%2Fv2%2Fmedia&parent=75157"}],"wp:term":[{"taxonomy":"category","embeddable":true,"href":"https:\/\/blogdofarnesio.com.br\/index.php?rest_route=%2Fwp%2Fv2%2Fcategories&post=75157"},{"taxonomy":"post_tag","embeddable":true,"href":"https:\/\/blogdofarnesio.com.br\/index.php?rest_route=%2Fwp%2Fv2%2Ftags&post=75157"}],"curies":[{"name":"wp","href":"https:\/\/api.w.org\/{rel}","templated":true}]}}