{"id":75145,"date":"2014-03-06T11:30:22","date_gmt":"2014-03-06T14:30:22","guid":{"rendered":"http:\/\/www.quersaberpolitica.com.br\/?p=75145"},"modified":"2014-03-06T09:36:52","modified_gmt":"2014-03-06T12:36:52","slug":"assembleia-da-bahia-abre-concurso-para-diversas-areas","status":"publish","type":"post","link":"https:\/\/blogdofarnesio.com.br\/?p=75145","title":{"rendered":"ASSEMBLEIA DA BAHIA ABRE CONCURSO PARA DIVERSAS \u00c1REAS"},"content":{"rendered":"<h1><img loading=\"lazy\" decoding=\"async\" class=\"alignleft\" alt=\"\" src=\"http:\/\/cdn.vozdabahia.com.br\/listas\/posts\/106762.jpg?1393929678\" width=\"300\" height=\"200\" \/><\/h1>\n<div>\n<p style=\"text-align: justify\">A Assembleia Legislativa do Estado da Bahia publicou edital de concurso p\u00fablico que oferece 91 vagas, sendo 48 para candidatos com n\u00edvel superior, 11 para n\u00edvel m\u00e9dio t\u00e9cnico e 38 para n\u00edvel m\u00e9dio.<\/p>\n<p style=\"text-align: justify\">Os interessados devem acessar o site da FGV, \u00a0<a href=\"http:\/\/www.fgv.br\/fgvprojetos\/concursos\/alba\">www.fgv.br\/fgvprojetos\/concursos\/alba<\/a>, entre os dias 3 e 27 de mar\u00e7o para realizar sua inscri\u00e7\u00e3o.<\/p>\n<p style=\"text-align: justify\">As oportunidades s\u00e3o para candidatos com forma\u00e7\u00e3o em Administra\u00e7\u00e3o, Ci\u00eancias Cont\u00e1beis, Direito, Economia, An\u00e1lise de Sistemas, Ci\u00eancias da Computa\u00e7\u00e3o, Tecnologia da Informa\u00e7\u00e3o, Arquitetura, Direito, Servi\u00e7o Social, Ci\u00eancias Cont\u00e1beis, Ci\u00eancias Econ\u00f4micas, Engenharia Civil, Engenharia El\u00e9trica, Pedagogia, Hist\u00f3ria, Psicologia, Jornalismo, Comunica\u00e7\u00e3o Social, Letras.<\/p>\n<p style=\"text-align: justify\">Tamb\u00e9m est\u00e3o sendo oferecidas vagas para<!--more--> Secretariado, T\u00e9cnico em Artes Gr\u00e1ficas, T\u00e9cnico em Auxiliar de Odontologia, T\u00e9cnico em Contabilidade, T\u00e9cnico em Eletricidade e forma\u00e7\u00e3o em n\u00edvel m\u00e9dio para \u00e1rea administrativa. As provas est\u00e3o previstas para acontecer no dia 11 de maio em Salvador. No per\u00edodo entre 8h e 12h ser\u00e3o aplicadas as avalia\u00e7\u00f5es para n\u00edvel superior e de 14h \u00e0s 19h para n\u00edveis m\u00e9dio e m\u00e9dio t\u00e9cnico. Os sal\u00e1rios oferecidos s\u00e3o de at\u00e9 R$ 1.729,14.(A Tarde)<\/p>\n<\/div>\n","protected":false},"excerpt":{"rendered":"<p>A Assembleia Legislativa do Estado da Bahia publicou edital de concurso p\u00fablico que oferece 91 vagas, sendo 48 para candidatos com n\u00edvel superior, 11 para n\u00edvel m\u00e9dio t\u00e9cnico e 38 para n\u00edvel m\u00e9dio. Os interessados devem acessar o site da FGV, \u00a0www.fgv.br\/fgvprojetos\/concursos\/alba, entre os dias 3 e 27 de mar\u00e7o para realizar sua inscri\u00e7\u00e3o. As oportunidades s\u00e3o para candidatos com forma\u00e7\u00e3o em Administra\u00e7\u00e3o, Ci\u00eancias Cont\u00e1beis, Direito, Economia, An\u00e1lise de Sistemas, Ci\u00eancias da Computa\u00e7\u00e3o, Tecnologia da Informa\u00e7\u00e3o, Arquitetura, Direito, Servi\u00e7o Social, Ci\u00eancias Cont\u00e1beis, Ci\u00eancias Econ\u00f4micas, Engenharia Civil, Engenharia El\u00e9trica, Pedagogia, Hist\u00f3ria, Psicologia, Jornalismo, Comunica\u00e7\u00e3o Social, Letras. Tamb\u00e9m est\u00e3o sendo oferecidas vagas para<\/p>\n","protected":false},"author":3,"featured_media":0,"comment_status":"open","ping_status":"open","sticky":false,"template":"","format":"standard","meta":{"_acf_changed":false,"footnotes":""},"categories":[31],"tags":[],"class_list":["post-75145","post","type-post","status-publish","format-standard","hentry","category-concursos"],"acf":[],"yoast_head":"<!-- This site is optimized with the Yoast SEO plugin v27.4 - https:\/\/yoast.com\/product\/yoast-seo-wordpress\/ -->\n<title>ASSEMBLEIA DA BAHIA ABRE CONCURSO PARA DIVERSAS \u00c1REAS - Blog do Farn\u00e9sio<\/title>\n<meta name=\"robots\" content=\"index, follow, max-snippet:-1, max-image-preview:large, max-video-preview:-1\" \/>\n<link rel=\"canonical\" href=\"https:\/\/blogdofarnesio.com.br\/?p=75145\" \/>\n<meta property=\"og:locale\" content=\"pt_BR\" \/>\n<meta property=\"og:type\" content=\"article\" \/>\n<meta property=\"og:title\" content=\"ASSEMBLEIA DA BAHIA ABRE CONCURSO PARA DIVERSAS \u00c1REAS - Blog do Farn\u00e9sio\" \/>\n<meta property=\"og:description\" content=\"A Assembleia Legislativa do Estado da Bahia publicou edital de concurso p\u00fablico que oferece 91 vagas, sendo 48 para candidatos com n\u00edvel superior, 11 para n\u00edvel m\u00e9dio t\u00e9cnico e 38 para n\u00edvel m\u00e9dio. Os interessados devem acessar o site da FGV, \u00a0www.fgv.br\/fgvprojetos\/concursos\/alba, entre os dias 3 e 27 de mar\u00e7o para realizar sua inscri\u00e7\u00e3o. As oportunidades s\u00e3o para candidatos com forma\u00e7\u00e3o em Administra\u00e7\u00e3o, Ci\u00eancias Cont\u00e1beis, Direito, Economia, An\u00e1lise de Sistemas, Ci\u00eancias da Computa\u00e7\u00e3o, Tecnologia da Informa\u00e7\u00e3o, Arquitetura, Direito, Servi\u00e7o Social, Ci\u00eancias Cont\u00e1beis, Ci\u00eancias Econ\u00f4micas, Engenharia Civil, Engenharia El\u00e9trica, Pedagogia, Hist\u00f3ria, Psicologia, Jornalismo, Comunica\u00e7\u00e3o Social, Letras. Tamb\u00e9m est\u00e3o sendo oferecidas vagas para\" \/>\n<meta property=\"og:url\" content=\"https:\/\/blogdofarnesio.com.br\/?p=75145\" \/>\n<meta property=\"og:site_name\" content=\"Blog do Farn\u00e9sio\" \/>\n<meta property=\"article:publisher\" content=\"https:\/\/www.facebook.com\/BlogQuerSaberPolitica\/\" \/>\n<meta property=\"article:published_time\" content=\"2014-03-06T14:30:22+00:00\" \/>\n<meta property=\"og:image\" content=\"http:\/\/cdn.vozdabahia.com.br\/listas\/posts\/106762.jpg?1393929678\" \/>\n<meta name=\"author\" content=\"teste\" \/>\n<meta name=\"twitter:card\" content=\"summary_large_image\" \/>\n<meta name=\"twitter:label1\" content=\"Escrito por\" \/>\n\t<meta name=\"twitter:data1\" content=\"teste\" \/>\n\t<meta name=\"twitter:label2\" content=\"Est. tempo de leitura\" \/>\n\t<meta name=\"twitter:data2\" content=\"1 minuto\" \/>\n<script type=\"application\/ld+json\" class=\"yoast-schema-graph\">{\"@context\":\"https:\\\/\\\/schema.org\",\"@graph\":[{\"@type\":\"Article\",\"@id\":\"https:\\\/\\\/blogdofarnesio.com.br\\\/?p=75145#article\",\"isPartOf\":{\"@id\":\"https:\\\/\\\/blogdofarnesio.com.br\\\/?p=75145\"},\"author\":{\"name\":\"teste\",\"@id\":\"https:\\\/\\\/blogdofarnesio.com.br\\\/#\\\/schema\\\/person\\\/dd1bf5eba40b687199ba45ca6b97dff9\"},\"headline\":\"ASSEMBLEIA DA BAHIA ABRE CONCURSO PARA DIVERSAS \u00c1REAS\",\"datePublished\":\"2014-03-06T14:30:22+00:00\",\"mainEntityOfPage\":{\"@id\":\"https:\\\/\\\/blogdofarnesio.com.br\\\/?p=75145\"},\"wordCount\":224,\"commentCount\":0,\"publisher\":{\"@id\":\"https:\\\/\\\/blogdofarnesio.com.br\\\/#organization\"},\"image\":{\"@id\":\"https:\\\/\\\/blogdofarnesio.com.br\\\/?p=75145#primaryimage\"},\"thumbnailUrl\":\"http:\\\/\\\/cdn.vozdabahia.com.br\\\/listas\\\/posts\\\/106762.jpg?1393929678\",\"articleSection\":[\"Concursos\"],\"inLanguage\":\"pt-BR\",\"potentialAction\":[{\"@type\":\"CommentAction\",\"name\":\"Comment\",\"target\":[\"https:\\\/\\\/blogdofarnesio.com.br\\\/?p=75145#respond\"]}]},{\"@type\":\"WebPage\",\"@id\":\"https:\\\/\\\/blogdofarnesio.com.br\\\/?p=75145\",\"url\":\"https:\\\/\\\/blogdofarnesio.com.br\\\/?p=75145\",\"name\":\"ASSEMBLEIA DA BAHIA ABRE CONCURSO PARA DIVERSAS \u00c1REAS - Blog do Farn\u00e9sio\",\"isPartOf\":{\"@id\":\"https:\\\/\\\/blogdofarnesio.com.br\\\/#website\"},\"primaryImageOfPage\":{\"@id\":\"https:\\\/\\\/blogdofarnesio.com.br\\\/?p=75145#primaryimage\"},\"image\":{\"@id\":\"https:\\\/\\\/blogdofarnesio.com.br\\\/?p=75145#primaryimage\"},\"thumbnailUrl\":\"http:\\\/\\\/cdn.vozdabahia.com.br\\\/listas\\\/posts\\\/106762.jpg?1393929678\",\"datePublished\":\"2014-03-06T14:30:22+00:00\",\"breadcrumb\":{\"@id\":\"https:\\\/\\\/blogdofarnesio.com.br\\\/?p=75145#breadcrumb\"},\"inLanguage\":\"pt-BR\",\"potentialAction\":[{\"@type\":\"ReadAction\",\"target\":[\"https:\\\/\\\/blogdofarnesio.com.br\\\/?p=75145\"]}]},{\"@type\":\"ImageObject\",\"inLanguage\":\"pt-BR\",\"@id\":\"https:\\\/\\\/blogdofarnesio.com.br\\\/?p=75145#primaryimage\",\"url\":\"http:\\\/\\\/cdn.vozdabahia.com.br\\\/listas\\\/posts\\\/106762.jpg?1393929678\",\"contentUrl\":\"http:\\\/\\\/cdn.vozdabahia.com.br\\\/listas\\\/posts\\\/106762.jpg?1393929678\"},{\"@type\":\"BreadcrumbList\",\"@id\":\"https:\\\/\\\/blogdofarnesio.com.br\\\/?p=75145#breadcrumb\",\"itemListElement\":[{\"@type\":\"ListItem\",\"position\":1,\"name\":\"In\u00edcio\",\"item\":\"https:\\\/\\\/blogdofarnesio.com.br\\\/\"},{\"@type\":\"ListItem\",\"position\":2,\"name\":\"ASSEMBLEIA DA BAHIA ABRE CONCURSO PARA DIVERSAS \u00c1REAS\"}]},{\"@type\":\"WebSite\",\"@id\":\"https:\\\/\\\/blogdofarnesio.com.br\\\/#website\",\"url\":\"https:\\\/\\\/blogdofarnesio.com.br\\\/\",\"name\":\"Blog do Farn\u00e9sio\",\"description\":\"Quer Saber Pol\u00edtica?\",\"publisher\":{\"@id\":\"https:\\\/\\\/blogdofarnesio.com.br\\\/#organization\"},\"potentialAction\":[{\"@type\":\"SearchAction\",\"target\":{\"@type\":\"EntryPoint\",\"urlTemplate\":\"https:\\\/\\\/blogdofarnesio.com.br\\\/?s={search_term_string}\"},\"query-input\":{\"@type\":\"PropertyValueSpecification\",\"valueRequired\":true,\"valueName\":\"search_term_string\"}}],\"inLanguage\":\"pt-BR\"},{\"@type\":\"Organization\",\"@id\":\"https:\\\/\\\/blogdofarnesio.com.br\\\/#organization\",\"name\":\"Blog do Farn\u00e9sio\",\"url\":\"https:\\\/\\\/blogdofarnesio.com.br\\\/\",\"logo\":{\"@type\":\"ImageObject\",\"inLanguage\":\"pt-BR\",\"@id\":\"https:\\\/\\\/blogdofarnesio.com.br\\\/#\\\/schema\\\/logo\\\/image\\\/\",\"url\":\"https:\\\/\\\/blogdofarnesio.com.br\\\/wp-content\\\/uploads\\\/2026\\\/03\\\/cropped-logo_new-1.png\",\"contentUrl\":\"https:\\\/\\\/blogdofarnesio.com.br\\\/wp-content\\\/uploads\\\/2026\\\/03\\\/cropped-logo_new-1.png\",\"width\":881,\"height\":685,\"caption\":\"Blog do Farn\u00e9sio\"},\"image\":{\"@id\":\"https:\\\/\\\/blogdofarnesio.com.br\\\/#\\\/schema\\\/logo\\\/image\\\/\"},\"sameAs\":[\"https:\\\/\\\/www.facebook.com\\\/BlogQuerSaberPolitica\\\/\"]},{\"@type\":\"Person\",\"@id\":\"https:\\\/\\\/blogdofarnesio.com.br\\\/#\\\/schema\\\/person\\\/dd1bf5eba40b687199ba45ca6b97dff9\",\"name\":\"teste\",\"image\":{\"@type\":\"ImageObject\",\"inLanguage\":\"pt-BR\",\"@id\":\"https:\\\/\\\/secure.gravatar.com\\\/avatar\\\/2172498d4914b51e1d89a0f97957b035ac4938723a5cac208135d389b6972a6d?s=96&d=mm&r=g\",\"url\":\"https:\\\/\\\/secure.gravatar.com\\\/avatar\\\/2172498d4914b51e1d89a0f97957b035ac4938723a5cac208135d389b6972a6d?s=96&d=mm&r=g\",\"contentUrl\":\"https:\\\/\\\/secure.gravatar.com\\\/avatar\\\/2172498d4914b51e1d89a0f97957b035ac4938723a5cac208135d389b6972a6d?s=96&d=mm&r=g\",\"caption\":\"teste\"},\"url\":\"https:\\\/\\\/blogdofarnesio.com.br\\\/?author=3\"}]}<\/script>\n<!-- \/ Yoast SEO plugin. -->","yoast_head_json":{"title":"ASSEMBLEIA DA BAHIA ABRE CONCURSO PARA DIVERSAS \u00c1REAS - Blog do Farn\u00e9sio","robots":{"index":"index","follow":"follow","max-snippet":"max-snippet:-1","max-image-preview":"max-image-preview:large","max-video-preview":"max-video-preview:-1"},"canonical":"https:\/\/blogdofarnesio.com.br\/?p=75145","og_locale":"pt_BR","og_type":"article","og_title":"ASSEMBLEIA DA BAHIA ABRE CONCURSO PARA DIVERSAS \u00c1REAS - Blog do Farn\u00e9sio","og_description":"A Assembleia Legislativa do Estado da Bahia publicou edital de concurso p\u00fablico que oferece 91 vagas, sendo 48 para candidatos com n\u00edvel superior, 11 para n\u00edvel m\u00e9dio t\u00e9cnico e 38 para n\u00edvel m\u00e9dio. Os interessados devem acessar o site da FGV, \u00a0www.fgv.br\/fgvprojetos\/concursos\/alba, entre os dias 3 e 27 de mar\u00e7o para realizar sua inscri\u00e7\u00e3o. As oportunidades s\u00e3o para candidatos com forma\u00e7\u00e3o em Administra\u00e7\u00e3o, Ci\u00eancias Cont\u00e1beis, Direito, Economia, An\u00e1lise de Sistemas, Ci\u00eancias da Computa\u00e7\u00e3o, Tecnologia da Informa\u00e7\u00e3o, Arquitetura, Direito, Servi\u00e7o Social, Ci\u00eancias Cont\u00e1beis, Ci\u00eancias Econ\u00f4micas, Engenharia Civil, Engenharia El\u00e9trica, Pedagogia, Hist\u00f3ria, Psicologia, Jornalismo, Comunica\u00e7\u00e3o Social, Letras. Tamb\u00e9m est\u00e3o sendo oferecidas vagas para","og_url":"https:\/\/blogdofarnesio.com.br\/?p=75145","og_site_name":"Blog do Farn\u00e9sio","article_publisher":"https:\/\/www.facebook.com\/BlogQuerSaberPolitica\/","article_published_time":"2014-03-06T14:30:22+00:00","og_image":[{"url":"http:\/\/cdn.vozdabahia.com.br\/listas\/posts\/106762.jpg?1393929678","type":"","width":"","height":""}],"author":"teste","twitter_card":"summary_large_image","twitter_misc":{"Escrito por":"teste","Est. tempo de leitura":"1 minuto"},"schema":{"@context":"https:\/\/schema.org","@graph":[{"@type":"Article","@id":"https:\/\/blogdofarnesio.com.br\/?p=75145#article","isPartOf":{"@id":"https:\/\/blogdofarnesio.com.br\/?p=75145"},"author":{"name":"teste","@id":"https:\/\/blogdofarnesio.com.br\/#\/schema\/person\/dd1bf5eba40b687199ba45ca6b97dff9"},"headline":"ASSEMBLEIA DA BAHIA ABRE CONCURSO PARA DIVERSAS \u00c1REAS","datePublished":"2014-03-06T14:30:22+00:00","mainEntityOfPage":{"@id":"https:\/\/blogdofarnesio.com.br\/?p=75145"},"wordCount":224,"commentCount":0,"publisher":{"@id":"https:\/\/blogdofarnesio.com.br\/#organization"},"image":{"@id":"https:\/\/blogdofarnesio.com.br\/?p=75145#primaryimage"},"thumbnailUrl":"http:\/\/cdn.vozdabahia.com.br\/listas\/posts\/106762.jpg?1393929678","articleSection":["Concursos"],"inLanguage":"pt-BR","potentialAction":[{"@type":"CommentAction","name":"Comment","target":["https:\/\/blogdofarnesio.com.br\/?p=75145#respond"]}]},{"@type":"WebPage","@id":"https:\/\/blogdofarnesio.com.br\/?p=75145","url":"https:\/\/blogdofarnesio.com.br\/?p=75145","name":"ASSEMBLEIA DA BAHIA ABRE CONCURSO PARA DIVERSAS \u00c1REAS - Blog do Farn\u00e9sio","isPartOf":{"@id":"https:\/\/blogdofarnesio.com.br\/#website"},"primaryImageOfPage":{"@id":"https:\/\/blogdofarnesio.com.br\/?p=75145#primaryimage"},"image":{"@id":"https:\/\/blogdofarnesio.com.br\/?p=75145#primaryimage"},"thumbnailUrl":"http:\/\/cdn.vozdabahia.com.br\/listas\/posts\/106762.jpg?1393929678","datePublished":"2014-03-06T14:30:22+00:00","breadcrumb":{"@id":"https:\/\/blogdofarnesio.com.br\/?p=75145#breadcrumb"},"inLanguage":"pt-BR","potentialAction":[{"@type":"ReadAction","target":["https:\/\/blogdofarnesio.com.br\/?p=75145"]}]},{"@type":"ImageObject","inLanguage":"pt-BR","@id":"https:\/\/blogdofarnesio.com.br\/?p=75145#primaryimage","url":"http:\/\/cdn.vozdabahia.com.br\/listas\/posts\/106762.jpg?1393929678","contentUrl":"http:\/\/cdn.vozdabahia.com.br\/listas\/posts\/106762.jpg?1393929678"},{"@type":"BreadcrumbList","@id":"https:\/\/blogdofarnesio.com.br\/?p=75145#breadcrumb","itemListElement":[{"@type":"ListItem","position":1,"name":"In\u00edcio","item":"https:\/\/blogdofarnesio.com.br\/"},{"@type":"ListItem","position":2,"name":"ASSEMBLEIA DA BAHIA ABRE CONCURSO PARA DIVERSAS \u00c1REAS"}]},{"@type":"WebSite","@id":"https:\/\/blogdofarnesio.com.br\/#website","url":"https:\/\/blogdofarnesio.com.br\/","name":"Blog do Farn\u00e9sio","description":"Quer Saber Pol\u00edtica?","publisher":{"@id":"https:\/\/blogdofarnesio.com.br\/#organization"},"potentialAction":[{"@type":"SearchAction","target":{"@type":"EntryPoint","urlTemplate":"https:\/\/blogdofarnesio.com.br\/?s={search_term_string}"},"query-input":{"@type":"PropertyValueSpecification","valueRequired":true,"valueName":"search_term_string"}}],"inLanguage":"pt-BR"},{"@type":"Organization","@id":"https:\/\/blogdofarnesio.com.br\/#organization","name":"Blog do Farn\u00e9sio","url":"https:\/\/blogdofarnesio.com.br\/","logo":{"@type":"ImageObject","inLanguage":"pt-BR","@id":"https:\/\/blogdofarnesio.com.br\/#\/schema\/logo\/image\/","url":"https:\/\/blogdofarnesio.com.br\/wp-content\/uploads\/2026\/03\/cropped-logo_new-1.png","contentUrl":"https:\/\/blogdofarnesio.com.br\/wp-content\/uploads\/2026\/03\/cropped-logo_new-1.png","width":881,"height":685,"caption":"Blog do Farn\u00e9sio"},"image":{"@id":"https:\/\/blogdofarnesio.com.br\/#\/schema\/logo\/image\/"},"sameAs":["https:\/\/www.facebook.com\/BlogQuerSaberPolitica\/"]},{"@type":"Person","@id":"https:\/\/blogdofarnesio.com.br\/#\/schema\/person\/dd1bf5eba40b687199ba45ca6b97dff9","name":"teste","image":{"@type":"ImageObject","inLanguage":"pt-BR","@id":"https:\/\/secure.gravatar.com\/avatar\/2172498d4914b51e1d89a0f97957b035ac4938723a5cac208135d389b6972a6d?s=96&d=mm&r=g","url":"https:\/\/secure.gravatar.com\/avatar\/2172498d4914b51e1d89a0f97957b035ac4938723a5cac208135d389b6972a6d?s=96&d=mm&r=g","contentUrl":"https:\/\/secure.gravatar.com\/avatar\/2172498d4914b51e1d89a0f97957b035ac4938723a5cac208135d389b6972a6d?s=96&d=mm&r=g","caption":"teste"},"url":"https:\/\/blogdofarnesio.com.br\/?author=3"}]}},"_links":{"self":[{"href":"https:\/\/blogdofarnesio.com.br\/index.php?rest_route=\/wp\/v2\/posts\/75145","targetHints":{"allow":["GET"]}}],"collection":[{"href":"https:\/\/blogdofarnesio.com.br\/index.php?rest_route=\/wp\/v2\/posts"}],"about":[{"href":"https:\/\/blogdofarnesio.com.br\/index.php?rest_route=\/wp\/v2\/types\/post"}],"author":[{"embeddable":true,"href":"https:\/\/blogdofarnesio.com.br\/index.php?rest_route=\/wp\/v2\/users\/3"}],"replies":[{"embeddable":true,"href":"https:\/\/blogdofarnesio.com.br\/index.php?rest_route=%2Fwp%2Fv2%2Fcomments&post=75145"}],"version-history":[{"count":0,"href":"https:\/\/blogdofarnesio.com.br\/index.php?rest_route=\/wp\/v2\/posts\/75145\/revisions"}],"wp:attachment":[{"href":"https:\/\/blogdofarnesio.com.br\/index.php?rest_route=%2Fwp%2Fv2%2Fmedia&parent=75145"}],"wp:term":[{"taxonomy":"category","embeddable":true,"href":"https:\/\/blogdofarnesio.com.br\/index.php?rest_route=%2Fwp%2Fv2%2Fcategories&post=75145"},{"taxonomy":"post_tag","embeddable":true,"href":"https:\/\/blogdofarnesio.com.br\/index.php?rest_route=%2Fwp%2Fv2%2Ftags&post=75145"}],"curies":[{"name":"wp","href":"https:\/\/api.w.org\/{rel}","templated":true}]}}