{"id":74946,"date":"2014-03-03T14:00:14","date_gmt":"2014-03-03T17:00:14","guid":{"rendered":"http:\/\/www.quersaberpolitica.com.br\/?p=74946"},"modified":"2014-03-03T11:10:12","modified_gmt":"2014-03-03T14:10:12","slug":"governador-exalta-manifestacoes-culturais-no-interior","status":"publish","type":"post","link":"https:\/\/blogdofarnesio.com.br\/?p=74946","title":{"rendered":"GOVERNADOR EXALTA MANIFESTA\u00c7\u00d5ES CULTURAIS NO INTERIOR"},"content":{"rendered":"<header>\n<h1><a href=\"http:\/\/www.pe.gov.br\/blog\/2014\/03\/02\/governador-exalta-manifestacoes-culturais-do-interior-de-pernambuco\/\"><img loading=\"lazy\" decoding=\"async\" class=\"alignleft\" alt=\"\" src=\"http:\/\/www.pe.gov.br\/_resources\/files\/_modules\/files\/files_9207_tn_20140302233533605c.jpg\" width=\"248\" height=\"240\" \/><img loading=\"lazy\" decoding=\"async\" class=\"alignright\" alt=\"\" src=\"http:\/\/www.pe.gov.br\/_resources\/files\/_modules\/files\/files_9206_tn_201403022335337ce5.jpg\" width=\"248\" height=\"240\" \/><\/a><\/h1>\n<\/header>\n<section>O segundo dia de folia carnavalesca foi marcado pela irrever\u00eancia do povo pernambucano. O governador Eduardo Campos dedicou o domingo (02\/03) para percorrer o Interior de Pernambuco e\u00a0acompanhar as manifesta\u00e7\u00f5es culturais. A primeira parada foi o munic\u00edpio de Bezerros, no Agreste. O governador destacou o crescimento do Carnaval da cidade, que \u00e9 conhecido pela irrever\u00eancia dos Papangus, e ressaltou a qualidade da festa. &#8220;O Carnaval de Bezerros \u00e9 a marca da descontra\u00e7\u00e3o e da festa de rua&#8221;, afirmou o governador.<\/p>\n<p>Ap\u00f3s conferir a festa dos foli\u00f5es na terra dos Papangus, o governador seguiu para o munic\u00edpio de Pesqueira, tamb\u00e9m no Agreste. A atra\u00e7\u00e3o deste domingo foi o bloco Lira da Tarde, que \u00e9 conhecido tamb\u00e9m como Galo do Agreste. Eduardo caminhou pela cidade at\u00e9 a concentra\u00e7\u00e3o do bloco, cumprimentando os foli\u00f5es e levando a mensagem de muita alegria e paz nos festejos de momo. &#8220;\u00c9 muito importante mostrar ao Brasil a beleza do Carnaval do Interior&#8221;, observou.<!--more--><\/p>\n<p><img loading=\"lazy\" decoding=\"async\" class=\"alignleft\" alt=\"f2\" src=\"http:\/\/www.pe.gov.br\/_resources\/files\/_modules\/files\/files_9203_tn_201403022334055adc.jpg\" width=\"248\" height=\"240\" \/><img loading=\"lazy\" decoding=\"async\" class=\"alignright\" alt=\"f1\" src=\"http:\/\/www.pe.gov.br\/_resources\/files\/_modules\/files\/files_9205_tn_20140302233533e3cb.jpg\" width=\"248\" height=\"240\" \/>Eduardo tamb\u00e9m destacou a import\u00e2ncia dos festejos de Momo para o turismo local. &#8220;De acordo com dados do Minist\u00e9rio do Turismo, Pernambuco \u00e9 o maior receptor de turistas deste per\u00edodo, considerando o Norte, o Nordeste e o Centro-Oeste&#8221;, detalhou o chefe do Executivo de Pernambuco. Os munic\u00edpios de Pesqueira e Bezerros estimam receber, juntos, cerca de 600 mil foli\u00f5es por dia durante o Carnaval.<\/p>\n<p>O secret\u00e1rio estadual de Cultura, Marcelo Canuto, lembro que o Governo de Pernambuco investe em a\u00e7\u00f5es que priorizam a cultura popular. &#8220;Neste Carnaval, n\u00f3s disponibilizamos recursos para 21 cidades, da Regi\u00e3o Metropolitana ao Sert\u00e3o, garantindo assim a celebra\u00e7\u00e3o da festa em todas as regi\u00f5es do nosso Estado&#8221;, relatou o secret\u00e1rio, explicando tamb\u00e9m que esses recursos foram aplicados em seguran\u00e7a, na rede de sa\u00fade local e na programa\u00e7\u00e3o art\u00edstica do per\u00edodo.<\/p>\n<p>Al\u00e9m das agremia\u00e7\u00f5es de rua, que este ano ser\u00e3o 110, Pesqueira \u00e9 famosa pelos Caiporas, uma lenda local que inspirou um bloco criado ainda na d\u00e9cada de 1960. Nos dias atuais, a figura \u00e9 a marca do Carnaval da cidade. &#8220;Pernambuco tem muitas riquezas culturais, que n\u00f3s devemos divulgar e nos orgulhar de cada detalhe&#8221;, disse o governador.<\/p>\n<\/section>\n","protected":false},"excerpt":{"rendered":"<p>O segundo dia de folia carnavalesca foi marcado pela irrever\u00eancia do povo pernambucano. O governador Eduardo Campos dedicou o domingo (02\/03) para percorrer o Interior de Pernambuco e\u00a0acompanhar as manifesta\u00e7\u00f5es culturais. A primeira parada foi o munic\u00edpio de Bezerros, no Agreste. O governador destacou o crescimento do Carnaval da cidade, que \u00e9 conhecido pela irrever\u00eancia dos Papangus, e ressaltou a qualidade da festa. &#8220;O Carnaval de Bezerros \u00e9 a marca da descontra\u00e7\u00e3o e da festa de rua&#8221;, afirmou o governador. Ap\u00f3s conferir a festa dos foli\u00f5es na terra dos Papangus, o governador seguiu para o munic\u00edpio de Pesqueira, tamb\u00e9m no Agreste. A atra\u00e7\u00e3o deste domingo foi o bloco Lira da Tarde, que \u00e9 conhecido tamb\u00e9m como Galo do Agreste. Eduardo&hellip; <\/p>\n","protected":false},"author":3,"featured_media":0,"comment_status":"open","ping_status":"open","sticky":false,"template":"","format":"standard","meta":{"_acf_changed":false,"footnotes":""},"categories":[10],"tags":[],"class_list":["post-74946","post","type-post","status-publish","format-standard","hentry","category-cultura"],"acf":[],"yoast_head":"<!-- This site is optimized with the Yoast SEO plugin v27.4 - https:\/\/yoast.com\/product\/yoast-seo-wordpress\/ -->\n<title>GOVERNADOR EXALTA MANIFESTA\u00c7\u00d5ES CULTURAIS NO INTERIOR - Blog do Farn\u00e9sio<\/title>\n<meta name=\"robots\" content=\"index, follow, max-snippet:-1, max-image-preview:large, max-video-preview:-1\" \/>\n<link rel=\"canonical\" href=\"https:\/\/blogdofarnesio.com.br\/?p=74946\" \/>\n<meta property=\"og:locale\" content=\"pt_BR\" \/>\n<meta property=\"og:type\" content=\"article\" \/>\n<meta property=\"og:title\" content=\"GOVERNADOR EXALTA MANIFESTA\u00c7\u00d5ES CULTURAIS NO INTERIOR - Blog do Farn\u00e9sio\" \/>\n<meta property=\"og:description\" content=\"O segundo dia de folia carnavalesca foi marcado pela irrever\u00eancia do povo pernambucano. O governador Eduardo Campos dedicou o domingo (02\/03) para percorrer o Interior de Pernambuco e\u00a0acompanhar as manifesta\u00e7\u00f5es culturais. A primeira parada foi o munic\u00edpio de Bezerros, no Agreste. O governador destacou o crescimento do Carnaval da cidade, que \u00e9 conhecido pela irrever\u00eancia dos Papangus, e ressaltou a qualidade da festa. &#8220;O Carnaval de Bezerros \u00e9 a marca da descontra\u00e7\u00e3o e da festa de rua&#8221;, afirmou o governador. Ap\u00f3s conferir a festa dos foli\u00f5es na terra dos Papangus, o governador seguiu para o munic\u00edpio de Pesqueira, tamb\u00e9m no Agreste. A atra\u00e7\u00e3o deste domingo foi o bloco Lira da Tarde, que \u00e9 conhecido tamb\u00e9m como Galo do Agreste. Eduardo&hellip;\" \/>\n<meta property=\"og:url\" content=\"https:\/\/blogdofarnesio.com.br\/?p=74946\" \/>\n<meta property=\"og:site_name\" content=\"Blog do Farn\u00e9sio\" \/>\n<meta property=\"article:publisher\" content=\"https:\/\/www.facebook.com\/BlogQuerSaberPolitica\/\" \/>\n<meta property=\"article:published_time\" content=\"2014-03-03T17:00:14+00:00\" \/>\n<meta property=\"og:image\" content=\"http:\/\/www.pe.gov.br\/_resources\/files\/_modules\/files\/files_9207_tn_20140302233533605c.jpg\" \/>\n<meta name=\"author\" content=\"teste\" \/>\n<meta name=\"twitter:card\" content=\"summary_large_image\" \/>\n<meta name=\"twitter:label1\" content=\"Escrito por\" \/>\n\t<meta name=\"twitter:data1\" content=\"teste\" \/>\n\t<meta name=\"twitter:label2\" content=\"Est. tempo de leitura\" \/>\n\t<meta name=\"twitter:data2\" content=\"2 minutos\" \/>\n<script type=\"application\/ld+json\" class=\"yoast-schema-graph\">{\"@context\":\"https:\\\/\\\/schema.org\",\"@graph\":[{\"@type\":\"Article\",\"@id\":\"https:\\\/\\\/blogdofarnesio.com.br\\\/?p=74946#article\",\"isPartOf\":{\"@id\":\"https:\\\/\\\/blogdofarnesio.com.br\\\/?p=74946\"},\"author\":{\"name\":\"teste\",\"@id\":\"https:\\\/\\\/blogdofarnesio.com.br\\\/#\\\/schema\\\/person\\\/dd1bf5eba40b687199ba45ca6b97dff9\"},\"headline\":\"GOVERNADOR EXALTA MANIFESTA\u00c7\u00d5ES CULTURAIS NO INTERIOR\",\"datePublished\":\"2014-03-03T17:00:14+00:00\",\"mainEntityOfPage\":{\"@id\":\"https:\\\/\\\/blogdofarnesio.com.br\\\/?p=74946\"},\"wordCount\":383,\"commentCount\":0,\"publisher\":{\"@id\":\"https:\\\/\\\/blogdofarnesio.com.br\\\/#organization\"},\"image\":{\"@id\":\"https:\\\/\\\/blogdofarnesio.com.br\\\/?p=74946#primaryimage\"},\"thumbnailUrl\":\"http:\\\/\\\/www.pe.gov.br\\\/_resources\\\/files\\\/_modules\\\/files\\\/files_9207_tn_20140302233533605c.jpg\",\"articleSection\":[\"Cultura\"],\"inLanguage\":\"pt-BR\",\"potentialAction\":[{\"@type\":\"CommentAction\",\"name\":\"Comment\",\"target\":[\"https:\\\/\\\/blogdofarnesio.com.br\\\/?p=74946#respond\"]}]},{\"@type\":\"WebPage\",\"@id\":\"https:\\\/\\\/blogdofarnesio.com.br\\\/?p=74946\",\"url\":\"https:\\\/\\\/blogdofarnesio.com.br\\\/?p=74946\",\"name\":\"GOVERNADOR EXALTA MANIFESTA\u00c7\u00d5ES CULTURAIS NO INTERIOR - Blog do Farn\u00e9sio\",\"isPartOf\":{\"@id\":\"https:\\\/\\\/blogdofarnesio.com.br\\\/#website\"},\"primaryImageOfPage\":{\"@id\":\"https:\\\/\\\/blogdofarnesio.com.br\\\/?p=74946#primaryimage\"},\"image\":{\"@id\":\"https:\\\/\\\/blogdofarnesio.com.br\\\/?p=74946#primaryimage\"},\"thumbnailUrl\":\"http:\\\/\\\/www.pe.gov.br\\\/_resources\\\/files\\\/_modules\\\/files\\\/files_9207_tn_20140302233533605c.jpg\",\"datePublished\":\"2014-03-03T17:00:14+00:00\",\"breadcrumb\":{\"@id\":\"https:\\\/\\\/blogdofarnesio.com.br\\\/?p=74946#breadcrumb\"},\"inLanguage\":\"pt-BR\",\"potentialAction\":[{\"@type\":\"ReadAction\",\"target\":[\"https:\\\/\\\/blogdofarnesio.com.br\\\/?p=74946\"]}]},{\"@type\":\"ImageObject\",\"inLanguage\":\"pt-BR\",\"@id\":\"https:\\\/\\\/blogdofarnesio.com.br\\\/?p=74946#primaryimage\",\"url\":\"http:\\\/\\\/www.pe.gov.br\\\/_resources\\\/files\\\/_modules\\\/files\\\/files_9207_tn_20140302233533605c.jpg\",\"contentUrl\":\"http:\\\/\\\/www.pe.gov.br\\\/_resources\\\/files\\\/_modules\\\/files\\\/files_9207_tn_20140302233533605c.jpg\"},{\"@type\":\"BreadcrumbList\",\"@id\":\"https:\\\/\\\/blogdofarnesio.com.br\\\/?p=74946#breadcrumb\",\"itemListElement\":[{\"@type\":\"ListItem\",\"position\":1,\"name\":\"In\u00edcio\",\"item\":\"https:\\\/\\\/blogdofarnesio.com.br\\\/\"},{\"@type\":\"ListItem\",\"position\":2,\"name\":\"GOVERNADOR EXALTA MANIFESTA\u00c7\u00d5ES CULTURAIS NO INTERIOR\"}]},{\"@type\":\"WebSite\",\"@id\":\"https:\\\/\\\/blogdofarnesio.com.br\\\/#website\",\"url\":\"https:\\\/\\\/blogdofarnesio.com.br\\\/\",\"name\":\"Blog do Farn\u00e9sio\",\"description\":\"Quer Saber Pol\u00edtica?\",\"publisher\":{\"@id\":\"https:\\\/\\\/blogdofarnesio.com.br\\\/#organization\"},\"potentialAction\":[{\"@type\":\"SearchAction\",\"target\":{\"@type\":\"EntryPoint\",\"urlTemplate\":\"https:\\\/\\\/blogdofarnesio.com.br\\\/?s={search_term_string}\"},\"query-input\":{\"@type\":\"PropertyValueSpecification\",\"valueRequired\":true,\"valueName\":\"search_term_string\"}}],\"inLanguage\":\"pt-BR\"},{\"@type\":\"Organization\",\"@id\":\"https:\\\/\\\/blogdofarnesio.com.br\\\/#organization\",\"name\":\"Blog do Farn\u00e9sio\",\"url\":\"https:\\\/\\\/blogdofarnesio.com.br\\\/\",\"logo\":{\"@type\":\"ImageObject\",\"inLanguage\":\"pt-BR\",\"@id\":\"https:\\\/\\\/blogdofarnesio.com.br\\\/#\\\/schema\\\/logo\\\/image\\\/\",\"url\":\"https:\\\/\\\/blogdofarnesio.com.br\\\/wp-content\\\/uploads\\\/2026\\\/03\\\/cropped-logo_new-1.png\",\"contentUrl\":\"https:\\\/\\\/blogdofarnesio.com.br\\\/wp-content\\\/uploads\\\/2026\\\/03\\\/cropped-logo_new-1.png\",\"width\":881,\"height\":685,\"caption\":\"Blog do Farn\u00e9sio\"},\"image\":{\"@id\":\"https:\\\/\\\/blogdofarnesio.com.br\\\/#\\\/schema\\\/logo\\\/image\\\/\"},\"sameAs\":[\"https:\\\/\\\/www.facebook.com\\\/BlogQuerSaberPolitica\\\/\"]},{\"@type\":\"Person\",\"@id\":\"https:\\\/\\\/blogdofarnesio.com.br\\\/#\\\/schema\\\/person\\\/dd1bf5eba40b687199ba45ca6b97dff9\",\"name\":\"teste\",\"image\":{\"@type\":\"ImageObject\",\"inLanguage\":\"pt-BR\",\"@id\":\"https:\\\/\\\/secure.gravatar.com\\\/avatar\\\/2172498d4914b51e1d89a0f97957b035ac4938723a5cac208135d389b6972a6d?s=96&d=mm&r=g\",\"url\":\"https:\\\/\\\/secure.gravatar.com\\\/avatar\\\/2172498d4914b51e1d89a0f97957b035ac4938723a5cac208135d389b6972a6d?s=96&d=mm&r=g\",\"contentUrl\":\"https:\\\/\\\/secure.gravatar.com\\\/avatar\\\/2172498d4914b51e1d89a0f97957b035ac4938723a5cac208135d389b6972a6d?s=96&d=mm&r=g\",\"caption\":\"teste\"},\"url\":\"https:\\\/\\\/blogdofarnesio.com.br\\\/?author=3\"}]}<\/script>\n<!-- \/ Yoast SEO plugin. -->","yoast_head_json":{"title":"GOVERNADOR EXALTA MANIFESTA\u00c7\u00d5ES CULTURAIS NO INTERIOR - Blog do Farn\u00e9sio","robots":{"index":"index","follow":"follow","max-snippet":"max-snippet:-1","max-image-preview":"max-image-preview:large","max-video-preview":"max-video-preview:-1"},"canonical":"https:\/\/blogdofarnesio.com.br\/?p=74946","og_locale":"pt_BR","og_type":"article","og_title":"GOVERNADOR EXALTA MANIFESTA\u00c7\u00d5ES CULTURAIS NO INTERIOR - Blog do Farn\u00e9sio","og_description":"O segundo dia de folia carnavalesca foi marcado pela irrever\u00eancia do povo pernambucano. O governador Eduardo Campos dedicou o domingo (02\/03) para percorrer o Interior de Pernambuco e\u00a0acompanhar as manifesta\u00e7\u00f5es culturais. A primeira parada foi o munic\u00edpio de Bezerros, no Agreste. O governador destacou o crescimento do Carnaval da cidade, que \u00e9 conhecido pela irrever\u00eancia dos Papangus, e ressaltou a qualidade da festa. &#8220;O Carnaval de Bezerros \u00e9 a marca da descontra\u00e7\u00e3o e da festa de rua&#8221;, afirmou o governador. Ap\u00f3s conferir a festa dos foli\u00f5es na terra dos Papangus, o governador seguiu para o munic\u00edpio de Pesqueira, tamb\u00e9m no Agreste. A atra\u00e7\u00e3o deste domingo foi o bloco Lira da Tarde, que \u00e9 conhecido tamb\u00e9m como Galo do Agreste. Eduardo&hellip;","og_url":"https:\/\/blogdofarnesio.com.br\/?p=74946","og_site_name":"Blog do Farn\u00e9sio","article_publisher":"https:\/\/www.facebook.com\/BlogQuerSaberPolitica\/","article_published_time":"2014-03-03T17:00:14+00:00","og_image":[{"url":"http:\/\/www.pe.gov.br\/_resources\/files\/_modules\/files\/files_9207_tn_20140302233533605c.jpg","type":"","width":"","height":""}],"author":"teste","twitter_card":"summary_large_image","twitter_misc":{"Escrito por":"teste","Est. tempo de leitura":"2 minutos"},"schema":{"@context":"https:\/\/schema.org","@graph":[{"@type":"Article","@id":"https:\/\/blogdofarnesio.com.br\/?p=74946#article","isPartOf":{"@id":"https:\/\/blogdofarnesio.com.br\/?p=74946"},"author":{"name":"teste","@id":"https:\/\/blogdofarnesio.com.br\/#\/schema\/person\/dd1bf5eba40b687199ba45ca6b97dff9"},"headline":"GOVERNADOR EXALTA MANIFESTA\u00c7\u00d5ES CULTURAIS NO INTERIOR","datePublished":"2014-03-03T17:00:14+00:00","mainEntityOfPage":{"@id":"https:\/\/blogdofarnesio.com.br\/?p=74946"},"wordCount":383,"commentCount":0,"publisher":{"@id":"https:\/\/blogdofarnesio.com.br\/#organization"},"image":{"@id":"https:\/\/blogdofarnesio.com.br\/?p=74946#primaryimage"},"thumbnailUrl":"http:\/\/www.pe.gov.br\/_resources\/files\/_modules\/files\/files_9207_tn_20140302233533605c.jpg","articleSection":["Cultura"],"inLanguage":"pt-BR","potentialAction":[{"@type":"CommentAction","name":"Comment","target":["https:\/\/blogdofarnesio.com.br\/?p=74946#respond"]}]},{"@type":"WebPage","@id":"https:\/\/blogdofarnesio.com.br\/?p=74946","url":"https:\/\/blogdofarnesio.com.br\/?p=74946","name":"GOVERNADOR EXALTA MANIFESTA\u00c7\u00d5ES CULTURAIS NO INTERIOR - Blog do Farn\u00e9sio","isPartOf":{"@id":"https:\/\/blogdofarnesio.com.br\/#website"},"primaryImageOfPage":{"@id":"https:\/\/blogdofarnesio.com.br\/?p=74946#primaryimage"},"image":{"@id":"https:\/\/blogdofarnesio.com.br\/?p=74946#primaryimage"},"thumbnailUrl":"http:\/\/www.pe.gov.br\/_resources\/files\/_modules\/files\/files_9207_tn_20140302233533605c.jpg","datePublished":"2014-03-03T17:00:14+00:00","breadcrumb":{"@id":"https:\/\/blogdofarnesio.com.br\/?p=74946#breadcrumb"},"inLanguage":"pt-BR","potentialAction":[{"@type":"ReadAction","target":["https:\/\/blogdofarnesio.com.br\/?p=74946"]}]},{"@type":"ImageObject","inLanguage":"pt-BR","@id":"https:\/\/blogdofarnesio.com.br\/?p=74946#primaryimage","url":"http:\/\/www.pe.gov.br\/_resources\/files\/_modules\/files\/files_9207_tn_20140302233533605c.jpg","contentUrl":"http:\/\/www.pe.gov.br\/_resources\/files\/_modules\/files\/files_9207_tn_20140302233533605c.jpg"},{"@type":"BreadcrumbList","@id":"https:\/\/blogdofarnesio.com.br\/?p=74946#breadcrumb","itemListElement":[{"@type":"ListItem","position":1,"name":"In\u00edcio","item":"https:\/\/blogdofarnesio.com.br\/"},{"@type":"ListItem","position":2,"name":"GOVERNADOR EXALTA MANIFESTA\u00c7\u00d5ES CULTURAIS NO INTERIOR"}]},{"@type":"WebSite","@id":"https:\/\/blogdofarnesio.com.br\/#website","url":"https:\/\/blogdofarnesio.com.br\/","name":"Blog do Farn\u00e9sio","description":"Quer Saber Pol\u00edtica?","publisher":{"@id":"https:\/\/blogdofarnesio.com.br\/#organization"},"potentialAction":[{"@type":"SearchAction","target":{"@type":"EntryPoint","urlTemplate":"https:\/\/blogdofarnesio.com.br\/?s={search_term_string}"},"query-input":{"@type":"PropertyValueSpecification","valueRequired":true,"valueName":"search_term_string"}}],"inLanguage":"pt-BR"},{"@type":"Organization","@id":"https:\/\/blogdofarnesio.com.br\/#organization","name":"Blog do Farn\u00e9sio","url":"https:\/\/blogdofarnesio.com.br\/","logo":{"@type":"ImageObject","inLanguage":"pt-BR","@id":"https:\/\/blogdofarnesio.com.br\/#\/schema\/logo\/image\/","url":"https:\/\/blogdofarnesio.com.br\/wp-content\/uploads\/2026\/03\/cropped-logo_new-1.png","contentUrl":"https:\/\/blogdofarnesio.com.br\/wp-content\/uploads\/2026\/03\/cropped-logo_new-1.png","width":881,"height":685,"caption":"Blog do Farn\u00e9sio"},"image":{"@id":"https:\/\/blogdofarnesio.com.br\/#\/schema\/logo\/image\/"},"sameAs":["https:\/\/www.facebook.com\/BlogQuerSaberPolitica\/"]},{"@type":"Person","@id":"https:\/\/blogdofarnesio.com.br\/#\/schema\/person\/dd1bf5eba40b687199ba45ca6b97dff9","name":"teste","image":{"@type":"ImageObject","inLanguage":"pt-BR","@id":"https:\/\/secure.gravatar.com\/avatar\/2172498d4914b51e1d89a0f97957b035ac4938723a5cac208135d389b6972a6d?s=96&d=mm&r=g","url":"https:\/\/secure.gravatar.com\/avatar\/2172498d4914b51e1d89a0f97957b035ac4938723a5cac208135d389b6972a6d?s=96&d=mm&r=g","contentUrl":"https:\/\/secure.gravatar.com\/avatar\/2172498d4914b51e1d89a0f97957b035ac4938723a5cac208135d389b6972a6d?s=96&d=mm&r=g","caption":"teste"},"url":"https:\/\/blogdofarnesio.com.br\/?author=3"}]}},"_links":{"self":[{"href":"https:\/\/blogdofarnesio.com.br\/index.php?rest_route=\/wp\/v2\/posts\/74946","targetHints":{"allow":["GET"]}}],"collection":[{"href":"https:\/\/blogdofarnesio.com.br\/index.php?rest_route=\/wp\/v2\/posts"}],"about":[{"href":"https:\/\/blogdofarnesio.com.br\/index.php?rest_route=\/wp\/v2\/types\/post"}],"author":[{"embeddable":true,"href":"https:\/\/blogdofarnesio.com.br\/index.php?rest_route=\/wp\/v2\/users\/3"}],"replies":[{"embeddable":true,"href":"https:\/\/blogdofarnesio.com.br\/index.php?rest_route=%2Fwp%2Fv2%2Fcomments&post=74946"}],"version-history":[{"count":0,"href":"https:\/\/blogdofarnesio.com.br\/index.php?rest_route=\/wp\/v2\/posts\/74946\/revisions"}],"wp:attachment":[{"href":"https:\/\/blogdofarnesio.com.br\/index.php?rest_route=%2Fwp%2Fv2%2Fmedia&parent=74946"}],"wp:term":[{"taxonomy":"category","embeddable":true,"href":"https:\/\/blogdofarnesio.com.br\/index.php?rest_route=%2Fwp%2Fv2%2Fcategories&post=74946"},{"taxonomy":"post_tag","embeddable":true,"href":"https:\/\/blogdofarnesio.com.br\/index.php?rest_route=%2Fwp%2Fv2%2Ftags&post=74946"}],"curies":[{"name":"wp","href":"https:\/\/api.w.org\/{rel}","templated":true}]}}