{"id":74922,"date":"2014-03-03T11:00:21","date_gmt":"2014-03-03T14:00:21","guid":{"rendered":"http:\/\/www.quersaberpolitica.com.br\/?p=74922"},"modified":"2014-03-03T11:36:56","modified_gmt":"2014-03-03T14:36:56","slug":"advogado-esclarece-denuncia-sobre-pedido-de-senha-para-entrar-com-a-correcao-do-fgts","status":"publish","type":"post","link":"https:\/\/blogdofarnesio.com.br\/2014\/03\/advogado-esclarece-denuncia-sobre-pedido-de-senha-para-entrar-com-a-correcao-do-fgts\/","title":{"rendered":"ADVOGADO ESCLARECE DEN\u00daNCIA SOBRE PEDIDO DE SENHA PARA ENTRAR COM A CORRE\u00c7\u00c3O DO FGTS"},"content":{"rendered":"<p style=\"text-align: justify\"><a href=\"http:\/\/www.quersaberpolitica.com.br\/2016\/wp-content\/uploads\/2014\/03\/blogqspmarcorogerio-presacossf-Foto-Farn\u00e9sio-Silva.jpg\"><img loading=\"lazy\" decoding=\"async\" class=\"alignleft size-medium wp-image-74927\" alt=\"blogqspmarcorogerio presacossf Foto Farn\u00e9sio Silva\" src=\"http:\/\/www.quersaberpolitica.com.br\/2016\/wp-content\/uploads\/2014\/03\/blogqspmarcorogerio-presacossf-Foto-Farn\u00e9sio-Silva-300x176.jpg\" width=\"300\" height=\"176\" srcset=\"https:\/\/blogdofarnesio.com.br\/wp-content\/uploads\/2014\/03\/blogqspmarcorogerio-presacossf-Foto-Farn\u00e9sio-Silva-300x176.jpg 300w, https:\/\/blogdofarnesio.com.br\/wp-content\/uploads\/2014\/03\/blogqspmarcorogerio-presacossf-Foto-Farn\u00e9sio-Silva.jpg 448w\" sizes=\"auto, (max-width: 300px) 100vw, 300px\" \/><\/a>Na \u00faltima sexta-feira, uma ouvinte do programa Bastidores da Not\u00edcia, denunciou situa\u00e7\u00e3o em que escrit\u00f3rio de advocacia de Juazeiro estava pedindo a senha do cart\u00e3o para entrar com o pedido de corre\u00e7\u00e3o do Fundo de Garantia por Tempo de Servi\u00e7o (FGTS).<\/p>\n<p style=\"text-align: justify\">A ouvinte n\u00e3o citou nomes, por\u00e9m fez refer\u00eancia de que o escrit\u00f3rio ficava nas proximidades do GBarbosa. Sentindo-se ofendido, por realizar o servi\u00e7o e ter o escrit\u00f3rio de acordo com a refer\u00eancia citada pela ouvinte, o advogado Marcos Rog\u00e9rio (Foto) esteve na r\u00e1dio e concedeu entrevista ao programa esclarecendo o fato.<\/p>\n<p style=\"text-align: justify\">Segundo Marcos Rog\u00e9rio, para entrar com o pedido de corre\u00e7\u00e3o, al\u00e9m das copias de RG, CPF, CTPS, PIS\/PASEP, \u00e9 preciso o extrato da caixa Econ\u00f4mica do FGTS desde 1999, e como, segundo ele, muitas pessoas n\u00e3o possuem o acesso \u00e0 internet ou o conhecimento, eles estavam fazendo o procedimento e para isso era preciso a senha do cart\u00e3o cidad\u00e3o.<\/p>\n<p style=\"text-align: justify\">O advogado disse ainda que para evitar maiores polemicas, o escrit\u00f3rio n\u00e3o vai mais realizar esse procedimento de retirada do extrato. \u201cA gente estava fazendo todo esse procedimento para facilitar e agilizar o processo, mas agora n\u00e3o vamos mais fazer, ent\u00e3o a pessoa vai em uma lan house e j\u00e1 vem com isso pronto. A gente as vezes quer ajudar e ent\u00e3o tem pessoas m\u00e1 intencionadas, que querem prejudicar\u201d, disse.<\/p>\n<p style=\"text-align: justify\">Ele aproveitou a oportunidade para tirar as d\u00favidas sobre a corre\u00e7\u00e3o. De acordo com Marcos, qual quer trabalhador que tenha trabalhado com carteira assinada de 1999 at\u00e9 hoje pode dar entrada.<\/p>\n<p style=\"text-align: justify\">Segundo ele a corre\u00e7\u00e3o mensal dos dep\u00f3sitos tem como base a aplica\u00e7\u00e3o da TR que visa corrigir monetariamente os valores depositados, por\u00e9m ele explica que o Supremo Tribunal Federal (STF) considerou eu o TR n\u00e3o \u00e9 suficiente e que o IPCA (\u00edndice Nacional de Pre\u00e7os ao consumidos Amplo) \u00e9 que corrige corretamente.<\/p>\n<p><strong>Por Cl\u00eailma Souza\/BlogQSP<\/strong><\/p>\n","protected":false},"excerpt":{"rendered":"<p>Na \u00faltima sexta-feira, uma ouvinte do programa Bastidores da Not\u00edcia, denunciou situa\u00e7\u00e3o em que escrit\u00f3rio de advocacia de Juazeiro estava pedindo a senha do cart\u00e3o para entrar com o pedido de corre\u00e7\u00e3o do Fundo de Garantia por Tempo de Servi\u00e7o (FGTS). A ouvinte n\u00e3o citou nomes, por\u00e9m fez refer\u00eancia de que o escrit\u00f3rio ficava nas proximidades do GBarbosa. Sentindo-se ofendido, por realizar o servi\u00e7o e ter o escrit\u00f3rio de acordo com a refer\u00eancia citada pela ouvinte, o advogado Marcos Rog\u00e9rio (Foto) esteve na r\u00e1dio e concedeu entrevista ao programa esclarecendo o fato. Segundo Marcos Rog\u00e9rio, para entrar com o pedido de corre\u00e7\u00e3o, al\u00e9m das copias de RG, CPF, CTPS, PIS\/PASEP, \u00e9 preciso o extrato da caixa Econ\u00f4mica do FGTS desde&hellip; <\/p>\n","protected":false},"author":3,"featured_media":0,"comment_status":"open","ping_status":"open","sticky":false,"template":"","format":"standard","meta":{"_acf_changed":false,"footnotes":""},"categories":[23],"tags":[],"class_list":["post-74922","post","type-post","status-publish","format-standard","hentry","category-justica"],"acf":[],"yoast_head":"<!-- This site is optimized with the Yoast SEO plugin v27.5 - https:\/\/yoast.com\/product\/yoast-seo-wordpress\/ -->\n<title>ADVOGADO ESCLARECE DEN\u00daNCIA SOBRE PEDIDO DE SENHA PARA ENTRAR COM A CORRE\u00c7\u00c3O DO FGTS - Blog do Farn\u00e9sio<\/title>\n<meta name=\"robots\" content=\"index, follow, max-snippet:-1, max-image-preview:large, max-video-preview:-1\" \/>\n<link rel=\"canonical\" href=\"https:\/\/blogdofarnesio.com.br\/2014\/03\/advogado-esclarece-denuncia-sobre-pedido-de-senha-para-entrar-com-a-correcao-do-fgts\/\" \/>\n<meta property=\"og:locale\" content=\"pt_BR\" \/>\n<meta property=\"og:type\" content=\"article\" \/>\n<meta property=\"og:title\" content=\"ADVOGADO ESCLARECE DEN\u00daNCIA SOBRE PEDIDO DE SENHA PARA ENTRAR COM A CORRE\u00c7\u00c3O DO FGTS - Blog do Farn\u00e9sio\" \/>\n<meta property=\"og:description\" content=\"Na \u00faltima sexta-feira, uma ouvinte do programa Bastidores da Not\u00edcia, denunciou situa\u00e7\u00e3o em que escrit\u00f3rio de advocacia de Juazeiro estava pedindo a senha do cart\u00e3o para entrar com o pedido de corre\u00e7\u00e3o do Fundo de Garantia por Tempo de Servi\u00e7o (FGTS). A ouvinte n\u00e3o citou nomes, por\u00e9m fez refer\u00eancia de que o escrit\u00f3rio ficava nas proximidades do GBarbosa. Sentindo-se ofendido, por realizar o servi\u00e7o e ter o escrit\u00f3rio de acordo com a refer\u00eancia citada pela ouvinte, o advogado Marcos Rog\u00e9rio (Foto) esteve na r\u00e1dio e concedeu entrevista ao programa esclarecendo o fato. Segundo Marcos Rog\u00e9rio, para entrar com o pedido de corre\u00e7\u00e3o, al\u00e9m das copias de RG, CPF, CTPS, PIS\/PASEP, \u00e9 preciso o extrato da caixa Econ\u00f4mica do FGTS desde&hellip;\" \/>\n<meta property=\"og:url\" content=\"https:\/\/blogdofarnesio.com.br\/2014\/03\/advogado-esclarece-denuncia-sobre-pedido-de-senha-para-entrar-com-a-correcao-do-fgts\/\" \/>\n<meta property=\"og:site_name\" content=\"Blog do Farn\u00e9sio\" \/>\n<meta property=\"article:publisher\" content=\"https:\/\/www.facebook.com\/BlogQuerSaberPolitica\/\" \/>\n<meta property=\"article:published_time\" content=\"2014-03-03T14:00:21+00:00\" \/>\n<meta property=\"article:modified_time\" content=\"2014-03-03T14:36:56+00:00\" \/>\n<meta name=\"author\" content=\"teste\" \/>\n<meta name=\"twitter:card\" content=\"summary_large_image\" \/>\n<meta name=\"twitter:label1\" content=\"Escrito por\" \/>\n\t<meta name=\"twitter:data1\" content=\"teste\" \/>\n\t<meta name=\"twitter:label2\" content=\"Est. tempo de leitura\" \/>\n\t<meta name=\"twitter:data2\" content=\"2 minutos\" \/>\n<script type=\"application\/ld+json\" class=\"yoast-schema-graph\">{\"@context\":\"https:\\\/\\\/schema.org\",\"@graph\":[{\"@type\":\"Article\",\"@id\":\"https:\\\/\\\/blogdofarnesio.com.br\\\/2014\\\/03\\\/advogado-esclarece-denuncia-sobre-pedido-de-senha-para-entrar-com-a-correcao-do-fgts\\\/#article\",\"isPartOf\":{\"@id\":\"https:\\\/\\\/blogdofarnesio.com.br\\\/2014\\\/03\\\/advogado-esclarece-denuncia-sobre-pedido-de-senha-para-entrar-com-a-correcao-do-fgts\\\/\"},\"author\":{\"name\":\"teste\",\"@id\":\"https:\\\/\\\/blogdofarnesio.com.br\\\/#\\\/schema\\\/person\\\/dd1bf5eba40b687199ba45ca6b97dff9\"},\"headline\":\"ADVOGADO ESCLARECE DEN\u00daNCIA SOBRE PEDIDO DE SENHA PARA ENTRAR COM A CORRE\u00c7\u00c3O DO FGTS\",\"datePublished\":\"2014-03-03T14:00:21+00:00\",\"dateModified\":\"2014-03-03T14:36:56+00:00\",\"mainEntityOfPage\":{\"@id\":\"https:\\\/\\\/blogdofarnesio.com.br\\\/2014\\\/03\\\/advogado-esclarece-denuncia-sobre-pedido-de-senha-para-entrar-com-a-correcao-do-fgts\\\/\"},\"wordCount\":355,\"commentCount\":0,\"publisher\":{\"@id\":\"https:\\\/\\\/blogdofarnesio.com.br\\\/#organization\"},\"articleSection\":[\"Justi\u00e7a\"],\"inLanguage\":\"pt-BR\",\"potentialAction\":[{\"@type\":\"CommentAction\",\"name\":\"Comment\",\"target\":[\"https:\\\/\\\/blogdofarnesio.com.br\\\/2014\\\/03\\\/advogado-esclarece-denuncia-sobre-pedido-de-senha-para-entrar-com-a-correcao-do-fgts\\\/#respond\"]}]},{\"@type\":\"WebPage\",\"@id\":\"https:\\\/\\\/blogdofarnesio.com.br\\\/2014\\\/03\\\/advogado-esclarece-denuncia-sobre-pedido-de-senha-para-entrar-com-a-correcao-do-fgts\\\/\",\"url\":\"https:\\\/\\\/blogdofarnesio.com.br\\\/2014\\\/03\\\/advogado-esclarece-denuncia-sobre-pedido-de-senha-para-entrar-com-a-correcao-do-fgts\\\/\",\"name\":\"ADVOGADO ESCLARECE DEN\u00daNCIA SOBRE PEDIDO DE SENHA PARA ENTRAR COM A CORRE\u00c7\u00c3O DO FGTS - Blog do Farn\u00e9sio\",\"isPartOf\":{\"@id\":\"https:\\\/\\\/blogdofarnesio.com.br\\\/#website\"},\"datePublished\":\"2014-03-03T14:00:21+00:00\",\"dateModified\":\"2014-03-03T14:36:56+00:00\",\"breadcrumb\":{\"@id\":\"https:\\\/\\\/blogdofarnesio.com.br\\\/2014\\\/03\\\/advogado-esclarece-denuncia-sobre-pedido-de-senha-para-entrar-com-a-correcao-do-fgts\\\/#breadcrumb\"},\"inLanguage\":\"pt-BR\",\"potentialAction\":[{\"@type\":\"ReadAction\",\"target\":[\"https:\\\/\\\/blogdofarnesio.com.br\\\/2014\\\/03\\\/advogado-esclarece-denuncia-sobre-pedido-de-senha-para-entrar-com-a-correcao-do-fgts\\\/\"]}]},{\"@type\":\"BreadcrumbList\",\"@id\":\"https:\\\/\\\/blogdofarnesio.com.br\\\/2014\\\/03\\\/advogado-esclarece-denuncia-sobre-pedido-de-senha-para-entrar-com-a-correcao-do-fgts\\\/#breadcrumb\",\"itemListElement\":[{\"@type\":\"ListItem\",\"position\":1,\"name\":\"In\u00edcio\",\"item\":\"https:\\\/\\\/blogdofarnesio.com.br\\\/\"},{\"@type\":\"ListItem\",\"position\":2,\"name\":\"ADVOGADO ESCLARECE DEN\u00daNCIA SOBRE PEDIDO DE SENHA PARA ENTRAR COM A CORRE\u00c7\u00c3O DO FGTS\"}]},{\"@type\":\"WebSite\",\"@id\":\"https:\\\/\\\/blogdofarnesio.com.br\\\/#website\",\"url\":\"https:\\\/\\\/blogdofarnesio.com.br\\\/\",\"name\":\"Blog do Farn\u00e9sio\",\"description\":\"Quer Saber Pol\u00edtica?\",\"publisher\":{\"@id\":\"https:\\\/\\\/blogdofarnesio.com.br\\\/#organization\"},\"potentialAction\":[{\"@type\":\"SearchAction\",\"target\":{\"@type\":\"EntryPoint\",\"urlTemplate\":\"https:\\\/\\\/blogdofarnesio.com.br\\\/?s={search_term_string}\"},\"query-input\":{\"@type\":\"PropertyValueSpecification\",\"valueRequired\":true,\"valueName\":\"search_term_string\"}}],\"inLanguage\":\"pt-BR\"},{\"@type\":\"Organization\",\"@id\":\"https:\\\/\\\/blogdofarnesio.com.br\\\/#organization\",\"name\":\"Blog do Farn\u00e9sio\",\"url\":\"https:\\\/\\\/blogdofarnesio.com.br\\\/\",\"logo\":{\"@type\":\"ImageObject\",\"inLanguage\":\"pt-BR\",\"@id\":\"https:\\\/\\\/blogdofarnesio.com.br\\\/#\\\/schema\\\/logo\\\/image\\\/\",\"url\":\"https:\\\/\\\/blogdofarnesio.com.br\\\/wp-content\\\/uploads\\\/2026\\\/03\\\/cropped-logo_new-1.png\",\"contentUrl\":\"https:\\\/\\\/blogdofarnesio.com.br\\\/wp-content\\\/uploads\\\/2026\\\/03\\\/cropped-logo_new-1.png\",\"width\":881,\"height\":685,\"caption\":\"Blog do Farn\u00e9sio\"},\"image\":{\"@id\":\"https:\\\/\\\/blogdofarnesio.com.br\\\/#\\\/schema\\\/logo\\\/image\\\/\"},\"sameAs\":[\"https:\\\/\\\/www.facebook.com\\\/BlogQuerSaberPolitica\\\/\"]},{\"@type\":\"Person\",\"@id\":\"https:\\\/\\\/blogdofarnesio.com.br\\\/#\\\/schema\\\/person\\\/dd1bf5eba40b687199ba45ca6b97dff9\",\"name\":\"teste\",\"image\":{\"@type\":\"ImageObject\",\"inLanguage\":\"pt-BR\",\"@id\":\"https:\\\/\\\/secure.gravatar.com\\\/avatar\\\/2172498d4914b51e1d89a0f97957b035ac4938723a5cac208135d389b6972a6d?s=96&d=mm&r=g\",\"url\":\"https:\\\/\\\/secure.gravatar.com\\\/avatar\\\/2172498d4914b51e1d89a0f97957b035ac4938723a5cac208135d389b6972a6d?s=96&d=mm&r=g\",\"contentUrl\":\"https:\\\/\\\/secure.gravatar.com\\\/avatar\\\/2172498d4914b51e1d89a0f97957b035ac4938723a5cac208135d389b6972a6d?s=96&d=mm&r=g\",\"caption\":\"teste\"},\"url\":\"https:\\\/\\\/blogdofarnesio.com.br\\\/author\\\/teste\\\/\"}]}<\/script>\n<!-- \/ Yoast SEO plugin. -->","yoast_head_json":{"title":"ADVOGADO ESCLARECE DEN\u00daNCIA SOBRE PEDIDO DE SENHA PARA ENTRAR COM A CORRE\u00c7\u00c3O DO FGTS - Blog do Farn\u00e9sio","robots":{"index":"index","follow":"follow","max-snippet":"max-snippet:-1","max-image-preview":"max-image-preview:large","max-video-preview":"max-video-preview:-1"},"canonical":"https:\/\/blogdofarnesio.com.br\/2014\/03\/advogado-esclarece-denuncia-sobre-pedido-de-senha-para-entrar-com-a-correcao-do-fgts\/","og_locale":"pt_BR","og_type":"article","og_title":"ADVOGADO ESCLARECE DEN\u00daNCIA SOBRE PEDIDO DE SENHA PARA ENTRAR COM A CORRE\u00c7\u00c3O DO FGTS - Blog do Farn\u00e9sio","og_description":"Na \u00faltima sexta-feira, uma ouvinte do programa Bastidores da Not\u00edcia, denunciou situa\u00e7\u00e3o em que escrit\u00f3rio de advocacia de Juazeiro estava pedindo a senha do cart\u00e3o para entrar com o pedido de corre\u00e7\u00e3o do Fundo de Garantia por Tempo de Servi\u00e7o (FGTS). A ouvinte n\u00e3o citou nomes, por\u00e9m fez refer\u00eancia de que o escrit\u00f3rio ficava nas proximidades do GBarbosa. Sentindo-se ofendido, por realizar o servi\u00e7o e ter o escrit\u00f3rio de acordo com a refer\u00eancia citada pela ouvinte, o advogado Marcos Rog\u00e9rio (Foto) esteve na r\u00e1dio e concedeu entrevista ao programa esclarecendo o fato. Segundo Marcos Rog\u00e9rio, para entrar com o pedido de corre\u00e7\u00e3o, al\u00e9m das copias de RG, CPF, CTPS, PIS\/PASEP, \u00e9 preciso o extrato da caixa Econ\u00f4mica do FGTS desde&hellip;","og_url":"https:\/\/blogdofarnesio.com.br\/2014\/03\/advogado-esclarece-denuncia-sobre-pedido-de-senha-para-entrar-com-a-correcao-do-fgts\/","og_site_name":"Blog do Farn\u00e9sio","article_publisher":"https:\/\/www.facebook.com\/BlogQuerSaberPolitica\/","article_published_time":"2014-03-03T14:00:21+00:00","article_modified_time":"2014-03-03T14:36:56+00:00","author":"teste","twitter_card":"summary_large_image","twitter_misc":{"Escrito por":"teste","Est. tempo de leitura":"2 minutos"},"schema":{"@context":"https:\/\/schema.org","@graph":[{"@type":"Article","@id":"https:\/\/blogdofarnesio.com.br\/2014\/03\/advogado-esclarece-denuncia-sobre-pedido-de-senha-para-entrar-com-a-correcao-do-fgts\/#article","isPartOf":{"@id":"https:\/\/blogdofarnesio.com.br\/2014\/03\/advogado-esclarece-denuncia-sobre-pedido-de-senha-para-entrar-com-a-correcao-do-fgts\/"},"author":{"name":"teste","@id":"https:\/\/blogdofarnesio.com.br\/#\/schema\/person\/dd1bf5eba40b687199ba45ca6b97dff9"},"headline":"ADVOGADO ESCLARECE DEN\u00daNCIA SOBRE PEDIDO DE SENHA PARA ENTRAR COM A CORRE\u00c7\u00c3O DO FGTS","datePublished":"2014-03-03T14:00:21+00:00","dateModified":"2014-03-03T14:36:56+00:00","mainEntityOfPage":{"@id":"https:\/\/blogdofarnesio.com.br\/2014\/03\/advogado-esclarece-denuncia-sobre-pedido-de-senha-para-entrar-com-a-correcao-do-fgts\/"},"wordCount":355,"commentCount":0,"publisher":{"@id":"https:\/\/blogdofarnesio.com.br\/#organization"},"articleSection":["Justi\u00e7a"],"inLanguage":"pt-BR","potentialAction":[{"@type":"CommentAction","name":"Comment","target":["https:\/\/blogdofarnesio.com.br\/2014\/03\/advogado-esclarece-denuncia-sobre-pedido-de-senha-para-entrar-com-a-correcao-do-fgts\/#respond"]}]},{"@type":"WebPage","@id":"https:\/\/blogdofarnesio.com.br\/2014\/03\/advogado-esclarece-denuncia-sobre-pedido-de-senha-para-entrar-com-a-correcao-do-fgts\/","url":"https:\/\/blogdofarnesio.com.br\/2014\/03\/advogado-esclarece-denuncia-sobre-pedido-de-senha-para-entrar-com-a-correcao-do-fgts\/","name":"ADVOGADO ESCLARECE DEN\u00daNCIA SOBRE PEDIDO DE SENHA PARA ENTRAR COM A CORRE\u00c7\u00c3O DO FGTS - Blog do Farn\u00e9sio","isPartOf":{"@id":"https:\/\/blogdofarnesio.com.br\/#website"},"datePublished":"2014-03-03T14:00:21+00:00","dateModified":"2014-03-03T14:36:56+00:00","breadcrumb":{"@id":"https:\/\/blogdofarnesio.com.br\/2014\/03\/advogado-esclarece-denuncia-sobre-pedido-de-senha-para-entrar-com-a-correcao-do-fgts\/#breadcrumb"},"inLanguage":"pt-BR","potentialAction":[{"@type":"ReadAction","target":["https:\/\/blogdofarnesio.com.br\/2014\/03\/advogado-esclarece-denuncia-sobre-pedido-de-senha-para-entrar-com-a-correcao-do-fgts\/"]}]},{"@type":"BreadcrumbList","@id":"https:\/\/blogdofarnesio.com.br\/2014\/03\/advogado-esclarece-denuncia-sobre-pedido-de-senha-para-entrar-com-a-correcao-do-fgts\/#breadcrumb","itemListElement":[{"@type":"ListItem","position":1,"name":"In\u00edcio","item":"https:\/\/blogdofarnesio.com.br\/"},{"@type":"ListItem","position":2,"name":"ADVOGADO ESCLARECE DEN\u00daNCIA SOBRE PEDIDO DE SENHA PARA ENTRAR COM A CORRE\u00c7\u00c3O DO FGTS"}]},{"@type":"WebSite","@id":"https:\/\/blogdofarnesio.com.br\/#website","url":"https:\/\/blogdofarnesio.com.br\/","name":"Blog do Farn\u00e9sio","description":"Quer Saber Pol\u00edtica?","publisher":{"@id":"https:\/\/blogdofarnesio.com.br\/#organization"},"potentialAction":[{"@type":"SearchAction","target":{"@type":"EntryPoint","urlTemplate":"https:\/\/blogdofarnesio.com.br\/?s={search_term_string}"},"query-input":{"@type":"PropertyValueSpecification","valueRequired":true,"valueName":"search_term_string"}}],"inLanguage":"pt-BR"},{"@type":"Organization","@id":"https:\/\/blogdofarnesio.com.br\/#organization","name":"Blog do Farn\u00e9sio","url":"https:\/\/blogdofarnesio.com.br\/","logo":{"@type":"ImageObject","inLanguage":"pt-BR","@id":"https:\/\/blogdofarnesio.com.br\/#\/schema\/logo\/image\/","url":"https:\/\/blogdofarnesio.com.br\/wp-content\/uploads\/2026\/03\/cropped-logo_new-1.png","contentUrl":"https:\/\/blogdofarnesio.com.br\/wp-content\/uploads\/2026\/03\/cropped-logo_new-1.png","width":881,"height":685,"caption":"Blog do Farn\u00e9sio"},"image":{"@id":"https:\/\/blogdofarnesio.com.br\/#\/schema\/logo\/image\/"},"sameAs":["https:\/\/www.facebook.com\/BlogQuerSaberPolitica\/"]},{"@type":"Person","@id":"https:\/\/blogdofarnesio.com.br\/#\/schema\/person\/dd1bf5eba40b687199ba45ca6b97dff9","name":"teste","image":{"@type":"ImageObject","inLanguage":"pt-BR","@id":"https:\/\/secure.gravatar.com\/avatar\/2172498d4914b51e1d89a0f97957b035ac4938723a5cac208135d389b6972a6d?s=96&d=mm&r=g","url":"https:\/\/secure.gravatar.com\/avatar\/2172498d4914b51e1d89a0f97957b035ac4938723a5cac208135d389b6972a6d?s=96&d=mm&r=g","contentUrl":"https:\/\/secure.gravatar.com\/avatar\/2172498d4914b51e1d89a0f97957b035ac4938723a5cac208135d389b6972a6d?s=96&d=mm&r=g","caption":"teste"},"url":"https:\/\/blogdofarnesio.com.br\/author\/teste\/"}]}},"_links":{"self":[{"href":"https:\/\/blogdofarnesio.com.br\/wp-json\/wp\/v2\/posts\/74922","targetHints":{"allow":["GET"]}}],"collection":[{"href":"https:\/\/blogdofarnesio.com.br\/wp-json\/wp\/v2\/posts"}],"about":[{"href":"https:\/\/blogdofarnesio.com.br\/wp-json\/wp\/v2\/types\/post"}],"author":[{"embeddable":true,"href":"https:\/\/blogdofarnesio.com.br\/wp-json\/wp\/v2\/users\/3"}],"replies":[{"embeddable":true,"href":"https:\/\/blogdofarnesio.com.br\/wp-json\/wp\/v2\/comments?post=74922"}],"version-history":[{"count":0,"href":"https:\/\/blogdofarnesio.com.br\/wp-json\/wp\/v2\/posts\/74922\/revisions"}],"wp:attachment":[{"href":"https:\/\/blogdofarnesio.com.br\/wp-json\/wp\/v2\/media?parent=74922"}],"wp:term":[{"taxonomy":"category","embeddable":true,"href":"https:\/\/blogdofarnesio.com.br\/wp-json\/wp\/v2\/categories?post=74922"},{"taxonomy":"post_tag","embeddable":true,"href":"https:\/\/blogdofarnesio.com.br\/wp-json\/wp\/v2\/tags?post=74922"}],"curies":[{"name":"wp","href":"https:\/\/api.w.org\/{rel}","templated":true}]}}