{"id":7488,"date":"2011-10-16T14:00:00","date_gmt":"2011-10-16T14:00:00","guid":{"rendered":"http:\/\/www.quersaberpolitica.com.br?p=7488"},"modified":"-0001-11-30T00:00:00","modified_gmt":"-0001-11-30T03:00:00","slug":"mais-de-590-criancas-ja-foram-atendidas-pelo-projeto-ouvir-para-aprender","status":"publish","type":"post","link":"https:\/\/blogdofarnesio.com.br\/?p=7488","title":{"rendered":"Mais de 590 crian\u00e7as j\u00e1 foram atendidas pelo Projeto Ouvir para Aprender"},"content":{"rendered":"<p style=\"text-align: justify;\"><span style=\"font-size: small;\"><a rel=\"lightbox\" href=\"http:\/\/www.quersaberpolitica.com.br\/2016\/wp-content\/uploads\/2012\/12\/blogqspcriancasaude2donacicera.jpg\"><img loading=\"lazy\" decoding=\"async\" style=\"margin-top: 5px; margin-bottom: 5px; margin-left: 10px; margin-right: 10px; float: left;\" title=\"Imagem Ilustrativa\/Crian&ccedil;a da Creche Dona C&iacute;cera - Nova Semente\" src=\"http:\/\/www.quersaberpolitica.com.br\/2016\/wp-content\/uploads\/2012\/12\/blogqspcriancasaude2donacicera.jpg\" alt=\"\" width=\"300\" height=\"200\" \/><\/a>Diagnosticar precocemente a perda da audi&ccedil;&atilde;o em crian&ccedil;as, para que elas n&atilde;o tenham um atraso no seu desenvolvimento e aprendizado devido a uma poss&iacute;vel defici&ecirc;ncia auditiva. Foi com este prop&oacute;sito que o prefeito de Petrolina, Julio Lossio, colocou em pr&aacute;tica o Projeto Ouvir para Aprender, desenvolvido primeiramente nas unidades do Nova Semente, programa tamb&eacute;m idealizado pelo gestor municipal, que visa garantir assist&ecirc;ncia a crian&ccedil;as de zero a seis anos de idade. At&eacute; o momento foram atendidas mais de 590 crian&ccedil;as, dos Centros Educacionais j&aacute; inaugurados.<\/span><\/p>\n<p style=\"text-align: justify;\"><span style=\"font-size: small;\">O Projeto foi criado para identificar problemas auditivos ainda na primeira inf&acirc;ncia, uma vez que cerca de 10 a 15% das crian&ccedil;as em idade escolar possuem defici&ecirc;ncia auditiva leve e cerca de 2% precisam do uso de aparelhos de amplifica&ccedil;&atilde;o sonora. Estudos comprovam que rec&eacute;m nascidos podem apresentar problemas auditivos ou desenvolve-los nos primeiros anos de vida. Quando detectado a tempo &eacute; poss&iacute;vel reverter quadros que envolvem complica&ccedil;&otilde;es na fala, uma vez que as crian&ccedil;as precisam ouvir para aprender a falar.<\/span><\/p>\n<p style=\"text-align: justify;\"><span style=\"font-size: small;\">Desde a implanta&ccedil;&atilde;o do Ouvir para Aprender, 596 crian&ccedil;as j&aacute; foram avaliadas, onde 465 ouvidos apresentaram altera&ccedil;&otilde;es como hiperemia de membrana timp&acirc;nica, espassamento de membrana timp&acirc;nica, infec&ccedil;&otilde;es, al&eacute;m de outros quadros caracter&iacute;sticos do sistema auditivo. Destes, 503 responderam ao tratamento e apenas 93 continuaram apresentando falhas. Essas crian&ccedil;as foram encaminhadas para o Centro Auditivo para que pudessem ser realizados exames mais espec&iacute;ficos.<\/span><\/p>\n<p style=\"text-align: justify;\"><span style=\"font-size: small;\">De acordo com o m&eacute;dico otorrinolaringologista do Centro Auditivo e coordenador do projeto, Jos&eacute; Britto Veiga, quando defici&ecirc;ncias auditivas s&atilde;o detectadas tardiamente, a crian&ccedil;a pode desenvolver problemas na fala, alfabetiza&ccedil;&atilde;o e sociabilidade. &#8220;Estamos realizando um trabalho para ajudar aquele pai ou aquela m&atilde;e que n&atilde;o consegue perceber a tempo que o filho tem alguma dificuldade auditiva. Quanto antes fizermos esse diagn&oacute;stico, fica mais f&aacute;cil reverter o quadro e assim podemos dar condi&ccedil;&otilde;es da crian&ccedil;a se desenvolver sem que ocorra alguma tipo de atraso, pois sabemos que a defici&ecirc;ncia auditiva pode gerar problemas de sociabilidade, na fala e alfabetiza&ccedil;&atilde;o destes pequenos&#8221;, complementa.<\/span><\/p>\n<p style=\"text-align: justify;\"><span style=\"font-size: small;\">At&eacute; o momento foram iniciados os trabalhos em 12 Centros Educacionais, dos bairros Henrique Leite, Gercino Coelho, Alto da Boa Vista, Vale do Grande Rio, Jardim Amazonas, Vila Eduardo, Ponta da Serra, Projetos N8, N10, N6 e N11 . Dentro do cronograma do Projeto Ouvir para Aprender tamb&eacute;m esta previsto atendimento para todas as Unidades do Programa Nova Semente, que at&eacute; o momento contempla mais de 2.550 crian&ccedil;as de 42 Centros Educacionais.&nbsp;&nbsp;Os casos detectados, s&atilde;o analisados, investigados e as crian&ccedil;as s&atilde;o encaminhadas para o tratamento adequado.<\/span><\/p>\n<p style=\"text-align: justify;\"><span style=\"font-size: small;\">Teste da Orelhinha &#8211; Outra forma de descobrir problemas no sistema auditivo &eacute; atrav&eacute;s da realiza&ccedil;&atilde;o do exame de Emiss&otilde;es Otoac&uacute;sticas Evocadas, conhecido popularmente como Teste da Orelhinha. O procedimento &eacute; realizado em Petrolina pela Secretaria Municipal de Sa&uacute;de, atrav&eacute;s do Centro Auditivo, toda sexta-feira, das 8h &agrave;s 12h. Os rec&eacute;m-nascidos passam por uma avalia&ccedil;&atilde;o auditiva, com o objetivo de diagnosticar precocemente uma s&eacute;rie de doen&ccedil;as, como a perda da audi&ccedil;&atilde;o, sejam elas leves ou mais graves. O Minist&eacute;rio da Sa&uacute;de estima que no Brasil de cada mil crian&ccedil;as nascidas, de tr&ecirc;s a cinco possuem defici&ecirc;ncia auditiva, e que apenas 13% dos beb&ecirc;s nascidos em hospitais do SUS tenham feito o teste.<\/span><\/p>\n<p style=\"text-align: justify;\"><span style=\"font-size: small;\">(Taisa Alencar &#8211; Ascom Petrolina)<\/span><\/p>\n","protected":false},"excerpt":{"rendered":"<p>Diagnosticar precocemente a perda da audi&ccedil;&atilde;o em crian&ccedil;as, para que elas n&atilde;o tenham um atraso no seu desenvolvimento e aprendizado devido a uma poss&iacute;vel defici&ecirc;ncia auditiva. Foi com este prop&oacute;sito que o prefeito de Petrolina, Julio Lossio, colocou em pr&aacute;tica o Projeto Ouvir para Aprender, desenvolvido primeiramente nas unidades do Nova Semente, programa tamb&eacute;m idealizado pelo gestor municipal, que visa garantir assist&ecirc;ncia a crian&ccedil;as de zero a seis anos de idade. At&eacute; o momento foram atendidas mais de 590 crian&ccedil;as, dos Centros Educacionais j&aacute; inaugurados. O Projeto foi criado para identificar problemas auditivos ainda na primeira inf&acirc;ncia, uma vez que cerca de 10 a 15% das crian&ccedil;as em idade escolar possuem defici&ecirc;ncia auditiva leve e cerca de 2% precisam do&hellip; <\/p>\n","protected":false},"author":0,"featured_media":0,"comment_status":"open","ping_status":"open","sticky":false,"template":"","format":"standard","meta":{"_acf_changed":false,"footnotes":""},"categories":[43],"tags":[],"class_list":["post-7488","post","type-post","status-publish","format-standard","hentry","category-sem-categoria"],"acf":[],"yoast_head":"<!-- This site is optimized with the Yoast SEO plugin v27.4 - https:\/\/yoast.com\/product\/yoast-seo-wordpress\/ -->\n<title>Mais de 590 crian\u00e7as j\u00e1 foram atendidas pelo Projeto Ouvir para Aprender - Blog do Farn\u00e9sio<\/title>\n<meta name=\"robots\" content=\"index, follow, max-snippet:-1, max-image-preview:large, max-video-preview:-1\" \/>\n<link rel=\"canonical\" href=\"https:\/\/blogdofarnesio.com.br\/?p=7488\" \/>\n<meta property=\"og:locale\" content=\"pt_BR\" \/>\n<meta property=\"og:type\" content=\"article\" \/>\n<meta property=\"og:title\" content=\"Mais de 590 crian\u00e7as j\u00e1 foram atendidas pelo Projeto Ouvir para Aprender - Blog do Farn\u00e9sio\" \/>\n<meta property=\"og:description\" content=\"Diagnosticar precocemente a perda da audi&ccedil;&atilde;o em crian&ccedil;as, para que elas n&atilde;o tenham um atraso no seu desenvolvimento e aprendizado devido a uma poss&iacute;vel defici&ecirc;ncia auditiva. Foi com este prop&oacute;sito que o prefeito de Petrolina, Julio Lossio, colocou em pr&aacute;tica o Projeto Ouvir para Aprender, desenvolvido primeiramente nas unidades do Nova Semente, programa tamb&eacute;m idealizado pelo gestor municipal, que visa garantir assist&ecirc;ncia a crian&ccedil;as de zero a seis anos de idade. At&eacute; o momento foram atendidas mais de 590 crian&ccedil;as, dos Centros Educacionais j&aacute; inaugurados. O Projeto foi criado para identificar problemas auditivos ainda na primeira inf&acirc;ncia, uma vez que cerca de 10 a 15% das crian&ccedil;as em idade escolar possuem defici&ecirc;ncia auditiva leve e cerca de 2% precisam do&hellip;\" \/>\n<meta property=\"og:url\" content=\"https:\/\/blogdofarnesio.com.br\/?p=7488\" \/>\n<meta property=\"og:site_name\" content=\"Blog do Farn\u00e9sio\" \/>\n<meta property=\"article:publisher\" content=\"https:\/\/www.facebook.com\/BlogQuerSaberPolitica\/\" \/>\n<meta property=\"article:published_time\" content=\"2011-10-16T14:00:00+00:00\" \/>\n<meta property=\"og:image\" content=\"http:\/\/www.quersaberpolitica.com.br\/2016\/wp-content\/uploads\/2012\/12\/blogqspcriancasaude2donacicera.jpg\" \/>\n<meta name=\"twitter:card\" content=\"summary_large_image\" \/>\n<meta name=\"twitter:label1\" content=\"Est. tempo de leitura\" \/>\n\t<meta name=\"twitter:data1\" content=\"3 minutos\" \/>\n<script type=\"application\/ld+json\" class=\"yoast-schema-graph\">{\"@context\":\"https:\\\/\\\/schema.org\",\"@graph\":[{\"@type\":\"Article\",\"@id\":\"https:\\\/\\\/blogdofarnesio.com.br\\\/?p=7488#article\",\"isPartOf\":{\"@id\":\"https:\\\/\\\/blogdofarnesio.com.br\\\/?p=7488\"},\"author\":{\"name\":\"\",\"@id\":\"\"},\"headline\":\"Mais de 590 crian\u00e7as j\u00e1 foram atendidas pelo Projeto Ouvir para Aprender\",\"datePublished\":\"2011-10-16T14:00:00+00:00\",\"mainEntityOfPage\":{\"@id\":\"https:\\\/\\\/blogdofarnesio.com.br\\\/?p=7488\"},\"wordCount\":681,\"commentCount\":0,\"publisher\":{\"@id\":\"https:\\\/\\\/blogdofarnesio.com.br\\\/#organization\"},\"image\":{\"@id\":\"https:\\\/\\\/blogdofarnesio.com.br\\\/?p=7488#primaryimage\"},\"thumbnailUrl\":\"http:\\\/\\\/www.quersaberpolitica.com.br\\\/2016\\\/wp-content\\\/uploads\\\/2012\\\/12\\\/blogqspcriancasaude2donacicera.jpg\",\"inLanguage\":\"pt-BR\",\"potentialAction\":[{\"@type\":\"CommentAction\",\"name\":\"Comment\",\"target\":[\"https:\\\/\\\/blogdofarnesio.com.br\\\/?p=7488#respond\"]}]},{\"@type\":\"WebPage\",\"@id\":\"https:\\\/\\\/blogdofarnesio.com.br\\\/?p=7488\",\"url\":\"https:\\\/\\\/blogdofarnesio.com.br\\\/?p=7488\",\"name\":\"Mais de 590 crian\u00e7as j\u00e1 foram atendidas pelo Projeto Ouvir para Aprender - Blog do Farn\u00e9sio\",\"isPartOf\":{\"@id\":\"https:\\\/\\\/blogdofarnesio.com.br\\\/#website\"},\"primaryImageOfPage\":{\"@id\":\"https:\\\/\\\/blogdofarnesio.com.br\\\/?p=7488#primaryimage\"},\"image\":{\"@id\":\"https:\\\/\\\/blogdofarnesio.com.br\\\/?p=7488#primaryimage\"},\"thumbnailUrl\":\"http:\\\/\\\/www.quersaberpolitica.com.br\\\/2016\\\/wp-content\\\/uploads\\\/2012\\\/12\\\/blogqspcriancasaude2donacicera.jpg\",\"datePublished\":\"2011-10-16T14:00:00+00:00\",\"breadcrumb\":{\"@id\":\"https:\\\/\\\/blogdofarnesio.com.br\\\/?p=7488#breadcrumb\"},\"inLanguage\":\"pt-BR\",\"potentialAction\":[{\"@type\":\"ReadAction\",\"target\":[\"https:\\\/\\\/blogdofarnesio.com.br\\\/?p=7488\"]}]},{\"@type\":\"ImageObject\",\"inLanguage\":\"pt-BR\",\"@id\":\"https:\\\/\\\/blogdofarnesio.com.br\\\/?p=7488#primaryimage\",\"url\":\"http:\\\/\\\/www.quersaberpolitica.com.br\\\/2016\\\/wp-content\\\/uploads\\\/2012\\\/12\\\/blogqspcriancasaude2donacicera.jpg\",\"contentUrl\":\"http:\\\/\\\/www.quersaberpolitica.com.br\\\/2016\\\/wp-content\\\/uploads\\\/2012\\\/12\\\/blogqspcriancasaude2donacicera.jpg\"},{\"@type\":\"BreadcrumbList\",\"@id\":\"https:\\\/\\\/blogdofarnesio.com.br\\\/?p=7488#breadcrumb\",\"itemListElement\":[{\"@type\":\"ListItem\",\"position\":1,\"name\":\"In\u00edcio\",\"item\":\"https:\\\/\\\/blogdofarnesio.com.br\\\/\"},{\"@type\":\"ListItem\",\"position\":2,\"name\":\"Mais de 590 crian\u00e7as j\u00e1 foram atendidas pelo Projeto Ouvir para Aprender\"}]},{\"@type\":\"WebSite\",\"@id\":\"https:\\\/\\\/blogdofarnesio.com.br\\\/#website\",\"url\":\"https:\\\/\\\/blogdofarnesio.com.br\\\/\",\"name\":\"Blog do Farn\u00e9sio\",\"description\":\"Quer Saber Pol\u00edtica?\",\"publisher\":{\"@id\":\"https:\\\/\\\/blogdofarnesio.com.br\\\/#organization\"},\"potentialAction\":[{\"@type\":\"SearchAction\",\"target\":{\"@type\":\"EntryPoint\",\"urlTemplate\":\"https:\\\/\\\/blogdofarnesio.com.br\\\/?s={search_term_string}\"},\"query-input\":{\"@type\":\"PropertyValueSpecification\",\"valueRequired\":true,\"valueName\":\"search_term_string\"}}],\"inLanguage\":\"pt-BR\"},{\"@type\":\"Organization\",\"@id\":\"https:\\\/\\\/blogdofarnesio.com.br\\\/#organization\",\"name\":\"Blog do Farn\u00e9sio\",\"url\":\"https:\\\/\\\/blogdofarnesio.com.br\\\/\",\"logo\":{\"@type\":\"ImageObject\",\"inLanguage\":\"pt-BR\",\"@id\":\"https:\\\/\\\/blogdofarnesio.com.br\\\/#\\\/schema\\\/logo\\\/image\\\/\",\"url\":\"https:\\\/\\\/blogdofarnesio.com.br\\\/wp-content\\\/uploads\\\/2026\\\/03\\\/cropped-logo_new-1.png\",\"contentUrl\":\"https:\\\/\\\/blogdofarnesio.com.br\\\/wp-content\\\/uploads\\\/2026\\\/03\\\/cropped-logo_new-1.png\",\"width\":881,\"height\":685,\"caption\":\"Blog do Farn\u00e9sio\"},\"image\":{\"@id\":\"https:\\\/\\\/blogdofarnesio.com.br\\\/#\\\/schema\\\/logo\\\/image\\\/\"},\"sameAs\":[\"https:\\\/\\\/www.facebook.com\\\/BlogQuerSaberPolitica\\\/\"]}]}<\/script>\n<!-- \/ Yoast SEO plugin. -->","yoast_head_json":{"title":"Mais de 590 crian\u00e7as j\u00e1 foram atendidas pelo Projeto Ouvir para Aprender - Blog do Farn\u00e9sio","robots":{"index":"index","follow":"follow","max-snippet":"max-snippet:-1","max-image-preview":"max-image-preview:large","max-video-preview":"max-video-preview:-1"},"canonical":"https:\/\/blogdofarnesio.com.br\/?p=7488","og_locale":"pt_BR","og_type":"article","og_title":"Mais de 590 crian\u00e7as j\u00e1 foram atendidas pelo Projeto Ouvir para Aprender - Blog do Farn\u00e9sio","og_description":"Diagnosticar precocemente a perda da audi&ccedil;&atilde;o em crian&ccedil;as, para que elas n&atilde;o tenham um atraso no seu desenvolvimento e aprendizado devido a uma poss&iacute;vel defici&ecirc;ncia auditiva. Foi com este prop&oacute;sito que o prefeito de Petrolina, Julio Lossio, colocou em pr&aacute;tica o Projeto Ouvir para Aprender, desenvolvido primeiramente nas unidades do Nova Semente, programa tamb&eacute;m idealizado pelo gestor municipal, que visa garantir assist&ecirc;ncia a crian&ccedil;as de zero a seis anos de idade. At&eacute; o momento foram atendidas mais de 590 crian&ccedil;as, dos Centros Educacionais j&aacute; inaugurados. O Projeto foi criado para identificar problemas auditivos ainda na primeira inf&acirc;ncia, uma vez que cerca de 10 a 15% das crian&ccedil;as em idade escolar possuem defici&ecirc;ncia auditiva leve e cerca de 2% precisam do&hellip;","og_url":"https:\/\/blogdofarnesio.com.br\/?p=7488","og_site_name":"Blog do Farn\u00e9sio","article_publisher":"https:\/\/www.facebook.com\/BlogQuerSaberPolitica\/","article_published_time":"2011-10-16T14:00:00+00:00","og_image":[{"url":"http:\/\/www.quersaberpolitica.com.br\/2016\/wp-content\/uploads\/2012\/12\/blogqspcriancasaude2donacicera.jpg","type":"","width":"","height":""}],"twitter_card":"summary_large_image","twitter_misc":{"Est. tempo de leitura":"3 minutos"},"schema":{"@context":"https:\/\/schema.org","@graph":[{"@type":"Article","@id":"https:\/\/blogdofarnesio.com.br\/?p=7488#article","isPartOf":{"@id":"https:\/\/blogdofarnesio.com.br\/?p=7488"},"author":{"name":"","@id":""},"headline":"Mais de 590 crian\u00e7as j\u00e1 foram atendidas pelo Projeto Ouvir para Aprender","datePublished":"2011-10-16T14:00:00+00:00","mainEntityOfPage":{"@id":"https:\/\/blogdofarnesio.com.br\/?p=7488"},"wordCount":681,"commentCount":0,"publisher":{"@id":"https:\/\/blogdofarnesio.com.br\/#organization"},"image":{"@id":"https:\/\/blogdofarnesio.com.br\/?p=7488#primaryimage"},"thumbnailUrl":"http:\/\/www.quersaberpolitica.com.br\/2016\/wp-content\/uploads\/2012\/12\/blogqspcriancasaude2donacicera.jpg","inLanguage":"pt-BR","potentialAction":[{"@type":"CommentAction","name":"Comment","target":["https:\/\/blogdofarnesio.com.br\/?p=7488#respond"]}]},{"@type":"WebPage","@id":"https:\/\/blogdofarnesio.com.br\/?p=7488","url":"https:\/\/blogdofarnesio.com.br\/?p=7488","name":"Mais de 590 crian\u00e7as j\u00e1 foram atendidas pelo Projeto Ouvir para Aprender - Blog do Farn\u00e9sio","isPartOf":{"@id":"https:\/\/blogdofarnesio.com.br\/#website"},"primaryImageOfPage":{"@id":"https:\/\/blogdofarnesio.com.br\/?p=7488#primaryimage"},"image":{"@id":"https:\/\/blogdofarnesio.com.br\/?p=7488#primaryimage"},"thumbnailUrl":"http:\/\/www.quersaberpolitica.com.br\/2016\/wp-content\/uploads\/2012\/12\/blogqspcriancasaude2donacicera.jpg","datePublished":"2011-10-16T14:00:00+00:00","breadcrumb":{"@id":"https:\/\/blogdofarnesio.com.br\/?p=7488#breadcrumb"},"inLanguage":"pt-BR","potentialAction":[{"@type":"ReadAction","target":["https:\/\/blogdofarnesio.com.br\/?p=7488"]}]},{"@type":"ImageObject","inLanguage":"pt-BR","@id":"https:\/\/blogdofarnesio.com.br\/?p=7488#primaryimage","url":"http:\/\/www.quersaberpolitica.com.br\/2016\/wp-content\/uploads\/2012\/12\/blogqspcriancasaude2donacicera.jpg","contentUrl":"http:\/\/www.quersaberpolitica.com.br\/2016\/wp-content\/uploads\/2012\/12\/blogqspcriancasaude2donacicera.jpg"},{"@type":"BreadcrumbList","@id":"https:\/\/blogdofarnesio.com.br\/?p=7488#breadcrumb","itemListElement":[{"@type":"ListItem","position":1,"name":"In\u00edcio","item":"https:\/\/blogdofarnesio.com.br\/"},{"@type":"ListItem","position":2,"name":"Mais de 590 crian\u00e7as j\u00e1 foram atendidas pelo Projeto Ouvir para Aprender"}]},{"@type":"WebSite","@id":"https:\/\/blogdofarnesio.com.br\/#website","url":"https:\/\/blogdofarnesio.com.br\/","name":"Blog do Farn\u00e9sio","description":"Quer Saber Pol\u00edtica?","publisher":{"@id":"https:\/\/blogdofarnesio.com.br\/#organization"},"potentialAction":[{"@type":"SearchAction","target":{"@type":"EntryPoint","urlTemplate":"https:\/\/blogdofarnesio.com.br\/?s={search_term_string}"},"query-input":{"@type":"PropertyValueSpecification","valueRequired":true,"valueName":"search_term_string"}}],"inLanguage":"pt-BR"},{"@type":"Organization","@id":"https:\/\/blogdofarnesio.com.br\/#organization","name":"Blog do Farn\u00e9sio","url":"https:\/\/blogdofarnesio.com.br\/","logo":{"@type":"ImageObject","inLanguage":"pt-BR","@id":"https:\/\/blogdofarnesio.com.br\/#\/schema\/logo\/image\/","url":"https:\/\/blogdofarnesio.com.br\/wp-content\/uploads\/2026\/03\/cropped-logo_new-1.png","contentUrl":"https:\/\/blogdofarnesio.com.br\/wp-content\/uploads\/2026\/03\/cropped-logo_new-1.png","width":881,"height":685,"caption":"Blog do Farn\u00e9sio"},"image":{"@id":"https:\/\/blogdofarnesio.com.br\/#\/schema\/logo\/image\/"},"sameAs":["https:\/\/www.facebook.com\/BlogQuerSaberPolitica\/"]}]}},"_links":{"self":[{"href":"https:\/\/blogdofarnesio.com.br\/index.php?rest_route=\/wp\/v2\/posts\/7488","targetHints":{"allow":["GET"]}}],"collection":[{"href":"https:\/\/blogdofarnesio.com.br\/index.php?rest_route=\/wp\/v2\/posts"}],"about":[{"href":"https:\/\/blogdofarnesio.com.br\/index.php?rest_route=\/wp\/v2\/types\/post"}],"replies":[{"embeddable":true,"href":"https:\/\/blogdofarnesio.com.br\/index.php?rest_route=%2Fwp%2Fv2%2Fcomments&post=7488"}],"version-history":[{"count":0,"href":"https:\/\/blogdofarnesio.com.br\/index.php?rest_route=\/wp\/v2\/posts\/7488\/revisions"}],"wp:attachment":[{"href":"https:\/\/blogdofarnesio.com.br\/index.php?rest_route=%2Fwp%2Fv2%2Fmedia&parent=7488"}],"wp:term":[{"taxonomy":"category","embeddable":true,"href":"https:\/\/blogdofarnesio.com.br\/index.php?rest_route=%2Fwp%2Fv2%2Fcategories&post=7488"},{"taxonomy":"post_tag","embeddable":true,"href":"https:\/\/blogdofarnesio.com.br\/index.php?rest_route=%2Fwp%2Fv2%2Ftags&post=7488"}],"curies":[{"name":"wp","href":"https:\/\/api.w.org\/{rel}","templated":true}]}}