{"id":74786,"date":"2014-02-28T11:35:02","date_gmt":"2014-02-28T14:35:02","guid":{"rendered":"http:\/\/www.quersaberpolitica.com.br\/?p=74786"},"modified":"2014-02-28T11:49:50","modified_gmt":"2014-02-28T14:49:50","slug":"radialista-e-executado-em-teixeira-de-freitasba","status":"publish","type":"post","link":"https:\/\/blogdofarnesio.com.br\/?p=74786","title":{"rendered":"RADIALISTA \u00c9 EXECUTADO EM TEIXEIRA DE FREITAS\/BA"},"content":{"rendered":"<p style=\"text-align: justify\">Por Rep\u00f3rter Coragem<\/p>\n<div style=\"text-align: justify\">\n<p style=\"text-align: center\"><img loading=\"lazy\" decoding=\"async\" class=\"aligncenter\" alt=\"Gel Lopes foi executado de forma cruel (4)\" src=\"http:\/\/reportercoragem.com.br\/wp-content\/uploads\/2014\/02\/Gel-Lopes-foi-executado-de-forma-cruel-4.jpg\" width=\"496\" height=\"372\" \/><\/p>\n<p>Um crime chocou a imprensa de todo o extremo sul da Bahia, foi executado com cinco tiros de pistola 9Mm o radialista, jornalista e ex-vereador Geolino Lopes Xavier, conhecido como Gel Lopes, de 44 anos, o crime teria acontecido por volta das 21 horas.<\/p>\n<p>Foram cinco os disparos que deixaram de luto a imprensa do extremo sul, e que acertaram o lado direito de Gel Lopes, um lutador, pai de fam\u00edlia, que no momento de sua execu\u00e7\u00e3o estava usando o uniforme de sua empresa o Portaln3, a bordo do carro padronizado tamb\u00e9m de sua empresa.<\/p>\n<p>Gel Lopes estava acompanhado de sua esposa Daniela Ferreira, que durante a a\u00e7\u00e3o dos marginais ficou ferida com um tiro em uma das pernas, segundo populares os assassinos estavam a bordo de um veiculo Corola, n\u00e3o se sabe ao certo se preto ou prata, e o atirador estaria usando capuz no banco trazeiro do veiculo.<!--more--><\/p>\n<p>O crime foi na rua da Saudade, muito pr\u00f3ximo esquina da rua Pituba, no Bela Vista, a cerca de 500 metros da igreja Francisco de Assis, Gel Lopes tinha acabado de deixar o amigo rep\u00f3rter esportivo Djalma, com quem estava comendo espetinho no \u201cEspetinho do Cezar\u201d, que fica a duas ruas de onde o crime aconteceu.<\/p>\n<p>O crime deixa toda imprensa do extremo sul de luto, Gel Lopes militou no r\u00e1dio por muito tempo, conseguindo seu registro profissional no ano de 1998, se formando em jornalismo pela Fasb no ano de 2012, atuou em diversas \u00e1reas no r\u00e1dio, mais se destacou como rep\u00f3rter policial, onde finalizava suas reportagem com o jarg\u00e3o \u201cRep\u00f3rter policial, profiss\u00e3o perigo\u201d, sua morte est\u00e1 sendo considerada um crime contra toda imprensa do Brasil.<\/p>\n<p>Nossa reportagem continuar\u00e1 acompanhando os fato e traremos novas informa\u00e7\u00f5es a qualquer momento.<\/p>\n<p>Por Jotta Mendes\/Rep\u00f3rter Coragem<\/p>\n<\/div>\n","protected":false},"excerpt":{"rendered":"<p>Por Rep\u00f3rter Coragem Um crime chocou a imprensa de todo o extremo sul da Bahia, foi executado com cinco tiros de pistola 9Mm o radialista, jornalista e ex-vereador Geolino Lopes Xavier, conhecido como Gel Lopes, de 44 anos, o crime teria acontecido por volta das 21 horas. Foram cinco os disparos que deixaram de luto a imprensa do extremo sul, e que acertaram o lado direito de Gel Lopes, um lutador, pai de fam\u00edlia, que no momento de sua execu\u00e7\u00e3o estava usando o uniforme de sua empresa o Portaln3, a bordo do carro padronizado tamb\u00e9m de sua empresa. Gel Lopes estava acompanhado de sua esposa Daniela Ferreira, que durante a a\u00e7\u00e3o dos marginais ficou ferida com um tiro em uma&hellip; <\/p>\n","protected":false},"author":3,"featured_media":0,"comment_status":"open","ping_status":"open","sticky":false,"template":"","format":"standard","meta":{"_acf_changed":false,"footnotes":""},"categories":[9],"tags":[],"class_list":["post-74786","post","type-post","status-publish","format-standard","hentry","category-policia"],"acf":[],"yoast_head":"<!-- This site is optimized with the Yoast SEO plugin v27.4 - https:\/\/yoast.com\/product\/yoast-seo-wordpress\/ -->\n<title>RADIALISTA \u00c9 EXECUTADO EM TEIXEIRA DE FREITAS\/BA - Blog do Farn\u00e9sio<\/title>\n<meta name=\"robots\" content=\"index, follow, max-snippet:-1, max-image-preview:large, max-video-preview:-1\" \/>\n<link rel=\"canonical\" href=\"https:\/\/blogdofarnesio.com.br\/?p=74786\" \/>\n<meta property=\"og:locale\" content=\"pt_BR\" \/>\n<meta property=\"og:type\" content=\"article\" \/>\n<meta property=\"og:title\" content=\"RADIALISTA \u00c9 EXECUTADO EM TEIXEIRA DE FREITAS\/BA - Blog do Farn\u00e9sio\" \/>\n<meta property=\"og:description\" content=\"Por Rep\u00f3rter Coragem Um crime chocou a imprensa de todo o extremo sul da Bahia, foi executado com cinco tiros de pistola 9Mm o radialista, jornalista e ex-vereador Geolino Lopes Xavier, conhecido como Gel Lopes, de 44 anos, o crime teria acontecido por volta das 21 horas. Foram cinco os disparos que deixaram de luto a imprensa do extremo sul, e que acertaram o lado direito de Gel Lopes, um lutador, pai de fam\u00edlia, que no momento de sua execu\u00e7\u00e3o estava usando o uniforme de sua empresa o Portaln3, a bordo do carro padronizado tamb\u00e9m de sua empresa. Gel Lopes estava acompanhado de sua esposa Daniela Ferreira, que durante a a\u00e7\u00e3o dos marginais ficou ferida com um tiro em uma&hellip;\" \/>\n<meta property=\"og:url\" content=\"https:\/\/blogdofarnesio.com.br\/?p=74786\" \/>\n<meta property=\"og:site_name\" content=\"Blog do Farn\u00e9sio\" \/>\n<meta property=\"article:publisher\" content=\"https:\/\/www.facebook.com\/BlogQuerSaberPolitica\/\" \/>\n<meta property=\"article:published_time\" content=\"2014-02-28T14:35:02+00:00\" \/>\n<meta property=\"article:modified_time\" content=\"2014-02-28T14:49:50+00:00\" \/>\n<meta property=\"og:image\" content=\"http:\/\/reportercoragem.com.br\/wp-content\/uploads\/2014\/02\/Gel-Lopes-foi-executado-de-forma-cruel-4.jpg\" \/>\n<meta name=\"author\" content=\"teste\" \/>\n<meta name=\"twitter:card\" content=\"summary_large_image\" \/>\n<meta name=\"twitter:label1\" content=\"Escrito por\" \/>\n\t<meta name=\"twitter:data1\" content=\"teste\" \/>\n\t<meta name=\"twitter:label2\" content=\"Est. tempo de leitura\" \/>\n\t<meta name=\"twitter:data2\" content=\"2 minutos\" \/>\n<script type=\"application\/ld+json\" class=\"yoast-schema-graph\">{\"@context\":\"https:\\\/\\\/schema.org\",\"@graph\":[{\"@type\":\"Article\",\"@id\":\"https:\\\/\\\/blogdofarnesio.com.br\\\/?p=74786#article\",\"isPartOf\":{\"@id\":\"https:\\\/\\\/blogdofarnesio.com.br\\\/?p=74786\"},\"author\":{\"name\":\"teste\",\"@id\":\"https:\\\/\\\/blogdofarnesio.com.br\\\/#\\\/schema\\\/person\\\/dd1bf5eba40b687199ba45ca6b97dff9\"},\"headline\":\"RADIALISTA \u00c9 EXECUTADO EM TEIXEIRA DE FREITAS\\\/BA\",\"datePublished\":\"2014-02-28T14:35:02+00:00\",\"dateModified\":\"2014-02-28T14:49:50+00:00\",\"mainEntityOfPage\":{\"@id\":\"https:\\\/\\\/blogdofarnesio.com.br\\\/?p=74786\"},\"wordCount\":316,\"commentCount\":0,\"publisher\":{\"@id\":\"https:\\\/\\\/blogdofarnesio.com.br\\\/#organization\"},\"image\":{\"@id\":\"https:\\\/\\\/blogdofarnesio.com.br\\\/?p=74786#primaryimage\"},\"thumbnailUrl\":\"http:\\\/\\\/reportercoragem.com.br\\\/wp-content\\\/uploads\\\/2014\\\/02\\\/Gel-Lopes-foi-executado-de-forma-cruel-4.jpg\",\"articleSection\":[\"Pol\u00edcia\"],\"inLanguage\":\"pt-BR\",\"potentialAction\":[{\"@type\":\"CommentAction\",\"name\":\"Comment\",\"target\":[\"https:\\\/\\\/blogdofarnesio.com.br\\\/?p=74786#respond\"]}]},{\"@type\":\"WebPage\",\"@id\":\"https:\\\/\\\/blogdofarnesio.com.br\\\/?p=74786\",\"url\":\"https:\\\/\\\/blogdofarnesio.com.br\\\/?p=74786\",\"name\":\"RADIALISTA \u00c9 EXECUTADO EM TEIXEIRA DE FREITAS\\\/BA - Blog do Farn\u00e9sio\",\"isPartOf\":{\"@id\":\"https:\\\/\\\/blogdofarnesio.com.br\\\/#website\"},\"primaryImageOfPage\":{\"@id\":\"https:\\\/\\\/blogdofarnesio.com.br\\\/?p=74786#primaryimage\"},\"image\":{\"@id\":\"https:\\\/\\\/blogdofarnesio.com.br\\\/?p=74786#primaryimage\"},\"thumbnailUrl\":\"http:\\\/\\\/reportercoragem.com.br\\\/wp-content\\\/uploads\\\/2014\\\/02\\\/Gel-Lopes-foi-executado-de-forma-cruel-4.jpg\",\"datePublished\":\"2014-02-28T14:35:02+00:00\",\"dateModified\":\"2014-02-28T14:49:50+00:00\",\"breadcrumb\":{\"@id\":\"https:\\\/\\\/blogdofarnesio.com.br\\\/?p=74786#breadcrumb\"},\"inLanguage\":\"pt-BR\",\"potentialAction\":[{\"@type\":\"ReadAction\",\"target\":[\"https:\\\/\\\/blogdofarnesio.com.br\\\/?p=74786\"]}]},{\"@type\":\"ImageObject\",\"inLanguage\":\"pt-BR\",\"@id\":\"https:\\\/\\\/blogdofarnesio.com.br\\\/?p=74786#primaryimage\",\"url\":\"http:\\\/\\\/reportercoragem.com.br\\\/wp-content\\\/uploads\\\/2014\\\/02\\\/Gel-Lopes-foi-executado-de-forma-cruel-4.jpg\",\"contentUrl\":\"http:\\\/\\\/reportercoragem.com.br\\\/wp-content\\\/uploads\\\/2014\\\/02\\\/Gel-Lopes-foi-executado-de-forma-cruel-4.jpg\"},{\"@type\":\"BreadcrumbList\",\"@id\":\"https:\\\/\\\/blogdofarnesio.com.br\\\/?p=74786#breadcrumb\",\"itemListElement\":[{\"@type\":\"ListItem\",\"position\":1,\"name\":\"In\u00edcio\",\"item\":\"https:\\\/\\\/blogdofarnesio.com.br\\\/\"},{\"@type\":\"ListItem\",\"position\":2,\"name\":\"RADIALISTA \u00c9 EXECUTADO EM TEIXEIRA DE FREITAS\\\/BA\"}]},{\"@type\":\"WebSite\",\"@id\":\"https:\\\/\\\/blogdofarnesio.com.br\\\/#website\",\"url\":\"https:\\\/\\\/blogdofarnesio.com.br\\\/\",\"name\":\"Blog do Farn\u00e9sio\",\"description\":\"Quer Saber Pol\u00edtica?\",\"publisher\":{\"@id\":\"https:\\\/\\\/blogdofarnesio.com.br\\\/#organization\"},\"potentialAction\":[{\"@type\":\"SearchAction\",\"target\":{\"@type\":\"EntryPoint\",\"urlTemplate\":\"https:\\\/\\\/blogdofarnesio.com.br\\\/?s={search_term_string}\"},\"query-input\":{\"@type\":\"PropertyValueSpecification\",\"valueRequired\":true,\"valueName\":\"search_term_string\"}}],\"inLanguage\":\"pt-BR\"},{\"@type\":\"Organization\",\"@id\":\"https:\\\/\\\/blogdofarnesio.com.br\\\/#organization\",\"name\":\"Blog do Farn\u00e9sio\",\"url\":\"https:\\\/\\\/blogdofarnesio.com.br\\\/\",\"logo\":{\"@type\":\"ImageObject\",\"inLanguage\":\"pt-BR\",\"@id\":\"https:\\\/\\\/blogdofarnesio.com.br\\\/#\\\/schema\\\/logo\\\/image\\\/\",\"url\":\"https:\\\/\\\/blogdofarnesio.com.br\\\/wp-content\\\/uploads\\\/2026\\\/03\\\/cropped-logo_new-1.png\",\"contentUrl\":\"https:\\\/\\\/blogdofarnesio.com.br\\\/wp-content\\\/uploads\\\/2026\\\/03\\\/cropped-logo_new-1.png\",\"width\":881,\"height\":685,\"caption\":\"Blog do Farn\u00e9sio\"},\"image\":{\"@id\":\"https:\\\/\\\/blogdofarnesio.com.br\\\/#\\\/schema\\\/logo\\\/image\\\/\"},\"sameAs\":[\"https:\\\/\\\/www.facebook.com\\\/BlogQuerSaberPolitica\\\/\"]},{\"@type\":\"Person\",\"@id\":\"https:\\\/\\\/blogdofarnesio.com.br\\\/#\\\/schema\\\/person\\\/dd1bf5eba40b687199ba45ca6b97dff9\",\"name\":\"teste\",\"image\":{\"@type\":\"ImageObject\",\"inLanguage\":\"pt-BR\",\"@id\":\"https:\\\/\\\/secure.gravatar.com\\\/avatar\\\/2172498d4914b51e1d89a0f97957b035ac4938723a5cac208135d389b6972a6d?s=96&d=mm&r=g\",\"url\":\"https:\\\/\\\/secure.gravatar.com\\\/avatar\\\/2172498d4914b51e1d89a0f97957b035ac4938723a5cac208135d389b6972a6d?s=96&d=mm&r=g\",\"contentUrl\":\"https:\\\/\\\/secure.gravatar.com\\\/avatar\\\/2172498d4914b51e1d89a0f97957b035ac4938723a5cac208135d389b6972a6d?s=96&d=mm&r=g\",\"caption\":\"teste\"},\"url\":\"https:\\\/\\\/blogdofarnesio.com.br\\\/?author=3\"}]}<\/script>\n<!-- \/ Yoast SEO plugin. -->","yoast_head_json":{"title":"RADIALISTA \u00c9 EXECUTADO EM TEIXEIRA DE FREITAS\/BA - Blog do Farn\u00e9sio","robots":{"index":"index","follow":"follow","max-snippet":"max-snippet:-1","max-image-preview":"max-image-preview:large","max-video-preview":"max-video-preview:-1"},"canonical":"https:\/\/blogdofarnesio.com.br\/?p=74786","og_locale":"pt_BR","og_type":"article","og_title":"RADIALISTA \u00c9 EXECUTADO EM TEIXEIRA DE FREITAS\/BA - Blog do Farn\u00e9sio","og_description":"Por Rep\u00f3rter Coragem Um crime chocou a imprensa de todo o extremo sul da Bahia, foi executado com cinco tiros de pistola 9Mm o radialista, jornalista e ex-vereador Geolino Lopes Xavier, conhecido como Gel Lopes, de 44 anos, o crime teria acontecido por volta das 21 horas. Foram cinco os disparos que deixaram de luto a imprensa do extremo sul, e que acertaram o lado direito de Gel Lopes, um lutador, pai de fam\u00edlia, que no momento de sua execu\u00e7\u00e3o estava usando o uniforme de sua empresa o Portaln3, a bordo do carro padronizado tamb\u00e9m de sua empresa. Gel Lopes estava acompanhado de sua esposa Daniela Ferreira, que durante a a\u00e7\u00e3o dos marginais ficou ferida com um tiro em uma&hellip;","og_url":"https:\/\/blogdofarnesio.com.br\/?p=74786","og_site_name":"Blog do Farn\u00e9sio","article_publisher":"https:\/\/www.facebook.com\/BlogQuerSaberPolitica\/","article_published_time":"2014-02-28T14:35:02+00:00","article_modified_time":"2014-02-28T14:49:50+00:00","og_image":[{"url":"http:\/\/reportercoragem.com.br\/wp-content\/uploads\/2014\/02\/Gel-Lopes-foi-executado-de-forma-cruel-4.jpg","type":"","width":"","height":""}],"author":"teste","twitter_card":"summary_large_image","twitter_misc":{"Escrito por":"teste","Est. tempo de leitura":"2 minutos"},"schema":{"@context":"https:\/\/schema.org","@graph":[{"@type":"Article","@id":"https:\/\/blogdofarnesio.com.br\/?p=74786#article","isPartOf":{"@id":"https:\/\/blogdofarnesio.com.br\/?p=74786"},"author":{"name":"teste","@id":"https:\/\/blogdofarnesio.com.br\/#\/schema\/person\/dd1bf5eba40b687199ba45ca6b97dff9"},"headline":"RADIALISTA \u00c9 EXECUTADO EM TEIXEIRA DE FREITAS\/BA","datePublished":"2014-02-28T14:35:02+00:00","dateModified":"2014-02-28T14:49:50+00:00","mainEntityOfPage":{"@id":"https:\/\/blogdofarnesio.com.br\/?p=74786"},"wordCount":316,"commentCount":0,"publisher":{"@id":"https:\/\/blogdofarnesio.com.br\/#organization"},"image":{"@id":"https:\/\/blogdofarnesio.com.br\/?p=74786#primaryimage"},"thumbnailUrl":"http:\/\/reportercoragem.com.br\/wp-content\/uploads\/2014\/02\/Gel-Lopes-foi-executado-de-forma-cruel-4.jpg","articleSection":["Pol\u00edcia"],"inLanguage":"pt-BR","potentialAction":[{"@type":"CommentAction","name":"Comment","target":["https:\/\/blogdofarnesio.com.br\/?p=74786#respond"]}]},{"@type":"WebPage","@id":"https:\/\/blogdofarnesio.com.br\/?p=74786","url":"https:\/\/blogdofarnesio.com.br\/?p=74786","name":"RADIALISTA \u00c9 EXECUTADO EM TEIXEIRA DE FREITAS\/BA - Blog do Farn\u00e9sio","isPartOf":{"@id":"https:\/\/blogdofarnesio.com.br\/#website"},"primaryImageOfPage":{"@id":"https:\/\/blogdofarnesio.com.br\/?p=74786#primaryimage"},"image":{"@id":"https:\/\/blogdofarnesio.com.br\/?p=74786#primaryimage"},"thumbnailUrl":"http:\/\/reportercoragem.com.br\/wp-content\/uploads\/2014\/02\/Gel-Lopes-foi-executado-de-forma-cruel-4.jpg","datePublished":"2014-02-28T14:35:02+00:00","dateModified":"2014-02-28T14:49:50+00:00","breadcrumb":{"@id":"https:\/\/blogdofarnesio.com.br\/?p=74786#breadcrumb"},"inLanguage":"pt-BR","potentialAction":[{"@type":"ReadAction","target":["https:\/\/blogdofarnesio.com.br\/?p=74786"]}]},{"@type":"ImageObject","inLanguage":"pt-BR","@id":"https:\/\/blogdofarnesio.com.br\/?p=74786#primaryimage","url":"http:\/\/reportercoragem.com.br\/wp-content\/uploads\/2014\/02\/Gel-Lopes-foi-executado-de-forma-cruel-4.jpg","contentUrl":"http:\/\/reportercoragem.com.br\/wp-content\/uploads\/2014\/02\/Gel-Lopes-foi-executado-de-forma-cruel-4.jpg"},{"@type":"BreadcrumbList","@id":"https:\/\/blogdofarnesio.com.br\/?p=74786#breadcrumb","itemListElement":[{"@type":"ListItem","position":1,"name":"In\u00edcio","item":"https:\/\/blogdofarnesio.com.br\/"},{"@type":"ListItem","position":2,"name":"RADIALISTA \u00c9 EXECUTADO EM TEIXEIRA DE FREITAS\/BA"}]},{"@type":"WebSite","@id":"https:\/\/blogdofarnesio.com.br\/#website","url":"https:\/\/blogdofarnesio.com.br\/","name":"Blog do Farn\u00e9sio","description":"Quer Saber Pol\u00edtica?","publisher":{"@id":"https:\/\/blogdofarnesio.com.br\/#organization"},"potentialAction":[{"@type":"SearchAction","target":{"@type":"EntryPoint","urlTemplate":"https:\/\/blogdofarnesio.com.br\/?s={search_term_string}"},"query-input":{"@type":"PropertyValueSpecification","valueRequired":true,"valueName":"search_term_string"}}],"inLanguage":"pt-BR"},{"@type":"Organization","@id":"https:\/\/blogdofarnesio.com.br\/#organization","name":"Blog do Farn\u00e9sio","url":"https:\/\/blogdofarnesio.com.br\/","logo":{"@type":"ImageObject","inLanguage":"pt-BR","@id":"https:\/\/blogdofarnesio.com.br\/#\/schema\/logo\/image\/","url":"https:\/\/blogdofarnesio.com.br\/wp-content\/uploads\/2026\/03\/cropped-logo_new-1.png","contentUrl":"https:\/\/blogdofarnesio.com.br\/wp-content\/uploads\/2026\/03\/cropped-logo_new-1.png","width":881,"height":685,"caption":"Blog do Farn\u00e9sio"},"image":{"@id":"https:\/\/blogdofarnesio.com.br\/#\/schema\/logo\/image\/"},"sameAs":["https:\/\/www.facebook.com\/BlogQuerSaberPolitica\/"]},{"@type":"Person","@id":"https:\/\/blogdofarnesio.com.br\/#\/schema\/person\/dd1bf5eba40b687199ba45ca6b97dff9","name":"teste","image":{"@type":"ImageObject","inLanguage":"pt-BR","@id":"https:\/\/secure.gravatar.com\/avatar\/2172498d4914b51e1d89a0f97957b035ac4938723a5cac208135d389b6972a6d?s=96&d=mm&r=g","url":"https:\/\/secure.gravatar.com\/avatar\/2172498d4914b51e1d89a0f97957b035ac4938723a5cac208135d389b6972a6d?s=96&d=mm&r=g","contentUrl":"https:\/\/secure.gravatar.com\/avatar\/2172498d4914b51e1d89a0f97957b035ac4938723a5cac208135d389b6972a6d?s=96&d=mm&r=g","caption":"teste"},"url":"https:\/\/blogdofarnesio.com.br\/?author=3"}]}},"_links":{"self":[{"href":"https:\/\/blogdofarnesio.com.br\/index.php?rest_route=\/wp\/v2\/posts\/74786","targetHints":{"allow":["GET"]}}],"collection":[{"href":"https:\/\/blogdofarnesio.com.br\/index.php?rest_route=\/wp\/v2\/posts"}],"about":[{"href":"https:\/\/blogdofarnesio.com.br\/index.php?rest_route=\/wp\/v2\/types\/post"}],"author":[{"embeddable":true,"href":"https:\/\/blogdofarnesio.com.br\/index.php?rest_route=\/wp\/v2\/users\/3"}],"replies":[{"embeddable":true,"href":"https:\/\/blogdofarnesio.com.br\/index.php?rest_route=%2Fwp%2Fv2%2Fcomments&post=74786"}],"version-history":[{"count":0,"href":"https:\/\/blogdofarnesio.com.br\/index.php?rest_route=\/wp\/v2\/posts\/74786\/revisions"}],"wp:attachment":[{"href":"https:\/\/blogdofarnesio.com.br\/index.php?rest_route=%2Fwp%2Fv2%2Fmedia&parent=74786"}],"wp:term":[{"taxonomy":"category","embeddable":true,"href":"https:\/\/blogdofarnesio.com.br\/index.php?rest_route=%2Fwp%2Fv2%2Fcategories&post=74786"},{"taxonomy":"post_tag","embeddable":true,"href":"https:\/\/blogdofarnesio.com.br\/index.php?rest_route=%2Fwp%2Fv2%2Ftags&post=74786"}],"curies":[{"name":"wp","href":"https:\/\/api.w.org\/{rel}","templated":true}]}}