{"id":7478,"date":"2011-10-16T10:00:05","date_gmt":"2011-10-16T10:00:05","guid":{"rendered":"http:\/\/www.quersaberpolitica.com.br?p=7478"},"modified":"-0001-11-30T00:00:00","modified_gmt":"-0001-11-30T03:00:00","slug":"circo-dos-7-anoes-vira-noticia","status":"publish","type":"post","link":"https:\/\/blogdofarnesio.com.br\/?p=7478","title":{"rendered":"Circo dos 7 an\u00f5es vira not\u00edcia"},"content":{"rendered":"<p style=\"text-align: justify;\"><span style=\"font-size: small;\"><br \/><\/span><\/p>\n<p style=\"text-align: justify;\"><span style=\"font-size: small;\">Do G1 BA, com informa&ccedil;&otilde;es da TV S&atilde;o Francisco<\/span><\/p>\n<p style=\"text-align: justify;\"><img decoding=\"async\" style=\"float: left; margin-top: 5px; margin-bottom: 5px; margin-left: 10px; margin-right: 10px;\" src=\"http:\/\/s01.video.glbimg.com\/x240\/1662292.jpg\" alt=\"\" width=\"200\" \/><\/p>\n<p style=\"text-align: justify;\"><span style=\"font-size: small;\">Sete an&otilde;es de uma mesma fam&iacute;lia dona de um circo est&atilde;o em temporada na cidade de Juazeiro, norte da Bahia. Eles medem entre um metro e um metro e 20 cent&iacute;metros. &#8220;S&atilde;o sete an&otilde;es, fora os sobrinhos. Tem mais de 13 an&otilde;es no nosso circo&#8221;, conta o administrador Gilberto Gomes.<\/span><\/p>\n<p style=\"text-align: justify;\"><span style=\"font-size: small;\">Nas cidades por onde passam, as crian&ccedil;as s&atilde;o matriculadas em escolas para dar continuidade aos estudos. Em uma unidade de ensino particular de Juazeiro, eles matricularam sete primos da fam&iacute;lia dona do circo. Apesar da estatura diferente, o entrosamento com colegas e professores aconteceu bem r&aacute;pido. &#8220;Eles est&atilde;o convivendo bem. Os nossos alunos receberam todos bem e tamb&eacute;m se adaptaram&#8221;, diz a coordenadora pedag&oacute;gica Sem&iacute;rames Ara&uacute;jo.<\/span><\/p>\n<p style=\"text-align: justify;\"><span style=\"font-size: small;\">Cl&aacute;udio Gomes, um dos irm&atilde;os que atua no circo como palha&ccedil;o, resolveu se casar com uma esposa bem mais alta que ele. Cl&aacute;udio tem sete filhos de dois casamentos diferentes e apenas duas crian&ccedil;as nasceram com a estatura normal.<\/span><\/p>\n<p style=\"text-align: justify;\"><img loading=\"lazy\" decoding=\"async\" style=\"float: right; margin-top: 5px; margin-bottom: 5px; margin-left: 10px; margin-right: 10px;\" title=\"Sete an&otilde;es donos de circo chamam aten&ccedil;&atilde;o em Juazeiro (BA) (Foto: Reprodu&ccedil;&atilde;o\/TV S&atilde;o Francisco)\" src=\"http:\/\/s.glbimg.com\/jo\/g1\/f\/original\/2011\/10\/14\/anoes.jpg\" alt=\"Sete an&otilde;es donos de circo chamam aten&ccedil;&atilde;o em Juazeiro (BA) (Foto: Reprodu&ccedil;&atilde;o\/TV S&atilde;o Francisco)\" width=\"200\" height=\"150\" \/><span style=\"font-size: small;\">Cl&aacute;udio casou com mulher de estatura normal<\/span><\/p>\n<p style=\"text-align: justify;\"><span style=\"font-size: small;\">&#8220;A gente sofre muita [discrimina&ccedil;&atilde;o], mas n&atilde;o liga para isso n&atilde;o. N&atilde;o temos preconceito com nada. Quando a gente passa na rua e as pessoas ficam olhando, eu acho &eacute; bom porque est&atilde;o me admirando&#8221;, brinca.<\/span><\/p>\n<p style=\"text-align: justify;\"><span style=\"font-size: small;\">A baixa estatura &eacute; causada por uma muta&ccedil;&atilde;o gen&eacute;tica. Casais normais podem ter filhos an&otilde;es, mesmo sem hist&oacute;rico na fam&iacute;lia. A m&eacute;dica Karina Barbosa explica que de cada 26 mil pessoas, uma pode nascer an&atilde;.<\/span><\/p>\n<p style=\"text-align: justify;\"><span style=\"font-size: small;\">&#8220;&Eacute; uma muta&ccedil;&atilde;o g&ecirc;nica no cromossomo quatro, um de nossos in&uacute;meros cromossomos. Ent&atilde;o, qualquer um pode nascer an&atilde;o. N&atilde;o &eacute; nada previs&iacute;vel, &eacute; uma muta&ccedil;&atilde;o que ocorre ao acaso&#8221;, explic<\/span><\/p>\n<p style=\"text-align: justify;\"><span style=\"font-size: small;\">(Foto: Reprodu&ccedil;&atilde;o\/TV S&atilde;o Francisco)<\/span><\/p>\n<p style=\"text-align: justify;\"><span style=\"font-size: small;\"><br \/><\/span><\/p>\n<p style=\"text-align: justify;\">&nbsp;<\/p>\n","protected":false},"excerpt":{"rendered":"<p>Do G1 BA, com informa&ccedil;&otilde;es da TV S&atilde;o Francisco Sete an&otilde;es de uma mesma fam&iacute;lia dona de um circo est&atilde;o em temporada na cidade de Juazeiro, norte da Bahia. Eles medem entre um metro e um metro e 20 cent&iacute;metros. &#8220;S&atilde;o sete an&otilde;es, fora os sobrinhos. Tem mais de 13 an&otilde;es no nosso circo&#8221;, conta o administrador Gilberto Gomes. Nas cidades por onde passam, as crian&ccedil;as s&atilde;o matriculadas em escolas para dar continuidade aos estudos. Em uma unidade de ensino particular de Juazeiro, eles matricularam sete primos da fam&iacute;lia dona do circo. Apesar da estatura diferente, o entrosamento com colegas e professores aconteceu bem r&aacute;pido. &#8220;Eles est&atilde;o convivendo bem. Os nossos alunos receberam todos bem e tamb&eacute;m se adaptaram&#8221;, diz&hellip; <\/p>\n","protected":false},"author":0,"featured_media":0,"comment_status":"open","ping_status":"open","sticky":false,"template":"","format":"standard","meta":{"_acf_changed":false,"footnotes":""},"categories":[],"tags":[],"class_list":["post-7478","post","type-post","status-publish","format-standard","hentry"],"acf":[],"yoast_head":"<!-- This site is optimized with the Yoast SEO plugin v27.4 - https:\/\/yoast.com\/product\/yoast-seo-wordpress\/ -->\n<title>Circo dos 7 an\u00f5es vira not\u00edcia - Blog do Farn\u00e9sio<\/title>\n<meta name=\"robots\" content=\"index, follow, max-snippet:-1, max-image-preview:large, max-video-preview:-1\" \/>\n<link rel=\"canonical\" href=\"https:\/\/blogdofarnesio.com.br\/?p=7478\" \/>\n<meta property=\"og:locale\" content=\"pt_BR\" \/>\n<meta property=\"og:type\" content=\"article\" \/>\n<meta property=\"og:title\" content=\"Circo dos 7 an\u00f5es vira not\u00edcia - Blog do Farn\u00e9sio\" \/>\n<meta property=\"og:description\" content=\"Do G1 BA, com informa&ccedil;&otilde;es da TV S&atilde;o Francisco Sete an&otilde;es de uma mesma fam&iacute;lia dona de um circo est&atilde;o em temporada na cidade de Juazeiro, norte da Bahia. Eles medem entre um metro e um metro e 20 cent&iacute;metros. &#8220;S&atilde;o sete an&otilde;es, fora os sobrinhos. Tem mais de 13 an&otilde;es no nosso circo&#8221;, conta o administrador Gilberto Gomes. Nas cidades por onde passam, as crian&ccedil;as s&atilde;o matriculadas em escolas para dar continuidade aos estudos. Em uma unidade de ensino particular de Juazeiro, eles matricularam sete primos da fam&iacute;lia dona do circo. Apesar da estatura diferente, o entrosamento com colegas e professores aconteceu bem r&aacute;pido. &#8220;Eles est&atilde;o convivendo bem. Os nossos alunos receberam todos bem e tamb&eacute;m se adaptaram&#8221;, diz&hellip;\" \/>\n<meta property=\"og:url\" content=\"https:\/\/blogdofarnesio.com.br\/?p=7478\" \/>\n<meta property=\"og:site_name\" content=\"Blog do Farn\u00e9sio\" \/>\n<meta property=\"article:publisher\" content=\"https:\/\/www.facebook.com\/BlogQuerSaberPolitica\/\" \/>\n<meta property=\"article:published_time\" content=\"2011-10-16T10:00:05+00:00\" \/>\n<meta property=\"og:image\" content=\"http:\/\/s01.video.glbimg.com\/x240\/1662292.jpg\" \/>\n<meta name=\"twitter:card\" content=\"summary_large_image\" \/>\n<meta name=\"twitter:label1\" content=\"Est. tempo de leitura\" \/>\n\t<meta name=\"twitter:data1\" content=\"2 minutos\" \/>\n<script type=\"application\/ld+json\" class=\"yoast-schema-graph\">{\"@context\":\"https:\\\/\\\/schema.org\",\"@graph\":[{\"@type\":\"Article\",\"@id\":\"https:\\\/\\\/blogdofarnesio.com.br\\\/?p=7478#article\",\"isPartOf\":{\"@id\":\"https:\\\/\\\/blogdofarnesio.com.br\\\/?p=7478\"},\"author\":{\"name\":\"\",\"@id\":\"\"},\"headline\":\"Circo dos 7 an\u00f5es vira not\u00edcia\",\"datePublished\":\"2011-10-16T10:00:05+00:00\",\"mainEntityOfPage\":{\"@id\":\"https:\\\/\\\/blogdofarnesio.com.br\\\/?p=7478\"},\"wordCount\":379,\"commentCount\":0,\"publisher\":{\"@id\":\"https:\\\/\\\/blogdofarnesio.com.br\\\/#organization\"},\"image\":{\"@id\":\"https:\\\/\\\/blogdofarnesio.com.br\\\/?p=7478#primaryimage\"},\"thumbnailUrl\":\"http:\\\/\\\/s01.video.glbimg.com\\\/x240\\\/1662292.jpg\",\"inLanguage\":\"pt-BR\",\"potentialAction\":[{\"@type\":\"CommentAction\",\"name\":\"Comment\",\"target\":[\"https:\\\/\\\/blogdofarnesio.com.br\\\/?p=7478#respond\"]}]},{\"@type\":\"WebPage\",\"@id\":\"https:\\\/\\\/blogdofarnesio.com.br\\\/?p=7478\",\"url\":\"https:\\\/\\\/blogdofarnesio.com.br\\\/?p=7478\",\"name\":\"Circo dos 7 an\u00f5es vira not\u00edcia - Blog do Farn\u00e9sio\",\"isPartOf\":{\"@id\":\"https:\\\/\\\/blogdofarnesio.com.br\\\/#website\"},\"primaryImageOfPage\":{\"@id\":\"https:\\\/\\\/blogdofarnesio.com.br\\\/?p=7478#primaryimage\"},\"image\":{\"@id\":\"https:\\\/\\\/blogdofarnesio.com.br\\\/?p=7478#primaryimage\"},\"thumbnailUrl\":\"http:\\\/\\\/s01.video.glbimg.com\\\/x240\\\/1662292.jpg\",\"datePublished\":\"2011-10-16T10:00:05+00:00\",\"breadcrumb\":{\"@id\":\"https:\\\/\\\/blogdofarnesio.com.br\\\/?p=7478#breadcrumb\"},\"inLanguage\":\"pt-BR\",\"potentialAction\":[{\"@type\":\"ReadAction\",\"target\":[\"https:\\\/\\\/blogdofarnesio.com.br\\\/?p=7478\"]}]},{\"@type\":\"ImageObject\",\"inLanguage\":\"pt-BR\",\"@id\":\"https:\\\/\\\/blogdofarnesio.com.br\\\/?p=7478#primaryimage\",\"url\":\"http:\\\/\\\/s01.video.glbimg.com\\\/x240\\\/1662292.jpg\",\"contentUrl\":\"http:\\\/\\\/s01.video.glbimg.com\\\/x240\\\/1662292.jpg\"},{\"@type\":\"BreadcrumbList\",\"@id\":\"https:\\\/\\\/blogdofarnesio.com.br\\\/?p=7478#breadcrumb\",\"itemListElement\":[{\"@type\":\"ListItem\",\"position\":1,\"name\":\"In\u00edcio\",\"item\":\"https:\\\/\\\/blogdofarnesio.com.br\\\/\"},{\"@type\":\"ListItem\",\"position\":2,\"name\":\"Circo dos 7 an\u00f5es vira not\u00edcia\"}]},{\"@type\":\"WebSite\",\"@id\":\"https:\\\/\\\/blogdofarnesio.com.br\\\/#website\",\"url\":\"https:\\\/\\\/blogdofarnesio.com.br\\\/\",\"name\":\"Blog do Farn\u00e9sio\",\"description\":\"Quer Saber Pol\u00edtica?\",\"publisher\":{\"@id\":\"https:\\\/\\\/blogdofarnesio.com.br\\\/#organization\"},\"potentialAction\":[{\"@type\":\"SearchAction\",\"target\":{\"@type\":\"EntryPoint\",\"urlTemplate\":\"https:\\\/\\\/blogdofarnesio.com.br\\\/?s={search_term_string}\"},\"query-input\":{\"@type\":\"PropertyValueSpecification\",\"valueRequired\":true,\"valueName\":\"search_term_string\"}}],\"inLanguage\":\"pt-BR\"},{\"@type\":\"Organization\",\"@id\":\"https:\\\/\\\/blogdofarnesio.com.br\\\/#organization\",\"name\":\"Blog do Farn\u00e9sio\",\"url\":\"https:\\\/\\\/blogdofarnesio.com.br\\\/\",\"logo\":{\"@type\":\"ImageObject\",\"inLanguage\":\"pt-BR\",\"@id\":\"https:\\\/\\\/blogdofarnesio.com.br\\\/#\\\/schema\\\/logo\\\/image\\\/\",\"url\":\"https:\\\/\\\/blogdofarnesio.com.br\\\/wp-content\\\/uploads\\\/2026\\\/03\\\/cropped-logo_new-1.png\",\"contentUrl\":\"https:\\\/\\\/blogdofarnesio.com.br\\\/wp-content\\\/uploads\\\/2026\\\/03\\\/cropped-logo_new-1.png\",\"width\":881,\"height\":685,\"caption\":\"Blog do Farn\u00e9sio\"},\"image\":{\"@id\":\"https:\\\/\\\/blogdofarnesio.com.br\\\/#\\\/schema\\\/logo\\\/image\\\/\"},\"sameAs\":[\"https:\\\/\\\/www.facebook.com\\\/BlogQuerSaberPolitica\\\/\"]}]}<\/script>\n<!-- \/ Yoast SEO plugin. -->","yoast_head_json":{"title":"Circo dos 7 an\u00f5es vira not\u00edcia - Blog do Farn\u00e9sio","robots":{"index":"index","follow":"follow","max-snippet":"max-snippet:-1","max-image-preview":"max-image-preview:large","max-video-preview":"max-video-preview:-1"},"canonical":"https:\/\/blogdofarnesio.com.br\/?p=7478","og_locale":"pt_BR","og_type":"article","og_title":"Circo dos 7 an\u00f5es vira not\u00edcia - Blog do Farn\u00e9sio","og_description":"Do G1 BA, com informa&ccedil;&otilde;es da TV S&atilde;o Francisco Sete an&otilde;es de uma mesma fam&iacute;lia dona de um circo est&atilde;o em temporada na cidade de Juazeiro, norte da Bahia. Eles medem entre um metro e um metro e 20 cent&iacute;metros. &#8220;S&atilde;o sete an&otilde;es, fora os sobrinhos. Tem mais de 13 an&otilde;es no nosso circo&#8221;, conta o administrador Gilberto Gomes. Nas cidades por onde passam, as crian&ccedil;as s&atilde;o matriculadas em escolas para dar continuidade aos estudos. Em uma unidade de ensino particular de Juazeiro, eles matricularam sete primos da fam&iacute;lia dona do circo. Apesar da estatura diferente, o entrosamento com colegas e professores aconteceu bem r&aacute;pido. &#8220;Eles est&atilde;o convivendo bem. Os nossos alunos receberam todos bem e tamb&eacute;m se adaptaram&#8221;, diz&hellip;","og_url":"https:\/\/blogdofarnesio.com.br\/?p=7478","og_site_name":"Blog do Farn\u00e9sio","article_publisher":"https:\/\/www.facebook.com\/BlogQuerSaberPolitica\/","article_published_time":"2011-10-16T10:00:05+00:00","og_image":[{"url":"http:\/\/s01.video.glbimg.com\/x240\/1662292.jpg","type":"","width":"","height":""}],"twitter_card":"summary_large_image","twitter_misc":{"Est. tempo de leitura":"2 minutos"},"schema":{"@context":"https:\/\/schema.org","@graph":[{"@type":"Article","@id":"https:\/\/blogdofarnesio.com.br\/?p=7478#article","isPartOf":{"@id":"https:\/\/blogdofarnesio.com.br\/?p=7478"},"author":{"name":"","@id":""},"headline":"Circo dos 7 an\u00f5es vira not\u00edcia","datePublished":"2011-10-16T10:00:05+00:00","mainEntityOfPage":{"@id":"https:\/\/blogdofarnesio.com.br\/?p=7478"},"wordCount":379,"commentCount":0,"publisher":{"@id":"https:\/\/blogdofarnesio.com.br\/#organization"},"image":{"@id":"https:\/\/blogdofarnesio.com.br\/?p=7478#primaryimage"},"thumbnailUrl":"http:\/\/s01.video.glbimg.com\/x240\/1662292.jpg","inLanguage":"pt-BR","potentialAction":[{"@type":"CommentAction","name":"Comment","target":["https:\/\/blogdofarnesio.com.br\/?p=7478#respond"]}]},{"@type":"WebPage","@id":"https:\/\/blogdofarnesio.com.br\/?p=7478","url":"https:\/\/blogdofarnesio.com.br\/?p=7478","name":"Circo dos 7 an\u00f5es vira not\u00edcia - Blog do Farn\u00e9sio","isPartOf":{"@id":"https:\/\/blogdofarnesio.com.br\/#website"},"primaryImageOfPage":{"@id":"https:\/\/blogdofarnesio.com.br\/?p=7478#primaryimage"},"image":{"@id":"https:\/\/blogdofarnesio.com.br\/?p=7478#primaryimage"},"thumbnailUrl":"http:\/\/s01.video.glbimg.com\/x240\/1662292.jpg","datePublished":"2011-10-16T10:00:05+00:00","breadcrumb":{"@id":"https:\/\/blogdofarnesio.com.br\/?p=7478#breadcrumb"},"inLanguage":"pt-BR","potentialAction":[{"@type":"ReadAction","target":["https:\/\/blogdofarnesio.com.br\/?p=7478"]}]},{"@type":"ImageObject","inLanguage":"pt-BR","@id":"https:\/\/blogdofarnesio.com.br\/?p=7478#primaryimage","url":"http:\/\/s01.video.glbimg.com\/x240\/1662292.jpg","contentUrl":"http:\/\/s01.video.glbimg.com\/x240\/1662292.jpg"},{"@type":"BreadcrumbList","@id":"https:\/\/blogdofarnesio.com.br\/?p=7478#breadcrumb","itemListElement":[{"@type":"ListItem","position":1,"name":"In\u00edcio","item":"https:\/\/blogdofarnesio.com.br\/"},{"@type":"ListItem","position":2,"name":"Circo dos 7 an\u00f5es vira not\u00edcia"}]},{"@type":"WebSite","@id":"https:\/\/blogdofarnesio.com.br\/#website","url":"https:\/\/blogdofarnesio.com.br\/","name":"Blog do Farn\u00e9sio","description":"Quer Saber Pol\u00edtica?","publisher":{"@id":"https:\/\/blogdofarnesio.com.br\/#organization"},"potentialAction":[{"@type":"SearchAction","target":{"@type":"EntryPoint","urlTemplate":"https:\/\/blogdofarnesio.com.br\/?s={search_term_string}"},"query-input":{"@type":"PropertyValueSpecification","valueRequired":true,"valueName":"search_term_string"}}],"inLanguage":"pt-BR"},{"@type":"Organization","@id":"https:\/\/blogdofarnesio.com.br\/#organization","name":"Blog do Farn\u00e9sio","url":"https:\/\/blogdofarnesio.com.br\/","logo":{"@type":"ImageObject","inLanguage":"pt-BR","@id":"https:\/\/blogdofarnesio.com.br\/#\/schema\/logo\/image\/","url":"https:\/\/blogdofarnesio.com.br\/wp-content\/uploads\/2026\/03\/cropped-logo_new-1.png","contentUrl":"https:\/\/blogdofarnesio.com.br\/wp-content\/uploads\/2026\/03\/cropped-logo_new-1.png","width":881,"height":685,"caption":"Blog do Farn\u00e9sio"},"image":{"@id":"https:\/\/blogdofarnesio.com.br\/#\/schema\/logo\/image\/"},"sameAs":["https:\/\/www.facebook.com\/BlogQuerSaberPolitica\/"]}]}},"_links":{"self":[{"href":"https:\/\/blogdofarnesio.com.br\/index.php?rest_route=\/wp\/v2\/posts\/7478","targetHints":{"allow":["GET"]}}],"collection":[{"href":"https:\/\/blogdofarnesio.com.br\/index.php?rest_route=\/wp\/v2\/posts"}],"about":[{"href":"https:\/\/blogdofarnesio.com.br\/index.php?rest_route=\/wp\/v2\/types\/post"}],"replies":[{"embeddable":true,"href":"https:\/\/blogdofarnesio.com.br\/index.php?rest_route=%2Fwp%2Fv2%2Fcomments&post=7478"}],"version-history":[{"count":0,"href":"https:\/\/blogdofarnesio.com.br\/index.php?rest_route=\/wp\/v2\/posts\/7478\/revisions"}],"wp:attachment":[{"href":"https:\/\/blogdofarnesio.com.br\/index.php?rest_route=%2Fwp%2Fv2%2Fmedia&parent=7478"}],"wp:term":[{"taxonomy":"category","embeddable":true,"href":"https:\/\/blogdofarnesio.com.br\/index.php?rest_route=%2Fwp%2Fv2%2Fcategories&post=7478"},{"taxonomy":"post_tag","embeddable":true,"href":"https:\/\/blogdofarnesio.com.br\/index.php?rest_route=%2Fwp%2Fv2%2Ftags&post=7478"}],"curies":[{"name":"wp","href":"https:\/\/api.w.org\/{rel}","templated":true}]}}