{"id":74762,"date":"2014-02-28T13:04:51","date_gmt":"2014-02-28T16:04:51","guid":{"rendered":"http:\/\/www.quersaberpolitica.com.br\/?p=74762"},"modified":"2014-02-28T09:30:49","modified_gmt":"2014-02-28T12:30:49","slug":"direto-de-pilao-arcado-9","status":"publish","type":"post","link":"https:\/\/blogdofarnesio.com.br\/?p=74762","title":{"rendered":"DIRETO DE PIL\u00c3O ARCADO"},"content":{"rendered":"<p style=\"text-align: justify\"><strong>PREFEITO ENVIA NOTA A IMPRENSA DIZENDO QUE ENVIOU DEN\u00daNCIAS FEITAS POR TV, AO MINIST\u00c9RIO P\u00daBLICO E POL\u00cdCIA FEDERAL<\/strong><\/p>\n<div id=\"post-body-3041024350503903552\" style=\"text-align: justify\">\n<div><img loading=\"lazy\" decoding=\"async\" class=\"aligncenter\" style=\"border: 0px\" alt=\"\" src=\"https:\/\/images-blogger-opensocial.googleusercontent.com\/gadgets\/proxy?url=http%3A%2F%2F4.bp.blogspot.com%2F-K11To4Mjg84%2FUw_GO7h0TRI%2FAAAAAAABM2Q%2FL3ml4tafIPY%2Fs1600%2Fjoaozinho%2Bprefeito%2Bpilao.JPG&amp;container=blogger&amp;gadget=a&amp;rewriteMime=image%2F*\" width=\"500\" height=\"314\" border=\"0\" \/><\/div>\n<div>O Prefeito do Munic\u00edpio de Pil\u00e3o Arcado\/BA, Jo\u00e3o Ubiratan Queiroz Lima, em aten\u00e7\u00e3o \u00e0 mat\u00e9ria jornal\u00edstica intitulada \u201cLARANJAS DO SERT\u00c3O\u201d, exibida pela TV RECORD, no dia 19 de fevereiro de 2014, no programa CAMERA RECORD, a qual indicou poss\u00edvel exist\u00eancia de irregularidades em empresas prestadoras de servi\u00e7os e\/ou fornecedoras de produtos ao Munic\u00edpio, vem informar \u00e0 popula\u00e7\u00e3o que, t\u00e3o logo tomou conhecimento dos fatos apontados na referida mat\u00e9ria, adotou, de imediato, a partir do dia 20 deste m\u00eas, diversas medidas legais e administrativas no sentido de apurar os fatos veiculados.<\/div>\n<div><\/div>\n<div>Segundo a nota, dentre outras, a suspens\u00e3o imediata da execu\u00e7\u00e3o dos contratos apontados na mat\u00e9ria, a suspens\u00e3o imediata das licita\u00e7\u00f5es e respectivos prazos, at\u00e9 nova determina\u00e7\u00e3o e a nomea\u00e7\u00e3o de uma Comiss\u00e3o de Servidores Municipais para investigar todos os contratos e licita\u00e7\u00f5es do Munic\u00edpio no ano de 2013, com posterior encaminhamento do apurado para os \u00f3rg\u00e3os e autoridades p\u00fablicas, para a ado\u00e7\u00e3o das medidas legais, criminais e administrativas contra os respons\u00e1veis pelas eventuais ilegalidades encontradas.<!--more--><\/div>\n<div><\/div>\n<div>Visando evitar maiores preju\u00edzos \u00e0 popula\u00e7\u00e3o e com o prop\u00f3sito de manter o regular funcionamento do Munic\u00edpio, o Prefeito manteve a execu\u00e7\u00e3o dos contratos relacionados apenas aos servi\u00e7os de natureza emergenciais, urgentes e b\u00e1sicas.<\/div>\n<div><\/div>\n<div>Al\u00e9m disso, com a finalidade de garantir a isen\u00e7\u00e3o das investiga\u00e7\u00f5es e, ainda, demonstrar a transpar\u00eancia e o comprometimento com a legalidade dos atos e a\u00e7\u00f5es da atual gest\u00e3o, o Prefeito protocolou, no dia 24 de fevereiro, of\u00edcios junto \u00e0 Pol\u00edcia Federal em Juazeiro\/BA, ao Minist\u00e9rio P\u00fablico Federal em Petrolina-PE e ao Minist\u00e9rio P\u00fablico Estadual da Comarca de Pil\u00e3o Arcado em Juazeiro\/BA, pedindo a apura\u00e7\u00e3o dos fatos e colocando-se \u00e0 inteira disposi\u00e7\u00e3o desses \u00f3rg\u00e3os e de seus respectivos titulares para os esclarecimentos legais.<\/div>\n<div><\/div>\n<div>Certo de uma Pil\u00e3o Arcado melhor, agradece \u00e0 popula\u00e7\u00e3o<\/div>\n<div><\/div>\n<div><b>Jo\u00e3o Ubiratan Queiroz Lima &#8211; Prefeito<\/b><\/div>\n<\/div>\n","protected":false},"excerpt":{"rendered":"<p>PREFEITO ENVIA NOTA A IMPRENSA DIZENDO QUE ENVIOU DEN\u00daNCIAS FEITAS POR TV, AO MINIST\u00c9RIO P\u00daBLICO E POL\u00cdCIA FEDERAL O Prefeito do Munic\u00edpio de Pil\u00e3o Arcado\/BA, Jo\u00e3o Ubiratan Queiroz Lima, em aten\u00e7\u00e3o \u00e0 mat\u00e9ria jornal\u00edstica intitulada \u201cLARANJAS DO SERT\u00c3O\u201d, exibida pela TV RECORD, no dia 19 de fevereiro de 2014, no programa CAMERA RECORD, a qual indicou poss\u00edvel exist\u00eancia de irregularidades em empresas prestadoras de servi\u00e7os e\/ou fornecedoras de produtos ao Munic\u00edpio, vem informar \u00e0 popula\u00e7\u00e3o que, t\u00e3o logo tomou conhecimento dos fatos apontados na referida mat\u00e9ria, adotou, de imediato, a partir do dia 20 deste m\u00eas, diversas medidas legais e administrativas no sentido de apurar os fatos veiculados. Segundo a nota, dentre outras, a suspens\u00e3o imediata da execu\u00e7\u00e3o dos contratos&hellip; <\/p>\n","protected":false},"author":3,"featured_media":0,"comment_status":"open","ping_status":"open","sticky":false,"template":"","format":"standard","meta":{"_acf_changed":false,"footnotes":""},"categories":[27],"tags":[],"class_list":["post-74762","post","type-post","status-publish","format-standard","hentry","category-cidades"],"acf":[],"yoast_head":"<!-- This site is optimized with the Yoast SEO plugin v27.4 - https:\/\/yoast.com\/product\/yoast-seo-wordpress\/ -->\n<title>DIRETO DE PIL\u00c3O ARCADO - Blog do Farn\u00e9sio<\/title>\n<meta name=\"robots\" content=\"index, follow, max-snippet:-1, max-image-preview:large, max-video-preview:-1\" \/>\n<link rel=\"canonical\" href=\"https:\/\/blogdofarnesio.com.br\/?p=74762\" \/>\n<meta property=\"og:locale\" content=\"pt_BR\" \/>\n<meta property=\"og:type\" content=\"article\" \/>\n<meta property=\"og:title\" content=\"DIRETO DE PIL\u00c3O ARCADO - Blog do Farn\u00e9sio\" \/>\n<meta property=\"og:description\" content=\"PREFEITO ENVIA NOTA A IMPRENSA DIZENDO QUE ENVIOU DEN\u00daNCIAS FEITAS POR TV, AO MINIST\u00c9RIO P\u00daBLICO E POL\u00cdCIA FEDERAL O Prefeito do Munic\u00edpio de Pil\u00e3o Arcado\/BA, Jo\u00e3o Ubiratan Queiroz Lima, em aten\u00e7\u00e3o \u00e0 mat\u00e9ria jornal\u00edstica intitulada \u201cLARANJAS DO SERT\u00c3O\u201d, exibida pela TV RECORD, no dia 19 de fevereiro de 2014, no programa CAMERA RECORD, a qual indicou poss\u00edvel exist\u00eancia de irregularidades em empresas prestadoras de servi\u00e7os e\/ou fornecedoras de produtos ao Munic\u00edpio, vem informar \u00e0 popula\u00e7\u00e3o que, t\u00e3o logo tomou conhecimento dos fatos apontados na referida mat\u00e9ria, adotou, de imediato, a partir do dia 20 deste m\u00eas, diversas medidas legais e administrativas no sentido de apurar os fatos veiculados. Segundo a nota, dentre outras, a suspens\u00e3o imediata da execu\u00e7\u00e3o dos contratos&hellip;\" \/>\n<meta property=\"og:url\" content=\"https:\/\/blogdofarnesio.com.br\/?p=74762\" \/>\n<meta property=\"og:site_name\" content=\"Blog do Farn\u00e9sio\" \/>\n<meta property=\"article:publisher\" content=\"https:\/\/www.facebook.com\/BlogQuerSaberPolitica\/\" \/>\n<meta property=\"article:published_time\" content=\"2014-02-28T16:04:51+00:00\" \/>\n<meta property=\"og:image\" content=\"https:\/\/images-blogger-opensocial.googleusercontent.com\/gadgets\/proxy?url=http%3A%2F%2F4.bp.blogspot.com%2F-K11To4Mjg84%2FUw_GO7h0TRI%2FAAAAAAABM2Q%2FL3ml4tafIPY%2Fs1600%2Fjoaozinho%2Bprefeito%2Bpilao.JPG&amp;container=blogger&amp;gadget=a&amp;rewriteMime=image%2F*\" \/>\n<meta name=\"author\" content=\"teste\" \/>\n<meta name=\"twitter:card\" content=\"summary_large_image\" \/>\n<meta name=\"twitter:label1\" content=\"Escrito por\" \/>\n\t<meta name=\"twitter:data1\" content=\"teste\" \/>\n\t<meta name=\"twitter:label2\" content=\"Est. tempo de leitura\" \/>\n\t<meta name=\"twitter:data2\" content=\"2 minutos\" \/>\n<script type=\"application\/ld+json\" class=\"yoast-schema-graph\">{\"@context\":\"https:\\\/\\\/schema.org\",\"@graph\":[{\"@type\":\"Article\",\"@id\":\"https:\\\/\\\/blogdofarnesio.com.br\\\/?p=74762#article\",\"isPartOf\":{\"@id\":\"https:\\\/\\\/blogdofarnesio.com.br\\\/?p=74762\"},\"author\":{\"name\":\"teste\",\"@id\":\"https:\\\/\\\/blogdofarnesio.com.br\\\/#\\\/schema\\\/person\\\/dd1bf5eba40b687199ba45ca6b97dff9\"},\"headline\":\"DIRETO DE PIL\u00c3O ARCADO\",\"datePublished\":\"2014-02-28T16:04:51+00:00\",\"mainEntityOfPage\":{\"@id\":\"https:\\\/\\\/blogdofarnesio.com.br\\\/?p=74762\"},\"wordCount\":372,\"commentCount\":1,\"publisher\":{\"@id\":\"https:\\\/\\\/blogdofarnesio.com.br\\\/#organization\"},\"image\":{\"@id\":\"https:\\\/\\\/blogdofarnesio.com.br\\\/?p=74762#primaryimage\"},\"thumbnailUrl\":\"https:\\\/\\\/images-blogger-opensocial.googleusercontent.com\\\/gadgets\\\/proxy?url=http%3A%2F%2F4.bp.blogspot.com%2F-K11To4Mjg84%2FUw_GO7h0TRI%2FAAAAAAABM2Q%2FL3ml4tafIPY%2Fs1600%2Fjoaozinho%2Bprefeito%2Bpilao.JPG&amp;container=blogger&amp;gadget=a&amp;rewriteMime=image%2F*\",\"articleSection\":[\"Cidades\"],\"inLanguage\":\"pt-BR\",\"potentialAction\":[{\"@type\":\"CommentAction\",\"name\":\"Comment\",\"target\":[\"https:\\\/\\\/blogdofarnesio.com.br\\\/?p=74762#respond\"]}]},{\"@type\":\"WebPage\",\"@id\":\"https:\\\/\\\/blogdofarnesio.com.br\\\/?p=74762\",\"url\":\"https:\\\/\\\/blogdofarnesio.com.br\\\/?p=74762\",\"name\":\"DIRETO DE PIL\u00c3O ARCADO - Blog do Farn\u00e9sio\",\"isPartOf\":{\"@id\":\"https:\\\/\\\/blogdofarnesio.com.br\\\/#website\"},\"primaryImageOfPage\":{\"@id\":\"https:\\\/\\\/blogdofarnesio.com.br\\\/?p=74762#primaryimage\"},\"image\":{\"@id\":\"https:\\\/\\\/blogdofarnesio.com.br\\\/?p=74762#primaryimage\"},\"thumbnailUrl\":\"https:\\\/\\\/images-blogger-opensocial.googleusercontent.com\\\/gadgets\\\/proxy?url=http%3A%2F%2F4.bp.blogspot.com%2F-K11To4Mjg84%2FUw_GO7h0TRI%2FAAAAAAABM2Q%2FL3ml4tafIPY%2Fs1600%2Fjoaozinho%2Bprefeito%2Bpilao.JPG&amp;container=blogger&amp;gadget=a&amp;rewriteMime=image%2F*\",\"datePublished\":\"2014-02-28T16:04:51+00:00\",\"breadcrumb\":{\"@id\":\"https:\\\/\\\/blogdofarnesio.com.br\\\/?p=74762#breadcrumb\"},\"inLanguage\":\"pt-BR\",\"potentialAction\":[{\"@type\":\"ReadAction\",\"target\":[\"https:\\\/\\\/blogdofarnesio.com.br\\\/?p=74762\"]}]},{\"@type\":\"ImageObject\",\"inLanguage\":\"pt-BR\",\"@id\":\"https:\\\/\\\/blogdofarnesio.com.br\\\/?p=74762#primaryimage\",\"url\":\"https:\\\/\\\/images-blogger-opensocial.googleusercontent.com\\\/gadgets\\\/proxy?url=http%3A%2F%2F4.bp.blogspot.com%2F-K11To4Mjg84%2FUw_GO7h0TRI%2FAAAAAAABM2Q%2FL3ml4tafIPY%2Fs1600%2Fjoaozinho%2Bprefeito%2Bpilao.JPG&amp;container=blogger&amp;gadget=a&amp;rewriteMime=image%2F*\",\"contentUrl\":\"https:\\\/\\\/images-blogger-opensocial.googleusercontent.com\\\/gadgets\\\/proxy?url=http%3A%2F%2F4.bp.blogspot.com%2F-K11To4Mjg84%2FUw_GO7h0TRI%2FAAAAAAABM2Q%2FL3ml4tafIPY%2Fs1600%2Fjoaozinho%2Bprefeito%2Bpilao.JPG&amp;container=blogger&amp;gadget=a&amp;rewriteMime=image%2F*\"},{\"@type\":\"BreadcrumbList\",\"@id\":\"https:\\\/\\\/blogdofarnesio.com.br\\\/?p=74762#breadcrumb\",\"itemListElement\":[{\"@type\":\"ListItem\",\"position\":1,\"name\":\"In\u00edcio\",\"item\":\"https:\\\/\\\/blogdofarnesio.com.br\\\/\"},{\"@type\":\"ListItem\",\"position\":2,\"name\":\"DIRETO DE PIL\u00c3O ARCADO\"}]},{\"@type\":\"WebSite\",\"@id\":\"https:\\\/\\\/blogdofarnesio.com.br\\\/#website\",\"url\":\"https:\\\/\\\/blogdofarnesio.com.br\\\/\",\"name\":\"Blog do Farn\u00e9sio\",\"description\":\"Quer Saber Pol\u00edtica?\",\"publisher\":{\"@id\":\"https:\\\/\\\/blogdofarnesio.com.br\\\/#organization\"},\"potentialAction\":[{\"@type\":\"SearchAction\",\"target\":{\"@type\":\"EntryPoint\",\"urlTemplate\":\"https:\\\/\\\/blogdofarnesio.com.br\\\/?s={search_term_string}\"},\"query-input\":{\"@type\":\"PropertyValueSpecification\",\"valueRequired\":true,\"valueName\":\"search_term_string\"}}],\"inLanguage\":\"pt-BR\"},{\"@type\":\"Organization\",\"@id\":\"https:\\\/\\\/blogdofarnesio.com.br\\\/#organization\",\"name\":\"Blog do Farn\u00e9sio\",\"url\":\"https:\\\/\\\/blogdofarnesio.com.br\\\/\",\"logo\":{\"@type\":\"ImageObject\",\"inLanguage\":\"pt-BR\",\"@id\":\"https:\\\/\\\/blogdofarnesio.com.br\\\/#\\\/schema\\\/logo\\\/image\\\/\",\"url\":\"https:\\\/\\\/blogdofarnesio.com.br\\\/wp-content\\\/uploads\\\/2026\\\/03\\\/cropped-logo_new-1.png\",\"contentUrl\":\"https:\\\/\\\/blogdofarnesio.com.br\\\/wp-content\\\/uploads\\\/2026\\\/03\\\/cropped-logo_new-1.png\",\"width\":881,\"height\":685,\"caption\":\"Blog do Farn\u00e9sio\"},\"image\":{\"@id\":\"https:\\\/\\\/blogdofarnesio.com.br\\\/#\\\/schema\\\/logo\\\/image\\\/\"},\"sameAs\":[\"https:\\\/\\\/www.facebook.com\\\/BlogQuerSaberPolitica\\\/\"]},{\"@type\":\"Person\",\"@id\":\"https:\\\/\\\/blogdofarnesio.com.br\\\/#\\\/schema\\\/person\\\/dd1bf5eba40b687199ba45ca6b97dff9\",\"name\":\"teste\",\"image\":{\"@type\":\"ImageObject\",\"inLanguage\":\"pt-BR\",\"@id\":\"https:\\\/\\\/secure.gravatar.com\\\/avatar\\\/2172498d4914b51e1d89a0f97957b035ac4938723a5cac208135d389b6972a6d?s=96&d=mm&r=g\",\"url\":\"https:\\\/\\\/secure.gravatar.com\\\/avatar\\\/2172498d4914b51e1d89a0f97957b035ac4938723a5cac208135d389b6972a6d?s=96&d=mm&r=g\",\"contentUrl\":\"https:\\\/\\\/secure.gravatar.com\\\/avatar\\\/2172498d4914b51e1d89a0f97957b035ac4938723a5cac208135d389b6972a6d?s=96&d=mm&r=g\",\"caption\":\"teste\"},\"url\":\"https:\\\/\\\/blogdofarnesio.com.br\\\/?author=3\"}]}<\/script>\n<!-- \/ Yoast SEO plugin. -->","yoast_head_json":{"title":"DIRETO DE PIL\u00c3O ARCADO - Blog do Farn\u00e9sio","robots":{"index":"index","follow":"follow","max-snippet":"max-snippet:-1","max-image-preview":"max-image-preview:large","max-video-preview":"max-video-preview:-1"},"canonical":"https:\/\/blogdofarnesio.com.br\/?p=74762","og_locale":"pt_BR","og_type":"article","og_title":"DIRETO DE PIL\u00c3O ARCADO - Blog do Farn\u00e9sio","og_description":"PREFEITO ENVIA NOTA A IMPRENSA DIZENDO QUE ENVIOU DEN\u00daNCIAS FEITAS POR TV, AO MINIST\u00c9RIO P\u00daBLICO E POL\u00cdCIA FEDERAL O Prefeito do Munic\u00edpio de Pil\u00e3o Arcado\/BA, Jo\u00e3o Ubiratan Queiroz Lima, em aten\u00e7\u00e3o \u00e0 mat\u00e9ria jornal\u00edstica intitulada \u201cLARANJAS DO SERT\u00c3O\u201d, exibida pela TV RECORD, no dia 19 de fevereiro de 2014, no programa CAMERA RECORD, a qual indicou poss\u00edvel exist\u00eancia de irregularidades em empresas prestadoras de servi\u00e7os e\/ou fornecedoras de produtos ao Munic\u00edpio, vem informar \u00e0 popula\u00e7\u00e3o que, t\u00e3o logo tomou conhecimento dos fatos apontados na referida mat\u00e9ria, adotou, de imediato, a partir do dia 20 deste m\u00eas, diversas medidas legais e administrativas no sentido de apurar os fatos veiculados. Segundo a nota, dentre outras, a suspens\u00e3o imediata da execu\u00e7\u00e3o dos contratos&hellip;","og_url":"https:\/\/blogdofarnesio.com.br\/?p=74762","og_site_name":"Blog do Farn\u00e9sio","article_publisher":"https:\/\/www.facebook.com\/BlogQuerSaberPolitica\/","article_published_time":"2014-02-28T16:04:51+00:00","og_image":[{"url":"https:\/\/images-blogger-opensocial.googleusercontent.com\/gadgets\/proxy?url=http%3A%2F%2F4.bp.blogspot.com%2F-K11To4Mjg84%2FUw_GO7h0TRI%2FAAAAAAABM2Q%2FL3ml4tafIPY%2Fs1600%2Fjoaozinho%2Bprefeito%2Bpilao.JPG&amp;container=blogger&amp;gadget=a&amp;rewriteMime=image%2F*","type":"","width":"","height":""}],"author":"teste","twitter_card":"summary_large_image","twitter_misc":{"Escrito por":"teste","Est. tempo de leitura":"2 minutos"},"schema":{"@context":"https:\/\/schema.org","@graph":[{"@type":"Article","@id":"https:\/\/blogdofarnesio.com.br\/?p=74762#article","isPartOf":{"@id":"https:\/\/blogdofarnesio.com.br\/?p=74762"},"author":{"name":"teste","@id":"https:\/\/blogdofarnesio.com.br\/#\/schema\/person\/dd1bf5eba40b687199ba45ca6b97dff9"},"headline":"DIRETO DE PIL\u00c3O ARCADO","datePublished":"2014-02-28T16:04:51+00:00","mainEntityOfPage":{"@id":"https:\/\/blogdofarnesio.com.br\/?p=74762"},"wordCount":372,"commentCount":1,"publisher":{"@id":"https:\/\/blogdofarnesio.com.br\/#organization"},"image":{"@id":"https:\/\/blogdofarnesio.com.br\/?p=74762#primaryimage"},"thumbnailUrl":"https:\/\/images-blogger-opensocial.googleusercontent.com\/gadgets\/proxy?url=http%3A%2F%2F4.bp.blogspot.com%2F-K11To4Mjg84%2FUw_GO7h0TRI%2FAAAAAAABM2Q%2FL3ml4tafIPY%2Fs1600%2Fjoaozinho%2Bprefeito%2Bpilao.JPG&amp;container=blogger&amp;gadget=a&amp;rewriteMime=image%2F*","articleSection":["Cidades"],"inLanguage":"pt-BR","potentialAction":[{"@type":"CommentAction","name":"Comment","target":["https:\/\/blogdofarnesio.com.br\/?p=74762#respond"]}]},{"@type":"WebPage","@id":"https:\/\/blogdofarnesio.com.br\/?p=74762","url":"https:\/\/blogdofarnesio.com.br\/?p=74762","name":"DIRETO DE PIL\u00c3O ARCADO - Blog do Farn\u00e9sio","isPartOf":{"@id":"https:\/\/blogdofarnesio.com.br\/#website"},"primaryImageOfPage":{"@id":"https:\/\/blogdofarnesio.com.br\/?p=74762#primaryimage"},"image":{"@id":"https:\/\/blogdofarnesio.com.br\/?p=74762#primaryimage"},"thumbnailUrl":"https:\/\/images-blogger-opensocial.googleusercontent.com\/gadgets\/proxy?url=http%3A%2F%2F4.bp.blogspot.com%2F-K11To4Mjg84%2FUw_GO7h0TRI%2FAAAAAAABM2Q%2FL3ml4tafIPY%2Fs1600%2Fjoaozinho%2Bprefeito%2Bpilao.JPG&amp;container=blogger&amp;gadget=a&amp;rewriteMime=image%2F*","datePublished":"2014-02-28T16:04:51+00:00","breadcrumb":{"@id":"https:\/\/blogdofarnesio.com.br\/?p=74762#breadcrumb"},"inLanguage":"pt-BR","potentialAction":[{"@type":"ReadAction","target":["https:\/\/blogdofarnesio.com.br\/?p=74762"]}]},{"@type":"ImageObject","inLanguage":"pt-BR","@id":"https:\/\/blogdofarnesio.com.br\/?p=74762#primaryimage","url":"https:\/\/images-blogger-opensocial.googleusercontent.com\/gadgets\/proxy?url=http%3A%2F%2F4.bp.blogspot.com%2F-K11To4Mjg84%2FUw_GO7h0TRI%2FAAAAAAABM2Q%2FL3ml4tafIPY%2Fs1600%2Fjoaozinho%2Bprefeito%2Bpilao.JPG&amp;container=blogger&amp;gadget=a&amp;rewriteMime=image%2F*","contentUrl":"https:\/\/images-blogger-opensocial.googleusercontent.com\/gadgets\/proxy?url=http%3A%2F%2F4.bp.blogspot.com%2F-K11To4Mjg84%2FUw_GO7h0TRI%2FAAAAAAABM2Q%2FL3ml4tafIPY%2Fs1600%2Fjoaozinho%2Bprefeito%2Bpilao.JPG&amp;container=blogger&amp;gadget=a&amp;rewriteMime=image%2F*"},{"@type":"BreadcrumbList","@id":"https:\/\/blogdofarnesio.com.br\/?p=74762#breadcrumb","itemListElement":[{"@type":"ListItem","position":1,"name":"In\u00edcio","item":"https:\/\/blogdofarnesio.com.br\/"},{"@type":"ListItem","position":2,"name":"DIRETO DE PIL\u00c3O ARCADO"}]},{"@type":"WebSite","@id":"https:\/\/blogdofarnesio.com.br\/#website","url":"https:\/\/blogdofarnesio.com.br\/","name":"Blog do Farn\u00e9sio","description":"Quer Saber Pol\u00edtica?","publisher":{"@id":"https:\/\/blogdofarnesio.com.br\/#organization"},"potentialAction":[{"@type":"SearchAction","target":{"@type":"EntryPoint","urlTemplate":"https:\/\/blogdofarnesio.com.br\/?s={search_term_string}"},"query-input":{"@type":"PropertyValueSpecification","valueRequired":true,"valueName":"search_term_string"}}],"inLanguage":"pt-BR"},{"@type":"Organization","@id":"https:\/\/blogdofarnesio.com.br\/#organization","name":"Blog do Farn\u00e9sio","url":"https:\/\/blogdofarnesio.com.br\/","logo":{"@type":"ImageObject","inLanguage":"pt-BR","@id":"https:\/\/blogdofarnesio.com.br\/#\/schema\/logo\/image\/","url":"https:\/\/blogdofarnesio.com.br\/wp-content\/uploads\/2026\/03\/cropped-logo_new-1.png","contentUrl":"https:\/\/blogdofarnesio.com.br\/wp-content\/uploads\/2026\/03\/cropped-logo_new-1.png","width":881,"height":685,"caption":"Blog do Farn\u00e9sio"},"image":{"@id":"https:\/\/blogdofarnesio.com.br\/#\/schema\/logo\/image\/"},"sameAs":["https:\/\/www.facebook.com\/BlogQuerSaberPolitica\/"]},{"@type":"Person","@id":"https:\/\/blogdofarnesio.com.br\/#\/schema\/person\/dd1bf5eba40b687199ba45ca6b97dff9","name":"teste","image":{"@type":"ImageObject","inLanguage":"pt-BR","@id":"https:\/\/secure.gravatar.com\/avatar\/2172498d4914b51e1d89a0f97957b035ac4938723a5cac208135d389b6972a6d?s=96&d=mm&r=g","url":"https:\/\/secure.gravatar.com\/avatar\/2172498d4914b51e1d89a0f97957b035ac4938723a5cac208135d389b6972a6d?s=96&d=mm&r=g","contentUrl":"https:\/\/secure.gravatar.com\/avatar\/2172498d4914b51e1d89a0f97957b035ac4938723a5cac208135d389b6972a6d?s=96&d=mm&r=g","caption":"teste"},"url":"https:\/\/blogdofarnesio.com.br\/?author=3"}]}},"_links":{"self":[{"href":"https:\/\/blogdofarnesio.com.br\/index.php?rest_route=\/wp\/v2\/posts\/74762","targetHints":{"allow":["GET"]}}],"collection":[{"href":"https:\/\/blogdofarnesio.com.br\/index.php?rest_route=\/wp\/v2\/posts"}],"about":[{"href":"https:\/\/blogdofarnesio.com.br\/index.php?rest_route=\/wp\/v2\/types\/post"}],"author":[{"embeddable":true,"href":"https:\/\/blogdofarnesio.com.br\/index.php?rest_route=\/wp\/v2\/users\/3"}],"replies":[{"embeddable":true,"href":"https:\/\/blogdofarnesio.com.br\/index.php?rest_route=%2Fwp%2Fv2%2Fcomments&post=74762"}],"version-history":[{"count":0,"href":"https:\/\/blogdofarnesio.com.br\/index.php?rest_route=\/wp\/v2\/posts\/74762\/revisions"}],"wp:attachment":[{"href":"https:\/\/blogdofarnesio.com.br\/index.php?rest_route=%2Fwp%2Fv2%2Fmedia&parent=74762"}],"wp:term":[{"taxonomy":"category","embeddable":true,"href":"https:\/\/blogdofarnesio.com.br\/index.php?rest_route=%2Fwp%2Fv2%2Fcategories&post=74762"},{"taxonomy":"post_tag","embeddable":true,"href":"https:\/\/blogdofarnesio.com.br\/index.php?rest_route=%2Fwp%2Fv2%2Ftags&post=74762"}],"curies":[{"name":"wp","href":"https:\/\/api.w.org\/{rel}","templated":true}]}}