{"id":74741,"date":"2014-02-28T10:01:02","date_gmt":"2014-02-28T13:01:02","guid":{"rendered":"http:\/\/www.quersaberpolitica.com.br\/?p=74741"},"modified":"2014-02-28T08:52:54","modified_gmt":"2014-02-28T11:52:54","slug":"policia-rodoviaria-federal-inicia-operacao-carnaval","status":"publish","type":"post","link":"https:\/\/blogdofarnesio.com.br\/2014\/02\/policia-rodoviaria-federal-inicia-operacao-carnaval\/","title":{"rendered":"POL\u00cdCIA RODOVI\u00c1RIA FEDERAL INICIA OPERA\u00c7\u00c3O CARNAVAL"},"content":{"rendered":"<h3 style=\"text-align: justify\"><\/h3>\n<div id=\"content\" style=\"text-align: justify\">\n<div>\n<p><a href=\"http:\/\/www.quersaberpolitica.com.br\/2016\/wp-content\/uploads\/2013\/02\/blogqspestradaimages-3.jpg\"><img loading=\"lazy\" decoding=\"async\" class=\"aligncenter size-full wp-image-27414\" alt=\"blogqspestradaimages  (3)\" src=\"http:\/\/www.quersaberpolitica.com.br\/2016\/wp-content\/uploads\/2013\/02\/blogqspestradaimages-3.jpg\" width=\"400\" height=\"300\" srcset=\"https:\/\/blogdofarnesio.com.br\/wp-content\/uploads\/2013\/02\/blogqspestradaimages-3.jpg 400w, https:\/\/blogdofarnesio.com.br\/wp-content\/uploads\/2013\/02\/blogqspestradaimages-3-300x225.jpg 300w\" sizes=\"auto, (max-width: 400px) 100vw, 400px\" \/><\/a>A Pol\u00edcia Rodovi\u00e1ria Federal inicia nesta sexta-feira (28) a Opera\u00e7\u00e3o Carnaval, que vai at\u00e9 as 12 horas da Quarta-Feira de Cinzas (5). Na maior parte dos estados, a opera\u00e7\u00e3o come\u00e7a no fim do dia, quando s\u00e3o esperados milhares de ve\u00edculos nas rodovias estaduais e federais.<\/p>\n<p>A pol\u00edcia dever\u00e1 usar recursos como baf\u00f4metros e radares modernos, capazes de ler as placas dos ve\u00edculos automaticamente. O foco ser\u00e1 a fiscaliza\u00e7\u00e3o de motoristas que bebem antes de pegar a estrada.<\/p>\n<p>Caso seja flagrado, al\u00e9m da multa de R$ 1.915,40, o motorista poder\u00e1 ter o ve\u00edculo apreendido e a Carteira Nacional de Habilita\u00e7\u00e3o retida por 12 meses. O condutor ter\u00e1 ainda que responder a um processo, que prev\u00ea pena de seis meses a tr\u00eas anos de pris\u00e3o.<\/p>\n<\/div>\n<\/div>\n","protected":false},"excerpt":{"rendered":"<p>A Pol\u00edcia Rodovi\u00e1ria Federal inicia nesta sexta-feira (28) a Opera\u00e7\u00e3o Carnaval, que vai at\u00e9 as 12 horas da Quarta-Feira de Cinzas (5). Na maior parte dos estados, a opera\u00e7\u00e3o come\u00e7a no fim do dia, quando s\u00e3o esperados milhares de ve\u00edculos nas rodovias estaduais e federais. A pol\u00edcia dever\u00e1 usar recursos como baf\u00f4metros e radares modernos, capazes de ler as placas dos ve\u00edculos automaticamente. O foco ser\u00e1 a fiscaliza\u00e7\u00e3o de motoristas que bebem antes de pegar a estrada. Caso seja flagrado, al\u00e9m da multa de R$ 1.915,40, o motorista poder\u00e1 ter o ve\u00edculo apreendido e a Carteira Nacional de Habilita\u00e7\u00e3o retida por 12 meses. O condutor ter\u00e1 ainda que responder a um processo, que prev\u00ea pena de seis meses a tr\u00eas&hellip; <\/p>\n","protected":false},"author":3,"featured_media":0,"comment_status":"open","ping_status":"open","sticky":false,"template":"","format":"standard","meta":{"_acf_changed":false,"footnotes":""},"categories":[17],"tags":[],"class_list":["post-74741","post","type-post","status-publish","format-standard","hentry","category-estradas"],"acf":[],"yoast_head":"<!-- This site is optimized with the Yoast SEO plugin v27.5 - https:\/\/yoast.com\/product\/yoast-seo-wordpress\/ -->\n<title>POL\u00cdCIA RODOVI\u00c1RIA FEDERAL INICIA OPERA\u00c7\u00c3O CARNAVAL - Blog do Farn\u00e9sio<\/title>\n<meta name=\"robots\" content=\"index, follow, max-snippet:-1, max-image-preview:large, max-video-preview:-1\" \/>\n<link rel=\"canonical\" href=\"https:\/\/blogdofarnesio.com.br\/2014\/02\/policia-rodoviaria-federal-inicia-operacao-carnaval\/\" \/>\n<meta property=\"og:locale\" content=\"pt_BR\" \/>\n<meta property=\"og:type\" content=\"article\" \/>\n<meta property=\"og:title\" content=\"POL\u00cdCIA RODOVI\u00c1RIA FEDERAL INICIA OPERA\u00c7\u00c3O CARNAVAL - Blog do Farn\u00e9sio\" \/>\n<meta property=\"og:description\" content=\"A Pol\u00edcia Rodovi\u00e1ria Federal inicia nesta sexta-feira (28) a Opera\u00e7\u00e3o Carnaval, que vai at\u00e9 as 12 horas da Quarta-Feira de Cinzas (5). Na maior parte dos estados, a opera\u00e7\u00e3o come\u00e7a no fim do dia, quando s\u00e3o esperados milhares de ve\u00edculos nas rodovias estaduais e federais. A pol\u00edcia dever\u00e1 usar recursos como baf\u00f4metros e radares modernos, capazes de ler as placas dos ve\u00edculos automaticamente. O foco ser\u00e1 a fiscaliza\u00e7\u00e3o de motoristas que bebem antes de pegar a estrada. Caso seja flagrado, al\u00e9m da multa de R$ 1.915,40, o motorista poder\u00e1 ter o ve\u00edculo apreendido e a Carteira Nacional de Habilita\u00e7\u00e3o retida por 12 meses. O condutor ter\u00e1 ainda que responder a um processo, que prev\u00ea pena de seis meses a tr\u00eas&hellip;\" \/>\n<meta property=\"og:url\" content=\"https:\/\/blogdofarnesio.com.br\/2014\/02\/policia-rodoviaria-federal-inicia-operacao-carnaval\/\" \/>\n<meta property=\"og:site_name\" content=\"Blog do Farn\u00e9sio\" \/>\n<meta property=\"article:publisher\" content=\"https:\/\/www.facebook.com\/BlogQuerSaberPolitica\/\" \/>\n<meta property=\"article:published_time\" content=\"2014-02-28T13:01:02+00:00\" \/>\n<meta property=\"og:image\" content=\"http:\/\/www.quersaberpolitica.com.br\/2016\/wp-content\/uploads\/2013\/02\/blogqspestradaimages-3.jpg\" \/>\n<meta name=\"author\" content=\"teste\" \/>\n<meta name=\"twitter:card\" content=\"summary_large_image\" \/>\n<meta name=\"twitter:label1\" content=\"Escrito por\" \/>\n\t<meta name=\"twitter:data1\" content=\"teste\" \/>\n\t<meta name=\"twitter:label2\" content=\"Est. tempo de leitura\" \/>\n\t<meta name=\"twitter:data2\" content=\"1 minuto\" \/>\n<script type=\"application\/ld+json\" class=\"yoast-schema-graph\">{\"@context\":\"https:\\\/\\\/schema.org\",\"@graph\":[{\"@type\":\"Article\",\"@id\":\"https:\\\/\\\/blogdofarnesio.com.br\\\/2014\\\/02\\\/policia-rodoviaria-federal-inicia-operacao-carnaval\\\/#article\",\"isPartOf\":{\"@id\":\"https:\\\/\\\/blogdofarnesio.com.br\\\/2014\\\/02\\\/policia-rodoviaria-federal-inicia-operacao-carnaval\\\/\"},\"author\":{\"name\":\"teste\",\"@id\":\"https:\\\/\\\/blogdofarnesio.com.br\\\/#\\\/schema\\\/person\\\/dd1bf5eba40b687199ba45ca6b97dff9\"},\"headline\":\"POL\u00cdCIA RODOVI\u00c1RIA FEDERAL INICIA OPERA\u00c7\u00c3O CARNAVAL\",\"datePublished\":\"2014-02-28T13:01:02+00:00\",\"mainEntityOfPage\":{\"@id\":\"https:\\\/\\\/blogdofarnesio.com.br\\\/2014\\\/02\\\/policia-rodoviaria-federal-inicia-operacao-carnaval\\\/\"},\"wordCount\":143,\"commentCount\":0,\"publisher\":{\"@id\":\"https:\\\/\\\/blogdofarnesio.com.br\\\/#organization\"},\"image\":{\"@id\":\"https:\\\/\\\/blogdofarnesio.com.br\\\/2014\\\/02\\\/policia-rodoviaria-federal-inicia-operacao-carnaval\\\/#primaryimage\"},\"thumbnailUrl\":\"http:\\\/\\\/www.quersaberpolitica.com.br\\\/2016\\\/wp-content\\\/uploads\\\/2013\\\/02\\\/blogqspestradaimages-3.jpg\",\"articleSection\":[\"Estradas\"],\"inLanguage\":\"pt-BR\",\"potentialAction\":[{\"@type\":\"CommentAction\",\"name\":\"Comment\",\"target\":[\"https:\\\/\\\/blogdofarnesio.com.br\\\/2014\\\/02\\\/policia-rodoviaria-federal-inicia-operacao-carnaval\\\/#respond\"]}]},{\"@type\":\"WebPage\",\"@id\":\"https:\\\/\\\/blogdofarnesio.com.br\\\/2014\\\/02\\\/policia-rodoviaria-federal-inicia-operacao-carnaval\\\/\",\"url\":\"https:\\\/\\\/blogdofarnesio.com.br\\\/2014\\\/02\\\/policia-rodoviaria-federal-inicia-operacao-carnaval\\\/\",\"name\":\"POL\u00cdCIA RODOVI\u00c1RIA FEDERAL INICIA OPERA\u00c7\u00c3O CARNAVAL - Blog do Farn\u00e9sio\",\"isPartOf\":{\"@id\":\"https:\\\/\\\/blogdofarnesio.com.br\\\/#website\"},\"primaryImageOfPage\":{\"@id\":\"https:\\\/\\\/blogdofarnesio.com.br\\\/2014\\\/02\\\/policia-rodoviaria-federal-inicia-operacao-carnaval\\\/#primaryimage\"},\"image\":{\"@id\":\"https:\\\/\\\/blogdofarnesio.com.br\\\/2014\\\/02\\\/policia-rodoviaria-federal-inicia-operacao-carnaval\\\/#primaryimage\"},\"thumbnailUrl\":\"http:\\\/\\\/www.quersaberpolitica.com.br\\\/2016\\\/wp-content\\\/uploads\\\/2013\\\/02\\\/blogqspestradaimages-3.jpg\",\"datePublished\":\"2014-02-28T13:01:02+00:00\",\"breadcrumb\":{\"@id\":\"https:\\\/\\\/blogdofarnesio.com.br\\\/2014\\\/02\\\/policia-rodoviaria-federal-inicia-operacao-carnaval\\\/#breadcrumb\"},\"inLanguage\":\"pt-BR\",\"potentialAction\":[{\"@type\":\"ReadAction\",\"target\":[\"https:\\\/\\\/blogdofarnesio.com.br\\\/2014\\\/02\\\/policia-rodoviaria-federal-inicia-operacao-carnaval\\\/\"]}]},{\"@type\":\"ImageObject\",\"inLanguage\":\"pt-BR\",\"@id\":\"https:\\\/\\\/blogdofarnesio.com.br\\\/2014\\\/02\\\/policia-rodoviaria-federal-inicia-operacao-carnaval\\\/#primaryimage\",\"url\":\"http:\\\/\\\/www.quersaberpolitica.com.br\\\/2016\\\/wp-content\\\/uploads\\\/2013\\\/02\\\/blogqspestradaimages-3.jpg\",\"contentUrl\":\"http:\\\/\\\/www.quersaberpolitica.com.br\\\/2016\\\/wp-content\\\/uploads\\\/2013\\\/02\\\/blogqspestradaimages-3.jpg\"},{\"@type\":\"BreadcrumbList\",\"@id\":\"https:\\\/\\\/blogdofarnesio.com.br\\\/2014\\\/02\\\/policia-rodoviaria-federal-inicia-operacao-carnaval\\\/#breadcrumb\",\"itemListElement\":[{\"@type\":\"ListItem\",\"position\":1,\"name\":\"In\u00edcio\",\"item\":\"https:\\\/\\\/blogdofarnesio.com.br\\\/\"},{\"@type\":\"ListItem\",\"position\":2,\"name\":\"POL\u00cdCIA RODOVI\u00c1RIA FEDERAL INICIA OPERA\u00c7\u00c3O CARNAVAL\"}]},{\"@type\":\"WebSite\",\"@id\":\"https:\\\/\\\/blogdofarnesio.com.br\\\/#website\",\"url\":\"https:\\\/\\\/blogdofarnesio.com.br\\\/\",\"name\":\"Blog do Farn\u00e9sio\",\"description\":\"Quer Saber Pol\u00edtica?\",\"publisher\":{\"@id\":\"https:\\\/\\\/blogdofarnesio.com.br\\\/#organization\"},\"potentialAction\":[{\"@type\":\"SearchAction\",\"target\":{\"@type\":\"EntryPoint\",\"urlTemplate\":\"https:\\\/\\\/blogdofarnesio.com.br\\\/?s={search_term_string}\"},\"query-input\":{\"@type\":\"PropertyValueSpecification\",\"valueRequired\":true,\"valueName\":\"search_term_string\"}}],\"inLanguage\":\"pt-BR\"},{\"@type\":\"Organization\",\"@id\":\"https:\\\/\\\/blogdofarnesio.com.br\\\/#organization\",\"name\":\"Blog do Farn\u00e9sio\",\"url\":\"https:\\\/\\\/blogdofarnesio.com.br\\\/\",\"logo\":{\"@type\":\"ImageObject\",\"inLanguage\":\"pt-BR\",\"@id\":\"https:\\\/\\\/blogdofarnesio.com.br\\\/#\\\/schema\\\/logo\\\/image\\\/\",\"url\":\"https:\\\/\\\/blogdofarnesio.com.br\\\/wp-content\\\/uploads\\\/2026\\\/03\\\/cropped-logo_new-1.png\",\"contentUrl\":\"https:\\\/\\\/blogdofarnesio.com.br\\\/wp-content\\\/uploads\\\/2026\\\/03\\\/cropped-logo_new-1.png\",\"width\":881,\"height\":685,\"caption\":\"Blog do Farn\u00e9sio\"},\"image\":{\"@id\":\"https:\\\/\\\/blogdofarnesio.com.br\\\/#\\\/schema\\\/logo\\\/image\\\/\"},\"sameAs\":[\"https:\\\/\\\/www.facebook.com\\\/BlogQuerSaberPolitica\\\/\"]},{\"@type\":\"Person\",\"@id\":\"https:\\\/\\\/blogdofarnesio.com.br\\\/#\\\/schema\\\/person\\\/dd1bf5eba40b687199ba45ca6b97dff9\",\"name\":\"teste\",\"image\":{\"@type\":\"ImageObject\",\"inLanguage\":\"pt-BR\",\"@id\":\"https:\\\/\\\/secure.gravatar.com\\\/avatar\\\/2172498d4914b51e1d89a0f97957b035ac4938723a5cac208135d389b6972a6d?s=96&d=mm&r=g\",\"url\":\"https:\\\/\\\/secure.gravatar.com\\\/avatar\\\/2172498d4914b51e1d89a0f97957b035ac4938723a5cac208135d389b6972a6d?s=96&d=mm&r=g\",\"contentUrl\":\"https:\\\/\\\/secure.gravatar.com\\\/avatar\\\/2172498d4914b51e1d89a0f97957b035ac4938723a5cac208135d389b6972a6d?s=96&d=mm&r=g\",\"caption\":\"teste\"},\"url\":\"https:\\\/\\\/blogdofarnesio.com.br\\\/author\\\/teste\\\/\"}]}<\/script>\n<!-- \/ Yoast SEO plugin. -->","yoast_head_json":{"title":"POL\u00cdCIA RODOVI\u00c1RIA FEDERAL INICIA OPERA\u00c7\u00c3O CARNAVAL - Blog do Farn\u00e9sio","robots":{"index":"index","follow":"follow","max-snippet":"max-snippet:-1","max-image-preview":"max-image-preview:large","max-video-preview":"max-video-preview:-1"},"canonical":"https:\/\/blogdofarnesio.com.br\/2014\/02\/policia-rodoviaria-federal-inicia-operacao-carnaval\/","og_locale":"pt_BR","og_type":"article","og_title":"POL\u00cdCIA RODOVI\u00c1RIA FEDERAL INICIA OPERA\u00c7\u00c3O CARNAVAL - Blog do Farn\u00e9sio","og_description":"A Pol\u00edcia Rodovi\u00e1ria Federal inicia nesta sexta-feira (28) a Opera\u00e7\u00e3o Carnaval, que vai at\u00e9 as 12 horas da Quarta-Feira de Cinzas (5). Na maior parte dos estados, a opera\u00e7\u00e3o come\u00e7a no fim do dia, quando s\u00e3o esperados milhares de ve\u00edculos nas rodovias estaduais e federais. A pol\u00edcia dever\u00e1 usar recursos como baf\u00f4metros e radares modernos, capazes de ler as placas dos ve\u00edculos automaticamente. O foco ser\u00e1 a fiscaliza\u00e7\u00e3o de motoristas que bebem antes de pegar a estrada. Caso seja flagrado, al\u00e9m da multa de R$ 1.915,40, o motorista poder\u00e1 ter o ve\u00edculo apreendido e a Carteira Nacional de Habilita\u00e7\u00e3o retida por 12 meses. O condutor ter\u00e1 ainda que responder a um processo, que prev\u00ea pena de seis meses a tr\u00eas&hellip;","og_url":"https:\/\/blogdofarnesio.com.br\/2014\/02\/policia-rodoviaria-federal-inicia-operacao-carnaval\/","og_site_name":"Blog do Farn\u00e9sio","article_publisher":"https:\/\/www.facebook.com\/BlogQuerSaberPolitica\/","article_published_time":"2014-02-28T13:01:02+00:00","og_image":[{"url":"http:\/\/www.quersaberpolitica.com.br\/2016\/wp-content\/uploads\/2013\/02\/blogqspestradaimages-3.jpg","type":"","width":"","height":""}],"author":"teste","twitter_card":"summary_large_image","twitter_misc":{"Escrito por":"teste","Est. tempo de leitura":"1 minuto"},"schema":{"@context":"https:\/\/schema.org","@graph":[{"@type":"Article","@id":"https:\/\/blogdofarnesio.com.br\/2014\/02\/policia-rodoviaria-federal-inicia-operacao-carnaval\/#article","isPartOf":{"@id":"https:\/\/blogdofarnesio.com.br\/2014\/02\/policia-rodoviaria-federal-inicia-operacao-carnaval\/"},"author":{"name":"teste","@id":"https:\/\/blogdofarnesio.com.br\/#\/schema\/person\/dd1bf5eba40b687199ba45ca6b97dff9"},"headline":"POL\u00cdCIA RODOVI\u00c1RIA FEDERAL INICIA OPERA\u00c7\u00c3O CARNAVAL","datePublished":"2014-02-28T13:01:02+00:00","mainEntityOfPage":{"@id":"https:\/\/blogdofarnesio.com.br\/2014\/02\/policia-rodoviaria-federal-inicia-operacao-carnaval\/"},"wordCount":143,"commentCount":0,"publisher":{"@id":"https:\/\/blogdofarnesio.com.br\/#organization"},"image":{"@id":"https:\/\/blogdofarnesio.com.br\/2014\/02\/policia-rodoviaria-federal-inicia-operacao-carnaval\/#primaryimage"},"thumbnailUrl":"http:\/\/www.quersaberpolitica.com.br\/2016\/wp-content\/uploads\/2013\/02\/blogqspestradaimages-3.jpg","articleSection":["Estradas"],"inLanguage":"pt-BR","potentialAction":[{"@type":"CommentAction","name":"Comment","target":["https:\/\/blogdofarnesio.com.br\/2014\/02\/policia-rodoviaria-federal-inicia-operacao-carnaval\/#respond"]}]},{"@type":"WebPage","@id":"https:\/\/blogdofarnesio.com.br\/2014\/02\/policia-rodoviaria-federal-inicia-operacao-carnaval\/","url":"https:\/\/blogdofarnesio.com.br\/2014\/02\/policia-rodoviaria-federal-inicia-operacao-carnaval\/","name":"POL\u00cdCIA RODOVI\u00c1RIA FEDERAL INICIA OPERA\u00c7\u00c3O CARNAVAL - Blog do Farn\u00e9sio","isPartOf":{"@id":"https:\/\/blogdofarnesio.com.br\/#website"},"primaryImageOfPage":{"@id":"https:\/\/blogdofarnesio.com.br\/2014\/02\/policia-rodoviaria-federal-inicia-operacao-carnaval\/#primaryimage"},"image":{"@id":"https:\/\/blogdofarnesio.com.br\/2014\/02\/policia-rodoviaria-federal-inicia-operacao-carnaval\/#primaryimage"},"thumbnailUrl":"http:\/\/www.quersaberpolitica.com.br\/2016\/wp-content\/uploads\/2013\/02\/blogqspestradaimages-3.jpg","datePublished":"2014-02-28T13:01:02+00:00","breadcrumb":{"@id":"https:\/\/blogdofarnesio.com.br\/2014\/02\/policia-rodoviaria-federal-inicia-operacao-carnaval\/#breadcrumb"},"inLanguage":"pt-BR","potentialAction":[{"@type":"ReadAction","target":["https:\/\/blogdofarnesio.com.br\/2014\/02\/policia-rodoviaria-federal-inicia-operacao-carnaval\/"]}]},{"@type":"ImageObject","inLanguage":"pt-BR","@id":"https:\/\/blogdofarnesio.com.br\/2014\/02\/policia-rodoviaria-federal-inicia-operacao-carnaval\/#primaryimage","url":"http:\/\/www.quersaberpolitica.com.br\/2016\/wp-content\/uploads\/2013\/02\/blogqspestradaimages-3.jpg","contentUrl":"http:\/\/www.quersaberpolitica.com.br\/2016\/wp-content\/uploads\/2013\/02\/blogqspestradaimages-3.jpg"},{"@type":"BreadcrumbList","@id":"https:\/\/blogdofarnesio.com.br\/2014\/02\/policia-rodoviaria-federal-inicia-operacao-carnaval\/#breadcrumb","itemListElement":[{"@type":"ListItem","position":1,"name":"In\u00edcio","item":"https:\/\/blogdofarnesio.com.br\/"},{"@type":"ListItem","position":2,"name":"POL\u00cdCIA RODOVI\u00c1RIA FEDERAL INICIA OPERA\u00c7\u00c3O CARNAVAL"}]},{"@type":"WebSite","@id":"https:\/\/blogdofarnesio.com.br\/#website","url":"https:\/\/blogdofarnesio.com.br\/","name":"Blog do Farn\u00e9sio","description":"Quer Saber Pol\u00edtica?","publisher":{"@id":"https:\/\/blogdofarnesio.com.br\/#organization"},"potentialAction":[{"@type":"SearchAction","target":{"@type":"EntryPoint","urlTemplate":"https:\/\/blogdofarnesio.com.br\/?s={search_term_string}"},"query-input":{"@type":"PropertyValueSpecification","valueRequired":true,"valueName":"search_term_string"}}],"inLanguage":"pt-BR"},{"@type":"Organization","@id":"https:\/\/blogdofarnesio.com.br\/#organization","name":"Blog do Farn\u00e9sio","url":"https:\/\/blogdofarnesio.com.br\/","logo":{"@type":"ImageObject","inLanguage":"pt-BR","@id":"https:\/\/blogdofarnesio.com.br\/#\/schema\/logo\/image\/","url":"https:\/\/blogdofarnesio.com.br\/wp-content\/uploads\/2026\/03\/cropped-logo_new-1.png","contentUrl":"https:\/\/blogdofarnesio.com.br\/wp-content\/uploads\/2026\/03\/cropped-logo_new-1.png","width":881,"height":685,"caption":"Blog do Farn\u00e9sio"},"image":{"@id":"https:\/\/blogdofarnesio.com.br\/#\/schema\/logo\/image\/"},"sameAs":["https:\/\/www.facebook.com\/BlogQuerSaberPolitica\/"]},{"@type":"Person","@id":"https:\/\/blogdofarnesio.com.br\/#\/schema\/person\/dd1bf5eba40b687199ba45ca6b97dff9","name":"teste","image":{"@type":"ImageObject","inLanguage":"pt-BR","@id":"https:\/\/secure.gravatar.com\/avatar\/2172498d4914b51e1d89a0f97957b035ac4938723a5cac208135d389b6972a6d?s=96&d=mm&r=g","url":"https:\/\/secure.gravatar.com\/avatar\/2172498d4914b51e1d89a0f97957b035ac4938723a5cac208135d389b6972a6d?s=96&d=mm&r=g","contentUrl":"https:\/\/secure.gravatar.com\/avatar\/2172498d4914b51e1d89a0f97957b035ac4938723a5cac208135d389b6972a6d?s=96&d=mm&r=g","caption":"teste"},"url":"https:\/\/blogdofarnesio.com.br\/author\/teste\/"}]}},"_links":{"self":[{"href":"https:\/\/blogdofarnesio.com.br\/wp-json\/wp\/v2\/posts\/74741","targetHints":{"allow":["GET"]}}],"collection":[{"href":"https:\/\/blogdofarnesio.com.br\/wp-json\/wp\/v2\/posts"}],"about":[{"href":"https:\/\/blogdofarnesio.com.br\/wp-json\/wp\/v2\/types\/post"}],"author":[{"embeddable":true,"href":"https:\/\/blogdofarnesio.com.br\/wp-json\/wp\/v2\/users\/3"}],"replies":[{"embeddable":true,"href":"https:\/\/blogdofarnesio.com.br\/wp-json\/wp\/v2\/comments?post=74741"}],"version-history":[{"count":0,"href":"https:\/\/blogdofarnesio.com.br\/wp-json\/wp\/v2\/posts\/74741\/revisions"}],"wp:attachment":[{"href":"https:\/\/blogdofarnesio.com.br\/wp-json\/wp\/v2\/media?parent=74741"}],"wp:term":[{"taxonomy":"category","embeddable":true,"href":"https:\/\/blogdofarnesio.com.br\/wp-json\/wp\/v2\/categories?post=74741"},{"taxonomy":"post_tag","embeddable":true,"href":"https:\/\/blogdofarnesio.com.br\/wp-json\/wp\/v2\/tags?post=74741"}],"curies":[{"name":"wp","href":"https:\/\/api.w.org\/{rel}","templated":true}]}}