{"id":74737,"date":"2014-02-28T10:23:48","date_gmt":"2014-02-28T13:23:48","guid":{"rendered":"http:\/\/www.quersaberpolitica.com.br\/?p=74737"},"modified":"2014-02-28T09:04:40","modified_gmt":"2014-02-28T12:04:40","slug":"acontece-hoje-a-entrega-simbolica-da-arrecadacao-do-segunda-sem-lei","status":"publish","type":"post","link":"https:\/\/blogdofarnesio.com.br\/?p=74737","title":{"rendered":"ACONTECE HOJE A ENTREGA SIMB\u00d3LICA DA ARRECADA\u00c7\u00c3O DA &#8216;SEGUNDA SEM LEI&#8217;"},"content":{"rendered":"<p style=\"text-align: justify\"><a href=\"http:\/\/www.quersaberpolitica.com.br\/2016\/wp-content\/uploads\/2014\/02\/blogqsphumbertosegundasemlei.jpg\"><img loading=\"lazy\" decoding=\"async\" class=\"alignleft size-medium wp-image-74744\" alt=\"blogqsphumbertosegundasemlei\" src=\"http:\/\/www.quersaberpolitica.com.br\/2016\/wp-content\/uploads\/2014\/02\/blogqsphumbertosegundasemlei-300x147.jpg\" width=\"300\" height=\"147\" srcset=\"https:\/\/blogdofarnesio.com.br\/wp-content\/uploads\/2014\/02\/blogqsphumbertosegundasemlei-300x147.jpg 300w, https:\/\/blogdofarnesio.com.br\/wp-content\/uploads\/2014\/02\/blogqsphumbertosegundasemlei.jpg 448w\" sizes=\"auto, (max-width: 300px) 100vw, 300px\" \/><\/a>Nesta sexta-feira (28), \u00e0s 14h, haver\u00e1 a entrega simb\u00f3lica da a\u00e7\u00e3o do \u2018Segunda Sem Lei\u2019, que todo ano promove uma campanha beneficente e nesta edi\u00e7\u00e3o a entidade escolhida foi a APAE de Juazeiro. De acordo com um dos organizadores, Umberto Alves, o valor arrecado foi de R$ 8.500.<\/p>\n<p style=\"text-align: justify\">Ele destacou ainda que o objetivo \u00e9 reunir os amigos em um encontro de confraterniza\u00e7\u00e3o em que aproveitamos para ajudar as pessoas. \u201c\u00c9 um valor pequeno, mas um valor de cora\u00e7\u00e3o torna-se um momento grande\u201d, disse<\/p>\n<p style=\"text-align: justify\">Segundo Humberto, o evento do pr\u00f3ximo ano j\u00e1 est\u00e1 sendo arquitetado e adiantou que j\u00e1 tem dois nomes de peso para fazer a festa. \u201c A gente entende que \u00e9 uma transfer\u00eancia de responsabilidade do poder p\u00fablico, mas n\u00e3o podemos ficar de bra\u00e7os cruzados\u201d, concluiu.<\/p>\n","protected":false},"excerpt":{"rendered":"<p>Nesta sexta-feira (28), \u00e0s 14h, haver\u00e1 a entrega simb\u00f3lica da a\u00e7\u00e3o do \u2018Segunda Sem Lei\u2019, que todo ano promove uma campanha beneficente e nesta edi\u00e7\u00e3o a entidade escolhida foi a APAE de Juazeiro. De acordo com um dos organizadores, Umberto Alves, o valor arrecado foi de R$ 8.500. Ele destacou ainda que o objetivo \u00e9 reunir os amigos em um encontro de confraterniza\u00e7\u00e3o em que aproveitamos para ajudar as pessoas. \u201c\u00c9 um valor pequeno, mas um valor de cora\u00e7\u00e3o torna-se um momento grande\u201d, disse Segundo Humberto, o evento do pr\u00f3ximo ano j\u00e1 est\u00e1 sendo arquitetado e adiantou que j\u00e1 tem dois nomes de peso para fazer a festa. \u201c A gente entende que \u00e9 uma transfer\u00eancia de responsabilidade do poder&hellip; <\/p>\n","protected":false},"author":3,"featured_media":0,"comment_status":"open","ping_status":"open","sticky":false,"template":"","format":"standard","meta":{"_acf_changed":false,"footnotes":""},"categories":[22],"tags":[],"class_list":["post-74737","post","type-post","status-publish","format-standard","hentry","category-acao-social"],"acf":[],"yoast_head":"<!-- This site is optimized with the Yoast SEO plugin v27.4 - https:\/\/yoast.com\/product\/yoast-seo-wordpress\/ -->\n<title>ACONTECE HOJE A ENTREGA SIMB\u00d3LICA DA ARRECADA\u00c7\u00c3O DA &#039;SEGUNDA SEM LEI&#039; - Blog do Farn\u00e9sio<\/title>\n<meta name=\"robots\" content=\"index, follow, max-snippet:-1, max-image-preview:large, max-video-preview:-1\" \/>\n<link rel=\"canonical\" href=\"https:\/\/blogdofarnesio.com.br\/?p=74737\" \/>\n<meta property=\"og:locale\" content=\"pt_BR\" \/>\n<meta property=\"og:type\" content=\"article\" \/>\n<meta property=\"og:title\" content=\"ACONTECE HOJE A ENTREGA SIMB\u00d3LICA DA ARRECADA\u00c7\u00c3O DA &#039;SEGUNDA SEM LEI&#039; - Blog do Farn\u00e9sio\" \/>\n<meta property=\"og:description\" content=\"Nesta sexta-feira (28), \u00e0s 14h, haver\u00e1 a entrega simb\u00f3lica da a\u00e7\u00e3o do \u2018Segunda Sem Lei\u2019, que todo ano promove uma campanha beneficente e nesta edi\u00e7\u00e3o a entidade escolhida foi a APAE de Juazeiro. De acordo com um dos organizadores, Umberto Alves, o valor arrecado foi de R$ 8.500. Ele destacou ainda que o objetivo \u00e9 reunir os amigos em um encontro de confraterniza\u00e7\u00e3o em que aproveitamos para ajudar as pessoas. \u201c\u00c9 um valor pequeno, mas um valor de cora\u00e7\u00e3o torna-se um momento grande\u201d, disse Segundo Humberto, o evento do pr\u00f3ximo ano j\u00e1 est\u00e1 sendo arquitetado e adiantou que j\u00e1 tem dois nomes de peso para fazer a festa. \u201c A gente entende que \u00e9 uma transfer\u00eancia de responsabilidade do poder&hellip;\" \/>\n<meta property=\"og:url\" content=\"https:\/\/blogdofarnesio.com.br\/?p=74737\" \/>\n<meta property=\"og:site_name\" content=\"Blog do Farn\u00e9sio\" \/>\n<meta property=\"article:publisher\" content=\"https:\/\/www.facebook.com\/BlogQuerSaberPolitica\/\" \/>\n<meta property=\"article:published_time\" content=\"2014-02-28T13:23:48+00:00\" \/>\n<meta property=\"og:image\" content=\"http:\/\/www.quersaberpolitica.com.br\/2016\/wp-content\/uploads\/2014\/02\/blogqsphumbertosegundasemlei-300x147.jpg\" \/>\n<meta name=\"author\" content=\"teste\" \/>\n<meta name=\"twitter:card\" content=\"summary_large_image\" \/>\n<meta name=\"twitter:label1\" content=\"Escrito por\" \/>\n\t<meta name=\"twitter:data1\" content=\"teste\" \/>\n\t<meta name=\"twitter:label2\" content=\"Est. tempo de leitura\" \/>\n\t<meta name=\"twitter:data2\" content=\"1 minuto\" \/>\n<script type=\"application\/ld+json\" class=\"yoast-schema-graph\">{\"@context\":\"https:\\\/\\\/schema.org\",\"@graph\":[{\"@type\":\"Article\",\"@id\":\"https:\\\/\\\/blogdofarnesio.com.br\\\/?p=74737#article\",\"isPartOf\":{\"@id\":\"https:\\\/\\\/blogdofarnesio.com.br\\\/?p=74737\"},\"author\":{\"name\":\"teste\",\"@id\":\"https:\\\/\\\/blogdofarnesio.com.br\\\/#\\\/schema\\\/person\\\/dd1bf5eba40b687199ba45ca6b97dff9\"},\"headline\":\"ACONTECE HOJE A ENTREGA SIMB\u00d3LICA DA ARRECADA\u00c7\u00c3O DA &#8216;SEGUNDA SEM LEI&#8217;\",\"datePublished\":\"2014-02-28T13:23:48+00:00\",\"mainEntityOfPage\":{\"@id\":\"https:\\\/\\\/blogdofarnesio.com.br\\\/?p=74737\"},\"wordCount\":146,\"commentCount\":4,\"publisher\":{\"@id\":\"https:\\\/\\\/blogdofarnesio.com.br\\\/#organization\"},\"image\":{\"@id\":\"https:\\\/\\\/blogdofarnesio.com.br\\\/?p=74737#primaryimage\"},\"thumbnailUrl\":\"http:\\\/\\\/www.quersaberpolitica.com.br\\\/2016\\\/wp-content\\\/uploads\\\/2014\\\/02\\\/blogqsphumbertosegundasemlei-300x147.jpg\",\"articleSection\":[\"A\u00e7\u00e3o Social\"],\"inLanguage\":\"pt-BR\",\"potentialAction\":[{\"@type\":\"CommentAction\",\"name\":\"Comment\",\"target\":[\"https:\\\/\\\/blogdofarnesio.com.br\\\/?p=74737#respond\"]}]},{\"@type\":\"WebPage\",\"@id\":\"https:\\\/\\\/blogdofarnesio.com.br\\\/?p=74737\",\"url\":\"https:\\\/\\\/blogdofarnesio.com.br\\\/?p=74737\",\"name\":\"ACONTECE HOJE A ENTREGA SIMB\u00d3LICA DA ARRECADA\u00c7\u00c3O DA 'SEGUNDA SEM LEI' - Blog do Farn\u00e9sio\",\"isPartOf\":{\"@id\":\"https:\\\/\\\/blogdofarnesio.com.br\\\/#website\"},\"primaryImageOfPage\":{\"@id\":\"https:\\\/\\\/blogdofarnesio.com.br\\\/?p=74737#primaryimage\"},\"image\":{\"@id\":\"https:\\\/\\\/blogdofarnesio.com.br\\\/?p=74737#primaryimage\"},\"thumbnailUrl\":\"http:\\\/\\\/www.quersaberpolitica.com.br\\\/2016\\\/wp-content\\\/uploads\\\/2014\\\/02\\\/blogqsphumbertosegundasemlei-300x147.jpg\",\"datePublished\":\"2014-02-28T13:23:48+00:00\",\"breadcrumb\":{\"@id\":\"https:\\\/\\\/blogdofarnesio.com.br\\\/?p=74737#breadcrumb\"},\"inLanguage\":\"pt-BR\",\"potentialAction\":[{\"@type\":\"ReadAction\",\"target\":[\"https:\\\/\\\/blogdofarnesio.com.br\\\/?p=74737\"]}]},{\"@type\":\"ImageObject\",\"inLanguage\":\"pt-BR\",\"@id\":\"https:\\\/\\\/blogdofarnesio.com.br\\\/?p=74737#primaryimage\",\"url\":\"http:\\\/\\\/www.quersaberpolitica.com.br\\\/2016\\\/wp-content\\\/uploads\\\/2014\\\/02\\\/blogqsphumbertosegundasemlei-300x147.jpg\",\"contentUrl\":\"http:\\\/\\\/www.quersaberpolitica.com.br\\\/2016\\\/wp-content\\\/uploads\\\/2014\\\/02\\\/blogqsphumbertosegundasemlei-300x147.jpg\"},{\"@type\":\"BreadcrumbList\",\"@id\":\"https:\\\/\\\/blogdofarnesio.com.br\\\/?p=74737#breadcrumb\",\"itemListElement\":[{\"@type\":\"ListItem\",\"position\":1,\"name\":\"In\u00edcio\",\"item\":\"https:\\\/\\\/blogdofarnesio.com.br\\\/\"},{\"@type\":\"ListItem\",\"position\":2,\"name\":\"ACONTECE HOJE A ENTREGA SIMB\u00d3LICA DA ARRECADA\u00c7\u00c3O DA &#8216;SEGUNDA SEM LEI&#8217;\"}]},{\"@type\":\"WebSite\",\"@id\":\"https:\\\/\\\/blogdofarnesio.com.br\\\/#website\",\"url\":\"https:\\\/\\\/blogdofarnesio.com.br\\\/\",\"name\":\"Blog do Farn\u00e9sio\",\"description\":\"Quer Saber Pol\u00edtica?\",\"publisher\":{\"@id\":\"https:\\\/\\\/blogdofarnesio.com.br\\\/#organization\"},\"potentialAction\":[{\"@type\":\"SearchAction\",\"target\":{\"@type\":\"EntryPoint\",\"urlTemplate\":\"https:\\\/\\\/blogdofarnesio.com.br\\\/?s={search_term_string}\"},\"query-input\":{\"@type\":\"PropertyValueSpecification\",\"valueRequired\":true,\"valueName\":\"search_term_string\"}}],\"inLanguage\":\"pt-BR\"},{\"@type\":\"Organization\",\"@id\":\"https:\\\/\\\/blogdofarnesio.com.br\\\/#organization\",\"name\":\"Blog do Farn\u00e9sio\",\"url\":\"https:\\\/\\\/blogdofarnesio.com.br\\\/\",\"logo\":{\"@type\":\"ImageObject\",\"inLanguage\":\"pt-BR\",\"@id\":\"https:\\\/\\\/blogdofarnesio.com.br\\\/#\\\/schema\\\/logo\\\/image\\\/\",\"url\":\"https:\\\/\\\/blogdofarnesio.com.br\\\/wp-content\\\/uploads\\\/2026\\\/03\\\/cropped-logo_new-1.png\",\"contentUrl\":\"https:\\\/\\\/blogdofarnesio.com.br\\\/wp-content\\\/uploads\\\/2026\\\/03\\\/cropped-logo_new-1.png\",\"width\":881,\"height\":685,\"caption\":\"Blog do Farn\u00e9sio\"},\"image\":{\"@id\":\"https:\\\/\\\/blogdofarnesio.com.br\\\/#\\\/schema\\\/logo\\\/image\\\/\"},\"sameAs\":[\"https:\\\/\\\/www.facebook.com\\\/BlogQuerSaberPolitica\\\/\"]},{\"@type\":\"Person\",\"@id\":\"https:\\\/\\\/blogdofarnesio.com.br\\\/#\\\/schema\\\/person\\\/dd1bf5eba40b687199ba45ca6b97dff9\",\"name\":\"teste\",\"image\":{\"@type\":\"ImageObject\",\"inLanguage\":\"pt-BR\",\"@id\":\"https:\\\/\\\/secure.gravatar.com\\\/avatar\\\/2172498d4914b51e1d89a0f97957b035ac4938723a5cac208135d389b6972a6d?s=96&d=mm&r=g\",\"url\":\"https:\\\/\\\/secure.gravatar.com\\\/avatar\\\/2172498d4914b51e1d89a0f97957b035ac4938723a5cac208135d389b6972a6d?s=96&d=mm&r=g\",\"contentUrl\":\"https:\\\/\\\/secure.gravatar.com\\\/avatar\\\/2172498d4914b51e1d89a0f97957b035ac4938723a5cac208135d389b6972a6d?s=96&d=mm&r=g\",\"caption\":\"teste\"},\"url\":\"https:\\\/\\\/blogdofarnesio.com.br\\\/?author=3\"}]}<\/script>\n<!-- \/ Yoast SEO plugin. -->","yoast_head_json":{"title":"ACONTECE HOJE A ENTREGA SIMB\u00d3LICA DA ARRECADA\u00c7\u00c3O DA 'SEGUNDA SEM LEI' - Blog do Farn\u00e9sio","robots":{"index":"index","follow":"follow","max-snippet":"max-snippet:-1","max-image-preview":"max-image-preview:large","max-video-preview":"max-video-preview:-1"},"canonical":"https:\/\/blogdofarnesio.com.br\/?p=74737","og_locale":"pt_BR","og_type":"article","og_title":"ACONTECE HOJE A ENTREGA SIMB\u00d3LICA DA ARRECADA\u00c7\u00c3O DA 'SEGUNDA SEM LEI' - Blog do Farn\u00e9sio","og_description":"Nesta sexta-feira (28), \u00e0s 14h, haver\u00e1 a entrega simb\u00f3lica da a\u00e7\u00e3o do \u2018Segunda Sem Lei\u2019, que todo ano promove uma campanha beneficente e nesta edi\u00e7\u00e3o a entidade escolhida foi a APAE de Juazeiro. De acordo com um dos organizadores, Umberto Alves, o valor arrecado foi de R$ 8.500. Ele destacou ainda que o objetivo \u00e9 reunir os amigos em um encontro de confraterniza\u00e7\u00e3o em que aproveitamos para ajudar as pessoas. \u201c\u00c9 um valor pequeno, mas um valor de cora\u00e7\u00e3o torna-se um momento grande\u201d, disse Segundo Humberto, o evento do pr\u00f3ximo ano j\u00e1 est\u00e1 sendo arquitetado e adiantou que j\u00e1 tem dois nomes de peso para fazer a festa. \u201c A gente entende que \u00e9 uma transfer\u00eancia de responsabilidade do poder&hellip;","og_url":"https:\/\/blogdofarnesio.com.br\/?p=74737","og_site_name":"Blog do Farn\u00e9sio","article_publisher":"https:\/\/www.facebook.com\/BlogQuerSaberPolitica\/","article_published_time":"2014-02-28T13:23:48+00:00","og_image":[{"url":"http:\/\/www.quersaberpolitica.com.br\/2016\/wp-content\/uploads\/2014\/02\/blogqsphumbertosegundasemlei-300x147.jpg","type":"","width":"","height":""}],"author":"teste","twitter_card":"summary_large_image","twitter_misc":{"Escrito por":"teste","Est. tempo de leitura":"1 minuto"},"schema":{"@context":"https:\/\/schema.org","@graph":[{"@type":"Article","@id":"https:\/\/blogdofarnesio.com.br\/?p=74737#article","isPartOf":{"@id":"https:\/\/blogdofarnesio.com.br\/?p=74737"},"author":{"name":"teste","@id":"https:\/\/blogdofarnesio.com.br\/#\/schema\/person\/dd1bf5eba40b687199ba45ca6b97dff9"},"headline":"ACONTECE HOJE A ENTREGA SIMB\u00d3LICA DA ARRECADA\u00c7\u00c3O DA &#8216;SEGUNDA SEM LEI&#8217;","datePublished":"2014-02-28T13:23:48+00:00","mainEntityOfPage":{"@id":"https:\/\/blogdofarnesio.com.br\/?p=74737"},"wordCount":146,"commentCount":4,"publisher":{"@id":"https:\/\/blogdofarnesio.com.br\/#organization"},"image":{"@id":"https:\/\/blogdofarnesio.com.br\/?p=74737#primaryimage"},"thumbnailUrl":"http:\/\/www.quersaberpolitica.com.br\/2016\/wp-content\/uploads\/2014\/02\/blogqsphumbertosegundasemlei-300x147.jpg","articleSection":["A\u00e7\u00e3o Social"],"inLanguage":"pt-BR","potentialAction":[{"@type":"CommentAction","name":"Comment","target":["https:\/\/blogdofarnesio.com.br\/?p=74737#respond"]}]},{"@type":"WebPage","@id":"https:\/\/blogdofarnesio.com.br\/?p=74737","url":"https:\/\/blogdofarnesio.com.br\/?p=74737","name":"ACONTECE HOJE A ENTREGA SIMB\u00d3LICA DA ARRECADA\u00c7\u00c3O DA 'SEGUNDA SEM LEI' - Blog do Farn\u00e9sio","isPartOf":{"@id":"https:\/\/blogdofarnesio.com.br\/#website"},"primaryImageOfPage":{"@id":"https:\/\/blogdofarnesio.com.br\/?p=74737#primaryimage"},"image":{"@id":"https:\/\/blogdofarnesio.com.br\/?p=74737#primaryimage"},"thumbnailUrl":"http:\/\/www.quersaberpolitica.com.br\/2016\/wp-content\/uploads\/2014\/02\/blogqsphumbertosegundasemlei-300x147.jpg","datePublished":"2014-02-28T13:23:48+00:00","breadcrumb":{"@id":"https:\/\/blogdofarnesio.com.br\/?p=74737#breadcrumb"},"inLanguage":"pt-BR","potentialAction":[{"@type":"ReadAction","target":["https:\/\/blogdofarnesio.com.br\/?p=74737"]}]},{"@type":"ImageObject","inLanguage":"pt-BR","@id":"https:\/\/blogdofarnesio.com.br\/?p=74737#primaryimage","url":"http:\/\/www.quersaberpolitica.com.br\/2016\/wp-content\/uploads\/2014\/02\/blogqsphumbertosegundasemlei-300x147.jpg","contentUrl":"http:\/\/www.quersaberpolitica.com.br\/2016\/wp-content\/uploads\/2014\/02\/blogqsphumbertosegundasemlei-300x147.jpg"},{"@type":"BreadcrumbList","@id":"https:\/\/blogdofarnesio.com.br\/?p=74737#breadcrumb","itemListElement":[{"@type":"ListItem","position":1,"name":"In\u00edcio","item":"https:\/\/blogdofarnesio.com.br\/"},{"@type":"ListItem","position":2,"name":"ACONTECE HOJE A ENTREGA SIMB\u00d3LICA DA ARRECADA\u00c7\u00c3O DA &#8216;SEGUNDA SEM LEI&#8217;"}]},{"@type":"WebSite","@id":"https:\/\/blogdofarnesio.com.br\/#website","url":"https:\/\/blogdofarnesio.com.br\/","name":"Blog do Farn\u00e9sio","description":"Quer Saber Pol\u00edtica?","publisher":{"@id":"https:\/\/blogdofarnesio.com.br\/#organization"},"potentialAction":[{"@type":"SearchAction","target":{"@type":"EntryPoint","urlTemplate":"https:\/\/blogdofarnesio.com.br\/?s={search_term_string}"},"query-input":{"@type":"PropertyValueSpecification","valueRequired":true,"valueName":"search_term_string"}}],"inLanguage":"pt-BR"},{"@type":"Organization","@id":"https:\/\/blogdofarnesio.com.br\/#organization","name":"Blog do Farn\u00e9sio","url":"https:\/\/blogdofarnesio.com.br\/","logo":{"@type":"ImageObject","inLanguage":"pt-BR","@id":"https:\/\/blogdofarnesio.com.br\/#\/schema\/logo\/image\/","url":"https:\/\/blogdofarnesio.com.br\/wp-content\/uploads\/2026\/03\/cropped-logo_new-1.png","contentUrl":"https:\/\/blogdofarnesio.com.br\/wp-content\/uploads\/2026\/03\/cropped-logo_new-1.png","width":881,"height":685,"caption":"Blog do Farn\u00e9sio"},"image":{"@id":"https:\/\/blogdofarnesio.com.br\/#\/schema\/logo\/image\/"},"sameAs":["https:\/\/www.facebook.com\/BlogQuerSaberPolitica\/"]},{"@type":"Person","@id":"https:\/\/blogdofarnesio.com.br\/#\/schema\/person\/dd1bf5eba40b687199ba45ca6b97dff9","name":"teste","image":{"@type":"ImageObject","inLanguage":"pt-BR","@id":"https:\/\/secure.gravatar.com\/avatar\/2172498d4914b51e1d89a0f97957b035ac4938723a5cac208135d389b6972a6d?s=96&d=mm&r=g","url":"https:\/\/secure.gravatar.com\/avatar\/2172498d4914b51e1d89a0f97957b035ac4938723a5cac208135d389b6972a6d?s=96&d=mm&r=g","contentUrl":"https:\/\/secure.gravatar.com\/avatar\/2172498d4914b51e1d89a0f97957b035ac4938723a5cac208135d389b6972a6d?s=96&d=mm&r=g","caption":"teste"},"url":"https:\/\/blogdofarnesio.com.br\/?author=3"}]}},"_links":{"self":[{"href":"https:\/\/blogdofarnesio.com.br\/index.php?rest_route=\/wp\/v2\/posts\/74737","targetHints":{"allow":["GET"]}}],"collection":[{"href":"https:\/\/blogdofarnesio.com.br\/index.php?rest_route=\/wp\/v2\/posts"}],"about":[{"href":"https:\/\/blogdofarnesio.com.br\/index.php?rest_route=\/wp\/v2\/types\/post"}],"author":[{"embeddable":true,"href":"https:\/\/blogdofarnesio.com.br\/index.php?rest_route=\/wp\/v2\/users\/3"}],"replies":[{"embeddable":true,"href":"https:\/\/blogdofarnesio.com.br\/index.php?rest_route=%2Fwp%2Fv2%2Fcomments&post=74737"}],"version-history":[{"count":0,"href":"https:\/\/blogdofarnesio.com.br\/index.php?rest_route=\/wp\/v2\/posts\/74737\/revisions"}],"wp:attachment":[{"href":"https:\/\/blogdofarnesio.com.br\/index.php?rest_route=%2Fwp%2Fv2%2Fmedia&parent=74737"}],"wp:term":[{"taxonomy":"category","embeddable":true,"href":"https:\/\/blogdofarnesio.com.br\/index.php?rest_route=%2Fwp%2Fv2%2Fcategories&post=74737"},{"taxonomy":"post_tag","embeddable":true,"href":"https:\/\/blogdofarnesio.com.br\/index.php?rest_route=%2Fwp%2Fv2%2Ftags&post=74737"}],"curies":[{"name":"wp","href":"https:\/\/api.w.org\/{rel}","templated":true}]}}