{"id":74701,"date":"2014-02-28T09:42:57","date_gmt":"2014-02-28T12:42:57","guid":{"rendered":"http:\/\/www.quersaberpolitica.com.br\/?p=74701"},"modified":"2014-02-27T21:03:50","modified_gmt":"2014-02-28T00:03:50","slug":"emei-nailde-costa-completa-um-ano","status":"publish","type":"post","link":"https:\/\/blogdofarnesio.com.br\/?p=74701","title":{"rendered":"EMEI NA\u00cdLDE COSTA COMPLETA UM ANO"},"content":{"rendered":"<p style=\"text-align: justify\"><a href=\"http:\/\/www.quersaberpolitica.com.br\/2016\/wp-content\/uploads\/2014\/02\/DSC0840.jpg\"><img loading=\"lazy\" decoding=\"async\" class=\"alignleft size-medium wp-image-74702\" alt=\"blogqspescola\" src=\"http:\/\/www.quersaberpolitica.com.br\/2016\/wp-content\/uploads\/2014\/02\/DSC0840-300x199.jpg\" width=\"300\" height=\"199\" srcset=\"https:\/\/blogdofarnesio.com.br\/wp-content\/uploads\/2014\/02\/DSC0840-300x199.jpg 300w, https:\/\/blogdofarnesio.com.br\/wp-content\/uploads\/2014\/02\/DSC0840.jpg 390w\" sizes=\"auto, (max-width: 300px) 100vw, 300px\" \/><\/a>Nesta quarta-feira, 25, a Escola Municipal de Educa\u00e7\u00e3o Infantil Na\u00edlde Costa, localizada no bairro Novo Encontro comemorou um ano de inaugura\u00e7\u00e3o. A EMEI Na\u00edlde Costa foi a primeira constru\u00e7\u00e3o de grande porte inaugurada no munic\u00edpio e funciona normalmente, desde que foi inaugurada<\/p>\n<p style=\"text-align: justify\">A Diretora de Ensino Infantil do Munic\u00edpio, Miranery Amorim, explica que a unidade atende alunos de 0 a 3 anos e na pr\u00e9-escola para alunos de 4 e 5 anos. Depois dessa, mais quatro j\u00e1 foram constru\u00eddas no mesmo porte. De acordo com ela, Juazeiro passou mais de 20 anos sem construir uma \u00fanica creche, quando aquela unidade foi entregue.<!--more--><\/p>\n<p style=\"text-align: justify\">S\u00e3o salas amplas, climatizadas, espa\u00e7o multiuso, brinquedoteca, sala de repouso, ber\u00e7\u00e1rio, anfiteatro. A senhora Helena de Sousa Bispo \u00e9 m\u00e3e de duas meninas que fazem parte da hist\u00f3ria da escola. Uma j\u00e1 concluiu e a outra continua. \u201cMinha filha mais velha saiu daqui ano passado, j\u00e1 alfabetizada. Chorou muito, porque n\u00e3o queria sair. A outra, que ainda est\u00e1 aqui, tem se desenvolvido bastante. Minha filha me impressiona com a autonomia e independ\u00eancia ao se servir em casa e isso foi algo que ela aprendeu aqui. Outro dia a gente estava na rua e eu tive que almo\u00e7ar por l\u00e1 mesmo. Entrei no restaurante e ela era quem me ensinava a fazer meu prato\u201d, contou. Essa autonomia da filha de dona Helena foi adquirida com o Projeto Self Service, desenvolvido na escola e que foi o respons\u00e1vel pelo munic\u00edpio ter recebido o Selo de Qualidade na Educa\u00e7\u00e3o Infantil, atrav\u00e9s de uma parceria entre o Santander e o Minist\u00e9rio da Educa\u00e7\u00e3o.<\/p>\n<p style=\"text-align: justify\">\u201cN\u00f3s seguimos as diretrizes dos par\u00e2metros curriculares, que \u00e9 o desenvolvimento da autonomia e identidade e promovemos alguns projetos nesse sentido durante todo o ano. Um desses projetos foi o Self Service e ele estimulou a autonomia na crian\u00e7a. Na verdade, foi poss\u00edvel perceber o desenvolvimento das crian\u00e7as em todos os projetos aplicados na escola\u201d, explicou a Coordenadora Pedag\u00f3gica, Rosemary Castro.<\/p>\n<p style=\"text-align: justify\">A Coordenadora disse ainda que a proposta da escola \u00e9 utilizar todos os seus espa\u00e7os de forma que haja uma din\u00e2mica de ensino. \u201cOs alunos frequentam todos os espa\u00e7os e t\u00eam cuidado com tudo. Entendem que foi um lugar constru\u00eddo para eles, com carinho e dedica\u00e7\u00e3o. Muitos n\u00e3o querem nem ir para casa no final do dia e a gente entende que a estrutura f\u00edsica proporciona isso\u201d, completou.<\/p>\n<p style=\"text-align: justify\">No ano passado, um aluno da EMEI Na\u00edlde Costa, Fabiano Santos, ficou em segundo lugar no concurso \u201cL\u00e1pis na M\u00e3o\u201d, promovido pela TV S\u00e3o Francisco entre escolas p\u00fablicas e privadas.<\/p>\n<p style=\"text-align: justify\">Ainda esse ano h\u00e1 previs\u00e3o de inaugurar mais cinco EMEIs do mesmo porte da Na\u00edlde Costa. J\u00e1 se tem, em todo o munic\u00edpio, 55 escolas climatizadas. Diante desse quadro, renova-se a esperan\u00e7a de um futuro com mais dignidade, com jovens mais preparados para a vida, de uma sociedade mais justa e educada para todos. Priorizar a educa\u00e7\u00e3o \u00e9 uma aposta que d\u00e1 certo.<\/p>\n<p><strong>Ram\u00e1iana Leal\/Seduc<\/strong><\/p>\n<p>&nbsp;<\/p>\n","protected":false},"excerpt":{"rendered":"<p>Nesta quarta-feira, 25, a Escola Municipal de Educa\u00e7\u00e3o Infantil Na\u00edlde Costa, localizada no bairro Novo Encontro comemorou um ano de inaugura\u00e7\u00e3o. A EMEI Na\u00edlde Costa foi a primeira constru\u00e7\u00e3o de grande porte inaugurada no munic\u00edpio e funciona normalmente, desde que foi inaugurada A Diretora de Ensino Infantil do Munic\u00edpio, Miranery Amorim, explica que a unidade atende alunos de 0 a 3 anos e na pr\u00e9-escola para alunos de 4 e 5 anos. Depois dessa, mais quatro j\u00e1 foram constru\u00eddas no mesmo porte. De acordo com ela, Juazeiro passou mais de 20 anos sem construir uma \u00fanica creche, quando aquela unidade foi entregue.<\/p>\n","protected":false},"author":3,"featured_media":0,"comment_status":"open","ping_status":"open","sticky":false,"template":"","format":"standard","meta":{"_acf_changed":false,"footnotes":""},"categories":[6],"tags":[],"class_list":["post-74701","post","type-post","status-publish","format-standard","hentry","category-educacao"],"acf":[],"yoast_head":"<!-- This site is optimized with the Yoast SEO plugin v27.4 - https:\/\/yoast.com\/product\/yoast-seo-wordpress\/ -->\n<title>EMEI NA\u00cdLDE COSTA COMPLETA UM ANO  - Blog do Farn\u00e9sio<\/title>\n<meta name=\"robots\" content=\"index, follow, max-snippet:-1, max-image-preview:large, max-video-preview:-1\" \/>\n<link rel=\"canonical\" href=\"https:\/\/blogdofarnesio.com.br\/?p=74701\" \/>\n<meta property=\"og:locale\" content=\"pt_BR\" \/>\n<meta property=\"og:type\" content=\"article\" \/>\n<meta property=\"og:title\" content=\"EMEI NA\u00cdLDE COSTA COMPLETA UM ANO  - Blog do Farn\u00e9sio\" \/>\n<meta property=\"og:description\" content=\"Nesta quarta-feira, 25, a Escola Municipal de Educa\u00e7\u00e3o Infantil Na\u00edlde Costa, localizada no bairro Novo Encontro comemorou um ano de inaugura\u00e7\u00e3o. A EMEI Na\u00edlde Costa foi a primeira constru\u00e7\u00e3o de grande porte inaugurada no munic\u00edpio e funciona normalmente, desde que foi inaugurada A Diretora de Ensino Infantil do Munic\u00edpio, Miranery Amorim, explica que a unidade atende alunos de 0 a 3 anos e na pr\u00e9-escola para alunos de 4 e 5 anos. Depois dessa, mais quatro j\u00e1 foram constru\u00eddas no mesmo porte. De acordo com ela, Juazeiro passou mais de 20 anos sem construir uma \u00fanica creche, quando aquela unidade foi entregue.\" \/>\n<meta property=\"og:url\" content=\"https:\/\/blogdofarnesio.com.br\/?p=74701\" \/>\n<meta property=\"og:site_name\" content=\"Blog do Farn\u00e9sio\" \/>\n<meta property=\"article:publisher\" content=\"https:\/\/www.facebook.com\/BlogQuerSaberPolitica\/\" \/>\n<meta property=\"article:published_time\" content=\"2014-02-28T12:42:57+00:00\" \/>\n<meta property=\"og:image\" content=\"http:\/\/www.quersaberpolitica.com.br\/2016\/wp-content\/uploads\/2014\/02\/DSC0840-300x199.jpg\" \/>\n<meta name=\"author\" content=\"teste\" \/>\n<meta name=\"twitter:card\" content=\"summary_large_image\" \/>\n<meta name=\"twitter:label1\" content=\"Escrito por\" \/>\n\t<meta name=\"twitter:data1\" content=\"teste\" \/>\n\t<meta name=\"twitter:label2\" content=\"Est. tempo de leitura\" \/>\n\t<meta name=\"twitter:data2\" content=\"3 minutos\" \/>\n<script type=\"application\/ld+json\" class=\"yoast-schema-graph\">{\"@context\":\"https:\\\/\\\/schema.org\",\"@graph\":[{\"@type\":\"Article\",\"@id\":\"https:\\\/\\\/blogdofarnesio.com.br\\\/?p=74701#article\",\"isPartOf\":{\"@id\":\"https:\\\/\\\/blogdofarnesio.com.br\\\/?p=74701\"},\"author\":{\"name\":\"teste\",\"@id\":\"https:\\\/\\\/blogdofarnesio.com.br\\\/#\\\/schema\\\/person\\\/dd1bf5eba40b687199ba45ca6b97dff9\"},\"headline\":\"EMEI NA\u00cdLDE COSTA COMPLETA UM ANO\",\"datePublished\":\"2014-02-28T12:42:57+00:00\",\"mainEntityOfPage\":{\"@id\":\"https:\\\/\\\/blogdofarnesio.com.br\\\/?p=74701\"},\"wordCount\":531,\"commentCount\":0,\"publisher\":{\"@id\":\"https:\\\/\\\/blogdofarnesio.com.br\\\/#organization\"},\"image\":{\"@id\":\"https:\\\/\\\/blogdofarnesio.com.br\\\/?p=74701#primaryimage\"},\"thumbnailUrl\":\"http:\\\/\\\/www.quersaberpolitica.com.br\\\/2016\\\/wp-content\\\/uploads\\\/2014\\\/02\\\/DSC0840-300x199.jpg\",\"articleSection\":[\"Educa\u00e7\u00e3o\"],\"inLanguage\":\"pt-BR\",\"potentialAction\":[{\"@type\":\"CommentAction\",\"name\":\"Comment\",\"target\":[\"https:\\\/\\\/blogdofarnesio.com.br\\\/?p=74701#respond\"]}]},{\"@type\":\"WebPage\",\"@id\":\"https:\\\/\\\/blogdofarnesio.com.br\\\/?p=74701\",\"url\":\"https:\\\/\\\/blogdofarnesio.com.br\\\/?p=74701\",\"name\":\"EMEI NA\u00cdLDE COSTA COMPLETA UM ANO - Blog do Farn\u00e9sio\",\"isPartOf\":{\"@id\":\"https:\\\/\\\/blogdofarnesio.com.br\\\/#website\"},\"primaryImageOfPage\":{\"@id\":\"https:\\\/\\\/blogdofarnesio.com.br\\\/?p=74701#primaryimage\"},\"image\":{\"@id\":\"https:\\\/\\\/blogdofarnesio.com.br\\\/?p=74701#primaryimage\"},\"thumbnailUrl\":\"http:\\\/\\\/www.quersaberpolitica.com.br\\\/2016\\\/wp-content\\\/uploads\\\/2014\\\/02\\\/DSC0840-300x199.jpg\",\"datePublished\":\"2014-02-28T12:42:57+00:00\",\"breadcrumb\":{\"@id\":\"https:\\\/\\\/blogdofarnesio.com.br\\\/?p=74701#breadcrumb\"},\"inLanguage\":\"pt-BR\",\"potentialAction\":[{\"@type\":\"ReadAction\",\"target\":[\"https:\\\/\\\/blogdofarnesio.com.br\\\/?p=74701\"]}]},{\"@type\":\"ImageObject\",\"inLanguage\":\"pt-BR\",\"@id\":\"https:\\\/\\\/blogdofarnesio.com.br\\\/?p=74701#primaryimage\",\"url\":\"http:\\\/\\\/www.quersaberpolitica.com.br\\\/2016\\\/wp-content\\\/uploads\\\/2014\\\/02\\\/DSC0840-300x199.jpg\",\"contentUrl\":\"http:\\\/\\\/www.quersaberpolitica.com.br\\\/2016\\\/wp-content\\\/uploads\\\/2014\\\/02\\\/DSC0840-300x199.jpg\"},{\"@type\":\"BreadcrumbList\",\"@id\":\"https:\\\/\\\/blogdofarnesio.com.br\\\/?p=74701#breadcrumb\",\"itemListElement\":[{\"@type\":\"ListItem\",\"position\":1,\"name\":\"In\u00edcio\",\"item\":\"https:\\\/\\\/blogdofarnesio.com.br\\\/\"},{\"@type\":\"ListItem\",\"position\":2,\"name\":\"EMEI NA\u00cdLDE COSTA COMPLETA UM ANO\"}]},{\"@type\":\"WebSite\",\"@id\":\"https:\\\/\\\/blogdofarnesio.com.br\\\/#website\",\"url\":\"https:\\\/\\\/blogdofarnesio.com.br\\\/\",\"name\":\"Blog do Farn\u00e9sio\",\"description\":\"Quer Saber Pol\u00edtica?\",\"publisher\":{\"@id\":\"https:\\\/\\\/blogdofarnesio.com.br\\\/#organization\"},\"potentialAction\":[{\"@type\":\"SearchAction\",\"target\":{\"@type\":\"EntryPoint\",\"urlTemplate\":\"https:\\\/\\\/blogdofarnesio.com.br\\\/?s={search_term_string}\"},\"query-input\":{\"@type\":\"PropertyValueSpecification\",\"valueRequired\":true,\"valueName\":\"search_term_string\"}}],\"inLanguage\":\"pt-BR\"},{\"@type\":\"Organization\",\"@id\":\"https:\\\/\\\/blogdofarnesio.com.br\\\/#organization\",\"name\":\"Blog do Farn\u00e9sio\",\"url\":\"https:\\\/\\\/blogdofarnesio.com.br\\\/\",\"logo\":{\"@type\":\"ImageObject\",\"inLanguage\":\"pt-BR\",\"@id\":\"https:\\\/\\\/blogdofarnesio.com.br\\\/#\\\/schema\\\/logo\\\/image\\\/\",\"url\":\"https:\\\/\\\/blogdofarnesio.com.br\\\/wp-content\\\/uploads\\\/2026\\\/03\\\/cropped-logo_new-1.png\",\"contentUrl\":\"https:\\\/\\\/blogdofarnesio.com.br\\\/wp-content\\\/uploads\\\/2026\\\/03\\\/cropped-logo_new-1.png\",\"width\":881,\"height\":685,\"caption\":\"Blog do Farn\u00e9sio\"},\"image\":{\"@id\":\"https:\\\/\\\/blogdofarnesio.com.br\\\/#\\\/schema\\\/logo\\\/image\\\/\"},\"sameAs\":[\"https:\\\/\\\/www.facebook.com\\\/BlogQuerSaberPolitica\\\/\"]},{\"@type\":\"Person\",\"@id\":\"https:\\\/\\\/blogdofarnesio.com.br\\\/#\\\/schema\\\/person\\\/dd1bf5eba40b687199ba45ca6b97dff9\",\"name\":\"teste\",\"image\":{\"@type\":\"ImageObject\",\"inLanguage\":\"pt-BR\",\"@id\":\"https:\\\/\\\/secure.gravatar.com\\\/avatar\\\/2172498d4914b51e1d89a0f97957b035ac4938723a5cac208135d389b6972a6d?s=96&d=mm&r=g\",\"url\":\"https:\\\/\\\/secure.gravatar.com\\\/avatar\\\/2172498d4914b51e1d89a0f97957b035ac4938723a5cac208135d389b6972a6d?s=96&d=mm&r=g\",\"contentUrl\":\"https:\\\/\\\/secure.gravatar.com\\\/avatar\\\/2172498d4914b51e1d89a0f97957b035ac4938723a5cac208135d389b6972a6d?s=96&d=mm&r=g\",\"caption\":\"teste\"},\"url\":\"https:\\\/\\\/blogdofarnesio.com.br\\\/?author=3\"}]}<\/script>\n<!-- \/ Yoast SEO plugin. -->","yoast_head_json":{"title":"EMEI NA\u00cdLDE COSTA COMPLETA UM ANO  - Blog do Farn\u00e9sio","robots":{"index":"index","follow":"follow","max-snippet":"max-snippet:-1","max-image-preview":"max-image-preview:large","max-video-preview":"max-video-preview:-1"},"canonical":"https:\/\/blogdofarnesio.com.br\/?p=74701","og_locale":"pt_BR","og_type":"article","og_title":"EMEI NA\u00cdLDE COSTA COMPLETA UM ANO  - Blog do Farn\u00e9sio","og_description":"Nesta quarta-feira, 25, a Escola Municipal de Educa\u00e7\u00e3o Infantil Na\u00edlde Costa, localizada no bairro Novo Encontro comemorou um ano de inaugura\u00e7\u00e3o. A EMEI Na\u00edlde Costa foi a primeira constru\u00e7\u00e3o de grande porte inaugurada no munic\u00edpio e funciona normalmente, desde que foi inaugurada A Diretora de Ensino Infantil do Munic\u00edpio, Miranery Amorim, explica que a unidade atende alunos de 0 a 3 anos e na pr\u00e9-escola para alunos de 4 e 5 anos. Depois dessa, mais quatro j\u00e1 foram constru\u00eddas no mesmo porte. De acordo com ela, Juazeiro passou mais de 20 anos sem construir uma \u00fanica creche, quando aquela unidade foi entregue.","og_url":"https:\/\/blogdofarnesio.com.br\/?p=74701","og_site_name":"Blog do Farn\u00e9sio","article_publisher":"https:\/\/www.facebook.com\/BlogQuerSaberPolitica\/","article_published_time":"2014-02-28T12:42:57+00:00","og_image":[{"url":"http:\/\/www.quersaberpolitica.com.br\/2016\/wp-content\/uploads\/2014\/02\/DSC0840-300x199.jpg","type":"","width":"","height":""}],"author":"teste","twitter_card":"summary_large_image","twitter_misc":{"Escrito por":"teste","Est. tempo de leitura":"3 minutos"},"schema":{"@context":"https:\/\/schema.org","@graph":[{"@type":"Article","@id":"https:\/\/blogdofarnesio.com.br\/?p=74701#article","isPartOf":{"@id":"https:\/\/blogdofarnesio.com.br\/?p=74701"},"author":{"name":"teste","@id":"https:\/\/blogdofarnesio.com.br\/#\/schema\/person\/dd1bf5eba40b687199ba45ca6b97dff9"},"headline":"EMEI NA\u00cdLDE COSTA COMPLETA UM ANO","datePublished":"2014-02-28T12:42:57+00:00","mainEntityOfPage":{"@id":"https:\/\/blogdofarnesio.com.br\/?p=74701"},"wordCount":531,"commentCount":0,"publisher":{"@id":"https:\/\/blogdofarnesio.com.br\/#organization"},"image":{"@id":"https:\/\/blogdofarnesio.com.br\/?p=74701#primaryimage"},"thumbnailUrl":"http:\/\/www.quersaberpolitica.com.br\/2016\/wp-content\/uploads\/2014\/02\/DSC0840-300x199.jpg","articleSection":["Educa\u00e7\u00e3o"],"inLanguage":"pt-BR","potentialAction":[{"@type":"CommentAction","name":"Comment","target":["https:\/\/blogdofarnesio.com.br\/?p=74701#respond"]}]},{"@type":"WebPage","@id":"https:\/\/blogdofarnesio.com.br\/?p=74701","url":"https:\/\/blogdofarnesio.com.br\/?p=74701","name":"EMEI NA\u00cdLDE COSTA COMPLETA UM ANO - Blog do Farn\u00e9sio","isPartOf":{"@id":"https:\/\/blogdofarnesio.com.br\/#website"},"primaryImageOfPage":{"@id":"https:\/\/blogdofarnesio.com.br\/?p=74701#primaryimage"},"image":{"@id":"https:\/\/blogdofarnesio.com.br\/?p=74701#primaryimage"},"thumbnailUrl":"http:\/\/www.quersaberpolitica.com.br\/2016\/wp-content\/uploads\/2014\/02\/DSC0840-300x199.jpg","datePublished":"2014-02-28T12:42:57+00:00","breadcrumb":{"@id":"https:\/\/blogdofarnesio.com.br\/?p=74701#breadcrumb"},"inLanguage":"pt-BR","potentialAction":[{"@type":"ReadAction","target":["https:\/\/blogdofarnesio.com.br\/?p=74701"]}]},{"@type":"ImageObject","inLanguage":"pt-BR","@id":"https:\/\/blogdofarnesio.com.br\/?p=74701#primaryimage","url":"http:\/\/www.quersaberpolitica.com.br\/2016\/wp-content\/uploads\/2014\/02\/DSC0840-300x199.jpg","contentUrl":"http:\/\/www.quersaberpolitica.com.br\/2016\/wp-content\/uploads\/2014\/02\/DSC0840-300x199.jpg"},{"@type":"BreadcrumbList","@id":"https:\/\/blogdofarnesio.com.br\/?p=74701#breadcrumb","itemListElement":[{"@type":"ListItem","position":1,"name":"In\u00edcio","item":"https:\/\/blogdofarnesio.com.br\/"},{"@type":"ListItem","position":2,"name":"EMEI NA\u00cdLDE COSTA COMPLETA UM ANO"}]},{"@type":"WebSite","@id":"https:\/\/blogdofarnesio.com.br\/#website","url":"https:\/\/blogdofarnesio.com.br\/","name":"Blog do Farn\u00e9sio","description":"Quer Saber Pol\u00edtica?","publisher":{"@id":"https:\/\/blogdofarnesio.com.br\/#organization"},"potentialAction":[{"@type":"SearchAction","target":{"@type":"EntryPoint","urlTemplate":"https:\/\/blogdofarnesio.com.br\/?s={search_term_string}"},"query-input":{"@type":"PropertyValueSpecification","valueRequired":true,"valueName":"search_term_string"}}],"inLanguage":"pt-BR"},{"@type":"Organization","@id":"https:\/\/blogdofarnesio.com.br\/#organization","name":"Blog do Farn\u00e9sio","url":"https:\/\/blogdofarnesio.com.br\/","logo":{"@type":"ImageObject","inLanguage":"pt-BR","@id":"https:\/\/blogdofarnesio.com.br\/#\/schema\/logo\/image\/","url":"https:\/\/blogdofarnesio.com.br\/wp-content\/uploads\/2026\/03\/cropped-logo_new-1.png","contentUrl":"https:\/\/blogdofarnesio.com.br\/wp-content\/uploads\/2026\/03\/cropped-logo_new-1.png","width":881,"height":685,"caption":"Blog do Farn\u00e9sio"},"image":{"@id":"https:\/\/blogdofarnesio.com.br\/#\/schema\/logo\/image\/"},"sameAs":["https:\/\/www.facebook.com\/BlogQuerSaberPolitica\/"]},{"@type":"Person","@id":"https:\/\/blogdofarnesio.com.br\/#\/schema\/person\/dd1bf5eba40b687199ba45ca6b97dff9","name":"teste","image":{"@type":"ImageObject","inLanguage":"pt-BR","@id":"https:\/\/secure.gravatar.com\/avatar\/2172498d4914b51e1d89a0f97957b035ac4938723a5cac208135d389b6972a6d?s=96&d=mm&r=g","url":"https:\/\/secure.gravatar.com\/avatar\/2172498d4914b51e1d89a0f97957b035ac4938723a5cac208135d389b6972a6d?s=96&d=mm&r=g","contentUrl":"https:\/\/secure.gravatar.com\/avatar\/2172498d4914b51e1d89a0f97957b035ac4938723a5cac208135d389b6972a6d?s=96&d=mm&r=g","caption":"teste"},"url":"https:\/\/blogdofarnesio.com.br\/?author=3"}]}},"_links":{"self":[{"href":"https:\/\/blogdofarnesio.com.br\/index.php?rest_route=\/wp\/v2\/posts\/74701","targetHints":{"allow":["GET"]}}],"collection":[{"href":"https:\/\/blogdofarnesio.com.br\/index.php?rest_route=\/wp\/v2\/posts"}],"about":[{"href":"https:\/\/blogdofarnesio.com.br\/index.php?rest_route=\/wp\/v2\/types\/post"}],"author":[{"embeddable":true,"href":"https:\/\/blogdofarnesio.com.br\/index.php?rest_route=\/wp\/v2\/users\/3"}],"replies":[{"embeddable":true,"href":"https:\/\/blogdofarnesio.com.br\/index.php?rest_route=%2Fwp%2Fv2%2Fcomments&post=74701"}],"version-history":[{"count":0,"href":"https:\/\/blogdofarnesio.com.br\/index.php?rest_route=\/wp\/v2\/posts\/74701\/revisions"}],"wp:attachment":[{"href":"https:\/\/blogdofarnesio.com.br\/index.php?rest_route=%2Fwp%2Fv2%2Fmedia&parent=74701"}],"wp:term":[{"taxonomy":"category","embeddable":true,"href":"https:\/\/blogdofarnesio.com.br\/index.php?rest_route=%2Fwp%2Fv2%2Fcategories&post=74701"},{"taxonomy":"post_tag","embeddable":true,"href":"https:\/\/blogdofarnesio.com.br\/index.php?rest_route=%2Fwp%2Fv2%2Ftags&post=74701"}],"curies":[{"name":"wp","href":"https:\/\/api.w.org\/{rel}","templated":true}]}}