{"id":7454,"date":"2011-10-14T10:54:15","date_gmt":"2011-10-14T10:54:15","guid":{"rendered":"http:\/\/www.quersaberpolitica.com.br?p=7454"},"modified":"-0001-11-30T00:00:00","modified_gmt":"-0001-11-30T03:00:00","slug":"unidades-do-programa-nova-semente-terao-bibliotecas-proprias","status":"publish","type":"post","link":"https:\/\/blogdofarnesio.com.br\/?p=7454","title":{"rendered":"Unidades do Programa Nova Semente ter\u00e3o bibliotecas pr\u00f3prias"},"content":{"rendered":"<p style=\"text-align: justify;\"><span style=\"font-size: small;\"><a rel=\"lightbox\" href=\"http:\/\/www.quersaberpolitica.com.br\/2016\/wp-content\/uploads\/2012\/12\/blogqspnovasementeganhabiblioteca2.jpg\"><img loading=\"lazy\" decoding=\"async\" style=\"float: left; margin-top: 5px; margin-bottom: 5px; margin-left: 10px; margin-right: 10px;\" src=\"http:\/\/www.quersaberpolitica.com.br\/2016\/wp-content\/uploads\/2012\/12\/blogqspnovasementeganhabiblioteca2.jpg\" alt=\"\" width=\"200\" height=\"267\" \/><\/a><a rel=\"lightbox\" href=\"http:\/\/www.quersaberpolitica.com.br\/2016\/wp-content\/uploads\/2012\/12\/blogqspnovasementeganhabiblioteca1.jpg\"><img loading=\"lazy\" decoding=\"async\" style=\"margin-top: 5px; margin-bottom: 5px; margin-left: 10px; margin-right: 10px; float: right;\" src=\"http:\/\/www.quersaberpolitica.com.br\/2016\/wp-content\/uploads\/2012\/12\/blogqspnovasementeganhabiblioteca1.jpg\" alt=\"\" width=\"200\" height=\"150\" \/><\/a>O prefeito Julio Lossio entregou na manh&atilde; desta quinta-feira (13), no audit&oacute;rio do Senai, acervos de livros para a forma&ccedil;&atilde;o de bibliotecas infantis &agrave;s unidades do Programa Nova Semente. Cada unidade receber&aacute; 300 volumes com livros did&aacute;ticos indicados pelo Instituto Alfa e Beto (IAB), parceiro do programa, que produziu um guia de leitura com 600 livros que toda crian&ccedil;a precisa ter acesso antes de iniciar os estudos b&aacute;sicos. Ap&oacute;s a solenidade de entrega dos livros, o IAB ofereceu curso de capacita&ccedil;&atilde;o &agrave;s gestoras para operacionalizarem de forma eficaz os empr&eacute;stimos dos livros junto com as fam&iacute;lias das crian&ccedil;as.<\/span><\/p>\n<p style=\"text-align: justify;\"><span style=\"font-size: small;\">Com as bibliotecas, as crian&ccedil;as ter&atilde;o mais um espa&ccedil;o de aprendizagem e descobertas dentro das unidades do Programa Nova Semente. Para Luciana Almeida, gestora da unidade Izabel Mariano, do bairro Alto da Boa Vista, os livros t&ecirc;m o poder de possibilitar transforma&ccedil;&atilde;o na vida destas crian&ccedil;as. &#8220;O livro &eacute; capaz de fazer pensar, de fazer enxergar novos horizontes e, com certeza, a crian&ccedil;a que tem acesso aos livros ser&aacute; uma crian&ccedil;a cr&iacute;tica, com facilidade na oralidade&#8221;, afirmou.<\/span><\/p>\n<p style=\"text-align: justify;\"><span style=\"font-size: small;\">Todos os livros possuem conte&uacute;dos pedag&oacute;gicos direcionados &agrave;s crian&ccedil;as de 0 a 6 anos, al&eacute;m disso, alguns t&ecirc;m formato l&uacute;dico que unem aprendizagem e brincadeira com intuito de provocar, nas crian&ccedil;as, interesse pela leitura. &#8220;A indica&ccedil;&atilde;o e escolha desses livros partiram de uma guia que n&oacute;s do IAB produzimos no ano passado. Nesse guia n&oacute;s fizemos a escolha de 100 livros por faixa et&aacute;ria, nossa proposta &eacute; que a crian&ccedil;a tenha acesso a, pelo menos, dois livros por semana, o que ao final de um ano resultar&aacute; em aproximadamente 100 volumes&#8221;, explicou a coordenadora dos Programas de Educa&ccedil;&atilde;o Infantil do Instituto Alfa e Beto, Denise Rocha.<\/span><\/p>\n<p style=\"text-align: justify;\"><span style=\"font-size: small;\">Al&eacute;m de fazer a entrega dos livros para compor as bibliotecas, o prefeito Julio Lossio dialogou com as gestoras sobre o funcionamento das unidades do Programa Nova Semente, al&eacute;m de parabeniz&aacute;-las pelo trabalho que desenvolvem nas unidades de acolhimento. &#8220;Este momento &eacute; muito especial, pois consolida o trabalho que estamos desenvolvendo junto &agrave; educa&ccedil;&atilde;o das crian&ccedil;as no munic&iacute;pio. Os livros s&atilde;o instrumentos para uma base de forma&ccedil;&atilde;o de qualidade, al&eacute;m de ser um aliado da imagina&ccedil;&atilde;o de cada crian&ccedil;a. Agrade&ccedil;o a voc&ecirc;s pelos trabalhos que v&ecirc;m desenvolvendo e lembre-se que o resultado na educa&ccedil;&atilde;o torna-se ainda mais eficaz se for desenvolvido com afetividade&#8221;, disse o prefeito &agrave;s gestoras.<\/span><\/p>\n<p style=\"text-align: justify;\"><span style=\"font-size: small;\">&#8220;Essa foi a forma que o prefeito Julio Lossio encontrou de presentear as crian&ccedil;as no seu dia, cada unidade vai receber a biblioteca infantil para o desenvolvimento das compet&ecirc;ncias e das habilidades de cada faixa et&aacute;ria. Hoje &eacute; um dia de festa para educa&ccedil;&atilde;o porque os livros s&atilde;o propositores da consolida&ccedil;&atilde;o e da efetiva&ccedil;&atilde;o da garantia de aprendizagem&#8221;, considerou a Secret&aacute;ria de Educa&ccedil;&atilde;o, C&eacute;lia Regina Carvalho.<\/span><\/p>\n<p style=\"text-align: justify;\"><span style=\"font-size: small;\">(Cintia Sacramento &#8211; Ascom Petrolina\/Foto)<\/span><\/p>\n","protected":false},"excerpt":{"rendered":"<p>O prefeito Julio Lossio entregou na manh&atilde; desta quinta-feira (13), no audit&oacute;rio do Senai, acervos de livros para a forma&ccedil;&atilde;o de bibliotecas infantis &agrave;s unidades do Programa Nova Semente. Cada unidade receber&aacute; 300 volumes com livros did&aacute;ticos indicados pelo Instituto Alfa e Beto (IAB), parceiro do programa, que produziu um guia de leitura com 600 livros que toda crian&ccedil;a precisa ter acesso antes de iniciar os estudos b&aacute;sicos. Ap&oacute;s a solenidade de entrega dos livros, o IAB ofereceu curso de capacita&ccedil;&atilde;o &agrave;s gestoras para operacionalizarem de forma eficaz os empr&eacute;stimos dos livros junto com as fam&iacute;lias das crian&ccedil;as. Com as bibliotecas, as crian&ccedil;as ter&atilde;o mais um espa&ccedil;o de aprendizagem e descobertas dentro das unidades do Programa Nova Semente. Para Luciana&hellip; <\/p>\n","protected":false},"author":0,"featured_media":0,"comment_status":"open","ping_status":"open","sticky":false,"template":"","format":"standard","meta":{"_acf_changed":false,"footnotes":""},"categories":[5],"tags":[],"class_list":["post-7454","post","type-post","status-publish","format-standard","hentry","category-seguranca"],"acf":[],"yoast_head":"<!-- This site is optimized with the Yoast SEO plugin v27.4 - https:\/\/yoast.com\/product\/yoast-seo-wordpress\/ -->\n<title>Unidades do Programa Nova Semente ter\u00e3o bibliotecas pr\u00f3prias - Blog do Farn\u00e9sio<\/title>\n<meta name=\"robots\" content=\"index, follow, max-snippet:-1, max-image-preview:large, max-video-preview:-1\" \/>\n<link rel=\"canonical\" href=\"https:\/\/blogdofarnesio.com.br\/?p=7454\" \/>\n<meta property=\"og:locale\" content=\"pt_BR\" \/>\n<meta property=\"og:type\" content=\"article\" \/>\n<meta property=\"og:title\" content=\"Unidades do Programa Nova Semente ter\u00e3o bibliotecas pr\u00f3prias - Blog do Farn\u00e9sio\" \/>\n<meta property=\"og:description\" content=\"O prefeito Julio Lossio entregou na manh&atilde; desta quinta-feira (13), no audit&oacute;rio do Senai, acervos de livros para a forma&ccedil;&atilde;o de bibliotecas infantis &agrave;s unidades do Programa Nova Semente. Cada unidade receber&aacute; 300 volumes com livros did&aacute;ticos indicados pelo Instituto Alfa e Beto (IAB), parceiro do programa, que produziu um guia de leitura com 600 livros que toda crian&ccedil;a precisa ter acesso antes de iniciar os estudos b&aacute;sicos. Ap&oacute;s a solenidade de entrega dos livros, o IAB ofereceu curso de capacita&ccedil;&atilde;o &agrave;s gestoras para operacionalizarem de forma eficaz os empr&eacute;stimos dos livros junto com as fam&iacute;lias das crian&ccedil;as. Com as bibliotecas, as crian&ccedil;as ter&atilde;o mais um espa&ccedil;o de aprendizagem e descobertas dentro das unidades do Programa Nova Semente. Para Luciana&hellip;\" \/>\n<meta property=\"og:url\" content=\"https:\/\/blogdofarnesio.com.br\/?p=7454\" \/>\n<meta property=\"og:site_name\" content=\"Blog do Farn\u00e9sio\" \/>\n<meta property=\"article:publisher\" content=\"https:\/\/www.facebook.com\/BlogQuerSaberPolitica\/\" \/>\n<meta property=\"article:published_time\" content=\"2011-10-14T10:54:15+00:00\" \/>\n<meta property=\"og:image\" content=\"http:\/\/www.quersaberpolitica.com.br\/2016\/wp-content\/uploads\/2012\/12\/blogqspnovasementeganhabiblioteca2.jpg\" \/>\n<meta name=\"twitter:card\" content=\"summary_large_image\" \/>\n<meta name=\"twitter:label1\" content=\"Est. tempo de leitura\" \/>\n\t<meta name=\"twitter:data1\" content=\"3 minutos\" \/>\n<script type=\"application\/ld+json\" class=\"yoast-schema-graph\">{\"@context\":\"https:\\\/\\\/schema.org\",\"@graph\":[{\"@type\":\"Article\",\"@id\":\"https:\\\/\\\/blogdofarnesio.com.br\\\/?p=7454#article\",\"isPartOf\":{\"@id\":\"https:\\\/\\\/blogdofarnesio.com.br\\\/?p=7454\"},\"author\":{\"name\":\"\",\"@id\":\"\"},\"headline\":\"Unidades do Programa Nova Semente ter\u00e3o bibliotecas pr\u00f3prias\",\"datePublished\":\"2011-10-14T10:54:15+00:00\",\"mainEntityOfPage\":{\"@id\":\"https:\\\/\\\/blogdofarnesio.com.br\\\/?p=7454\"},\"wordCount\":599,\"commentCount\":0,\"publisher\":{\"@id\":\"https:\\\/\\\/blogdofarnesio.com.br\\\/#organization\"},\"image\":{\"@id\":\"https:\\\/\\\/blogdofarnesio.com.br\\\/?p=7454#primaryimage\"},\"thumbnailUrl\":\"http:\\\/\\\/www.quersaberpolitica.com.br\\\/2016\\\/wp-content\\\/uploads\\\/2012\\\/12\\\/blogqspnovasementeganhabiblioteca2.jpg\",\"articleSection\":[\"Seguran\u00e7a\"],\"inLanguage\":\"pt-BR\",\"potentialAction\":[{\"@type\":\"CommentAction\",\"name\":\"Comment\",\"target\":[\"https:\\\/\\\/blogdofarnesio.com.br\\\/?p=7454#respond\"]}]},{\"@type\":\"WebPage\",\"@id\":\"https:\\\/\\\/blogdofarnesio.com.br\\\/?p=7454\",\"url\":\"https:\\\/\\\/blogdofarnesio.com.br\\\/?p=7454\",\"name\":\"Unidades do Programa Nova Semente ter\u00e3o bibliotecas pr\u00f3prias - Blog do Farn\u00e9sio\",\"isPartOf\":{\"@id\":\"https:\\\/\\\/blogdofarnesio.com.br\\\/#website\"},\"primaryImageOfPage\":{\"@id\":\"https:\\\/\\\/blogdofarnesio.com.br\\\/?p=7454#primaryimage\"},\"image\":{\"@id\":\"https:\\\/\\\/blogdofarnesio.com.br\\\/?p=7454#primaryimage\"},\"thumbnailUrl\":\"http:\\\/\\\/www.quersaberpolitica.com.br\\\/2016\\\/wp-content\\\/uploads\\\/2012\\\/12\\\/blogqspnovasementeganhabiblioteca2.jpg\",\"datePublished\":\"2011-10-14T10:54:15+00:00\",\"breadcrumb\":{\"@id\":\"https:\\\/\\\/blogdofarnesio.com.br\\\/?p=7454#breadcrumb\"},\"inLanguage\":\"pt-BR\",\"potentialAction\":[{\"@type\":\"ReadAction\",\"target\":[\"https:\\\/\\\/blogdofarnesio.com.br\\\/?p=7454\"]}]},{\"@type\":\"ImageObject\",\"inLanguage\":\"pt-BR\",\"@id\":\"https:\\\/\\\/blogdofarnesio.com.br\\\/?p=7454#primaryimage\",\"url\":\"http:\\\/\\\/www.quersaberpolitica.com.br\\\/2016\\\/wp-content\\\/uploads\\\/2012\\\/12\\\/blogqspnovasementeganhabiblioteca2.jpg\",\"contentUrl\":\"http:\\\/\\\/www.quersaberpolitica.com.br\\\/2016\\\/wp-content\\\/uploads\\\/2012\\\/12\\\/blogqspnovasementeganhabiblioteca2.jpg\"},{\"@type\":\"BreadcrumbList\",\"@id\":\"https:\\\/\\\/blogdofarnesio.com.br\\\/?p=7454#breadcrumb\",\"itemListElement\":[{\"@type\":\"ListItem\",\"position\":1,\"name\":\"In\u00edcio\",\"item\":\"https:\\\/\\\/blogdofarnesio.com.br\\\/\"},{\"@type\":\"ListItem\",\"position\":2,\"name\":\"Unidades do Programa Nova Semente ter\u00e3o bibliotecas pr\u00f3prias\"}]},{\"@type\":\"WebSite\",\"@id\":\"https:\\\/\\\/blogdofarnesio.com.br\\\/#website\",\"url\":\"https:\\\/\\\/blogdofarnesio.com.br\\\/\",\"name\":\"Blog do Farn\u00e9sio\",\"description\":\"Quer Saber Pol\u00edtica?\",\"publisher\":{\"@id\":\"https:\\\/\\\/blogdofarnesio.com.br\\\/#organization\"},\"potentialAction\":[{\"@type\":\"SearchAction\",\"target\":{\"@type\":\"EntryPoint\",\"urlTemplate\":\"https:\\\/\\\/blogdofarnesio.com.br\\\/?s={search_term_string}\"},\"query-input\":{\"@type\":\"PropertyValueSpecification\",\"valueRequired\":true,\"valueName\":\"search_term_string\"}}],\"inLanguage\":\"pt-BR\"},{\"@type\":\"Organization\",\"@id\":\"https:\\\/\\\/blogdofarnesio.com.br\\\/#organization\",\"name\":\"Blog do Farn\u00e9sio\",\"url\":\"https:\\\/\\\/blogdofarnesio.com.br\\\/\",\"logo\":{\"@type\":\"ImageObject\",\"inLanguage\":\"pt-BR\",\"@id\":\"https:\\\/\\\/blogdofarnesio.com.br\\\/#\\\/schema\\\/logo\\\/image\\\/\",\"url\":\"https:\\\/\\\/blogdofarnesio.com.br\\\/wp-content\\\/uploads\\\/2026\\\/03\\\/cropped-logo_new-1.png\",\"contentUrl\":\"https:\\\/\\\/blogdofarnesio.com.br\\\/wp-content\\\/uploads\\\/2026\\\/03\\\/cropped-logo_new-1.png\",\"width\":881,\"height\":685,\"caption\":\"Blog do Farn\u00e9sio\"},\"image\":{\"@id\":\"https:\\\/\\\/blogdofarnesio.com.br\\\/#\\\/schema\\\/logo\\\/image\\\/\"},\"sameAs\":[\"https:\\\/\\\/www.facebook.com\\\/BlogQuerSaberPolitica\\\/\"]}]}<\/script>\n<!-- \/ Yoast SEO plugin. -->","yoast_head_json":{"title":"Unidades do Programa Nova Semente ter\u00e3o bibliotecas pr\u00f3prias - Blog do Farn\u00e9sio","robots":{"index":"index","follow":"follow","max-snippet":"max-snippet:-1","max-image-preview":"max-image-preview:large","max-video-preview":"max-video-preview:-1"},"canonical":"https:\/\/blogdofarnesio.com.br\/?p=7454","og_locale":"pt_BR","og_type":"article","og_title":"Unidades do Programa Nova Semente ter\u00e3o bibliotecas pr\u00f3prias - Blog do Farn\u00e9sio","og_description":"O prefeito Julio Lossio entregou na manh&atilde; desta quinta-feira (13), no audit&oacute;rio do Senai, acervos de livros para a forma&ccedil;&atilde;o de bibliotecas infantis &agrave;s unidades do Programa Nova Semente. Cada unidade receber&aacute; 300 volumes com livros did&aacute;ticos indicados pelo Instituto Alfa e Beto (IAB), parceiro do programa, que produziu um guia de leitura com 600 livros que toda crian&ccedil;a precisa ter acesso antes de iniciar os estudos b&aacute;sicos. Ap&oacute;s a solenidade de entrega dos livros, o IAB ofereceu curso de capacita&ccedil;&atilde;o &agrave;s gestoras para operacionalizarem de forma eficaz os empr&eacute;stimos dos livros junto com as fam&iacute;lias das crian&ccedil;as. Com as bibliotecas, as crian&ccedil;as ter&atilde;o mais um espa&ccedil;o de aprendizagem e descobertas dentro das unidades do Programa Nova Semente. Para Luciana&hellip;","og_url":"https:\/\/blogdofarnesio.com.br\/?p=7454","og_site_name":"Blog do Farn\u00e9sio","article_publisher":"https:\/\/www.facebook.com\/BlogQuerSaberPolitica\/","article_published_time":"2011-10-14T10:54:15+00:00","og_image":[{"url":"http:\/\/www.quersaberpolitica.com.br\/2016\/wp-content\/uploads\/2012\/12\/blogqspnovasementeganhabiblioteca2.jpg","type":"","width":"","height":""}],"twitter_card":"summary_large_image","twitter_misc":{"Est. tempo de leitura":"3 minutos"},"schema":{"@context":"https:\/\/schema.org","@graph":[{"@type":"Article","@id":"https:\/\/blogdofarnesio.com.br\/?p=7454#article","isPartOf":{"@id":"https:\/\/blogdofarnesio.com.br\/?p=7454"},"author":{"name":"","@id":""},"headline":"Unidades do Programa Nova Semente ter\u00e3o bibliotecas pr\u00f3prias","datePublished":"2011-10-14T10:54:15+00:00","mainEntityOfPage":{"@id":"https:\/\/blogdofarnesio.com.br\/?p=7454"},"wordCount":599,"commentCount":0,"publisher":{"@id":"https:\/\/blogdofarnesio.com.br\/#organization"},"image":{"@id":"https:\/\/blogdofarnesio.com.br\/?p=7454#primaryimage"},"thumbnailUrl":"http:\/\/www.quersaberpolitica.com.br\/2016\/wp-content\/uploads\/2012\/12\/blogqspnovasementeganhabiblioteca2.jpg","articleSection":["Seguran\u00e7a"],"inLanguage":"pt-BR","potentialAction":[{"@type":"CommentAction","name":"Comment","target":["https:\/\/blogdofarnesio.com.br\/?p=7454#respond"]}]},{"@type":"WebPage","@id":"https:\/\/blogdofarnesio.com.br\/?p=7454","url":"https:\/\/blogdofarnesio.com.br\/?p=7454","name":"Unidades do Programa Nova Semente ter\u00e3o bibliotecas pr\u00f3prias - Blog do Farn\u00e9sio","isPartOf":{"@id":"https:\/\/blogdofarnesio.com.br\/#website"},"primaryImageOfPage":{"@id":"https:\/\/blogdofarnesio.com.br\/?p=7454#primaryimage"},"image":{"@id":"https:\/\/blogdofarnesio.com.br\/?p=7454#primaryimage"},"thumbnailUrl":"http:\/\/www.quersaberpolitica.com.br\/2016\/wp-content\/uploads\/2012\/12\/blogqspnovasementeganhabiblioteca2.jpg","datePublished":"2011-10-14T10:54:15+00:00","breadcrumb":{"@id":"https:\/\/blogdofarnesio.com.br\/?p=7454#breadcrumb"},"inLanguage":"pt-BR","potentialAction":[{"@type":"ReadAction","target":["https:\/\/blogdofarnesio.com.br\/?p=7454"]}]},{"@type":"ImageObject","inLanguage":"pt-BR","@id":"https:\/\/blogdofarnesio.com.br\/?p=7454#primaryimage","url":"http:\/\/www.quersaberpolitica.com.br\/2016\/wp-content\/uploads\/2012\/12\/blogqspnovasementeganhabiblioteca2.jpg","contentUrl":"http:\/\/www.quersaberpolitica.com.br\/2016\/wp-content\/uploads\/2012\/12\/blogqspnovasementeganhabiblioteca2.jpg"},{"@type":"BreadcrumbList","@id":"https:\/\/blogdofarnesio.com.br\/?p=7454#breadcrumb","itemListElement":[{"@type":"ListItem","position":1,"name":"In\u00edcio","item":"https:\/\/blogdofarnesio.com.br\/"},{"@type":"ListItem","position":2,"name":"Unidades do Programa Nova Semente ter\u00e3o bibliotecas pr\u00f3prias"}]},{"@type":"WebSite","@id":"https:\/\/blogdofarnesio.com.br\/#website","url":"https:\/\/blogdofarnesio.com.br\/","name":"Blog do Farn\u00e9sio","description":"Quer Saber Pol\u00edtica?","publisher":{"@id":"https:\/\/blogdofarnesio.com.br\/#organization"},"potentialAction":[{"@type":"SearchAction","target":{"@type":"EntryPoint","urlTemplate":"https:\/\/blogdofarnesio.com.br\/?s={search_term_string}"},"query-input":{"@type":"PropertyValueSpecification","valueRequired":true,"valueName":"search_term_string"}}],"inLanguage":"pt-BR"},{"@type":"Organization","@id":"https:\/\/blogdofarnesio.com.br\/#organization","name":"Blog do Farn\u00e9sio","url":"https:\/\/blogdofarnesio.com.br\/","logo":{"@type":"ImageObject","inLanguage":"pt-BR","@id":"https:\/\/blogdofarnesio.com.br\/#\/schema\/logo\/image\/","url":"https:\/\/blogdofarnesio.com.br\/wp-content\/uploads\/2026\/03\/cropped-logo_new-1.png","contentUrl":"https:\/\/blogdofarnesio.com.br\/wp-content\/uploads\/2026\/03\/cropped-logo_new-1.png","width":881,"height":685,"caption":"Blog do Farn\u00e9sio"},"image":{"@id":"https:\/\/blogdofarnesio.com.br\/#\/schema\/logo\/image\/"},"sameAs":["https:\/\/www.facebook.com\/BlogQuerSaberPolitica\/"]}]}},"_links":{"self":[{"href":"https:\/\/blogdofarnesio.com.br\/index.php?rest_route=\/wp\/v2\/posts\/7454","targetHints":{"allow":["GET"]}}],"collection":[{"href":"https:\/\/blogdofarnesio.com.br\/index.php?rest_route=\/wp\/v2\/posts"}],"about":[{"href":"https:\/\/blogdofarnesio.com.br\/index.php?rest_route=\/wp\/v2\/types\/post"}],"replies":[{"embeddable":true,"href":"https:\/\/blogdofarnesio.com.br\/index.php?rest_route=%2Fwp%2Fv2%2Fcomments&post=7454"}],"version-history":[{"count":0,"href":"https:\/\/blogdofarnesio.com.br\/index.php?rest_route=\/wp\/v2\/posts\/7454\/revisions"}],"wp:attachment":[{"href":"https:\/\/blogdofarnesio.com.br\/index.php?rest_route=%2Fwp%2Fv2%2Fmedia&parent=7454"}],"wp:term":[{"taxonomy":"category","embeddable":true,"href":"https:\/\/blogdofarnesio.com.br\/index.php?rest_route=%2Fwp%2Fv2%2Fcategories&post=7454"},{"taxonomy":"post_tag","embeddable":true,"href":"https:\/\/blogdofarnesio.com.br\/index.php?rest_route=%2Fwp%2Fv2%2Ftags&post=7454"}],"curies":[{"name":"wp","href":"https:\/\/api.w.org\/{rel}","templated":true}]}}