{"id":74499,"date":"2014-02-26T15:23:39","date_gmt":"2014-02-26T18:23:39","guid":{"rendered":"http:\/\/www.quersaberpolitica.com.br\/?p=74499"},"modified":"2014-02-26T13:00:46","modified_gmt":"2014-02-26T16:00:46","slug":"realizada-reuniao-que-discuitiu-o-xxiv-campeonato-de-futebol-inter-distrital","status":"publish","type":"post","link":"https:\/\/blogdofarnesio.com.br\/?p=74499","title":{"rendered":"REALIZADA REUNI\u00c3O QUE DISCUITIU O XXIV CAMPEONATO DE FUTEBOL INTER DISTRITAL"},"content":{"rendered":"<p style=\"text-align: justify\"><a href=\"http:\/\/www.quersaberpolitica.com.br\/2016\/wp-content\/uploads\/2014\/02\/DSC0298.jpg\"><img loading=\"lazy\" decoding=\"async\" class=\"alignleft size-medium wp-image-74500\" alt=\"blogqspiterdistrital\" src=\"http:\/\/www.quersaberpolitica.com.br\/2016\/wp-content\/uploads\/2014\/02\/DSC0298-300x199.jpg\" width=\"300\" height=\"199\" srcset=\"https:\/\/blogdofarnesio.com.br\/wp-content\/uploads\/2014\/02\/DSC0298-300x199.jpg 300w, https:\/\/blogdofarnesio.com.br\/wp-content\/uploads\/2014\/02\/DSC0298.jpg 400w\" sizes=\"auto, (max-width: 300px) 100vw, 300px\" \/><\/a>Nesta ter\u00e7a-feira, 25, na sala de reuni\u00e3o da Superintend\u00eancia de Esportes do Munic\u00edpio, aconteceu uma reuni\u00e3o para falar sobre a XXIV Edi\u00e7\u00e3o do Campeonato de Futebol Inter Distrital.<\/p>\n<p style=\"text-align: justify\">A reuni\u00e3o contou com a presen\u00e7a do Superintendente de Esportes, Gilberto Pacheco; dos Coordenadores de Esportes, Cristiano Dias, Disney Alves e Frederico Miranda e dos representantes dos distritos de Carna\u00edba, Junco, Juremal, Itamotinga, Massaroca, Mani\u00e7oba e Pinh\u00f5es.<\/p>\n<p style=\"text-align: justify\">De acordo com o Superintende de Esportes, foi discutido regulamento, tabelas, responsabilidades financeiras e ajustes do local onde acontecer\u00e3o os jogos. \u201cFoi aprovado o regulamento pelas equipes e n\u00f3s j\u00e1 apresentamos a tabela do campeonato.\u201d, disse.<!--more--><\/p>\n<p style=\"text-align: justify\">A abertura do campeonato ser\u00e1 dia 30 de Mar\u00e7o e vai at\u00e9 o dia 01 de Junho, no Distrito de Mani\u00e7oba, com quatro jogos. Vale ressaltar que apenas na rodada inicial os jogos ser\u00e3o realizados em Mani\u00e7oba. As outras rodadas ocorrer\u00e3o em cada distrito mandante do seu jogo.<\/p>\n<p style=\"text-align: justify\">Antes da rodada inicial, acontecer\u00e1 uma \u00faltima reuni\u00e3o, dia 18 de Mar\u00e7o. Veja abaixo a tabela da primeira rodada.<\/p>\n<p style=\"text-align: justify\">08h30 \u2013 Mani\u00e7oba\u00a0\u00a0x\u00a0\u00a0\u00a0Junco<\/p>\n<p style=\"text-align: justify\">10h30- Ab\u00f3bora\u00a0\u00a0x\u00a0\u00a0Massaroca<\/p>\n<p style=\"text-align: justify\">13h30- Carna\u00edba\u00a0\u00a0x\u00a0\u00a0Itamotinga<\/p>\n<p style=\"text-align: justify\">15h30 \u2013 Juremal\u00a0\u00a0x\u00a0\u00a0Pinh\u00f5es<\/p>\n","protected":false},"excerpt":{"rendered":"<p>Nesta ter\u00e7a-feira, 25, na sala de reuni\u00e3o da Superintend\u00eancia de Esportes do Munic\u00edpio, aconteceu uma reuni\u00e3o para falar sobre a XXIV Edi\u00e7\u00e3o do Campeonato de Futebol Inter Distrital. A reuni\u00e3o contou com a presen\u00e7a do Superintendente de Esportes, Gilberto Pacheco; dos Coordenadores de Esportes, Cristiano Dias, Disney Alves e Frederico Miranda e dos representantes dos distritos de Carna\u00edba, Junco, Juremal, Itamotinga, Massaroca, Mani\u00e7oba e Pinh\u00f5es. De acordo com o Superintende de Esportes, foi discutido regulamento, tabelas, responsabilidades financeiras e ajustes do local onde acontecer\u00e3o os jogos. \u201cFoi aprovado o regulamento pelas equipes e n\u00f3s j\u00e1 apresentamos a tabela do campeonato.\u201d, disse.<\/p>\n","protected":false},"author":3,"featured_media":0,"comment_status":"open","ping_status":"open","sticky":false,"template":"","format":"standard","meta":{"_acf_changed":false,"footnotes":""},"categories":[8],"tags":[],"class_list":["post-74499","post","type-post","status-publish","format-standard","hentry","category-esportes"],"acf":[],"yoast_head":"<!-- This site is optimized with the Yoast SEO plugin v27.4 - https:\/\/yoast.com\/product\/yoast-seo-wordpress\/ -->\n<title>REALIZADA REUNI\u00c3O QUE DISCUITIU O XXIV CAMPEONATO DE FUTEBOL INTER DISTRITAL - Blog do Farn\u00e9sio<\/title>\n<meta name=\"robots\" content=\"index, follow, max-snippet:-1, max-image-preview:large, max-video-preview:-1\" \/>\n<link rel=\"canonical\" href=\"https:\/\/blogdofarnesio.com.br\/?p=74499\" \/>\n<meta property=\"og:locale\" content=\"pt_BR\" \/>\n<meta property=\"og:type\" content=\"article\" \/>\n<meta property=\"og:title\" content=\"REALIZADA REUNI\u00c3O QUE DISCUITIU O XXIV CAMPEONATO DE FUTEBOL INTER DISTRITAL - Blog do Farn\u00e9sio\" \/>\n<meta property=\"og:description\" content=\"Nesta ter\u00e7a-feira, 25, na sala de reuni\u00e3o da Superintend\u00eancia de Esportes do Munic\u00edpio, aconteceu uma reuni\u00e3o para falar sobre a XXIV Edi\u00e7\u00e3o do Campeonato de Futebol Inter Distrital. A reuni\u00e3o contou com a presen\u00e7a do Superintendente de Esportes, Gilberto Pacheco; dos Coordenadores de Esportes, Cristiano Dias, Disney Alves e Frederico Miranda e dos representantes dos distritos de Carna\u00edba, Junco, Juremal, Itamotinga, Massaroca, Mani\u00e7oba e Pinh\u00f5es. De acordo com o Superintende de Esportes, foi discutido regulamento, tabelas, responsabilidades financeiras e ajustes do local onde acontecer\u00e3o os jogos. \u201cFoi aprovado o regulamento pelas equipes e n\u00f3s j\u00e1 apresentamos a tabela do campeonato.\u201d, disse.\" \/>\n<meta property=\"og:url\" content=\"https:\/\/blogdofarnesio.com.br\/?p=74499\" \/>\n<meta property=\"og:site_name\" content=\"Blog do Farn\u00e9sio\" \/>\n<meta property=\"article:publisher\" content=\"https:\/\/www.facebook.com\/BlogQuerSaberPolitica\/\" \/>\n<meta property=\"article:published_time\" content=\"2014-02-26T18:23:39+00:00\" \/>\n<meta property=\"og:image\" content=\"http:\/\/www.quersaberpolitica.com.br\/2016\/wp-content\/uploads\/2014\/02\/DSC0298-300x199.jpg\" \/>\n<meta name=\"author\" content=\"teste\" \/>\n<meta name=\"twitter:card\" content=\"summary_large_image\" \/>\n<meta name=\"twitter:label1\" content=\"Escrito por\" \/>\n\t<meta name=\"twitter:data1\" content=\"teste\" \/>\n\t<meta name=\"twitter:label2\" content=\"Est. tempo de leitura\" \/>\n\t<meta name=\"twitter:data2\" content=\"1 minuto\" \/>\n<script type=\"application\/ld+json\" class=\"yoast-schema-graph\">{\"@context\":\"https:\\\/\\\/schema.org\",\"@graph\":[{\"@type\":\"Article\",\"@id\":\"https:\\\/\\\/blogdofarnesio.com.br\\\/?p=74499#article\",\"isPartOf\":{\"@id\":\"https:\\\/\\\/blogdofarnesio.com.br\\\/?p=74499\"},\"author\":{\"name\":\"teste\",\"@id\":\"https:\\\/\\\/blogdofarnesio.com.br\\\/#\\\/schema\\\/person\\\/dd1bf5eba40b687199ba45ca6b97dff9\"},\"headline\":\"REALIZADA REUNI\u00c3O QUE DISCUITIU O XXIV CAMPEONATO DE FUTEBOL INTER DISTRITAL\",\"datePublished\":\"2014-02-26T18:23:39+00:00\",\"mainEntityOfPage\":{\"@id\":\"https:\\\/\\\/blogdofarnesio.com.br\\\/?p=74499\"},\"wordCount\":218,\"commentCount\":0,\"publisher\":{\"@id\":\"https:\\\/\\\/blogdofarnesio.com.br\\\/#organization\"},\"image\":{\"@id\":\"https:\\\/\\\/blogdofarnesio.com.br\\\/?p=74499#primaryimage\"},\"thumbnailUrl\":\"http:\\\/\\\/www.quersaberpolitica.com.br\\\/2016\\\/wp-content\\\/uploads\\\/2014\\\/02\\\/DSC0298-300x199.jpg\",\"articleSection\":[\"Esportes\"],\"inLanguage\":\"pt-BR\",\"potentialAction\":[{\"@type\":\"CommentAction\",\"name\":\"Comment\",\"target\":[\"https:\\\/\\\/blogdofarnesio.com.br\\\/?p=74499#respond\"]}]},{\"@type\":\"WebPage\",\"@id\":\"https:\\\/\\\/blogdofarnesio.com.br\\\/?p=74499\",\"url\":\"https:\\\/\\\/blogdofarnesio.com.br\\\/?p=74499\",\"name\":\"REALIZADA REUNI\u00c3O QUE DISCUITIU O XXIV CAMPEONATO DE FUTEBOL INTER DISTRITAL - Blog do Farn\u00e9sio\",\"isPartOf\":{\"@id\":\"https:\\\/\\\/blogdofarnesio.com.br\\\/#website\"},\"primaryImageOfPage\":{\"@id\":\"https:\\\/\\\/blogdofarnesio.com.br\\\/?p=74499#primaryimage\"},\"image\":{\"@id\":\"https:\\\/\\\/blogdofarnesio.com.br\\\/?p=74499#primaryimage\"},\"thumbnailUrl\":\"http:\\\/\\\/www.quersaberpolitica.com.br\\\/2016\\\/wp-content\\\/uploads\\\/2014\\\/02\\\/DSC0298-300x199.jpg\",\"datePublished\":\"2014-02-26T18:23:39+00:00\",\"breadcrumb\":{\"@id\":\"https:\\\/\\\/blogdofarnesio.com.br\\\/?p=74499#breadcrumb\"},\"inLanguage\":\"pt-BR\",\"potentialAction\":[{\"@type\":\"ReadAction\",\"target\":[\"https:\\\/\\\/blogdofarnesio.com.br\\\/?p=74499\"]}]},{\"@type\":\"ImageObject\",\"inLanguage\":\"pt-BR\",\"@id\":\"https:\\\/\\\/blogdofarnesio.com.br\\\/?p=74499#primaryimage\",\"url\":\"http:\\\/\\\/www.quersaberpolitica.com.br\\\/2016\\\/wp-content\\\/uploads\\\/2014\\\/02\\\/DSC0298-300x199.jpg\",\"contentUrl\":\"http:\\\/\\\/www.quersaberpolitica.com.br\\\/2016\\\/wp-content\\\/uploads\\\/2014\\\/02\\\/DSC0298-300x199.jpg\"},{\"@type\":\"BreadcrumbList\",\"@id\":\"https:\\\/\\\/blogdofarnesio.com.br\\\/?p=74499#breadcrumb\",\"itemListElement\":[{\"@type\":\"ListItem\",\"position\":1,\"name\":\"In\u00edcio\",\"item\":\"https:\\\/\\\/blogdofarnesio.com.br\\\/\"},{\"@type\":\"ListItem\",\"position\":2,\"name\":\"REALIZADA REUNI\u00c3O QUE DISCUITIU O XXIV CAMPEONATO DE FUTEBOL INTER DISTRITAL\"}]},{\"@type\":\"WebSite\",\"@id\":\"https:\\\/\\\/blogdofarnesio.com.br\\\/#website\",\"url\":\"https:\\\/\\\/blogdofarnesio.com.br\\\/\",\"name\":\"Blog do Farn\u00e9sio\",\"description\":\"Quer Saber Pol\u00edtica?\",\"publisher\":{\"@id\":\"https:\\\/\\\/blogdofarnesio.com.br\\\/#organization\"},\"potentialAction\":[{\"@type\":\"SearchAction\",\"target\":{\"@type\":\"EntryPoint\",\"urlTemplate\":\"https:\\\/\\\/blogdofarnesio.com.br\\\/?s={search_term_string}\"},\"query-input\":{\"@type\":\"PropertyValueSpecification\",\"valueRequired\":true,\"valueName\":\"search_term_string\"}}],\"inLanguage\":\"pt-BR\"},{\"@type\":\"Organization\",\"@id\":\"https:\\\/\\\/blogdofarnesio.com.br\\\/#organization\",\"name\":\"Blog do Farn\u00e9sio\",\"url\":\"https:\\\/\\\/blogdofarnesio.com.br\\\/\",\"logo\":{\"@type\":\"ImageObject\",\"inLanguage\":\"pt-BR\",\"@id\":\"https:\\\/\\\/blogdofarnesio.com.br\\\/#\\\/schema\\\/logo\\\/image\\\/\",\"url\":\"https:\\\/\\\/blogdofarnesio.com.br\\\/wp-content\\\/uploads\\\/2026\\\/03\\\/cropped-logo_new-1.png\",\"contentUrl\":\"https:\\\/\\\/blogdofarnesio.com.br\\\/wp-content\\\/uploads\\\/2026\\\/03\\\/cropped-logo_new-1.png\",\"width\":881,\"height\":685,\"caption\":\"Blog do Farn\u00e9sio\"},\"image\":{\"@id\":\"https:\\\/\\\/blogdofarnesio.com.br\\\/#\\\/schema\\\/logo\\\/image\\\/\"},\"sameAs\":[\"https:\\\/\\\/www.facebook.com\\\/BlogQuerSaberPolitica\\\/\"]},{\"@type\":\"Person\",\"@id\":\"https:\\\/\\\/blogdofarnesio.com.br\\\/#\\\/schema\\\/person\\\/dd1bf5eba40b687199ba45ca6b97dff9\",\"name\":\"teste\",\"image\":{\"@type\":\"ImageObject\",\"inLanguage\":\"pt-BR\",\"@id\":\"https:\\\/\\\/secure.gravatar.com\\\/avatar\\\/2172498d4914b51e1d89a0f97957b035ac4938723a5cac208135d389b6972a6d?s=96&d=mm&r=g\",\"url\":\"https:\\\/\\\/secure.gravatar.com\\\/avatar\\\/2172498d4914b51e1d89a0f97957b035ac4938723a5cac208135d389b6972a6d?s=96&d=mm&r=g\",\"contentUrl\":\"https:\\\/\\\/secure.gravatar.com\\\/avatar\\\/2172498d4914b51e1d89a0f97957b035ac4938723a5cac208135d389b6972a6d?s=96&d=mm&r=g\",\"caption\":\"teste\"},\"url\":\"https:\\\/\\\/blogdofarnesio.com.br\\\/?author=3\"}]}<\/script>\n<!-- \/ Yoast SEO plugin. -->","yoast_head_json":{"title":"REALIZADA REUNI\u00c3O QUE DISCUITIU O XXIV CAMPEONATO DE FUTEBOL INTER DISTRITAL - Blog do Farn\u00e9sio","robots":{"index":"index","follow":"follow","max-snippet":"max-snippet:-1","max-image-preview":"max-image-preview:large","max-video-preview":"max-video-preview:-1"},"canonical":"https:\/\/blogdofarnesio.com.br\/?p=74499","og_locale":"pt_BR","og_type":"article","og_title":"REALIZADA REUNI\u00c3O QUE DISCUITIU O XXIV CAMPEONATO DE FUTEBOL INTER DISTRITAL - Blog do Farn\u00e9sio","og_description":"Nesta ter\u00e7a-feira, 25, na sala de reuni\u00e3o da Superintend\u00eancia de Esportes do Munic\u00edpio, aconteceu uma reuni\u00e3o para falar sobre a XXIV Edi\u00e7\u00e3o do Campeonato de Futebol Inter Distrital. A reuni\u00e3o contou com a presen\u00e7a do Superintendente de Esportes, Gilberto Pacheco; dos Coordenadores de Esportes, Cristiano Dias, Disney Alves e Frederico Miranda e dos representantes dos distritos de Carna\u00edba, Junco, Juremal, Itamotinga, Massaroca, Mani\u00e7oba e Pinh\u00f5es. De acordo com o Superintende de Esportes, foi discutido regulamento, tabelas, responsabilidades financeiras e ajustes do local onde acontecer\u00e3o os jogos. \u201cFoi aprovado o regulamento pelas equipes e n\u00f3s j\u00e1 apresentamos a tabela do campeonato.\u201d, disse.","og_url":"https:\/\/blogdofarnesio.com.br\/?p=74499","og_site_name":"Blog do Farn\u00e9sio","article_publisher":"https:\/\/www.facebook.com\/BlogQuerSaberPolitica\/","article_published_time":"2014-02-26T18:23:39+00:00","og_image":[{"url":"http:\/\/www.quersaberpolitica.com.br\/2016\/wp-content\/uploads\/2014\/02\/DSC0298-300x199.jpg","type":"","width":"","height":""}],"author":"teste","twitter_card":"summary_large_image","twitter_misc":{"Escrito por":"teste","Est. tempo de leitura":"1 minuto"},"schema":{"@context":"https:\/\/schema.org","@graph":[{"@type":"Article","@id":"https:\/\/blogdofarnesio.com.br\/?p=74499#article","isPartOf":{"@id":"https:\/\/blogdofarnesio.com.br\/?p=74499"},"author":{"name":"teste","@id":"https:\/\/blogdofarnesio.com.br\/#\/schema\/person\/dd1bf5eba40b687199ba45ca6b97dff9"},"headline":"REALIZADA REUNI\u00c3O QUE DISCUITIU O XXIV CAMPEONATO DE FUTEBOL INTER DISTRITAL","datePublished":"2014-02-26T18:23:39+00:00","mainEntityOfPage":{"@id":"https:\/\/blogdofarnesio.com.br\/?p=74499"},"wordCount":218,"commentCount":0,"publisher":{"@id":"https:\/\/blogdofarnesio.com.br\/#organization"},"image":{"@id":"https:\/\/blogdofarnesio.com.br\/?p=74499#primaryimage"},"thumbnailUrl":"http:\/\/www.quersaberpolitica.com.br\/2016\/wp-content\/uploads\/2014\/02\/DSC0298-300x199.jpg","articleSection":["Esportes"],"inLanguage":"pt-BR","potentialAction":[{"@type":"CommentAction","name":"Comment","target":["https:\/\/blogdofarnesio.com.br\/?p=74499#respond"]}]},{"@type":"WebPage","@id":"https:\/\/blogdofarnesio.com.br\/?p=74499","url":"https:\/\/blogdofarnesio.com.br\/?p=74499","name":"REALIZADA REUNI\u00c3O QUE DISCUITIU O XXIV CAMPEONATO DE FUTEBOL INTER DISTRITAL - Blog do Farn\u00e9sio","isPartOf":{"@id":"https:\/\/blogdofarnesio.com.br\/#website"},"primaryImageOfPage":{"@id":"https:\/\/blogdofarnesio.com.br\/?p=74499#primaryimage"},"image":{"@id":"https:\/\/blogdofarnesio.com.br\/?p=74499#primaryimage"},"thumbnailUrl":"http:\/\/www.quersaberpolitica.com.br\/2016\/wp-content\/uploads\/2014\/02\/DSC0298-300x199.jpg","datePublished":"2014-02-26T18:23:39+00:00","breadcrumb":{"@id":"https:\/\/blogdofarnesio.com.br\/?p=74499#breadcrumb"},"inLanguage":"pt-BR","potentialAction":[{"@type":"ReadAction","target":["https:\/\/blogdofarnesio.com.br\/?p=74499"]}]},{"@type":"ImageObject","inLanguage":"pt-BR","@id":"https:\/\/blogdofarnesio.com.br\/?p=74499#primaryimage","url":"http:\/\/www.quersaberpolitica.com.br\/2016\/wp-content\/uploads\/2014\/02\/DSC0298-300x199.jpg","contentUrl":"http:\/\/www.quersaberpolitica.com.br\/2016\/wp-content\/uploads\/2014\/02\/DSC0298-300x199.jpg"},{"@type":"BreadcrumbList","@id":"https:\/\/blogdofarnesio.com.br\/?p=74499#breadcrumb","itemListElement":[{"@type":"ListItem","position":1,"name":"In\u00edcio","item":"https:\/\/blogdofarnesio.com.br\/"},{"@type":"ListItem","position":2,"name":"REALIZADA REUNI\u00c3O QUE DISCUITIU O XXIV CAMPEONATO DE FUTEBOL INTER DISTRITAL"}]},{"@type":"WebSite","@id":"https:\/\/blogdofarnesio.com.br\/#website","url":"https:\/\/blogdofarnesio.com.br\/","name":"Blog do Farn\u00e9sio","description":"Quer Saber Pol\u00edtica?","publisher":{"@id":"https:\/\/blogdofarnesio.com.br\/#organization"},"potentialAction":[{"@type":"SearchAction","target":{"@type":"EntryPoint","urlTemplate":"https:\/\/blogdofarnesio.com.br\/?s={search_term_string}"},"query-input":{"@type":"PropertyValueSpecification","valueRequired":true,"valueName":"search_term_string"}}],"inLanguage":"pt-BR"},{"@type":"Organization","@id":"https:\/\/blogdofarnesio.com.br\/#organization","name":"Blog do Farn\u00e9sio","url":"https:\/\/blogdofarnesio.com.br\/","logo":{"@type":"ImageObject","inLanguage":"pt-BR","@id":"https:\/\/blogdofarnesio.com.br\/#\/schema\/logo\/image\/","url":"https:\/\/blogdofarnesio.com.br\/wp-content\/uploads\/2026\/03\/cropped-logo_new-1.png","contentUrl":"https:\/\/blogdofarnesio.com.br\/wp-content\/uploads\/2026\/03\/cropped-logo_new-1.png","width":881,"height":685,"caption":"Blog do Farn\u00e9sio"},"image":{"@id":"https:\/\/blogdofarnesio.com.br\/#\/schema\/logo\/image\/"},"sameAs":["https:\/\/www.facebook.com\/BlogQuerSaberPolitica\/"]},{"@type":"Person","@id":"https:\/\/blogdofarnesio.com.br\/#\/schema\/person\/dd1bf5eba40b687199ba45ca6b97dff9","name":"teste","image":{"@type":"ImageObject","inLanguage":"pt-BR","@id":"https:\/\/secure.gravatar.com\/avatar\/2172498d4914b51e1d89a0f97957b035ac4938723a5cac208135d389b6972a6d?s=96&d=mm&r=g","url":"https:\/\/secure.gravatar.com\/avatar\/2172498d4914b51e1d89a0f97957b035ac4938723a5cac208135d389b6972a6d?s=96&d=mm&r=g","contentUrl":"https:\/\/secure.gravatar.com\/avatar\/2172498d4914b51e1d89a0f97957b035ac4938723a5cac208135d389b6972a6d?s=96&d=mm&r=g","caption":"teste"},"url":"https:\/\/blogdofarnesio.com.br\/?author=3"}]}},"_links":{"self":[{"href":"https:\/\/blogdofarnesio.com.br\/index.php?rest_route=\/wp\/v2\/posts\/74499","targetHints":{"allow":["GET"]}}],"collection":[{"href":"https:\/\/blogdofarnesio.com.br\/index.php?rest_route=\/wp\/v2\/posts"}],"about":[{"href":"https:\/\/blogdofarnesio.com.br\/index.php?rest_route=\/wp\/v2\/types\/post"}],"author":[{"embeddable":true,"href":"https:\/\/blogdofarnesio.com.br\/index.php?rest_route=\/wp\/v2\/users\/3"}],"replies":[{"embeddable":true,"href":"https:\/\/blogdofarnesio.com.br\/index.php?rest_route=%2Fwp%2Fv2%2Fcomments&post=74499"}],"version-history":[{"count":0,"href":"https:\/\/blogdofarnesio.com.br\/index.php?rest_route=\/wp\/v2\/posts\/74499\/revisions"}],"wp:attachment":[{"href":"https:\/\/blogdofarnesio.com.br\/index.php?rest_route=%2Fwp%2Fv2%2Fmedia&parent=74499"}],"wp:term":[{"taxonomy":"category","embeddable":true,"href":"https:\/\/blogdofarnesio.com.br\/index.php?rest_route=%2Fwp%2Fv2%2Fcategories&post=74499"},{"taxonomy":"post_tag","embeddable":true,"href":"https:\/\/blogdofarnesio.com.br\/index.php?rest_route=%2Fwp%2Fv2%2Ftags&post=74499"}],"curies":[{"name":"wp","href":"https:\/\/api.w.org\/{rel}","templated":true}]}}