{"id":74490,"date":"2014-02-26T15:01:34","date_gmt":"2014-02-26T18:01:34","guid":{"rendered":"http:\/\/www.quersaberpolitica.com.br\/?p=74490"},"modified":"2014-02-26T13:02:31","modified_gmt":"2014-02-26T16:02:31","slug":"univasf-lanca-novo-edital-de-concurso-para-professores-inscricoes-vao-ate-1403","status":"publish","type":"post","link":"https:\/\/blogdofarnesio.com.br\/2014\/02\/univasf-lanca-novo-edital-de-concurso-para-professores-inscricoes-vao-ate-1403\/","title":{"rendered":"UNIVASF LAN\u00c7A NOVO EDITAL DE CONCURSO PARA PROFESSORES. INSCRI\u00c7\u00d5ES V\u00c3O AT\u00c9 14\/03"},"content":{"rendered":"<p style=\"text-align: justify\"><a href=\"http:\/\/www.quersaberpolitica.com.br\/2016\/wp-content\/uploads\/2012\/12\/blogqsp.univasf.jpg\"><img loading=\"lazy\" decoding=\"async\" class=\"alignleft size-medium wp-image-20760\" alt=\"blogqsp.univasf\" src=\"http:\/\/www.quersaberpolitica.com.br\/2016\/wp-content\/uploads\/2012\/12\/blogqsp.univasf-300x225.jpg\" width=\"300\" height=\"225\" srcset=\"https:\/\/blogdofarnesio.com.br\/wp-content\/uploads\/2012\/12\/blogqsp.univasf-300x225.jpg 300w, https:\/\/blogdofarnesio.com.br\/wp-content\/uploads\/2012\/12\/blogqsp.univasf-1024x768.jpg 1024w, https:\/\/blogdofarnesio.com.br\/wp-content\/uploads\/2012\/12\/blogqsp.univasf-400x300.jpg 400w\" sizes=\"auto, (max-width: 300px) 100vw, 300px\" \/><\/a>A Universidade Federal do Vale do S\u00e3o Francisco (Univasf) est\u00e1 com inscri\u00e7\u00f5es abertas, at\u00e9 14 de mar\u00e7o, para concurso p\u00fablico que visa \u00e0 sele\u00e7\u00e3o de seis professores efetivos para os campi de Petrolina (PE) Juazeiro (BA) e S\u00e3o Raimundo Nonato (PI) para as seguintes \u00e1reas de conhecimento: Topografia; Gin\u00e1stica Art\u00edstica e Gin\u00e1stica R\u00edtmica, Instrumenta\u00e7\u00e3o Industrial; F\u00edsica\/Matem\u00e1tica; Patologia M\u00e9dica e Gen\u00e9tica M\u00e9dica; Matem\u00e1tica.<\/p>\n<p style=\"text-align: justify\">A data prov\u00e1vel da prova escrita \u00e9 8 de abril. As demais etapas de avalia\u00e7\u00e3o, que incluem provas de aptid\u00e3o did\u00e1tica, defesa de memorial e de t\u00edtulos ainda ser\u00e3o divulgadas. O cronograma e normas do concurso constam no Edital 17\/2014 e respectivos anexos. Acesse Aqui.<\/p>\n<p><strong>Ascom<\/strong><\/p>\n","protected":false},"excerpt":{"rendered":"<p>A Universidade Federal do Vale do S\u00e3o Francisco (Univasf) est\u00e1 com inscri\u00e7\u00f5es abertas, at\u00e9 14 de mar\u00e7o, para concurso p\u00fablico que visa \u00e0 sele\u00e7\u00e3o de seis professores efetivos para os campi de Petrolina (PE) Juazeiro (BA) e S\u00e3o Raimundo Nonato (PI) para as seguintes \u00e1reas de conhecimento: Topografia; Gin\u00e1stica Art\u00edstica e Gin\u00e1stica R\u00edtmica, Instrumenta\u00e7\u00e3o Industrial; F\u00edsica\/Matem\u00e1tica; Patologia M\u00e9dica e Gen\u00e9tica M\u00e9dica; Matem\u00e1tica. A data prov\u00e1vel da prova escrita \u00e9 8 de abril. As demais etapas de avalia\u00e7\u00e3o, que incluem provas de aptid\u00e3o did\u00e1tica, defesa de memorial e de t\u00edtulos ainda ser\u00e3o divulgadas. O cronograma e normas do concurso constam no Edital 17\/2014 e respectivos anexos. Acesse Aqui. Ascom<\/p>\n","protected":false},"author":3,"featured_media":0,"comment_status":"open","ping_status":"open","sticky":false,"template":"","format":"standard","meta":{"_acf_changed":false,"footnotes":""},"categories":[31],"tags":[],"class_list":["post-74490","post","type-post","status-publish","format-standard","hentry","category-concursos"],"acf":[],"yoast_head":"<!-- This site is optimized with the Yoast SEO plugin v27.5 - https:\/\/yoast.com\/product\/yoast-seo-wordpress\/ -->\n<title>UNIVASF LAN\u00c7A NOVO EDITAL DE CONCURSO PARA PROFESSORES. INSCRI\u00c7\u00d5ES V\u00c3O AT\u00c9 14\/03 - Blog do Farn\u00e9sio<\/title>\n<meta name=\"robots\" content=\"index, follow, max-snippet:-1, max-image-preview:large, max-video-preview:-1\" \/>\n<link rel=\"canonical\" href=\"https:\/\/blogdofarnesio.com.br\/2014\/02\/univasf-lanca-novo-edital-de-concurso-para-professores-inscricoes-vao-ate-1403\/\" \/>\n<meta property=\"og:locale\" content=\"pt_BR\" \/>\n<meta property=\"og:type\" content=\"article\" \/>\n<meta property=\"og:title\" content=\"UNIVASF LAN\u00c7A NOVO EDITAL DE CONCURSO PARA PROFESSORES. INSCRI\u00c7\u00d5ES V\u00c3O AT\u00c9 14\/03 - Blog do Farn\u00e9sio\" \/>\n<meta property=\"og:description\" content=\"A Universidade Federal do Vale do S\u00e3o Francisco (Univasf) est\u00e1 com inscri\u00e7\u00f5es abertas, at\u00e9 14 de mar\u00e7o, para concurso p\u00fablico que visa \u00e0 sele\u00e7\u00e3o de seis professores efetivos para os campi de Petrolina (PE) Juazeiro (BA) e S\u00e3o Raimundo Nonato (PI) para as seguintes \u00e1reas de conhecimento: Topografia; Gin\u00e1stica Art\u00edstica e Gin\u00e1stica R\u00edtmica, Instrumenta\u00e7\u00e3o Industrial; F\u00edsica\/Matem\u00e1tica; Patologia M\u00e9dica e Gen\u00e9tica M\u00e9dica; Matem\u00e1tica. A data prov\u00e1vel da prova escrita \u00e9 8 de abril. As demais etapas de avalia\u00e7\u00e3o, que incluem provas de aptid\u00e3o did\u00e1tica, defesa de memorial e de t\u00edtulos ainda ser\u00e3o divulgadas. O cronograma e normas do concurso constam no Edital 17\/2014 e respectivos anexos. Acesse Aqui. Ascom\" \/>\n<meta property=\"og:url\" content=\"https:\/\/blogdofarnesio.com.br\/2014\/02\/univasf-lanca-novo-edital-de-concurso-para-professores-inscricoes-vao-ate-1403\/\" \/>\n<meta property=\"og:site_name\" content=\"Blog do Farn\u00e9sio\" \/>\n<meta property=\"article:publisher\" content=\"https:\/\/www.facebook.com\/BlogQuerSaberPolitica\/\" \/>\n<meta property=\"article:published_time\" content=\"2014-02-26T18:01:34+00:00\" \/>\n<meta property=\"og:image\" content=\"http:\/\/www.quersaberpolitica.com.br\/2016\/wp-content\/uploads\/2012\/12\/blogqsp.univasf-300x225.jpg\" \/>\n<meta name=\"author\" content=\"teste\" \/>\n<meta name=\"twitter:card\" content=\"summary_large_image\" \/>\n<meta name=\"twitter:label1\" content=\"Escrito por\" \/>\n\t<meta name=\"twitter:data1\" content=\"teste\" \/>\n\t<meta name=\"twitter:label2\" content=\"Est. tempo de leitura\" \/>\n\t<meta name=\"twitter:data2\" content=\"1 minuto\" \/>\n<script type=\"application\/ld+json\" class=\"yoast-schema-graph\">{\"@context\":\"https:\\\/\\\/schema.org\",\"@graph\":[{\"@type\":\"Article\",\"@id\":\"https:\\\/\\\/blogdofarnesio.com.br\\\/2014\\\/02\\\/univasf-lanca-novo-edital-de-concurso-para-professores-inscricoes-vao-ate-1403\\\/#article\",\"isPartOf\":{\"@id\":\"https:\\\/\\\/blogdofarnesio.com.br\\\/2014\\\/02\\\/univasf-lanca-novo-edital-de-concurso-para-professores-inscricoes-vao-ate-1403\\\/\"},\"author\":{\"name\":\"teste\",\"@id\":\"https:\\\/\\\/blogdofarnesio.com.br\\\/#\\\/schema\\\/person\\\/dd1bf5eba40b687199ba45ca6b97dff9\"},\"headline\":\"UNIVASF LAN\u00c7A NOVO EDITAL DE CONCURSO PARA PROFESSORES. INSCRI\u00c7\u00d5ES V\u00c3O AT\u00c9 14\\\/03\",\"datePublished\":\"2014-02-26T18:01:34+00:00\",\"mainEntityOfPage\":{\"@id\":\"https:\\\/\\\/blogdofarnesio.com.br\\\/2014\\\/02\\\/univasf-lanca-novo-edital-de-concurso-para-professores-inscricoes-vao-ate-1403\\\/\"},\"wordCount\":141,\"commentCount\":0,\"publisher\":{\"@id\":\"https:\\\/\\\/blogdofarnesio.com.br\\\/#organization\"},\"image\":{\"@id\":\"https:\\\/\\\/blogdofarnesio.com.br\\\/2014\\\/02\\\/univasf-lanca-novo-edital-de-concurso-para-professores-inscricoes-vao-ate-1403\\\/#primaryimage\"},\"thumbnailUrl\":\"http:\\\/\\\/www.quersaberpolitica.com.br\\\/2016\\\/wp-content\\\/uploads\\\/2012\\\/12\\\/blogqsp.univasf-300x225.jpg\",\"articleSection\":[\"Concursos\"],\"inLanguage\":\"pt-BR\",\"potentialAction\":[{\"@type\":\"CommentAction\",\"name\":\"Comment\",\"target\":[\"https:\\\/\\\/blogdofarnesio.com.br\\\/2014\\\/02\\\/univasf-lanca-novo-edital-de-concurso-para-professores-inscricoes-vao-ate-1403\\\/#respond\"]}]},{\"@type\":\"WebPage\",\"@id\":\"https:\\\/\\\/blogdofarnesio.com.br\\\/2014\\\/02\\\/univasf-lanca-novo-edital-de-concurso-para-professores-inscricoes-vao-ate-1403\\\/\",\"url\":\"https:\\\/\\\/blogdofarnesio.com.br\\\/2014\\\/02\\\/univasf-lanca-novo-edital-de-concurso-para-professores-inscricoes-vao-ate-1403\\\/\",\"name\":\"UNIVASF LAN\u00c7A NOVO EDITAL DE CONCURSO PARA PROFESSORES. INSCRI\u00c7\u00d5ES V\u00c3O AT\u00c9 14\\\/03 - Blog do Farn\u00e9sio\",\"isPartOf\":{\"@id\":\"https:\\\/\\\/blogdofarnesio.com.br\\\/#website\"},\"primaryImageOfPage\":{\"@id\":\"https:\\\/\\\/blogdofarnesio.com.br\\\/2014\\\/02\\\/univasf-lanca-novo-edital-de-concurso-para-professores-inscricoes-vao-ate-1403\\\/#primaryimage\"},\"image\":{\"@id\":\"https:\\\/\\\/blogdofarnesio.com.br\\\/2014\\\/02\\\/univasf-lanca-novo-edital-de-concurso-para-professores-inscricoes-vao-ate-1403\\\/#primaryimage\"},\"thumbnailUrl\":\"http:\\\/\\\/www.quersaberpolitica.com.br\\\/2016\\\/wp-content\\\/uploads\\\/2012\\\/12\\\/blogqsp.univasf-300x225.jpg\",\"datePublished\":\"2014-02-26T18:01:34+00:00\",\"breadcrumb\":{\"@id\":\"https:\\\/\\\/blogdofarnesio.com.br\\\/2014\\\/02\\\/univasf-lanca-novo-edital-de-concurso-para-professores-inscricoes-vao-ate-1403\\\/#breadcrumb\"},\"inLanguage\":\"pt-BR\",\"potentialAction\":[{\"@type\":\"ReadAction\",\"target\":[\"https:\\\/\\\/blogdofarnesio.com.br\\\/2014\\\/02\\\/univasf-lanca-novo-edital-de-concurso-para-professores-inscricoes-vao-ate-1403\\\/\"]}]},{\"@type\":\"ImageObject\",\"inLanguage\":\"pt-BR\",\"@id\":\"https:\\\/\\\/blogdofarnesio.com.br\\\/2014\\\/02\\\/univasf-lanca-novo-edital-de-concurso-para-professores-inscricoes-vao-ate-1403\\\/#primaryimage\",\"url\":\"http:\\\/\\\/www.quersaberpolitica.com.br\\\/2016\\\/wp-content\\\/uploads\\\/2012\\\/12\\\/blogqsp.univasf-300x225.jpg\",\"contentUrl\":\"http:\\\/\\\/www.quersaberpolitica.com.br\\\/2016\\\/wp-content\\\/uploads\\\/2012\\\/12\\\/blogqsp.univasf-300x225.jpg\"},{\"@type\":\"BreadcrumbList\",\"@id\":\"https:\\\/\\\/blogdofarnesio.com.br\\\/2014\\\/02\\\/univasf-lanca-novo-edital-de-concurso-para-professores-inscricoes-vao-ate-1403\\\/#breadcrumb\",\"itemListElement\":[{\"@type\":\"ListItem\",\"position\":1,\"name\":\"In\u00edcio\",\"item\":\"https:\\\/\\\/blogdofarnesio.com.br\\\/\"},{\"@type\":\"ListItem\",\"position\":2,\"name\":\"UNIVASF LAN\u00c7A NOVO EDITAL DE CONCURSO PARA PROFESSORES. INSCRI\u00c7\u00d5ES V\u00c3O AT\u00c9 14\\\/03\"}]},{\"@type\":\"WebSite\",\"@id\":\"https:\\\/\\\/blogdofarnesio.com.br\\\/#website\",\"url\":\"https:\\\/\\\/blogdofarnesio.com.br\\\/\",\"name\":\"Blog do Farn\u00e9sio\",\"description\":\"Quer Saber Pol\u00edtica?\",\"publisher\":{\"@id\":\"https:\\\/\\\/blogdofarnesio.com.br\\\/#organization\"},\"potentialAction\":[{\"@type\":\"SearchAction\",\"target\":{\"@type\":\"EntryPoint\",\"urlTemplate\":\"https:\\\/\\\/blogdofarnesio.com.br\\\/?s={search_term_string}\"},\"query-input\":{\"@type\":\"PropertyValueSpecification\",\"valueRequired\":true,\"valueName\":\"search_term_string\"}}],\"inLanguage\":\"pt-BR\"},{\"@type\":\"Organization\",\"@id\":\"https:\\\/\\\/blogdofarnesio.com.br\\\/#organization\",\"name\":\"Blog do Farn\u00e9sio\",\"url\":\"https:\\\/\\\/blogdofarnesio.com.br\\\/\",\"logo\":{\"@type\":\"ImageObject\",\"inLanguage\":\"pt-BR\",\"@id\":\"https:\\\/\\\/blogdofarnesio.com.br\\\/#\\\/schema\\\/logo\\\/image\\\/\",\"url\":\"https:\\\/\\\/blogdofarnesio.com.br\\\/wp-content\\\/uploads\\\/2026\\\/03\\\/cropped-logo_new-1.png\",\"contentUrl\":\"https:\\\/\\\/blogdofarnesio.com.br\\\/wp-content\\\/uploads\\\/2026\\\/03\\\/cropped-logo_new-1.png\",\"width\":881,\"height\":685,\"caption\":\"Blog do Farn\u00e9sio\"},\"image\":{\"@id\":\"https:\\\/\\\/blogdofarnesio.com.br\\\/#\\\/schema\\\/logo\\\/image\\\/\"},\"sameAs\":[\"https:\\\/\\\/www.facebook.com\\\/BlogQuerSaberPolitica\\\/\"]},{\"@type\":\"Person\",\"@id\":\"https:\\\/\\\/blogdofarnesio.com.br\\\/#\\\/schema\\\/person\\\/dd1bf5eba40b687199ba45ca6b97dff9\",\"name\":\"teste\",\"image\":{\"@type\":\"ImageObject\",\"inLanguage\":\"pt-BR\",\"@id\":\"https:\\\/\\\/secure.gravatar.com\\\/avatar\\\/2172498d4914b51e1d89a0f97957b035ac4938723a5cac208135d389b6972a6d?s=96&d=mm&r=g\",\"url\":\"https:\\\/\\\/secure.gravatar.com\\\/avatar\\\/2172498d4914b51e1d89a0f97957b035ac4938723a5cac208135d389b6972a6d?s=96&d=mm&r=g\",\"contentUrl\":\"https:\\\/\\\/secure.gravatar.com\\\/avatar\\\/2172498d4914b51e1d89a0f97957b035ac4938723a5cac208135d389b6972a6d?s=96&d=mm&r=g\",\"caption\":\"teste\"},\"url\":\"https:\\\/\\\/blogdofarnesio.com.br\\\/author\\\/teste\\\/\"}]}<\/script>\n<!-- \/ Yoast SEO plugin. -->","yoast_head_json":{"title":"UNIVASF LAN\u00c7A NOVO EDITAL DE CONCURSO PARA PROFESSORES. INSCRI\u00c7\u00d5ES V\u00c3O AT\u00c9 14\/03 - Blog do Farn\u00e9sio","robots":{"index":"index","follow":"follow","max-snippet":"max-snippet:-1","max-image-preview":"max-image-preview:large","max-video-preview":"max-video-preview:-1"},"canonical":"https:\/\/blogdofarnesio.com.br\/2014\/02\/univasf-lanca-novo-edital-de-concurso-para-professores-inscricoes-vao-ate-1403\/","og_locale":"pt_BR","og_type":"article","og_title":"UNIVASF LAN\u00c7A NOVO EDITAL DE CONCURSO PARA PROFESSORES. INSCRI\u00c7\u00d5ES V\u00c3O AT\u00c9 14\/03 - Blog do Farn\u00e9sio","og_description":"A Universidade Federal do Vale do S\u00e3o Francisco (Univasf) est\u00e1 com inscri\u00e7\u00f5es abertas, at\u00e9 14 de mar\u00e7o, para concurso p\u00fablico que visa \u00e0 sele\u00e7\u00e3o de seis professores efetivos para os campi de Petrolina (PE) Juazeiro (BA) e S\u00e3o Raimundo Nonato (PI) para as seguintes \u00e1reas de conhecimento: Topografia; Gin\u00e1stica Art\u00edstica e Gin\u00e1stica R\u00edtmica, Instrumenta\u00e7\u00e3o Industrial; F\u00edsica\/Matem\u00e1tica; Patologia M\u00e9dica e Gen\u00e9tica M\u00e9dica; Matem\u00e1tica. A data prov\u00e1vel da prova escrita \u00e9 8 de abril. As demais etapas de avalia\u00e7\u00e3o, que incluem provas de aptid\u00e3o did\u00e1tica, defesa de memorial e de t\u00edtulos ainda ser\u00e3o divulgadas. O cronograma e normas do concurso constam no Edital 17\/2014 e respectivos anexos. Acesse Aqui. Ascom","og_url":"https:\/\/blogdofarnesio.com.br\/2014\/02\/univasf-lanca-novo-edital-de-concurso-para-professores-inscricoes-vao-ate-1403\/","og_site_name":"Blog do Farn\u00e9sio","article_publisher":"https:\/\/www.facebook.com\/BlogQuerSaberPolitica\/","article_published_time":"2014-02-26T18:01:34+00:00","og_image":[{"url":"http:\/\/www.quersaberpolitica.com.br\/2016\/wp-content\/uploads\/2012\/12\/blogqsp.univasf-300x225.jpg","type":"","width":"","height":""}],"author":"teste","twitter_card":"summary_large_image","twitter_misc":{"Escrito por":"teste","Est. tempo de leitura":"1 minuto"},"schema":{"@context":"https:\/\/schema.org","@graph":[{"@type":"Article","@id":"https:\/\/blogdofarnesio.com.br\/2014\/02\/univasf-lanca-novo-edital-de-concurso-para-professores-inscricoes-vao-ate-1403\/#article","isPartOf":{"@id":"https:\/\/blogdofarnesio.com.br\/2014\/02\/univasf-lanca-novo-edital-de-concurso-para-professores-inscricoes-vao-ate-1403\/"},"author":{"name":"teste","@id":"https:\/\/blogdofarnesio.com.br\/#\/schema\/person\/dd1bf5eba40b687199ba45ca6b97dff9"},"headline":"UNIVASF LAN\u00c7A NOVO EDITAL DE CONCURSO PARA PROFESSORES. INSCRI\u00c7\u00d5ES V\u00c3O AT\u00c9 14\/03","datePublished":"2014-02-26T18:01:34+00:00","mainEntityOfPage":{"@id":"https:\/\/blogdofarnesio.com.br\/2014\/02\/univasf-lanca-novo-edital-de-concurso-para-professores-inscricoes-vao-ate-1403\/"},"wordCount":141,"commentCount":0,"publisher":{"@id":"https:\/\/blogdofarnesio.com.br\/#organization"},"image":{"@id":"https:\/\/blogdofarnesio.com.br\/2014\/02\/univasf-lanca-novo-edital-de-concurso-para-professores-inscricoes-vao-ate-1403\/#primaryimage"},"thumbnailUrl":"http:\/\/www.quersaberpolitica.com.br\/2016\/wp-content\/uploads\/2012\/12\/blogqsp.univasf-300x225.jpg","articleSection":["Concursos"],"inLanguage":"pt-BR","potentialAction":[{"@type":"CommentAction","name":"Comment","target":["https:\/\/blogdofarnesio.com.br\/2014\/02\/univasf-lanca-novo-edital-de-concurso-para-professores-inscricoes-vao-ate-1403\/#respond"]}]},{"@type":"WebPage","@id":"https:\/\/blogdofarnesio.com.br\/2014\/02\/univasf-lanca-novo-edital-de-concurso-para-professores-inscricoes-vao-ate-1403\/","url":"https:\/\/blogdofarnesio.com.br\/2014\/02\/univasf-lanca-novo-edital-de-concurso-para-professores-inscricoes-vao-ate-1403\/","name":"UNIVASF LAN\u00c7A NOVO EDITAL DE CONCURSO PARA PROFESSORES. INSCRI\u00c7\u00d5ES V\u00c3O AT\u00c9 14\/03 - Blog do Farn\u00e9sio","isPartOf":{"@id":"https:\/\/blogdofarnesio.com.br\/#website"},"primaryImageOfPage":{"@id":"https:\/\/blogdofarnesio.com.br\/2014\/02\/univasf-lanca-novo-edital-de-concurso-para-professores-inscricoes-vao-ate-1403\/#primaryimage"},"image":{"@id":"https:\/\/blogdofarnesio.com.br\/2014\/02\/univasf-lanca-novo-edital-de-concurso-para-professores-inscricoes-vao-ate-1403\/#primaryimage"},"thumbnailUrl":"http:\/\/www.quersaberpolitica.com.br\/2016\/wp-content\/uploads\/2012\/12\/blogqsp.univasf-300x225.jpg","datePublished":"2014-02-26T18:01:34+00:00","breadcrumb":{"@id":"https:\/\/blogdofarnesio.com.br\/2014\/02\/univasf-lanca-novo-edital-de-concurso-para-professores-inscricoes-vao-ate-1403\/#breadcrumb"},"inLanguage":"pt-BR","potentialAction":[{"@type":"ReadAction","target":["https:\/\/blogdofarnesio.com.br\/2014\/02\/univasf-lanca-novo-edital-de-concurso-para-professores-inscricoes-vao-ate-1403\/"]}]},{"@type":"ImageObject","inLanguage":"pt-BR","@id":"https:\/\/blogdofarnesio.com.br\/2014\/02\/univasf-lanca-novo-edital-de-concurso-para-professores-inscricoes-vao-ate-1403\/#primaryimage","url":"http:\/\/www.quersaberpolitica.com.br\/2016\/wp-content\/uploads\/2012\/12\/blogqsp.univasf-300x225.jpg","contentUrl":"http:\/\/www.quersaberpolitica.com.br\/2016\/wp-content\/uploads\/2012\/12\/blogqsp.univasf-300x225.jpg"},{"@type":"BreadcrumbList","@id":"https:\/\/blogdofarnesio.com.br\/2014\/02\/univasf-lanca-novo-edital-de-concurso-para-professores-inscricoes-vao-ate-1403\/#breadcrumb","itemListElement":[{"@type":"ListItem","position":1,"name":"In\u00edcio","item":"https:\/\/blogdofarnesio.com.br\/"},{"@type":"ListItem","position":2,"name":"UNIVASF LAN\u00c7A NOVO EDITAL DE CONCURSO PARA PROFESSORES. INSCRI\u00c7\u00d5ES V\u00c3O AT\u00c9 14\/03"}]},{"@type":"WebSite","@id":"https:\/\/blogdofarnesio.com.br\/#website","url":"https:\/\/blogdofarnesio.com.br\/","name":"Blog do Farn\u00e9sio","description":"Quer Saber Pol\u00edtica?","publisher":{"@id":"https:\/\/blogdofarnesio.com.br\/#organization"},"potentialAction":[{"@type":"SearchAction","target":{"@type":"EntryPoint","urlTemplate":"https:\/\/blogdofarnesio.com.br\/?s={search_term_string}"},"query-input":{"@type":"PropertyValueSpecification","valueRequired":true,"valueName":"search_term_string"}}],"inLanguage":"pt-BR"},{"@type":"Organization","@id":"https:\/\/blogdofarnesio.com.br\/#organization","name":"Blog do Farn\u00e9sio","url":"https:\/\/blogdofarnesio.com.br\/","logo":{"@type":"ImageObject","inLanguage":"pt-BR","@id":"https:\/\/blogdofarnesio.com.br\/#\/schema\/logo\/image\/","url":"https:\/\/blogdofarnesio.com.br\/wp-content\/uploads\/2026\/03\/cropped-logo_new-1.png","contentUrl":"https:\/\/blogdofarnesio.com.br\/wp-content\/uploads\/2026\/03\/cropped-logo_new-1.png","width":881,"height":685,"caption":"Blog do Farn\u00e9sio"},"image":{"@id":"https:\/\/blogdofarnesio.com.br\/#\/schema\/logo\/image\/"},"sameAs":["https:\/\/www.facebook.com\/BlogQuerSaberPolitica\/"]},{"@type":"Person","@id":"https:\/\/blogdofarnesio.com.br\/#\/schema\/person\/dd1bf5eba40b687199ba45ca6b97dff9","name":"teste","image":{"@type":"ImageObject","inLanguage":"pt-BR","@id":"https:\/\/secure.gravatar.com\/avatar\/2172498d4914b51e1d89a0f97957b035ac4938723a5cac208135d389b6972a6d?s=96&d=mm&r=g","url":"https:\/\/secure.gravatar.com\/avatar\/2172498d4914b51e1d89a0f97957b035ac4938723a5cac208135d389b6972a6d?s=96&d=mm&r=g","contentUrl":"https:\/\/secure.gravatar.com\/avatar\/2172498d4914b51e1d89a0f97957b035ac4938723a5cac208135d389b6972a6d?s=96&d=mm&r=g","caption":"teste"},"url":"https:\/\/blogdofarnesio.com.br\/author\/teste\/"}]}},"_links":{"self":[{"href":"https:\/\/blogdofarnesio.com.br\/wp-json\/wp\/v2\/posts\/74490","targetHints":{"allow":["GET"]}}],"collection":[{"href":"https:\/\/blogdofarnesio.com.br\/wp-json\/wp\/v2\/posts"}],"about":[{"href":"https:\/\/blogdofarnesio.com.br\/wp-json\/wp\/v2\/types\/post"}],"author":[{"embeddable":true,"href":"https:\/\/blogdofarnesio.com.br\/wp-json\/wp\/v2\/users\/3"}],"replies":[{"embeddable":true,"href":"https:\/\/blogdofarnesio.com.br\/wp-json\/wp\/v2\/comments?post=74490"}],"version-history":[{"count":0,"href":"https:\/\/blogdofarnesio.com.br\/wp-json\/wp\/v2\/posts\/74490\/revisions"}],"wp:attachment":[{"href":"https:\/\/blogdofarnesio.com.br\/wp-json\/wp\/v2\/media?parent=74490"}],"wp:term":[{"taxonomy":"category","embeddable":true,"href":"https:\/\/blogdofarnesio.com.br\/wp-json\/wp\/v2\/categories?post=74490"},{"taxonomy":"post_tag","embeddable":true,"href":"https:\/\/blogdofarnesio.com.br\/wp-json\/wp\/v2\/tags?post=74490"}],"curies":[{"name":"wp","href":"https:\/\/api.w.org\/{rel}","templated":true}]}}