{"id":7449,"date":"2011-10-14T16:30:11","date_gmt":"2011-10-14T16:30:11","guid":{"rendered":"http:\/\/www.quersaberpolitica.com.br?p=7449"},"modified":"-0001-11-30T00:00:00","modified_gmt":"-0001-11-30T03:00:00","slug":"direto-de-curaca","status":"publish","type":"post","link":"https:\/\/blogdofarnesio.com.br\/?p=7449","title":{"rendered":"Direto de Cura\u00e7\u00e1"},"content":{"rendered":"<p><span><em><strong><a rel=\"lightbox\" href=\"http:\/\/www.quersaberpolitica.com.br\/2016\/wp-content\/uploads\/2012\/12\/blogqspcriancascuraca.jpg\"><img loading=\"lazy\" decoding=\"async\" style=\"float: right; margin-top: 5px; margin-bottom: 5px; margin-left: 10px; margin-right: 10px;\" src=\"http:\/\/www.quersaberpolitica.com.br\/2016\/wp-content\/uploads\/2012\/12\/blogqspcriancascuraca.jpg\" alt=\"\" width=\"200\" height=\"150\" \/><\/a><\/strong><\/em><\/span><\/p>\n<p style=\"text-align: justify;\"><strong><span style=\"font-size: small;\"><em>Prefeitura de Cura&ccedil;&aacute; realiza festa em homenagem ao dia das crian&ccedil;as<\/em><\/span><\/strong><\/p>\n<p style=\"text-align: justify;\"><span style=\"font-size: small;\">Na &uacute;ltima quarta-feira (12) em homenagem ao dia das crian&ccedil;as a Secretaria de A&ccedil;&atilde;o Social e Cidadania atrav&eacute;s da administra&ccedil;&atilde;o municipal realizaram uma grande programa&ccedil;&atilde;o para comemorar a data envolvendo centenas de crian&ccedil;as, iniciando logo pela manh&atilde; com &#8220;CRIA FOLIA&#8221; uma esp&eacute;cie de puxada carnavalesca pelas principais ruas da cidade ao mesmo tempo em que aconteciam oficinas de dan&ccedil;a, capoeira, percuss&atilde;o, teatro, m&aacute;scara, hist&oacute;ria em quadrinhos e pintura no Col&eacute;gio Estadual Scipi&atilde;o Torres, entretenimento no espa&ccedil;o de intera&ccedil;&atilde;o, foi constru&iacute;da uma cidade cinematogr&aacute;fica denominada Cidade dos Direitos, onde foi dado posse ao prefeito mirim na pra&ccedil;a de eventos, na oportunidade teve teatro de bonecos, apresenta&ccedil;&atilde;o das oficinas, pe&ccedil;a teatral, palha&ccedil;os, lanches e muitas brincadeiras para a garotada, segundo o Prefeito Salvador Lopes (PT),&#8221; o sucesso do evento trata-se de um grupo de pessoas comprometidas de levar o que a de melhor, que o governo municipal tem para que as coisas aconte&ccedil;am em uma data como essa (12 de Outubro, dia da crian&ccedil;a), n&atilde;o poderia passar em branco &#8220;. Todas as Secretarias do munic&iacute;pio participaram da organiza&ccedil;&atilde;o do evento.<\/span><\/p>\n<p style=\"text-align: justify;\"><span style=\"font-size: small;\"><br \/><\/span><\/p>\n<p style=\"text-align: justify;\"><span style=\"font-size: small;\">(Adelmir Silva &#8211; Ascom)<\/span><\/p>\n","protected":false},"excerpt":{"rendered":"<p>Prefeitura de Cura&ccedil;&aacute; realiza festa em homenagem ao dia das crian&ccedil;as Na &uacute;ltima quarta-feira (12) em homenagem ao dia das crian&ccedil;as a Secretaria de A&ccedil;&atilde;o Social e Cidadania atrav&eacute;s da administra&ccedil;&atilde;o municipal realizaram uma grande programa&ccedil;&atilde;o para comemorar a data envolvendo centenas de crian&ccedil;as, iniciando logo pela manh&atilde; com &#8220;CRIA FOLIA&#8221; uma esp&eacute;cie de puxada carnavalesca pelas principais ruas da cidade ao mesmo tempo em que aconteciam oficinas de dan&ccedil;a, capoeira, percuss&atilde;o, teatro, m&aacute;scara, hist&oacute;ria em quadrinhos e pintura no Col&eacute;gio Estadual Scipi&atilde;o Torres, entretenimento no espa&ccedil;o de intera&ccedil;&atilde;o, foi constru&iacute;da uma cidade cinematogr&aacute;fica denominada Cidade dos Direitos, onde foi dado posse ao prefeito mirim na pra&ccedil;a de eventos, na oportunidade teve teatro de bonecos, apresenta&ccedil;&atilde;o das oficinas, pe&ccedil;a teatral,&hellip; <\/p>\n","protected":false},"author":0,"featured_media":0,"comment_status":"open","ping_status":"open","sticky":false,"template":"","format":"standard","meta":{"_acf_changed":false,"footnotes":""},"categories":[27],"tags":[],"class_list":["post-7449","post","type-post","status-publish","format-standard","hentry","category-cidades"],"acf":[],"yoast_head":"<!-- This site is optimized with the Yoast SEO plugin v27.4 - https:\/\/yoast.com\/product\/yoast-seo-wordpress\/ -->\n<title>Direto de Cura\u00e7\u00e1 - Blog do Farn\u00e9sio<\/title>\n<meta name=\"robots\" content=\"index, follow, max-snippet:-1, max-image-preview:large, max-video-preview:-1\" \/>\n<link rel=\"canonical\" href=\"https:\/\/blogdofarnesio.com.br\/?p=7449\" \/>\n<meta property=\"og:locale\" content=\"pt_BR\" \/>\n<meta property=\"og:type\" content=\"article\" \/>\n<meta property=\"og:title\" content=\"Direto de Cura\u00e7\u00e1 - Blog do Farn\u00e9sio\" \/>\n<meta property=\"og:description\" content=\"Prefeitura de Cura&ccedil;&aacute; realiza festa em homenagem ao dia das crian&ccedil;as Na &uacute;ltima quarta-feira (12) em homenagem ao dia das crian&ccedil;as a Secretaria de A&ccedil;&atilde;o Social e Cidadania atrav&eacute;s da administra&ccedil;&atilde;o municipal realizaram uma grande programa&ccedil;&atilde;o para comemorar a data envolvendo centenas de crian&ccedil;as, iniciando logo pela manh&atilde; com &#8220;CRIA FOLIA&#8221; uma esp&eacute;cie de puxada carnavalesca pelas principais ruas da cidade ao mesmo tempo em que aconteciam oficinas de dan&ccedil;a, capoeira, percuss&atilde;o, teatro, m&aacute;scara, hist&oacute;ria em quadrinhos e pintura no Col&eacute;gio Estadual Scipi&atilde;o Torres, entretenimento no espa&ccedil;o de intera&ccedil;&atilde;o, foi constru&iacute;da uma cidade cinematogr&aacute;fica denominada Cidade dos Direitos, onde foi dado posse ao prefeito mirim na pra&ccedil;a de eventos, na oportunidade teve teatro de bonecos, apresenta&ccedil;&atilde;o das oficinas, pe&ccedil;a teatral,&hellip;\" \/>\n<meta property=\"og:url\" content=\"https:\/\/blogdofarnesio.com.br\/?p=7449\" \/>\n<meta property=\"og:site_name\" content=\"Blog do Farn\u00e9sio\" \/>\n<meta property=\"article:publisher\" content=\"https:\/\/www.facebook.com\/BlogQuerSaberPolitica\/\" \/>\n<meta property=\"article:published_time\" content=\"2011-10-14T16:30:11+00:00\" \/>\n<meta property=\"og:image\" content=\"http:\/\/www.quersaberpolitica.com.br\/2016\/wp-content\/uploads\/2012\/12\/blogqspcriancascuraca.jpg\" \/>\n<meta name=\"twitter:card\" content=\"summary_large_image\" \/>\n<meta name=\"twitter:label1\" content=\"Est. tempo de leitura\" \/>\n\t<meta name=\"twitter:data1\" content=\"1 minuto\" \/>\n<script type=\"application\/ld+json\" class=\"yoast-schema-graph\">{\"@context\":\"https:\\\/\\\/schema.org\",\"@graph\":[{\"@type\":\"Article\",\"@id\":\"https:\\\/\\\/blogdofarnesio.com.br\\\/?p=7449#article\",\"isPartOf\":{\"@id\":\"https:\\\/\\\/blogdofarnesio.com.br\\\/?p=7449\"},\"author\":{\"name\":\"\",\"@id\":\"\"},\"headline\":\"Direto de Cura\u00e7\u00e1\",\"datePublished\":\"2011-10-14T16:30:11+00:00\",\"mainEntityOfPage\":{\"@id\":\"https:\\\/\\\/blogdofarnesio.com.br\\\/?p=7449\"},\"wordCount\":257,\"commentCount\":0,\"publisher\":{\"@id\":\"https:\\\/\\\/blogdofarnesio.com.br\\\/#organization\"},\"image\":{\"@id\":\"https:\\\/\\\/blogdofarnesio.com.br\\\/?p=7449#primaryimage\"},\"thumbnailUrl\":\"http:\\\/\\\/www.quersaberpolitica.com.br\\\/2016\\\/wp-content\\\/uploads\\\/2012\\\/12\\\/blogqspcriancascuraca.jpg\",\"articleSection\":[\"Cidades\"],\"inLanguage\":\"pt-BR\",\"potentialAction\":[{\"@type\":\"CommentAction\",\"name\":\"Comment\",\"target\":[\"https:\\\/\\\/blogdofarnesio.com.br\\\/?p=7449#respond\"]}]},{\"@type\":\"WebPage\",\"@id\":\"https:\\\/\\\/blogdofarnesio.com.br\\\/?p=7449\",\"url\":\"https:\\\/\\\/blogdofarnesio.com.br\\\/?p=7449\",\"name\":\"Direto de Cura\u00e7\u00e1 - Blog do Farn\u00e9sio\",\"isPartOf\":{\"@id\":\"https:\\\/\\\/blogdofarnesio.com.br\\\/#website\"},\"primaryImageOfPage\":{\"@id\":\"https:\\\/\\\/blogdofarnesio.com.br\\\/?p=7449#primaryimage\"},\"image\":{\"@id\":\"https:\\\/\\\/blogdofarnesio.com.br\\\/?p=7449#primaryimage\"},\"thumbnailUrl\":\"http:\\\/\\\/www.quersaberpolitica.com.br\\\/2016\\\/wp-content\\\/uploads\\\/2012\\\/12\\\/blogqspcriancascuraca.jpg\",\"datePublished\":\"2011-10-14T16:30:11+00:00\",\"breadcrumb\":{\"@id\":\"https:\\\/\\\/blogdofarnesio.com.br\\\/?p=7449#breadcrumb\"},\"inLanguage\":\"pt-BR\",\"potentialAction\":[{\"@type\":\"ReadAction\",\"target\":[\"https:\\\/\\\/blogdofarnesio.com.br\\\/?p=7449\"]}]},{\"@type\":\"ImageObject\",\"inLanguage\":\"pt-BR\",\"@id\":\"https:\\\/\\\/blogdofarnesio.com.br\\\/?p=7449#primaryimage\",\"url\":\"http:\\\/\\\/www.quersaberpolitica.com.br\\\/2016\\\/wp-content\\\/uploads\\\/2012\\\/12\\\/blogqspcriancascuraca.jpg\",\"contentUrl\":\"http:\\\/\\\/www.quersaberpolitica.com.br\\\/2016\\\/wp-content\\\/uploads\\\/2012\\\/12\\\/blogqspcriancascuraca.jpg\"},{\"@type\":\"BreadcrumbList\",\"@id\":\"https:\\\/\\\/blogdofarnesio.com.br\\\/?p=7449#breadcrumb\",\"itemListElement\":[{\"@type\":\"ListItem\",\"position\":1,\"name\":\"In\u00edcio\",\"item\":\"https:\\\/\\\/blogdofarnesio.com.br\\\/\"},{\"@type\":\"ListItem\",\"position\":2,\"name\":\"Direto de Cura\u00e7\u00e1\"}]},{\"@type\":\"WebSite\",\"@id\":\"https:\\\/\\\/blogdofarnesio.com.br\\\/#website\",\"url\":\"https:\\\/\\\/blogdofarnesio.com.br\\\/\",\"name\":\"Blog do Farn\u00e9sio\",\"description\":\"Quer Saber Pol\u00edtica?\",\"publisher\":{\"@id\":\"https:\\\/\\\/blogdofarnesio.com.br\\\/#organization\"},\"potentialAction\":[{\"@type\":\"SearchAction\",\"target\":{\"@type\":\"EntryPoint\",\"urlTemplate\":\"https:\\\/\\\/blogdofarnesio.com.br\\\/?s={search_term_string}\"},\"query-input\":{\"@type\":\"PropertyValueSpecification\",\"valueRequired\":true,\"valueName\":\"search_term_string\"}}],\"inLanguage\":\"pt-BR\"},{\"@type\":\"Organization\",\"@id\":\"https:\\\/\\\/blogdofarnesio.com.br\\\/#organization\",\"name\":\"Blog do Farn\u00e9sio\",\"url\":\"https:\\\/\\\/blogdofarnesio.com.br\\\/\",\"logo\":{\"@type\":\"ImageObject\",\"inLanguage\":\"pt-BR\",\"@id\":\"https:\\\/\\\/blogdofarnesio.com.br\\\/#\\\/schema\\\/logo\\\/image\\\/\",\"url\":\"https:\\\/\\\/blogdofarnesio.com.br\\\/wp-content\\\/uploads\\\/2026\\\/03\\\/cropped-logo_new-1.png\",\"contentUrl\":\"https:\\\/\\\/blogdofarnesio.com.br\\\/wp-content\\\/uploads\\\/2026\\\/03\\\/cropped-logo_new-1.png\",\"width\":881,\"height\":685,\"caption\":\"Blog do Farn\u00e9sio\"},\"image\":{\"@id\":\"https:\\\/\\\/blogdofarnesio.com.br\\\/#\\\/schema\\\/logo\\\/image\\\/\"},\"sameAs\":[\"https:\\\/\\\/www.facebook.com\\\/BlogQuerSaberPolitica\\\/\"]}]}<\/script>\n<!-- \/ Yoast SEO plugin. -->","yoast_head_json":{"title":"Direto de Cura\u00e7\u00e1 - Blog do Farn\u00e9sio","robots":{"index":"index","follow":"follow","max-snippet":"max-snippet:-1","max-image-preview":"max-image-preview:large","max-video-preview":"max-video-preview:-1"},"canonical":"https:\/\/blogdofarnesio.com.br\/?p=7449","og_locale":"pt_BR","og_type":"article","og_title":"Direto de Cura\u00e7\u00e1 - Blog do Farn\u00e9sio","og_description":"Prefeitura de Cura&ccedil;&aacute; realiza festa em homenagem ao dia das crian&ccedil;as Na &uacute;ltima quarta-feira (12) em homenagem ao dia das crian&ccedil;as a Secretaria de A&ccedil;&atilde;o Social e Cidadania atrav&eacute;s da administra&ccedil;&atilde;o municipal realizaram uma grande programa&ccedil;&atilde;o para comemorar a data envolvendo centenas de crian&ccedil;as, iniciando logo pela manh&atilde; com &#8220;CRIA FOLIA&#8221; uma esp&eacute;cie de puxada carnavalesca pelas principais ruas da cidade ao mesmo tempo em que aconteciam oficinas de dan&ccedil;a, capoeira, percuss&atilde;o, teatro, m&aacute;scara, hist&oacute;ria em quadrinhos e pintura no Col&eacute;gio Estadual Scipi&atilde;o Torres, entretenimento no espa&ccedil;o de intera&ccedil;&atilde;o, foi constru&iacute;da uma cidade cinematogr&aacute;fica denominada Cidade dos Direitos, onde foi dado posse ao prefeito mirim na pra&ccedil;a de eventos, na oportunidade teve teatro de bonecos, apresenta&ccedil;&atilde;o das oficinas, pe&ccedil;a teatral,&hellip;","og_url":"https:\/\/blogdofarnesio.com.br\/?p=7449","og_site_name":"Blog do Farn\u00e9sio","article_publisher":"https:\/\/www.facebook.com\/BlogQuerSaberPolitica\/","article_published_time":"2011-10-14T16:30:11+00:00","og_image":[{"url":"http:\/\/www.quersaberpolitica.com.br\/2016\/wp-content\/uploads\/2012\/12\/blogqspcriancascuraca.jpg","type":"","width":"","height":""}],"twitter_card":"summary_large_image","twitter_misc":{"Est. tempo de leitura":"1 minuto"},"schema":{"@context":"https:\/\/schema.org","@graph":[{"@type":"Article","@id":"https:\/\/blogdofarnesio.com.br\/?p=7449#article","isPartOf":{"@id":"https:\/\/blogdofarnesio.com.br\/?p=7449"},"author":{"name":"","@id":""},"headline":"Direto de Cura\u00e7\u00e1","datePublished":"2011-10-14T16:30:11+00:00","mainEntityOfPage":{"@id":"https:\/\/blogdofarnesio.com.br\/?p=7449"},"wordCount":257,"commentCount":0,"publisher":{"@id":"https:\/\/blogdofarnesio.com.br\/#organization"},"image":{"@id":"https:\/\/blogdofarnesio.com.br\/?p=7449#primaryimage"},"thumbnailUrl":"http:\/\/www.quersaberpolitica.com.br\/2016\/wp-content\/uploads\/2012\/12\/blogqspcriancascuraca.jpg","articleSection":["Cidades"],"inLanguage":"pt-BR","potentialAction":[{"@type":"CommentAction","name":"Comment","target":["https:\/\/blogdofarnesio.com.br\/?p=7449#respond"]}]},{"@type":"WebPage","@id":"https:\/\/blogdofarnesio.com.br\/?p=7449","url":"https:\/\/blogdofarnesio.com.br\/?p=7449","name":"Direto de Cura\u00e7\u00e1 - Blog do Farn\u00e9sio","isPartOf":{"@id":"https:\/\/blogdofarnesio.com.br\/#website"},"primaryImageOfPage":{"@id":"https:\/\/blogdofarnesio.com.br\/?p=7449#primaryimage"},"image":{"@id":"https:\/\/blogdofarnesio.com.br\/?p=7449#primaryimage"},"thumbnailUrl":"http:\/\/www.quersaberpolitica.com.br\/2016\/wp-content\/uploads\/2012\/12\/blogqspcriancascuraca.jpg","datePublished":"2011-10-14T16:30:11+00:00","breadcrumb":{"@id":"https:\/\/blogdofarnesio.com.br\/?p=7449#breadcrumb"},"inLanguage":"pt-BR","potentialAction":[{"@type":"ReadAction","target":["https:\/\/blogdofarnesio.com.br\/?p=7449"]}]},{"@type":"ImageObject","inLanguage":"pt-BR","@id":"https:\/\/blogdofarnesio.com.br\/?p=7449#primaryimage","url":"http:\/\/www.quersaberpolitica.com.br\/2016\/wp-content\/uploads\/2012\/12\/blogqspcriancascuraca.jpg","contentUrl":"http:\/\/www.quersaberpolitica.com.br\/2016\/wp-content\/uploads\/2012\/12\/blogqspcriancascuraca.jpg"},{"@type":"BreadcrumbList","@id":"https:\/\/blogdofarnesio.com.br\/?p=7449#breadcrumb","itemListElement":[{"@type":"ListItem","position":1,"name":"In\u00edcio","item":"https:\/\/blogdofarnesio.com.br\/"},{"@type":"ListItem","position":2,"name":"Direto de Cura\u00e7\u00e1"}]},{"@type":"WebSite","@id":"https:\/\/blogdofarnesio.com.br\/#website","url":"https:\/\/blogdofarnesio.com.br\/","name":"Blog do Farn\u00e9sio","description":"Quer Saber Pol\u00edtica?","publisher":{"@id":"https:\/\/blogdofarnesio.com.br\/#organization"},"potentialAction":[{"@type":"SearchAction","target":{"@type":"EntryPoint","urlTemplate":"https:\/\/blogdofarnesio.com.br\/?s={search_term_string}"},"query-input":{"@type":"PropertyValueSpecification","valueRequired":true,"valueName":"search_term_string"}}],"inLanguage":"pt-BR"},{"@type":"Organization","@id":"https:\/\/blogdofarnesio.com.br\/#organization","name":"Blog do Farn\u00e9sio","url":"https:\/\/blogdofarnesio.com.br\/","logo":{"@type":"ImageObject","inLanguage":"pt-BR","@id":"https:\/\/blogdofarnesio.com.br\/#\/schema\/logo\/image\/","url":"https:\/\/blogdofarnesio.com.br\/wp-content\/uploads\/2026\/03\/cropped-logo_new-1.png","contentUrl":"https:\/\/blogdofarnesio.com.br\/wp-content\/uploads\/2026\/03\/cropped-logo_new-1.png","width":881,"height":685,"caption":"Blog do Farn\u00e9sio"},"image":{"@id":"https:\/\/blogdofarnesio.com.br\/#\/schema\/logo\/image\/"},"sameAs":["https:\/\/www.facebook.com\/BlogQuerSaberPolitica\/"]}]}},"_links":{"self":[{"href":"https:\/\/blogdofarnesio.com.br\/index.php?rest_route=\/wp\/v2\/posts\/7449","targetHints":{"allow":["GET"]}}],"collection":[{"href":"https:\/\/blogdofarnesio.com.br\/index.php?rest_route=\/wp\/v2\/posts"}],"about":[{"href":"https:\/\/blogdofarnesio.com.br\/index.php?rest_route=\/wp\/v2\/types\/post"}],"replies":[{"embeddable":true,"href":"https:\/\/blogdofarnesio.com.br\/index.php?rest_route=%2Fwp%2Fv2%2Fcomments&post=7449"}],"version-history":[{"count":0,"href":"https:\/\/blogdofarnesio.com.br\/index.php?rest_route=\/wp\/v2\/posts\/7449\/revisions"}],"wp:attachment":[{"href":"https:\/\/blogdofarnesio.com.br\/index.php?rest_route=%2Fwp%2Fv2%2Fmedia&parent=7449"}],"wp:term":[{"taxonomy":"category","embeddable":true,"href":"https:\/\/blogdofarnesio.com.br\/index.php?rest_route=%2Fwp%2Fv2%2Fcategories&post=7449"},{"taxonomy":"post_tag","embeddable":true,"href":"https:\/\/blogdofarnesio.com.br\/index.php?rest_route=%2Fwp%2Fv2%2Ftags&post=7449"}],"curies":[{"name":"wp","href":"https:\/\/api.w.org\/{rel}","templated":true}]}}