{"id":74477,"date":"2014-02-26T12:01:07","date_gmt":"2014-02-26T15:01:07","guid":{"rendered":"http:\/\/www.quersaberpolitica.com.br\/?p=74477"},"modified":"2014-02-26T09:02:53","modified_gmt":"2014-02-26T12:02:53","slug":"mp-pede-acoes-contra-regalias-na-papuda","status":"publish","type":"post","link":"https:\/\/blogdofarnesio.com.br\/?p=74477","title":{"rendered":"MP PEDE A\u00c7\u00d5ES CONTRA &#8220;REGALIAS&#8221; NA PAPUDA"},"content":{"rendered":"<div style=\"text-align: justify\"><img loading=\"lazy\" decoding=\"async\" class=\"aligncenter\" alt=\": \" src=\"http:\/\/www.brasil247.com\/images\/cache\/1000x357\/crop\/images%7Ccms-image-000359076.jpg\" width=\"480\" height=\"171\" \/>\u00a0<strong>247 &#8211;<\/strong>\u00a0O Minist\u00e9rio P\u00fablico do Distrito Federal e Territ\u00f3rios (MP-DFT) pediu nesta ter\u00e7a-feira que a Justi\u00e7a tome provid\u00eancias para acabar com supostas regalias recebidas por condenados na A\u00e7\u00e3o Penal (AP) 470, no complexo da Papuda, em Bras\u00edlia.<\/p>\n<\/div>\n<div style=\"text-align: justify\">\n<section>Promotores citam uma feijoada feita dentro de um dos pres\u00eddios. As irregularidades, segundo o MP, ocorreram no Centro de Internamento de Reeduca\u00e7\u00e3o (CIR), onde est\u00e1 preso o ex-ministro da Casa Civil, Jos\u00e9 Dirceu, e no Centro de Progress\u00e3o Penitenci\u00e1ria (CPP), onde o ex-tesoureiro do PT, Del\u00fabio Soares, cumpre pena. Se situa\u00e7\u00e3o continuar, \u00f3rg\u00e3o pede que os r\u00e9us sejam transferidos.<\/p>\n<p>Integrantes do MP tamb\u00e9m querem que o govenador do Distrito Federal, Agnelo Queiroz (PT), seja intimado para adotar as providencias adequadas.<\/p>\n<p>Segundo o jornal O Globo, no CPP, o vice-diretor Emerson Antonio Bernardes foi demitido depois de mandar o ex-tesoureiro do PT Del\u00fabio Soares tirar a barba e impedir que o carro da Central \u00danica dos Trabalhadores (CUT) &#8211; onde ele d\u00e1 expediente durante o dia &#8211; estacione no p\u00e1tio interno do pres\u00eddio.<\/p>\n<p><strong>Leia a nota do MP-DF sobre o assunto:<!--more--><\/strong><\/p>\n<p><em>Diante das \u00faltimas not\u00edcias veiculadas na m\u00eddia sobre privil\u00e9gios e inger\u00eancia indevida do Executivo local no sistema prisional do DF, especialmente no Centro de Internamento e Reeduca\u00e7\u00e3o (CIR) e no Centro de Progress\u00e3o Penitenci\u00e1ria (CPP), a Promotoria de Justi\u00e7a de Execu\u00e7\u00f5es Penais do Minist\u00e9rio P\u00fablico do DF e Territ\u00f3rios (MPDFT) expediu requerimento, nesta ter\u00e7a-feira, dia 25, \u00e0 Vara de Execu\u00e7\u00f5es Penais do DF para que oficie ao governador do DF, Agnelo Queiroz, sobre os fatos e solicite a ado\u00e7\u00e3o de provid\u00eancias para sanar as irregularidades.<\/em><\/p>\n<p><em>Caso seja constatada a impossibilidade de corre\u00e7\u00e3o desses problemas, o MPDFT requer que seja encaminhada representa\u00e7\u00e3o ao Supremo Tribunal Federal (STF) para providenciar a transfer\u00eancia dos condenados da a\u00e7\u00e3o penal 470 que se encontram no DF para um pres\u00eddio federal.<\/em><\/p>\n<p><em>As mat\u00e9rias jornal\u00edsticas divulgadas nos \u00faltimos dias relatam irregularidades no hor\u00e1rio de visitas, vestimentas e alimenta\u00e7\u00e3o. \u201cA situa\u00e7\u00e3o fere frontalmente o princ\u00edpio constitucional da isonomia, pilar do Estado Democr\u00e1tico de Direito, sobre o qual se sustenta o inteiro ordenamento jur\u00eddico p\u00e1trio\u201d, ressaltam as promotoras de Justi\u00e7a que assinam o documento.<\/em><\/p>\n<p><em>Para o Minist\u00e9rio P\u00fablico do DF e Territ\u00f3rios (MPDFT), o bom funcionamento do sistema prisional fica comprometido em raz\u00e3o da instabilidade gerada pelo tratamento diferenciado dispensado a um pequeno grupo de presos. \u201cA insatisfa\u00e7\u00e3o dos demais detentos do sistema e o clima de revolta s\u00e3o fatores preponderantes para o desencadeamento de uma poss\u00edvel rebeli\u00e3o, comprometendo a seguran\u00e7a p\u00fablica\u201d, completam as promotoras de Justi\u00e7a.<\/em><\/p>\n<p><em>A Justi\u00e7a do DF j\u00e1 havia determinado tratamento igualit\u00e1rio entre os presos, ap\u00f3s recomenda\u00e7\u00e3o expedida pelo MPDFT em novembro de 2013. Entretanto, a Subsecretaria do Sistema Penitenci\u00e1rio (Sesipe) vem enfraquecendo a autonomia das unidades prisionais, com o descumprimento sistem\u00e1tico das requisi\u00e7\u00f5es judiciais. \u201cDiante de situa\u00e7\u00e3o t\u00e3o grave, n\u00e3o pode o Minist\u00e9rio P\u00fablico ficar inerte, sobretudo ap\u00f3s a constata\u00e7\u00e3o de descumprimento reiterado de decis\u00f5es judiciais que expressamente determinaram a observ\u00e2ncia do princ\u00edpio constitucional da isonomia e da submiss\u00e3o de exce\u00e7\u00f5es \u00e0 regra geral a uma pr\u00e9via autoriza\u00e7\u00e3o judicial\u201d, afirmam as promotoras de Justi\u00e7a.<\/em><\/p>\n<p><em>Segundo elas, a inger\u00eancia indevida da Sesipe manifestou-se, sobretudo, ap\u00f3s a entrada dos condenados da AP 470 no sistema prisional do DF. \u201c\u00c9 fato preocupante a alardeada influ\u00eancia pol\u00edtica dos condenados e sua prov\u00e1vel implica\u00e7\u00e3o diante da noticiada pretens\u00e3o pol\u00edtica de alguns ocupantes de cargos no sistema penitenci\u00e1rio. Al\u00e9m disso, em raz\u00e3o de ser Bras\u00edlia a sede dos poderes Executivo e Legislativo federal, a mencionada influ\u00eancia pol\u00edtica faz-se sentir de forma ainda mais contundente\u201d, completam.<\/em><\/p>\n<\/section>\n<\/div>\n","protected":false},"excerpt":{"rendered":"<p>\u00a0247 &#8211;\u00a0O Minist\u00e9rio P\u00fablico do Distrito Federal e Territ\u00f3rios (MP-DFT) pediu nesta ter\u00e7a-feira que a Justi\u00e7a tome provid\u00eancias para acabar com supostas regalias recebidas por condenados na A\u00e7\u00e3o Penal (AP) 470, no complexo da Papuda, em Bras\u00edlia. Promotores citam uma feijoada feita dentro de um dos pres\u00eddios. As irregularidades, segundo o MP, ocorreram no Centro de Internamento de Reeduca\u00e7\u00e3o (CIR), onde est\u00e1 preso o ex-ministro da Casa Civil, Jos\u00e9 Dirceu, e no Centro de Progress\u00e3o Penitenci\u00e1ria (CPP), onde o ex-tesoureiro do PT, Del\u00fabio Soares, cumpre pena. Se situa\u00e7\u00e3o continuar, \u00f3rg\u00e3o pede que os r\u00e9us sejam transferidos. Integrantes do MP tamb\u00e9m querem que o govenador do Distrito Federal, Agnelo Queiroz (PT), seja intimado para adotar as providencias adequadas. Segundo o jornal&hellip; <\/p>\n","protected":false},"author":3,"featured_media":0,"comment_status":"open","ping_status":"open","sticky":false,"template":"","format":"standard","meta":{"_acf_changed":false,"footnotes":""},"categories":[1],"tags":[],"class_list":["post-74477","post","type-post","status-publish","format-standard","hentry","category-politica"],"acf":[],"yoast_head":"<!-- This site is optimized with the Yoast SEO plugin v27.4 - https:\/\/yoast.com\/product\/yoast-seo-wordpress\/ -->\n<title>MP PEDE A\u00c7\u00d5ES CONTRA &quot;REGALIAS&quot; NA PAPUDA - Blog do Farn\u00e9sio<\/title>\n<meta name=\"robots\" content=\"index, follow, max-snippet:-1, max-image-preview:large, max-video-preview:-1\" \/>\n<link rel=\"canonical\" href=\"https:\/\/blogdofarnesio.com.br\/?p=74477\" \/>\n<meta property=\"og:locale\" content=\"pt_BR\" \/>\n<meta property=\"og:type\" content=\"article\" \/>\n<meta property=\"og:title\" content=\"MP PEDE A\u00c7\u00d5ES CONTRA &quot;REGALIAS&quot; NA PAPUDA - Blog do Farn\u00e9sio\" \/>\n<meta property=\"og:description\" content=\"\u00a0247 &#8211;\u00a0O Minist\u00e9rio P\u00fablico do Distrito Federal e Territ\u00f3rios (MP-DFT) pediu nesta ter\u00e7a-feira que a Justi\u00e7a tome provid\u00eancias para acabar com supostas regalias recebidas por condenados na A\u00e7\u00e3o Penal (AP) 470, no complexo da Papuda, em Bras\u00edlia. Promotores citam uma feijoada feita dentro de um dos pres\u00eddios. As irregularidades, segundo o MP, ocorreram no Centro de Internamento de Reeduca\u00e7\u00e3o (CIR), onde est\u00e1 preso o ex-ministro da Casa Civil, Jos\u00e9 Dirceu, e no Centro de Progress\u00e3o Penitenci\u00e1ria (CPP), onde o ex-tesoureiro do PT, Del\u00fabio Soares, cumpre pena. Se situa\u00e7\u00e3o continuar, \u00f3rg\u00e3o pede que os r\u00e9us sejam transferidos. Integrantes do MP tamb\u00e9m querem que o govenador do Distrito Federal, Agnelo Queiroz (PT), seja intimado para adotar as providencias adequadas. Segundo o jornal&hellip;\" \/>\n<meta property=\"og:url\" content=\"https:\/\/blogdofarnesio.com.br\/?p=74477\" \/>\n<meta property=\"og:site_name\" content=\"Blog do Farn\u00e9sio\" \/>\n<meta property=\"article:publisher\" content=\"https:\/\/www.facebook.com\/BlogQuerSaberPolitica\/\" \/>\n<meta property=\"article:published_time\" content=\"2014-02-26T15:01:07+00:00\" \/>\n<meta property=\"og:image\" content=\"http:\/\/www.brasil247.com\/images\/cache\/1000x357\/crop\/images%7Ccms-image-000359076.jpg\" \/>\n<meta name=\"author\" content=\"teste\" \/>\n<meta name=\"twitter:card\" content=\"summary_large_image\" \/>\n<meta name=\"twitter:label1\" content=\"Escrito por\" \/>\n\t<meta name=\"twitter:data1\" content=\"teste\" \/>\n\t<meta name=\"twitter:label2\" content=\"Est. tempo de leitura\" \/>\n\t<meta name=\"twitter:data2\" content=\"3 minutos\" \/>\n<script type=\"application\/ld+json\" class=\"yoast-schema-graph\">{\"@context\":\"https:\\\/\\\/schema.org\",\"@graph\":[{\"@type\":\"Article\",\"@id\":\"https:\\\/\\\/blogdofarnesio.com.br\\\/?p=74477#article\",\"isPartOf\":{\"@id\":\"https:\\\/\\\/blogdofarnesio.com.br\\\/?p=74477\"},\"author\":{\"name\":\"teste\",\"@id\":\"https:\\\/\\\/blogdofarnesio.com.br\\\/#\\\/schema\\\/person\\\/dd1bf5eba40b687199ba45ca6b97dff9\"},\"headline\":\"MP PEDE A\u00c7\u00d5ES CONTRA &#8220;REGALIAS&#8221; NA PAPUDA\",\"datePublished\":\"2014-02-26T15:01:07+00:00\",\"mainEntityOfPage\":{\"@id\":\"https:\\\/\\\/blogdofarnesio.com.br\\\/?p=74477\"},\"wordCount\":680,\"commentCount\":0,\"publisher\":{\"@id\":\"https:\\\/\\\/blogdofarnesio.com.br\\\/#organization\"},\"image\":{\"@id\":\"https:\\\/\\\/blogdofarnesio.com.br\\\/?p=74477#primaryimage\"},\"thumbnailUrl\":\"http:\\\/\\\/www.brasil247.com\\\/images\\\/cache\\\/1000x357\\\/crop\\\/images%7Ccms-image-000359076.jpg\",\"articleSection\":[\"Pol\u00edtica\"],\"inLanguage\":\"pt-BR\",\"potentialAction\":[{\"@type\":\"CommentAction\",\"name\":\"Comment\",\"target\":[\"https:\\\/\\\/blogdofarnesio.com.br\\\/?p=74477#respond\"]}]},{\"@type\":\"WebPage\",\"@id\":\"https:\\\/\\\/blogdofarnesio.com.br\\\/?p=74477\",\"url\":\"https:\\\/\\\/blogdofarnesio.com.br\\\/?p=74477\",\"name\":\"MP PEDE A\u00c7\u00d5ES CONTRA \\\"REGALIAS\\\" NA PAPUDA - Blog do Farn\u00e9sio\",\"isPartOf\":{\"@id\":\"https:\\\/\\\/blogdofarnesio.com.br\\\/#website\"},\"primaryImageOfPage\":{\"@id\":\"https:\\\/\\\/blogdofarnesio.com.br\\\/?p=74477#primaryimage\"},\"image\":{\"@id\":\"https:\\\/\\\/blogdofarnesio.com.br\\\/?p=74477#primaryimage\"},\"thumbnailUrl\":\"http:\\\/\\\/www.brasil247.com\\\/images\\\/cache\\\/1000x357\\\/crop\\\/images%7Ccms-image-000359076.jpg\",\"datePublished\":\"2014-02-26T15:01:07+00:00\",\"breadcrumb\":{\"@id\":\"https:\\\/\\\/blogdofarnesio.com.br\\\/?p=74477#breadcrumb\"},\"inLanguage\":\"pt-BR\",\"potentialAction\":[{\"@type\":\"ReadAction\",\"target\":[\"https:\\\/\\\/blogdofarnesio.com.br\\\/?p=74477\"]}]},{\"@type\":\"ImageObject\",\"inLanguage\":\"pt-BR\",\"@id\":\"https:\\\/\\\/blogdofarnesio.com.br\\\/?p=74477#primaryimage\",\"url\":\"http:\\\/\\\/www.brasil247.com\\\/images\\\/cache\\\/1000x357\\\/crop\\\/images%7Ccms-image-000359076.jpg\",\"contentUrl\":\"http:\\\/\\\/www.brasil247.com\\\/images\\\/cache\\\/1000x357\\\/crop\\\/images%7Ccms-image-000359076.jpg\"},{\"@type\":\"BreadcrumbList\",\"@id\":\"https:\\\/\\\/blogdofarnesio.com.br\\\/?p=74477#breadcrumb\",\"itemListElement\":[{\"@type\":\"ListItem\",\"position\":1,\"name\":\"In\u00edcio\",\"item\":\"https:\\\/\\\/blogdofarnesio.com.br\\\/\"},{\"@type\":\"ListItem\",\"position\":2,\"name\":\"MP PEDE A\u00c7\u00d5ES CONTRA &#8220;REGALIAS&#8221; NA PAPUDA\"}]},{\"@type\":\"WebSite\",\"@id\":\"https:\\\/\\\/blogdofarnesio.com.br\\\/#website\",\"url\":\"https:\\\/\\\/blogdofarnesio.com.br\\\/\",\"name\":\"Blog do Farn\u00e9sio\",\"description\":\"Quer Saber Pol\u00edtica?\",\"publisher\":{\"@id\":\"https:\\\/\\\/blogdofarnesio.com.br\\\/#organization\"},\"potentialAction\":[{\"@type\":\"SearchAction\",\"target\":{\"@type\":\"EntryPoint\",\"urlTemplate\":\"https:\\\/\\\/blogdofarnesio.com.br\\\/?s={search_term_string}\"},\"query-input\":{\"@type\":\"PropertyValueSpecification\",\"valueRequired\":true,\"valueName\":\"search_term_string\"}}],\"inLanguage\":\"pt-BR\"},{\"@type\":\"Organization\",\"@id\":\"https:\\\/\\\/blogdofarnesio.com.br\\\/#organization\",\"name\":\"Blog do Farn\u00e9sio\",\"url\":\"https:\\\/\\\/blogdofarnesio.com.br\\\/\",\"logo\":{\"@type\":\"ImageObject\",\"inLanguage\":\"pt-BR\",\"@id\":\"https:\\\/\\\/blogdofarnesio.com.br\\\/#\\\/schema\\\/logo\\\/image\\\/\",\"url\":\"https:\\\/\\\/blogdofarnesio.com.br\\\/wp-content\\\/uploads\\\/2026\\\/03\\\/cropped-logo_new-1.png\",\"contentUrl\":\"https:\\\/\\\/blogdofarnesio.com.br\\\/wp-content\\\/uploads\\\/2026\\\/03\\\/cropped-logo_new-1.png\",\"width\":881,\"height\":685,\"caption\":\"Blog do Farn\u00e9sio\"},\"image\":{\"@id\":\"https:\\\/\\\/blogdofarnesio.com.br\\\/#\\\/schema\\\/logo\\\/image\\\/\"},\"sameAs\":[\"https:\\\/\\\/www.facebook.com\\\/BlogQuerSaberPolitica\\\/\"]},{\"@type\":\"Person\",\"@id\":\"https:\\\/\\\/blogdofarnesio.com.br\\\/#\\\/schema\\\/person\\\/dd1bf5eba40b687199ba45ca6b97dff9\",\"name\":\"teste\",\"image\":{\"@type\":\"ImageObject\",\"inLanguage\":\"pt-BR\",\"@id\":\"https:\\\/\\\/secure.gravatar.com\\\/avatar\\\/2172498d4914b51e1d89a0f97957b035ac4938723a5cac208135d389b6972a6d?s=96&d=mm&r=g\",\"url\":\"https:\\\/\\\/secure.gravatar.com\\\/avatar\\\/2172498d4914b51e1d89a0f97957b035ac4938723a5cac208135d389b6972a6d?s=96&d=mm&r=g\",\"contentUrl\":\"https:\\\/\\\/secure.gravatar.com\\\/avatar\\\/2172498d4914b51e1d89a0f97957b035ac4938723a5cac208135d389b6972a6d?s=96&d=mm&r=g\",\"caption\":\"teste\"},\"url\":\"https:\\\/\\\/blogdofarnesio.com.br\\\/?author=3\"}]}<\/script>\n<!-- \/ Yoast SEO plugin. -->","yoast_head_json":{"title":"MP PEDE A\u00c7\u00d5ES CONTRA \"REGALIAS\" NA PAPUDA - Blog do Farn\u00e9sio","robots":{"index":"index","follow":"follow","max-snippet":"max-snippet:-1","max-image-preview":"max-image-preview:large","max-video-preview":"max-video-preview:-1"},"canonical":"https:\/\/blogdofarnesio.com.br\/?p=74477","og_locale":"pt_BR","og_type":"article","og_title":"MP PEDE A\u00c7\u00d5ES CONTRA \"REGALIAS\" NA PAPUDA - Blog do Farn\u00e9sio","og_description":"\u00a0247 &#8211;\u00a0O Minist\u00e9rio P\u00fablico do Distrito Federal e Territ\u00f3rios (MP-DFT) pediu nesta ter\u00e7a-feira que a Justi\u00e7a tome provid\u00eancias para acabar com supostas regalias recebidas por condenados na A\u00e7\u00e3o Penal (AP) 470, no complexo da Papuda, em Bras\u00edlia. Promotores citam uma feijoada feita dentro de um dos pres\u00eddios. As irregularidades, segundo o MP, ocorreram no Centro de Internamento de Reeduca\u00e7\u00e3o (CIR), onde est\u00e1 preso o ex-ministro da Casa Civil, Jos\u00e9 Dirceu, e no Centro de Progress\u00e3o Penitenci\u00e1ria (CPP), onde o ex-tesoureiro do PT, Del\u00fabio Soares, cumpre pena. Se situa\u00e7\u00e3o continuar, \u00f3rg\u00e3o pede que os r\u00e9us sejam transferidos. Integrantes do MP tamb\u00e9m querem que o govenador do Distrito Federal, Agnelo Queiroz (PT), seja intimado para adotar as providencias adequadas. Segundo o jornal&hellip;","og_url":"https:\/\/blogdofarnesio.com.br\/?p=74477","og_site_name":"Blog do Farn\u00e9sio","article_publisher":"https:\/\/www.facebook.com\/BlogQuerSaberPolitica\/","article_published_time":"2014-02-26T15:01:07+00:00","og_image":[{"url":"http:\/\/www.brasil247.com\/images\/cache\/1000x357\/crop\/images%7Ccms-image-000359076.jpg","type":"","width":"","height":""}],"author":"teste","twitter_card":"summary_large_image","twitter_misc":{"Escrito por":"teste","Est. tempo de leitura":"3 minutos"},"schema":{"@context":"https:\/\/schema.org","@graph":[{"@type":"Article","@id":"https:\/\/blogdofarnesio.com.br\/?p=74477#article","isPartOf":{"@id":"https:\/\/blogdofarnesio.com.br\/?p=74477"},"author":{"name":"teste","@id":"https:\/\/blogdofarnesio.com.br\/#\/schema\/person\/dd1bf5eba40b687199ba45ca6b97dff9"},"headline":"MP PEDE A\u00c7\u00d5ES CONTRA &#8220;REGALIAS&#8221; NA PAPUDA","datePublished":"2014-02-26T15:01:07+00:00","mainEntityOfPage":{"@id":"https:\/\/blogdofarnesio.com.br\/?p=74477"},"wordCount":680,"commentCount":0,"publisher":{"@id":"https:\/\/blogdofarnesio.com.br\/#organization"},"image":{"@id":"https:\/\/blogdofarnesio.com.br\/?p=74477#primaryimage"},"thumbnailUrl":"http:\/\/www.brasil247.com\/images\/cache\/1000x357\/crop\/images%7Ccms-image-000359076.jpg","articleSection":["Pol\u00edtica"],"inLanguage":"pt-BR","potentialAction":[{"@type":"CommentAction","name":"Comment","target":["https:\/\/blogdofarnesio.com.br\/?p=74477#respond"]}]},{"@type":"WebPage","@id":"https:\/\/blogdofarnesio.com.br\/?p=74477","url":"https:\/\/blogdofarnesio.com.br\/?p=74477","name":"MP PEDE A\u00c7\u00d5ES CONTRA \"REGALIAS\" NA PAPUDA - Blog do Farn\u00e9sio","isPartOf":{"@id":"https:\/\/blogdofarnesio.com.br\/#website"},"primaryImageOfPage":{"@id":"https:\/\/blogdofarnesio.com.br\/?p=74477#primaryimage"},"image":{"@id":"https:\/\/blogdofarnesio.com.br\/?p=74477#primaryimage"},"thumbnailUrl":"http:\/\/www.brasil247.com\/images\/cache\/1000x357\/crop\/images%7Ccms-image-000359076.jpg","datePublished":"2014-02-26T15:01:07+00:00","breadcrumb":{"@id":"https:\/\/blogdofarnesio.com.br\/?p=74477#breadcrumb"},"inLanguage":"pt-BR","potentialAction":[{"@type":"ReadAction","target":["https:\/\/blogdofarnesio.com.br\/?p=74477"]}]},{"@type":"ImageObject","inLanguage":"pt-BR","@id":"https:\/\/blogdofarnesio.com.br\/?p=74477#primaryimage","url":"http:\/\/www.brasil247.com\/images\/cache\/1000x357\/crop\/images%7Ccms-image-000359076.jpg","contentUrl":"http:\/\/www.brasil247.com\/images\/cache\/1000x357\/crop\/images%7Ccms-image-000359076.jpg"},{"@type":"BreadcrumbList","@id":"https:\/\/blogdofarnesio.com.br\/?p=74477#breadcrumb","itemListElement":[{"@type":"ListItem","position":1,"name":"In\u00edcio","item":"https:\/\/blogdofarnesio.com.br\/"},{"@type":"ListItem","position":2,"name":"MP PEDE A\u00c7\u00d5ES CONTRA &#8220;REGALIAS&#8221; NA PAPUDA"}]},{"@type":"WebSite","@id":"https:\/\/blogdofarnesio.com.br\/#website","url":"https:\/\/blogdofarnesio.com.br\/","name":"Blog do Farn\u00e9sio","description":"Quer Saber Pol\u00edtica?","publisher":{"@id":"https:\/\/blogdofarnesio.com.br\/#organization"},"potentialAction":[{"@type":"SearchAction","target":{"@type":"EntryPoint","urlTemplate":"https:\/\/blogdofarnesio.com.br\/?s={search_term_string}"},"query-input":{"@type":"PropertyValueSpecification","valueRequired":true,"valueName":"search_term_string"}}],"inLanguage":"pt-BR"},{"@type":"Organization","@id":"https:\/\/blogdofarnesio.com.br\/#organization","name":"Blog do Farn\u00e9sio","url":"https:\/\/blogdofarnesio.com.br\/","logo":{"@type":"ImageObject","inLanguage":"pt-BR","@id":"https:\/\/blogdofarnesio.com.br\/#\/schema\/logo\/image\/","url":"https:\/\/blogdofarnesio.com.br\/wp-content\/uploads\/2026\/03\/cropped-logo_new-1.png","contentUrl":"https:\/\/blogdofarnesio.com.br\/wp-content\/uploads\/2026\/03\/cropped-logo_new-1.png","width":881,"height":685,"caption":"Blog do Farn\u00e9sio"},"image":{"@id":"https:\/\/blogdofarnesio.com.br\/#\/schema\/logo\/image\/"},"sameAs":["https:\/\/www.facebook.com\/BlogQuerSaberPolitica\/"]},{"@type":"Person","@id":"https:\/\/blogdofarnesio.com.br\/#\/schema\/person\/dd1bf5eba40b687199ba45ca6b97dff9","name":"teste","image":{"@type":"ImageObject","inLanguage":"pt-BR","@id":"https:\/\/secure.gravatar.com\/avatar\/2172498d4914b51e1d89a0f97957b035ac4938723a5cac208135d389b6972a6d?s=96&d=mm&r=g","url":"https:\/\/secure.gravatar.com\/avatar\/2172498d4914b51e1d89a0f97957b035ac4938723a5cac208135d389b6972a6d?s=96&d=mm&r=g","contentUrl":"https:\/\/secure.gravatar.com\/avatar\/2172498d4914b51e1d89a0f97957b035ac4938723a5cac208135d389b6972a6d?s=96&d=mm&r=g","caption":"teste"},"url":"https:\/\/blogdofarnesio.com.br\/?author=3"}]}},"_links":{"self":[{"href":"https:\/\/blogdofarnesio.com.br\/index.php?rest_route=\/wp\/v2\/posts\/74477","targetHints":{"allow":["GET"]}}],"collection":[{"href":"https:\/\/blogdofarnesio.com.br\/index.php?rest_route=\/wp\/v2\/posts"}],"about":[{"href":"https:\/\/blogdofarnesio.com.br\/index.php?rest_route=\/wp\/v2\/types\/post"}],"author":[{"embeddable":true,"href":"https:\/\/blogdofarnesio.com.br\/index.php?rest_route=\/wp\/v2\/users\/3"}],"replies":[{"embeddable":true,"href":"https:\/\/blogdofarnesio.com.br\/index.php?rest_route=%2Fwp%2Fv2%2Fcomments&post=74477"}],"version-history":[{"count":0,"href":"https:\/\/blogdofarnesio.com.br\/index.php?rest_route=\/wp\/v2\/posts\/74477\/revisions"}],"wp:attachment":[{"href":"https:\/\/blogdofarnesio.com.br\/index.php?rest_route=%2Fwp%2Fv2%2Fmedia&parent=74477"}],"wp:term":[{"taxonomy":"category","embeddable":true,"href":"https:\/\/blogdofarnesio.com.br\/index.php?rest_route=%2Fwp%2Fv2%2Fcategories&post=74477"},{"taxonomy":"post_tag","embeddable":true,"href":"https:\/\/blogdofarnesio.com.br\/index.php?rest_route=%2Fwp%2Fv2%2Ftags&post=74477"}],"curies":[{"name":"wp","href":"https:\/\/api.w.org\/{rel}","templated":true}]}}