{"id":74472,"date":"2014-02-26T11:30:56","date_gmt":"2014-02-26T14:30:56","guid":{"rendered":"http:\/\/www.quersaberpolitica.com.br\/?p=74472"},"modified":"2014-02-26T08:55:17","modified_gmt":"2014-02-26T11:55:17","slug":"prefeita-de-gameleirape-e-afastada-por-contratacao-irregular-de-servidores","status":"publish","type":"post","link":"https:\/\/blogdofarnesio.com.br\/?p=74472","title":{"rendered":"PREFEITA DE GAMELEIRA\/PE \u00c9 AFASTADA POR CONTRATA\u00c7\u00c3O IRREGULAR DE SERVIDORES"},"content":{"rendered":"<div style=\"text-align: justify\">\n<h2>Por Mar\u00edlia Neves<\/h2>\n<\/div>\n<div style=\"text-align: justify\">\n<p style=\"text-align: justify\"><img loading=\"lazy\" decoding=\"async\" class=\"aligncenter\" alt=\"\" src=\"http:\/\/blogdocarlosaraujo.com\/wp-content\/uploads\/2013\/10\/prefeita.jpg\" width=\"538\" height=\"403\" \/>As v\u00e1rias prefeituras que s\u00e3o investigadas pelo Minist\u00e9rio P\u00fablico de Pernambuco (MPPE) atrav\u00e9s de Inqu\u00e9rito Civil P\u00fablico podem sofrer consequ\u00eancias se mantiverem contrata\u00e7\u00f5es irregulares de servidores p\u00fablicos. O que ocorreu no munic\u00edpio de Gameleira, Zona da Mata Sul do Estado, \u00e9 prova de que h\u00e1 implica\u00e7\u00f5es para esse tipo de atitude.<\/p>\n<p>De acordo com o Di\u00e1rio Oficial do Estado desta ter\u00e7a-feira (25), a prefeita da cidade, Yeda Augusta dos Santos Oliveira, foi sentenciada a perda da fun\u00e7\u00e3o p\u00fablica por \u201cato de improbidade administrativa, ao realizar contrata\u00e7\u00f5es de tempor\u00e1rios em detrimento de candidatos aprovados em concurso p\u00fablico ainda vigente\u201d. A senten\u00e7a foi pronunciada na \u00faltima quinta-feira (20). Na mesma decis\u00e3o judicial, uma liminar determinou a imediata nomea\u00e7\u00e3o e investidura nos cargos de mais de 244 aprovados no concurso de 2009.<!--more--><\/p>\n<p>Devem assumir 120 candidatos auxiliares de servi\u00e7os gerais, 39 merendeiros e 85 vigilantes, sob pena de multa di\u00e1ria de R$ 5 mil. A\u00e7\u00e3o foi ingressada pela promotora de Justi\u00e7a de Gameleira Rafaela Melo de Carvalho Vaz.<\/p>\n<p>Irregularidades<br \/>\nO concurso realizado em 2009 era v\u00e1lido at\u00e9 janeiro de 2014. Nele, foram aprovados 335 candidatos ao cargo de auxiliar de servi\u00e7os gerais; 231, ao de merendeiro, e 292, ao de vigilante. Desses, foram chamados apenas 62, 44 e 54 concursados em cada profiss\u00e3o, respectivamente. Mesmo com o excedente de pessoas aptas a assumirem os postos, foram contratados a t\u00edtulo prec\u00e1rio 120 auxiliares de servi\u00e7os gerais, 39 merendeiros e 85 vigilantes entre os meses de fevereiro e setembro de 2013.<\/p>\n<p>Uma recomenda\u00e7\u00e3o do MPPE foi expedida e duas ordens judiciais emanadas para que as contrata\u00e7\u00f5es fossem efetuadas, mas nada foi feito pela Prefeitura.<\/p>\n<p>Embasamento<br \/>\nDe acordo com a publica\u00e7\u00e3o, conforme a Lei 8.429\/92, a contrata\u00e7\u00e3o prec\u00e1ria de pessoal em detrimento de concursados e dever de nomea\u00e7\u00e3o mesmo fora do n\u00famero de vagas previstas no edital configura ato de improbidade administrativa.<\/p>\n<p>Suspens\u00e3o<br \/>\nA prefeita tamb\u00e9m teve os direitos pol\u00edticos suspensos por tr\u00eas anos. Al\u00e9m disso, dever\u00e1 pagar multa civil no valor de 100 vezes sua remunera\u00e7\u00e3o, n\u00e3o poder\u00e1 contratar com o Poder P\u00fablico, receber benef\u00edcios, incentivos fiscais ou credit\u00edcios, direta ou indiretamente, ainda que por interm\u00e9dio de pessoas jur\u00eddicas da qual seja s\u00f3cio majorit\u00e1rio pelo mesmo per\u00edodo.<\/p>\n<\/div>\n","protected":false},"excerpt":{"rendered":"<p>Por Mar\u00edlia Neves As v\u00e1rias prefeituras que s\u00e3o investigadas pelo Minist\u00e9rio P\u00fablico de Pernambuco (MPPE) atrav\u00e9s de Inqu\u00e9rito Civil P\u00fablico podem sofrer consequ\u00eancias se mantiverem contrata\u00e7\u00f5es irregulares de servidores p\u00fablicos. O que ocorreu no munic\u00edpio de Gameleira, Zona da Mata Sul do Estado, \u00e9 prova de que h\u00e1 implica\u00e7\u00f5es para esse tipo de atitude. De acordo com o Di\u00e1rio Oficial do Estado desta ter\u00e7a-feira (25), a prefeita da cidade, Yeda Augusta dos Santos Oliveira, foi sentenciada a perda da fun\u00e7\u00e3o p\u00fablica por \u201cato de improbidade administrativa, ao realizar contrata\u00e7\u00f5es de tempor\u00e1rios em detrimento de candidatos aprovados em concurso p\u00fablico ainda vigente\u201d. A senten\u00e7a foi pronunciada na \u00faltima quinta-feira (20). Na mesma decis\u00e3o judicial, uma liminar determinou a imediata nomea\u00e7\u00e3o e&hellip; <\/p>\n","protected":false},"author":3,"featured_media":0,"comment_status":"open","ping_status":"open","sticky":false,"template":"","format":"standard","meta":{"_acf_changed":false,"footnotes":""},"categories":[27],"tags":[],"class_list":["post-74472","post","type-post","status-publish","format-standard","hentry","category-cidades"],"acf":[],"yoast_head":"<!-- This site is optimized with the Yoast SEO plugin v27.4 - https:\/\/yoast.com\/product\/yoast-seo-wordpress\/ -->\n<title>PREFEITA DE GAMELEIRA\/PE \u00c9 AFASTADA POR CONTRATA\u00c7\u00c3O IRREGULAR DE SERVIDORES - Blog do Farn\u00e9sio<\/title>\n<meta name=\"robots\" content=\"index, follow, max-snippet:-1, max-image-preview:large, max-video-preview:-1\" \/>\n<link rel=\"canonical\" href=\"https:\/\/blogdofarnesio.com.br\/?p=74472\" \/>\n<meta property=\"og:locale\" content=\"pt_BR\" \/>\n<meta property=\"og:type\" content=\"article\" \/>\n<meta property=\"og:title\" content=\"PREFEITA DE GAMELEIRA\/PE \u00c9 AFASTADA POR CONTRATA\u00c7\u00c3O IRREGULAR DE SERVIDORES - Blog do Farn\u00e9sio\" \/>\n<meta property=\"og:description\" content=\"Por Mar\u00edlia Neves As v\u00e1rias prefeituras que s\u00e3o investigadas pelo Minist\u00e9rio P\u00fablico de Pernambuco (MPPE) atrav\u00e9s de Inqu\u00e9rito Civil P\u00fablico podem sofrer consequ\u00eancias se mantiverem contrata\u00e7\u00f5es irregulares de servidores p\u00fablicos. O que ocorreu no munic\u00edpio de Gameleira, Zona da Mata Sul do Estado, \u00e9 prova de que h\u00e1 implica\u00e7\u00f5es para esse tipo de atitude. De acordo com o Di\u00e1rio Oficial do Estado desta ter\u00e7a-feira (25), a prefeita da cidade, Yeda Augusta dos Santos Oliveira, foi sentenciada a perda da fun\u00e7\u00e3o p\u00fablica por \u201cato de improbidade administrativa, ao realizar contrata\u00e7\u00f5es de tempor\u00e1rios em detrimento de candidatos aprovados em concurso p\u00fablico ainda vigente\u201d. A senten\u00e7a foi pronunciada na \u00faltima quinta-feira (20). Na mesma decis\u00e3o judicial, uma liminar determinou a imediata nomea\u00e7\u00e3o e&hellip;\" \/>\n<meta property=\"og:url\" content=\"https:\/\/blogdofarnesio.com.br\/?p=74472\" \/>\n<meta property=\"og:site_name\" content=\"Blog do Farn\u00e9sio\" \/>\n<meta property=\"article:publisher\" content=\"https:\/\/www.facebook.com\/BlogQuerSaberPolitica\/\" \/>\n<meta property=\"article:published_time\" content=\"2014-02-26T14:30:56+00:00\" \/>\n<meta property=\"og:image\" content=\"http:\/\/blogdocarlosaraujo.com\/wp-content\/uploads\/2013\/10\/prefeita.jpg\" \/>\n<meta name=\"author\" content=\"teste\" \/>\n<meta name=\"twitter:card\" content=\"summary_large_image\" \/>\n<meta name=\"twitter:label1\" content=\"Escrito por\" \/>\n\t<meta name=\"twitter:data1\" content=\"teste\" \/>\n\t<meta name=\"twitter:label2\" content=\"Est. tempo de leitura\" \/>\n\t<meta name=\"twitter:data2\" content=\"2 minutos\" \/>\n<script type=\"application\/ld+json\" class=\"yoast-schema-graph\">{\"@context\":\"https:\\\/\\\/schema.org\",\"@graph\":[{\"@type\":\"Article\",\"@id\":\"https:\\\/\\\/blogdofarnesio.com.br\\\/?p=74472#article\",\"isPartOf\":{\"@id\":\"https:\\\/\\\/blogdofarnesio.com.br\\\/?p=74472\"},\"author\":{\"name\":\"teste\",\"@id\":\"https:\\\/\\\/blogdofarnesio.com.br\\\/#\\\/schema\\\/person\\\/dd1bf5eba40b687199ba45ca6b97dff9\"},\"headline\":\"PREFEITA DE GAMELEIRA\\\/PE \u00c9 AFASTADA POR CONTRATA\u00c7\u00c3O IRREGULAR DE SERVIDORES\",\"datePublished\":\"2014-02-26T14:30:56+00:00\",\"mainEntityOfPage\":{\"@id\":\"https:\\\/\\\/blogdofarnesio.com.br\\\/?p=74472\"},\"wordCount\":408,\"commentCount\":0,\"publisher\":{\"@id\":\"https:\\\/\\\/blogdofarnesio.com.br\\\/#organization\"},\"image\":{\"@id\":\"https:\\\/\\\/blogdofarnesio.com.br\\\/?p=74472#primaryimage\"},\"thumbnailUrl\":\"http:\\\/\\\/blogdocarlosaraujo.com\\\/wp-content\\\/uploads\\\/2013\\\/10\\\/prefeita.jpg\",\"articleSection\":[\"Cidades\"],\"inLanguage\":\"pt-BR\",\"potentialAction\":[{\"@type\":\"CommentAction\",\"name\":\"Comment\",\"target\":[\"https:\\\/\\\/blogdofarnesio.com.br\\\/?p=74472#respond\"]}]},{\"@type\":\"WebPage\",\"@id\":\"https:\\\/\\\/blogdofarnesio.com.br\\\/?p=74472\",\"url\":\"https:\\\/\\\/blogdofarnesio.com.br\\\/?p=74472\",\"name\":\"PREFEITA DE GAMELEIRA\\\/PE \u00c9 AFASTADA POR CONTRATA\u00c7\u00c3O IRREGULAR DE SERVIDORES - Blog do Farn\u00e9sio\",\"isPartOf\":{\"@id\":\"https:\\\/\\\/blogdofarnesio.com.br\\\/#website\"},\"primaryImageOfPage\":{\"@id\":\"https:\\\/\\\/blogdofarnesio.com.br\\\/?p=74472#primaryimage\"},\"image\":{\"@id\":\"https:\\\/\\\/blogdofarnesio.com.br\\\/?p=74472#primaryimage\"},\"thumbnailUrl\":\"http:\\\/\\\/blogdocarlosaraujo.com\\\/wp-content\\\/uploads\\\/2013\\\/10\\\/prefeita.jpg\",\"datePublished\":\"2014-02-26T14:30:56+00:00\",\"breadcrumb\":{\"@id\":\"https:\\\/\\\/blogdofarnesio.com.br\\\/?p=74472#breadcrumb\"},\"inLanguage\":\"pt-BR\",\"potentialAction\":[{\"@type\":\"ReadAction\",\"target\":[\"https:\\\/\\\/blogdofarnesio.com.br\\\/?p=74472\"]}]},{\"@type\":\"ImageObject\",\"inLanguage\":\"pt-BR\",\"@id\":\"https:\\\/\\\/blogdofarnesio.com.br\\\/?p=74472#primaryimage\",\"url\":\"http:\\\/\\\/blogdocarlosaraujo.com\\\/wp-content\\\/uploads\\\/2013\\\/10\\\/prefeita.jpg\",\"contentUrl\":\"http:\\\/\\\/blogdocarlosaraujo.com\\\/wp-content\\\/uploads\\\/2013\\\/10\\\/prefeita.jpg\"},{\"@type\":\"BreadcrumbList\",\"@id\":\"https:\\\/\\\/blogdofarnesio.com.br\\\/?p=74472#breadcrumb\",\"itemListElement\":[{\"@type\":\"ListItem\",\"position\":1,\"name\":\"In\u00edcio\",\"item\":\"https:\\\/\\\/blogdofarnesio.com.br\\\/\"},{\"@type\":\"ListItem\",\"position\":2,\"name\":\"PREFEITA DE GAMELEIRA\\\/PE \u00c9 AFASTADA POR CONTRATA\u00c7\u00c3O IRREGULAR DE SERVIDORES\"}]},{\"@type\":\"WebSite\",\"@id\":\"https:\\\/\\\/blogdofarnesio.com.br\\\/#website\",\"url\":\"https:\\\/\\\/blogdofarnesio.com.br\\\/\",\"name\":\"Blog do Farn\u00e9sio\",\"description\":\"Quer Saber Pol\u00edtica?\",\"publisher\":{\"@id\":\"https:\\\/\\\/blogdofarnesio.com.br\\\/#organization\"},\"potentialAction\":[{\"@type\":\"SearchAction\",\"target\":{\"@type\":\"EntryPoint\",\"urlTemplate\":\"https:\\\/\\\/blogdofarnesio.com.br\\\/?s={search_term_string}\"},\"query-input\":{\"@type\":\"PropertyValueSpecification\",\"valueRequired\":true,\"valueName\":\"search_term_string\"}}],\"inLanguage\":\"pt-BR\"},{\"@type\":\"Organization\",\"@id\":\"https:\\\/\\\/blogdofarnesio.com.br\\\/#organization\",\"name\":\"Blog do Farn\u00e9sio\",\"url\":\"https:\\\/\\\/blogdofarnesio.com.br\\\/\",\"logo\":{\"@type\":\"ImageObject\",\"inLanguage\":\"pt-BR\",\"@id\":\"https:\\\/\\\/blogdofarnesio.com.br\\\/#\\\/schema\\\/logo\\\/image\\\/\",\"url\":\"https:\\\/\\\/blogdofarnesio.com.br\\\/wp-content\\\/uploads\\\/2026\\\/03\\\/cropped-logo_new-1.png\",\"contentUrl\":\"https:\\\/\\\/blogdofarnesio.com.br\\\/wp-content\\\/uploads\\\/2026\\\/03\\\/cropped-logo_new-1.png\",\"width\":881,\"height\":685,\"caption\":\"Blog do Farn\u00e9sio\"},\"image\":{\"@id\":\"https:\\\/\\\/blogdofarnesio.com.br\\\/#\\\/schema\\\/logo\\\/image\\\/\"},\"sameAs\":[\"https:\\\/\\\/www.facebook.com\\\/BlogQuerSaberPolitica\\\/\"]},{\"@type\":\"Person\",\"@id\":\"https:\\\/\\\/blogdofarnesio.com.br\\\/#\\\/schema\\\/person\\\/dd1bf5eba40b687199ba45ca6b97dff9\",\"name\":\"teste\",\"image\":{\"@type\":\"ImageObject\",\"inLanguage\":\"pt-BR\",\"@id\":\"https:\\\/\\\/secure.gravatar.com\\\/avatar\\\/2172498d4914b51e1d89a0f97957b035ac4938723a5cac208135d389b6972a6d?s=96&d=mm&r=g\",\"url\":\"https:\\\/\\\/secure.gravatar.com\\\/avatar\\\/2172498d4914b51e1d89a0f97957b035ac4938723a5cac208135d389b6972a6d?s=96&d=mm&r=g\",\"contentUrl\":\"https:\\\/\\\/secure.gravatar.com\\\/avatar\\\/2172498d4914b51e1d89a0f97957b035ac4938723a5cac208135d389b6972a6d?s=96&d=mm&r=g\",\"caption\":\"teste\"},\"url\":\"https:\\\/\\\/blogdofarnesio.com.br\\\/?author=3\"}]}<\/script>\n<!-- \/ Yoast SEO plugin. -->","yoast_head_json":{"title":"PREFEITA DE GAMELEIRA\/PE \u00c9 AFASTADA POR CONTRATA\u00c7\u00c3O IRREGULAR DE SERVIDORES - Blog do Farn\u00e9sio","robots":{"index":"index","follow":"follow","max-snippet":"max-snippet:-1","max-image-preview":"max-image-preview:large","max-video-preview":"max-video-preview:-1"},"canonical":"https:\/\/blogdofarnesio.com.br\/?p=74472","og_locale":"pt_BR","og_type":"article","og_title":"PREFEITA DE GAMELEIRA\/PE \u00c9 AFASTADA POR CONTRATA\u00c7\u00c3O IRREGULAR DE SERVIDORES - Blog do Farn\u00e9sio","og_description":"Por Mar\u00edlia Neves As v\u00e1rias prefeituras que s\u00e3o investigadas pelo Minist\u00e9rio P\u00fablico de Pernambuco (MPPE) atrav\u00e9s de Inqu\u00e9rito Civil P\u00fablico podem sofrer consequ\u00eancias se mantiverem contrata\u00e7\u00f5es irregulares de servidores p\u00fablicos. O que ocorreu no munic\u00edpio de Gameleira, Zona da Mata Sul do Estado, \u00e9 prova de que h\u00e1 implica\u00e7\u00f5es para esse tipo de atitude. De acordo com o Di\u00e1rio Oficial do Estado desta ter\u00e7a-feira (25), a prefeita da cidade, Yeda Augusta dos Santos Oliveira, foi sentenciada a perda da fun\u00e7\u00e3o p\u00fablica por \u201cato de improbidade administrativa, ao realizar contrata\u00e7\u00f5es de tempor\u00e1rios em detrimento de candidatos aprovados em concurso p\u00fablico ainda vigente\u201d. A senten\u00e7a foi pronunciada na \u00faltima quinta-feira (20). Na mesma decis\u00e3o judicial, uma liminar determinou a imediata nomea\u00e7\u00e3o e&hellip;","og_url":"https:\/\/blogdofarnesio.com.br\/?p=74472","og_site_name":"Blog do Farn\u00e9sio","article_publisher":"https:\/\/www.facebook.com\/BlogQuerSaberPolitica\/","article_published_time":"2014-02-26T14:30:56+00:00","og_image":[{"url":"http:\/\/blogdocarlosaraujo.com\/wp-content\/uploads\/2013\/10\/prefeita.jpg","type":"","width":"","height":""}],"author":"teste","twitter_card":"summary_large_image","twitter_misc":{"Escrito por":"teste","Est. tempo de leitura":"2 minutos"},"schema":{"@context":"https:\/\/schema.org","@graph":[{"@type":"Article","@id":"https:\/\/blogdofarnesio.com.br\/?p=74472#article","isPartOf":{"@id":"https:\/\/blogdofarnesio.com.br\/?p=74472"},"author":{"name":"teste","@id":"https:\/\/blogdofarnesio.com.br\/#\/schema\/person\/dd1bf5eba40b687199ba45ca6b97dff9"},"headline":"PREFEITA DE GAMELEIRA\/PE \u00c9 AFASTADA POR CONTRATA\u00c7\u00c3O IRREGULAR DE SERVIDORES","datePublished":"2014-02-26T14:30:56+00:00","mainEntityOfPage":{"@id":"https:\/\/blogdofarnesio.com.br\/?p=74472"},"wordCount":408,"commentCount":0,"publisher":{"@id":"https:\/\/blogdofarnesio.com.br\/#organization"},"image":{"@id":"https:\/\/blogdofarnesio.com.br\/?p=74472#primaryimage"},"thumbnailUrl":"http:\/\/blogdocarlosaraujo.com\/wp-content\/uploads\/2013\/10\/prefeita.jpg","articleSection":["Cidades"],"inLanguage":"pt-BR","potentialAction":[{"@type":"CommentAction","name":"Comment","target":["https:\/\/blogdofarnesio.com.br\/?p=74472#respond"]}]},{"@type":"WebPage","@id":"https:\/\/blogdofarnesio.com.br\/?p=74472","url":"https:\/\/blogdofarnesio.com.br\/?p=74472","name":"PREFEITA DE GAMELEIRA\/PE \u00c9 AFASTADA POR CONTRATA\u00c7\u00c3O IRREGULAR DE SERVIDORES - Blog do Farn\u00e9sio","isPartOf":{"@id":"https:\/\/blogdofarnesio.com.br\/#website"},"primaryImageOfPage":{"@id":"https:\/\/blogdofarnesio.com.br\/?p=74472#primaryimage"},"image":{"@id":"https:\/\/blogdofarnesio.com.br\/?p=74472#primaryimage"},"thumbnailUrl":"http:\/\/blogdocarlosaraujo.com\/wp-content\/uploads\/2013\/10\/prefeita.jpg","datePublished":"2014-02-26T14:30:56+00:00","breadcrumb":{"@id":"https:\/\/blogdofarnesio.com.br\/?p=74472#breadcrumb"},"inLanguage":"pt-BR","potentialAction":[{"@type":"ReadAction","target":["https:\/\/blogdofarnesio.com.br\/?p=74472"]}]},{"@type":"ImageObject","inLanguage":"pt-BR","@id":"https:\/\/blogdofarnesio.com.br\/?p=74472#primaryimage","url":"http:\/\/blogdocarlosaraujo.com\/wp-content\/uploads\/2013\/10\/prefeita.jpg","contentUrl":"http:\/\/blogdocarlosaraujo.com\/wp-content\/uploads\/2013\/10\/prefeita.jpg"},{"@type":"BreadcrumbList","@id":"https:\/\/blogdofarnesio.com.br\/?p=74472#breadcrumb","itemListElement":[{"@type":"ListItem","position":1,"name":"In\u00edcio","item":"https:\/\/blogdofarnesio.com.br\/"},{"@type":"ListItem","position":2,"name":"PREFEITA DE GAMELEIRA\/PE \u00c9 AFASTADA POR CONTRATA\u00c7\u00c3O IRREGULAR DE SERVIDORES"}]},{"@type":"WebSite","@id":"https:\/\/blogdofarnesio.com.br\/#website","url":"https:\/\/blogdofarnesio.com.br\/","name":"Blog do Farn\u00e9sio","description":"Quer Saber Pol\u00edtica?","publisher":{"@id":"https:\/\/blogdofarnesio.com.br\/#organization"},"potentialAction":[{"@type":"SearchAction","target":{"@type":"EntryPoint","urlTemplate":"https:\/\/blogdofarnesio.com.br\/?s={search_term_string}"},"query-input":{"@type":"PropertyValueSpecification","valueRequired":true,"valueName":"search_term_string"}}],"inLanguage":"pt-BR"},{"@type":"Organization","@id":"https:\/\/blogdofarnesio.com.br\/#organization","name":"Blog do Farn\u00e9sio","url":"https:\/\/blogdofarnesio.com.br\/","logo":{"@type":"ImageObject","inLanguage":"pt-BR","@id":"https:\/\/blogdofarnesio.com.br\/#\/schema\/logo\/image\/","url":"https:\/\/blogdofarnesio.com.br\/wp-content\/uploads\/2026\/03\/cropped-logo_new-1.png","contentUrl":"https:\/\/blogdofarnesio.com.br\/wp-content\/uploads\/2026\/03\/cropped-logo_new-1.png","width":881,"height":685,"caption":"Blog do Farn\u00e9sio"},"image":{"@id":"https:\/\/blogdofarnesio.com.br\/#\/schema\/logo\/image\/"},"sameAs":["https:\/\/www.facebook.com\/BlogQuerSaberPolitica\/"]},{"@type":"Person","@id":"https:\/\/blogdofarnesio.com.br\/#\/schema\/person\/dd1bf5eba40b687199ba45ca6b97dff9","name":"teste","image":{"@type":"ImageObject","inLanguage":"pt-BR","@id":"https:\/\/secure.gravatar.com\/avatar\/2172498d4914b51e1d89a0f97957b035ac4938723a5cac208135d389b6972a6d?s=96&d=mm&r=g","url":"https:\/\/secure.gravatar.com\/avatar\/2172498d4914b51e1d89a0f97957b035ac4938723a5cac208135d389b6972a6d?s=96&d=mm&r=g","contentUrl":"https:\/\/secure.gravatar.com\/avatar\/2172498d4914b51e1d89a0f97957b035ac4938723a5cac208135d389b6972a6d?s=96&d=mm&r=g","caption":"teste"},"url":"https:\/\/blogdofarnesio.com.br\/?author=3"}]}},"_links":{"self":[{"href":"https:\/\/blogdofarnesio.com.br\/index.php?rest_route=\/wp\/v2\/posts\/74472","targetHints":{"allow":["GET"]}}],"collection":[{"href":"https:\/\/blogdofarnesio.com.br\/index.php?rest_route=\/wp\/v2\/posts"}],"about":[{"href":"https:\/\/blogdofarnesio.com.br\/index.php?rest_route=\/wp\/v2\/types\/post"}],"author":[{"embeddable":true,"href":"https:\/\/blogdofarnesio.com.br\/index.php?rest_route=\/wp\/v2\/users\/3"}],"replies":[{"embeddable":true,"href":"https:\/\/blogdofarnesio.com.br\/index.php?rest_route=%2Fwp%2Fv2%2Fcomments&post=74472"}],"version-history":[{"count":0,"href":"https:\/\/blogdofarnesio.com.br\/index.php?rest_route=\/wp\/v2\/posts\/74472\/revisions"}],"wp:attachment":[{"href":"https:\/\/blogdofarnesio.com.br\/index.php?rest_route=%2Fwp%2Fv2%2Fmedia&parent=74472"}],"wp:term":[{"taxonomy":"category","embeddable":true,"href":"https:\/\/blogdofarnesio.com.br\/index.php?rest_route=%2Fwp%2Fv2%2Fcategories&post=74472"},{"taxonomy":"post_tag","embeddable":true,"href":"https:\/\/blogdofarnesio.com.br\/index.php?rest_route=%2Fwp%2Fv2%2Ftags&post=74472"}],"curies":[{"name":"wp","href":"https:\/\/api.w.org\/{rel}","templated":true}]}}