{"id":74411,"date":"2014-02-26T11:03:40","date_gmt":"2014-02-26T14:03:40","guid":{"rendered":"http:\/\/www.quersaberpolitica.com.br\/?p=74411"},"modified":"2014-02-26T08:50:46","modified_gmt":"2014-02-26T11:50:46","slug":"petrolina-participa-de-reuniao-com-g100-no-rio-de-janeiro","status":"publish","type":"post","link":"https:\/\/blogdofarnesio.com.br\/?p=74411","title":{"rendered":"PETROLINA PARTICIPA DE REUNI\u00c3O COM G100 NO RIO DE JANEIRO"},"content":{"rendered":"<p style=\"text-align: justify\"><a href=\"http:\/\/www.quersaberpolitica.com.br\/2016\/wp-content\/uploads\/2013\/09\/blogqspgeraldojr.jpg\"><img loading=\"lazy\" decoding=\"async\" class=\"alignleft size-medium wp-image-58069\" alt=\"blogqspgeraldojr\" src=\"http:\/\/www.quersaberpolitica.com.br\/2016\/wp-content\/uploads\/2013\/09\/blogqspgeraldojr-300x224.jpg\" width=\"300\" height=\"224\" srcset=\"https:\/\/blogdofarnesio.com.br\/wp-content\/uploads\/2013\/09\/blogqspgeraldojr-300x224.jpg 300w, https:\/\/blogdofarnesio.com.br\/wp-content\/uploads\/2013\/09\/blogqspgeraldojr-400x300.jpg 400w, https:\/\/blogdofarnesio.com.br\/wp-content\/uploads\/2013\/09\/blogqspgeraldojr.jpg 448w\" sizes=\"auto, (max-width: 300px) 100vw, 300px\" \/><\/a>O secret\u00e1rio de Planejamento, Or\u00e7amento e Gest\u00e3o (SEPOG), Geraldo J\u00fanior, vai representar o prefeito Julio Lossio na reuni\u00e3o dos prefeitos do g100, com o presidente do Banco Nacional de Desenvolvimento Econ\u00f4mico e Social\u00a0(BNDES), Luciano Coutinho.<\/p>\n<p style=\"text-align: justify\">O evento ser\u00e1 realizado nesta quarta-feira (26), no audit\u00f3rio da sede do BNDES no Rio de Janeiro.<\/p>\n<p style=\"text-align: justify\">De acordo com Geraldo J\u00fanior a reuni\u00e3o ir\u00e1 detalhar as condi\u00e7\u00f5es de acesso preferencial dos municipios do g100 ao programa de Moderniza\u00e7\u00e3o da Administra\u00e7\u00e3o Tribut\u00e1ria e da Gest\u00e3o dos Setores Sociais B\u00e1sicos (BNDESPMAT). Na mesma ocasi\u00e3o ser\u00e1 lan\u00e7ado o anu\u00e1rio g100 2014, que traz informa\u00e7\u00f5es atualizadas a respeito das condi\u00e7\u00f5es econ\u00f4micas e sociais dos 100 munic\u00edpios que comp\u00f5em o grupo.<\/p>\n<p><strong>Ascom PMP<\/strong><\/p>\n","protected":false},"excerpt":{"rendered":"<p>O secret\u00e1rio de Planejamento, Or\u00e7amento e Gest\u00e3o (SEPOG), Geraldo J\u00fanior, vai representar o prefeito Julio Lossio na reuni\u00e3o dos prefeitos do g100, com o presidente do Banco Nacional de Desenvolvimento Econ\u00f4mico e Social\u00a0(BNDES), Luciano Coutinho. O evento ser\u00e1 realizado nesta quarta-feira (26), no audit\u00f3rio da sede do BNDES no Rio de Janeiro. De acordo com Geraldo J\u00fanior a reuni\u00e3o ir\u00e1 detalhar as condi\u00e7\u00f5es de acesso preferencial dos municipios do g100 ao programa de Moderniza\u00e7\u00e3o da Administra\u00e7\u00e3o Tribut\u00e1ria e da Gest\u00e3o dos Setores Sociais B\u00e1sicos (BNDESPMAT). Na mesma ocasi\u00e3o ser\u00e1 lan\u00e7ado o anu\u00e1rio g100 2014, que traz informa\u00e7\u00f5es atualizadas a respeito das condi\u00e7\u00f5es econ\u00f4micas e sociais dos 100 munic\u00edpios que comp\u00f5em o grupo. Ascom PMP<\/p>\n","protected":false},"author":3,"featured_media":0,"comment_status":"open","ping_status":"open","sticky":false,"template":"","format":"standard","meta":{"_acf_changed":false,"footnotes":""},"categories":[44],"tags":[],"class_list":["post-74411","post","type-post","status-publish","format-standard","hentry","category-administracao"],"acf":[],"yoast_head":"<!-- This site is optimized with the Yoast SEO plugin v27.4 - https:\/\/yoast.com\/product\/yoast-seo-wordpress\/ -->\n<title>PETROLINA PARTICIPA DE REUNI\u00c3O COM G100 NO RIO DE JANEIRO - Blog do Farn\u00e9sio<\/title>\n<meta name=\"robots\" content=\"index, follow, max-snippet:-1, max-image-preview:large, max-video-preview:-1\" \/>\n<link rel=\"canonical\" href=\"https:\/\/blogdofarnesio.com.br\/?p=74411\" \/>\n<meta property=\"og:locale\" content=\"pt_BR\" \/>\n<meta property=\"og:type\" content=\"article\" \/>\n<meta property=\"og:title\" content=\"PETROLINA PARTICIPA DE REUNI\u00c3O COM G100 NO RIO DE JANEIRO - Blog do Farn\u00e9sio\" \/>\n<meta property=\"og:description\" content=\"O secret\u00e1rio de Planejamento, Or\u00e7amento e Gest\u00e3o (SEPOG), Geraldo J\u00fanior, vai representar o prefeito Julio Lossio na reuni\u00e3o dos prefeitos do g100, com o presidente do Banco Nacional de Desenvolvimento Econ\u00f4mico e Social\u00a0(BNDES), Luciano Coutinho. O evento ser\u00e1 realizado nesta quarta-feira (26), no audit\u00f3rio da sede do BNDES no Rio de Janeiro. De acordo com Geraldo J\u00fanior a reuni\u00e3o ir\u00e1 detalhar as condi\u00e7\u00f5es de acesso preferencial dos municipios do g100 ao programa de Moderniza\u00e7\u00e3o da Administra\u00e7\u00e3o Tribut\u00e1ria e da Gest\u00e3o dos Setores Sociais B\u00e1sicos (BNDESPMAT). Na mesma ocasi\u00e3o ser\u00e1 lan\u00e7ado o anu\u00e1rio g100 2014, que traz informa\u00e7\u00f5es atualizadas a respeito das condi\u00e7\u00f5es econ\u00f4micas e sociais dos 100 munic\u00edpios que comp\u00f5em o grupo. Ascom PMP\" \/>\n<meta property=\"og:url\" content=\"https:\/\/blogdofarnesio.com.br\/?p=74411\" \/>\n<meta property=\"og:site_name\" content=\"Blog do Farn\u00e9sio\" \/>\n<meta property=\"article:publisher\" content=\"https:\/\/www.facebook.com\/BlogQuerSaberPolitica\/\" \/>\n<meta property=\"article:published_time\" content=\"2014-02-26T14:03:40+00:00\" \/>\n<meta property=\"og:image\" content=\"http:\/\/www.quersaberpolitica.com.br\/2016\/wp-content\/uploads\/2013\/09\/blogqspgeraldojr-300x224.jpg\" \/>\n<meta name=\"author\" content=\"teste\" \/>\n<meta name=\"twitter:card\" content=\"summary_large_image\" \/>\n<meta name=\"twitter:label1\" content=\"Escrito por\" \/>\n\t<meta name=\"twitter:data1\" content=\"teste\" \/>\n\t<meta name=\"twitter:label2\" content=\"Est. tempo de leitura\" \/>\n\t<meta name=\"twitter:data2\" content=\"1 minuto\" \/>\n<script type=\"application\/ld+json\" class=\"yoast-schema-graph\">{\"@context\":\"https:\\\/\\\/schema.org\",\"@graph\":[{\"@type\":\"Article\",\"@id\":\"https:\\\/\\\/blogdofarnesio.com.br\\\/?p=74411#article\",\"isPartOf\":{\"@id\":\"https:\\\/\\\/blogdofarnesio.com.br\\\/?p=74411\"},\"author\":{\"name\":\"teste\",\"@id\":\"https:\\\/\\\/blogdofarnesio.com.br\\\/#\\\/schema\\\/person\\\/dd1bf5eba40b687199ba45ca6b97dff9\"},\"headline\":\"PETROLINA PARTICIPA DE REUNI\u00c3O COM G100 NO RIO DE JANEIRO\",\"datePublished\":\"2014-02-26T14:03:40+00:00\",\"mainEntityOfPage\":{\"@id\":\"https:\\\/\\\/blogdofarnesio.com.br\\\/?p=74411\"},\"wordCount\":146,\"commentCount\":0,\"publisher\":{\"@id\":\"https:\\\/\\\/blogdofarnesio.com.br\\\/#organization\"},\"image\":{\"@id\":\"https:\\\/\\\/blogdofarnesio.com.br\\\/?p=74411#primaryimage\"},\"thumbnailUrl\":\"http:\\\/\\\/www.quersaberpolitica.com.br\\\/2016\\\/wp-content\\\/uploads\\\/2013\\\/09\\\/blogqspgeraldojr-300x224.jpg\",\"articleSection\":[\"Administra\u00e7\u00e3o\"],\"inLanguage\":\"pt-BR\",\"potentialAction\":[{\"@type\":\"CommentAction\",\"name\":\"Comment\",\"target\":[\"https:\\\/\\\/blogdofarnesio.com.br\\\/?p=74411#respond\"]}]},{\"@type\":\"WebPage\",\"@id\":\"https:\\\/\\\/blogdofarnesio.com.br\\\/?p=74411\",\"url\":\"https:\\\/\\\/blogdofarnesio.com.br\\\/?p=74411\",\"name\":\"PETROLINA PARTICIPA DE REUNI\u00c3O COM G100 NO RIO DE JANEIRO - Blog do Farn\u00e9sio\",\"isPartOf\":{\"@id\":\"https:\\\/\\\/blogdofarnesio.com.br\\\/#website\"},\"primaryImageOfPage\":{\"@id\":\"https:\\\/\\\/blogdofarnesio.com.br\\\/?p=74411#primaryimage\"},\"image\":{\"@id\":\"https:\\\/\\\/blogdofarnesio.com.br\\\/?p=74411#primaryimage\"},\"thumbnailUrl\":\"http:\\\/\\\/www.quersaberpolitica.com.br\\\/2016\\\/wp-content\\\/uploads\\\/2013\\\/09\\\/blogqspgeraldojr-300x224.jpg\",\"datePublished\":\"2014-02-26T14:03:40+00:00\",\"breadcrumb\":{\"@id\":\"https:\\\/\\\/blogdofarnesio.com.br\\\/?p=74411#breadcrumb\"},\"inLanguage\":\"pt-BR\",\"potentialAction\":[{\"@type\":\"ReadAction\",\"target\":[\"https:\\\/\\\/blogdofarnesio.com.br\\\/?p=74411\"]}]},{\"@type\":\"ImageObject\",\"inLanguage\":\"pt-BR\",\"@id\":\"https:\\\/\\\/blogdofarnesio.com.br\\\/?p=74411#primaryimage\",\"url\":\"http:\\\/\\\/www.quersaberpolitica.com.br\\\/2016\\\/wp-content\\\/uploads\\\/2013\\\/09\\\/blogqspgeraldojr-300x224.jpg\",\"contentUrl\":\"http:\\\/\\\/www.quersaberpolitica.com.br\\\/2016\\\/wp-content\\\/uploads\\\/2013\\\/09\\\/blogqspgeraldojr-300x224.jpg\"},{\"@type\":\"BreadcrumbList\",\"@id\":\"https:\\\/\\\/blogdofarnesio.com.br\\\/?p=74411#breadcrumb\",\"itemListElement\":[{\"@type\":\"ListItem\",\"position\":1,\"name\":\"In\u00edcio\",\"item\":\"https:\\\/\\\/blogdofarnesio.com.br\\\/\"},{\"@type\":\"ListItem\",\"position\":2,\"name\":\"PETROLINA PARTICIPA DE REUNI\u00c3O COM G100 NO RIO DE JANEIRO\"}]},{\"@type\":\"WebSite\",\"@id\":\"https:\\\/\\\/blogdofarnesio.com.br\\\/#website\",\"url\":\"https:\\\/\\\/blogdofarnesio.com.br\\\/\",\"name\":\"Blog do Farn\u00e9sio\",\"description\":\"Quer Saber Pol\u00edtica?\",\"publisher\":{\"@id\":\"https:\\\/\\\/blogdofarnesio.com.br\\\/#organization\"},\"potentialAction\":[{\"@type\":\"SearchAction\",\"target\":{\"@type\":\"EntryPoint\",\"urlTemplate\":\"https:\\\/\\\/blogdofarnesio.com.br\\\/?s={search_term_string}\"},\"query-input\":{\"@type\":\"PropertyValueSpecification\",\"valueRequired\":true,\"valueName\":\"search_term_string\"}}],\"inLanguage\":\"pt-BR\"},{\"@type\":\"Organization\",\"@id\":\"https:\\\/\\\/blogdofarnesio.com.br\\\/#organization\",\"name\":\"Blog do Farn\u00e9sio\",\"url\":\"https:\\\/\\\/blogdofarnesio.com.br\\\/\",\"logo\":{\"@type\":\"ImageObject\",\"inLanguage\":\"pt-BR\",\"@id\":\"https:\\\/\\\/blogdofarnesio.com.br\\\/#\\\/schema\\\/logo\\\/image\\\/\",\"url\":\"https:\\\/\\\/blogdofarnesio.com.br\\\/wp-content\\\/uploads\\\/2026\\\/03\\\/cropped-logo_new-1.png\",\"contentUrl\":\"https:\\\/\\\/blogdofarnesio.com.br\\\/wp-content\\\/uploads\\\/2026\\\/03\\\/cropped-logo_new-1.png\",\"width\":881,\"height\":685,\"caption\":\"Blog do Farn\u00e9sio\"},\"image\":{\"@id\":\"https:\\\/\\\/blogdofarnesio.com.br\\\/#\\\/schema\\\/logo\\\/image\\\/\"},\"sameAs\":[\"https:\\\/\\\/www.facebook.com\\\/BlogQuerSaberPolitica\\\/\"]},{\"@type\":\"Person\",\"@id\":\"https:\\\/\\\/blogdofarnesio.com.br\\\/#\\\/schema\\\/person\\\/dd1bf5eba40b687199ba45ca6b97dff9\",\"name\":\"teste\",\"image\":{\"@type\":\"ImageObject\",\"inLanguage\":\"pt-BR\",\"@id\":\"https:\\\/\\\/secure.gravatar.com\\\/avatar\\\/2172498d4914b51e1d89a0f97957b035ac4938723a5cac208135d389b6972a6d?s=96&d=mm&r=g\",\"url\":\"https:\\\/\\\/secure.gravatar.com\\\/avatar\\\/2172498d4914b51e1d89a0f97957b035ac4938723a5cac208135d389b6972a6d?s=96&d=mm&r=g\",\"contentUrl\":\"https:\\\/\\\/secure.gravatar.com\\\/avatar\\\/2172498d4914b51e1d89a0f97957b035ac4938723a5cac208135d389b6972a6d?s=96&d=mm&r=g\",\"caption\":\"teste\"},\"url\":\"https:\\\/\\\/blogdofarnesio.com.br\\\/?author=3\"}]}<\/script>\n<!-- \/ Yoast SEO plugin. -->","yoast_head_json":{"title":"PETROLINA PARTICIPA DE REUNI\u00c3O COM G100 NO RIO DE JANEIRO - Blog do Farn\u00e9sio","robots":{"index":"index","follow":"follow","max-snippet":"max-snippet:-1","max-image-preview":"max-image-preview:large","max-video-preview":"max-video-preview:-1"},"canonical":"https:\/\/blogdofarnesio.com.br\/?p=74411","og_locale":"pt_BR","og_type":"article","og_title":"PETROLINA PARTICIPA DE REUNI\u00c3O COM G100 NO RIO DE JANEIRO - Blog do Farn\u00e9sio","og_description":"O secret\u00e1rio de Planejamento, Or\u00e7amento e Gest\u00e3o (SEPOG), Geraldo J\u00fanior, vai representar o prefeito Julio Lossio na reuni\u00e3o dos prefeitos do g100, com o presidente do Banco Nacional de Desenvolvimento Econ\u00f4mico e Social\u00a0(BNDES), Luciano Coutinho. O evento ser\u00e1 realizado nesta quarta-feira (26), no audit\u00f3rio da sede do BNDES no Rio de Janeiro. De acordo com Geraldo J\u00fanior a reuni\u00e3o ir\u00e1 detalhar as condi\u00e7\u00f5es de acesso preferencial dos municipios do g100 ao programa de Moderniza\u00e7\u00e3o da Administra\u00e7\u00e3o Tribut\u00e1ria e da Gest\u00e3o dos Setores Sociais B\u00e1sicos (BNDESPMAT). Na mesma ocasi\u00e3o ser\u00e1 lan\u00e7ado o anu\u00e1rio g100 2014, que traz informa\u00e7\u00f5es atualizadas a respeito das condi\u00e7\u00f5es econ\u00f4micas e sociais dos 100 munic\u00edpios que comp\u00f5em o grupo. Ascom PMP","og_url":"https:\/\/blogdofarnesio.com.br\/?p=74411","og_site_name":"Blog do Farn\u00e9sio","article_publisher":"https:\/\/www.facebook.com\/BlogQuerSaberPolitica\/","article_published_time":"2014-02-26T14:03:40+00:00","og_image":[{"url":"http:\/\/www.quersaberpolitica.com.br\/2016\/wp-content\/uploads\/2013\/09\/blogqspgeraldojr-300x224.jpg","type":"","width":"","height":""}],"author":"teste","twitter_card":"summary_large_image","twitter_misc":{"Escrito por":"teste","Est. tempo de leitura":"1 minuto"},"schema":{"@context":"https:\/\/schema.org","@graph":[{"@type":"Article","@id":"https:\/\/blogdofarnesio.com.br\/?p=74411#article","isPartOf":{"@id":"https:\/\/blogdofarnesio.com.br\/?p=74411"},"author":{"name":"teste","@id":"https:\/\/blogdofarnesio.com.br\/#\/schema\/person\/dd1bf5eba40b687199ba45ca6b97dff9"},"headline":"PETROLINA PARTICIPA DE REUNI\u00c3O COM G100 NO RIO DE JANEIRO","datePublished":"2014-02-26T14:03:40+00:00","mainEntityOfPage":{"@id":"https:\/\/blogdofarnesio.com.br\/?p=74411"},"wordCount":146,"commentCount":0,"publisher":{"@id":"https:\/\/blogdofarnesio.com.br\/#organization"},"image":{"@id":"https:\/\/blogdofarnesio.com.br\/?p=74411#primaryimage"},"thumbnailUrl":"http:\/\/www.quersaberpolitica.com.br\/2016\/wp-content\/uploads\/2013\/09\/blogqspgeraldojr-300x224.jpg","articleSection":["Administra\u00e7\u00e3o"],"inLanguage":"pt-BR","potentialAction":[{"@type":"CommentAction","name":"Comment","target":["https:\/\/blogdofarnesio.com.br\/?p=74411#respond"]}]},{"@type":"WebPage","@id":"https:\/\/blogdofarnesio.com.br\/?p=74411","url":"https:\/\/blogdofarnesio.com.br\/?p=74411","name":"PETROLINA PARTICIPA DE REUNI\u00c3O COM G100 NO RIO DE JANEIRO - Blog do Farn\u00e9sio","isPartOf":{"@id":"https:\/\/blogdofarnesio.com.br\/#website"},"primaryImageOfPage":{"@id":"https:\/\/blogdofarnesio.com.br\/?p=74411#primaryimage"},"image":{"@id":"https:\/\/blogdofarnesio.com.br\/?p=74411#primaryimage"},"thumbnailUrl":"http:\/\/www.quersaberpolitica.com.br\/2016\/wp-content\/uploads\/2013\/09\/blogqspgeraldojr-300x224.jpg","datePublished":"2014-02-26T14:03:40+00:00","breadcrumb":{"@id":"https:\/\/blogdofarnesio.com.br\/?p=74411#breadcrumb"},"inLanguage":"pt-BR","potentialAction":[{"@type":"ReadAction","target":["https:\/\/blogdofarnesio.com.br\/?p=74411"]}]},{"@type":"ImageObject","inLanguage":"pt-BR","@id":"https:\/\/blogdofarnesio.com.br\/?p=74411#primaryimage","url":"http:\/\/www.quersaberpolitica.com.br\/2016\/wp-content\/uploads\/2013\/09\/blogqspgeraldojr-300x224.jpg","contentUrl":"http:\/\/www.quersaberpolitica.com.br\/2016\/wp-content\/uploads\/2013\/09\/blogqspgeraldojr-300x224.jpg"},{"@type":"BreadcrumbList","@id":"https:\/\/blogdofarnesio.com.br\/?p=74411#breadcrumb","itemListElement":[{"@type":"ListItem","position":1,"name":"In\u00edcio","item":"https:\/\/blogdofarnesio.com.br\/"},{"@type":"ListItem","position":2,"name":"PETROLINA PARTICIPA DE REUNI\u00c3O COM G100 NO RIO DE JANEIRO"}]},{"@type":"WebSite","@id":"https:\/\/blogdofarnesio.com.br\/#website","url":"https:\/\/blogdofarnesio.com.br\/","name":"Blog do Farn\u00e9sio","description":"Quer Saber Pol\u00edtica?","publisher":{"@id":"https:\/\/blogdofarnesio.com.br\/#organization"},"potentialAction":[{"@type":"SearchAction","target":{"@type":"EntryPoint","urlTemplate":"https:\/\/blogdofarnesio.com.br\/?s={search_term_string}"},"query-input":{"@type":"PropertyValueSpecification","valueRequired":true,"valueName":"search_term_string"}}],"inLanguage":"pt-BR"},{"@type":"Organization","@id":"https:\/\/blogdofarnesio.com.br\/#organization","name":"Blog do Farn\u00e9sio","url":"https:\/\/blogdofarnesio.com.br\/","logo":{"@type":"ImageObject","inLanguage":"pt-BR","@id":"https:\/\/blogdofarnesio.com.br\/#\/schema\/logo\/image\/","url":"https:\/\/blogdofarnesio.com.br\/wp-content\/uploads\/2026\/03\/cropped-logo_new-1.png","contentUrl":"https:\/\/blogdofarnesio.com.br\/wp-content\/uploads\/2026\/03\/cropped-logo_new-1.png","width":881,"height":685,"caption":"Blog do Farn\u00e9sio"},"image":{"@id":"https:\/\/blogdofarnesio.com.br\/#\/schema\/logo\/image\/"},"sameAs":["https:\/\/www.facebook.com\/BlogQuerSaberPolitica\/"]},{"@type":"Person","@id":"https:\/\/blogdofarnesio.com.br\/#\/schema\/person\/dd1bf5eba40b687199ba45ca6b97dff9","name":"teste","image":{"@type":"ImageObject","inLanguage":"pt-BR","@id":"https:\/\/secure.gravatar.com\/avatar\/2172498d4914b51e1d89a0f97957b035ac4938723a5cac208135d389b6972a6d?s=96&d=mm&r=g","url":"https:\/\/secure.gravatar.com\/avatar\/2172498d4914b51e1d89a0f97957b035ac4938723a5cac208135d389b6972a6d?s=96&d=mm&r=g","contentUrl":"https:\/\/secure.gravatar.com\/avatar\/2172498d4914b51e1d89a0f97957b035ac4938723a5cac208135d389b6972a6d?s=96&d=mm&r=g","caption":"teste"},"url":"https:\/\/blogdofarnesio.com.br\/?author=3"}]}},"_links":{"self":[{"href":"https:\/\/blogdofarnesio.com.br\/index.php?rest_route=\/wp\/v2\/posts\/74411","targetHints":{"allow":["GET"]}}],"collection":[{"href":"https:\/\/blogdofarnesio.com.br\/index.php?rest_route=\/wp\/v2\/posts"}],"about":[{"href":"https:\/\/blogdofarnesio.com.br\/index.php?rest_route=\/wp\/v2\/types\/post"}],"author":[{"embeddable":true,"href":"https:\/\/blogdofarnesio.com.br\/index.php?rest_route=\/wp\/v2\/users\/3"}],"replies":[{"embeddable":true,"href":"https:\/\/blogdofarnesio.com.br\/index.php?rest_route=%2Fwp%2Fv2%2Fcomments&post=74411"}],"version-history":[{"count":0,"href":"https:\/\/blogdofarnesio.com.br\/index.php?rest_route=\/wp\/v2\/posts\/74411\/revisions"}],"wp:attachment":[{"href":"https:\/\/blogdofarnesio.com.br\/index.php?rest_route=%2Fwp%2Fv2%2Fmedia&parent=74411"}],"wp:term":[{"taxonomy":"category","embeddable":true,"href":"https:\/\/blogdofarnesio.com.br\/index.php?rest_route=%2Fwp%2Fv2%2Fcategories&post=74411"},{"taxonomy":"post_tag","embeddable":true,"href":"https:\/\/blogdofarnesio.com.br\/index.php?rest_route=%2Fwp%2Fv2%2Ftags&post=74411"}],"curies":[{"name":"wp","href":"https:\/\/api.w.org\/{rel}","templated":true}]}}