{"id":74083,"date":"2014-02-21T14:41:14","date_gmt":"2014-02-21T17:41:14","guid":{"rendered":"http:\/\/www.quersaberpolitica.com.br\/?p=74083"},"modified":"2014-02-21T15:17:41","modified_gmt":"2014-02-21T18:17:41","slug":"mistura-de-ritmos-sera-a-marca-do-carnaval-de-petrolina-confira-a-programacao","status":"publish","type":"post","link":"https:\/\/blogdofarnesio.com.br\/?p=74083","title":{"rendered":"MISTURA DE RITMOS SER\u00c1 A MARCA DO CARNAVAL DE PETROLINA. CONFIRA A PROGRAMA\u00c7\u00c3O"},"content":{"rendered":"<figure id=\"attachment_27392\" aria-describedby=\"caption-attachment-27392\" style=\"width: 512px\" class=\"wp-caption aligncenter\"><a href=\"http:\/\/www.quersaberpolitica.com.br\/2016\/wp-content\/uploads\/2013\/02\/blogqspcarnavalcrianca.jpg\"><img loading=\"lazy\" decoding=\"async\" class=\" wp-image-27392\" alt=\"blogqspcarnavalcrianca\" src=\"http:\/\/www.quersaberpolitica.com.br\/2016\/wp-content\/uploads\/2013\/02\/blogqspcarnavalcrianca.jpg\" width=\"512\" height=\"302\" srcset=\"https:\/\/blogdofarnesio.com.br\/wp-content\/uploads\/2013\/02\/blogqspcarnavalcrianca.jpg 640w, https:\/\/blogdofarnesio.com.br\/wp-content\/uploads\/2013\/02\/blogqspcarnavalcrianca-300x176.jpg 300w, https:\/\/blogdofarnesio.com.br\/wp-content\/uploads\/2013\/02\/blogqspcarnavalcrianca-500x294.jpg 500w\" sizes=\"auto, (max-width: 512px) 100vw, 512px\" \/><\/a><figcaption id=\"caption-attachment-27392\" class=\"wp-caption-text\">Carnaval de Petrolina Foto Farn\u00e9sio Silva<\/figcaption><\/figure>\n<p>Batuque do maracatu, balan\u00e7o do frevo, philarm\u00f4nicas, jingado do ax\u00e9 e som do Par\u00e1. \u00c9 essa mistura que pretende animar os foli\u00f5es no carnaval de Petrolina no polo Orla, festa que acontece entre os dias 28 de fevereiro a 4 de mar\u00e7o, com o tema \u201cFolia no Vale dos Vinhos \u2013 De frevo a bola tudo rola\u201d.<\/p>\n<p align=\"JUSTIFY\"><span style=\"color: #222222\"><br \/>\nDurante a festa, os tradicionais blocos carnavalescos, que re\u00fanem todos os g\u00eaneros e idades, v\u00e3o arrastar seus foli\u00f5es atr\u00e1s das orquestras de frevo e cortejos, saindo da Pra\u00e7a Dom Malan e percorrendo as ruas que fazem parte da hist\u00f3ria da cidade, chegando at\u00e9 a orla de Petrolina. No mesmo local, na Porta do Rio, ser\u00e1 montado o palco que receber\u00e1 atra\u00e7\u00f5es como os petrolinenses Geraldo Azevedo, que abre a festa e Z\u00e9 Manoel, que volta a Petrolina depois de turn\u00ea pela Europa.<\/span><\/p>\n<p align=\"JUSTIFY\"><span style=\"color: #222222\">A folia de momo tamb\u00e9m dar\u00e1 espa\u00e7o \u00e0 diversidade musical e valoriza\u00e7\u00e3o de artistas locais, como o som alternativo de Ryan Nunes, a expressividade de Camila Yasmine, as marchinhas de Jo\u00e3ozinho Maravilha, a mistura de ritmos de Ana Costa e o forr\u00f3 da Pega Leve. As bandas Maioh Onda, De Carona e Hit Pan trazem a suingueira do pagode. O ax\u00e9 da Bahia tamb\u00e9m estar\u00e1 na festa, trazido pelo som da Banda Pinel.<\/span><\/p>\n<p align=\"JUSTIFY\"><span style=\"color: #222222\"><br \/>\nFechando a Folia no Vale dos Vinhos, o som do Par\u00e1 retorna \u00e0 Petrolina com a Banda Calypso, que anima os petrolinenses no dia 4 de mar\u00e7o.\u00a0<span style=\"color: #000000\">Os shows musicais no palco da Orla devem come\u00e7ar a partir das 20h.<\/span><span style=\"color: #ff0000\">\u00a0<\/span>A Prefeitura de Petrolina convida os foli\u00f5es a se fantasiarem de alegria e irem \u00e0s ruas em clima de festa e paz.<\/span><\/p>\n<p align=\"JUSTIFY\"><strong>Confira a programa\u00e7\u00e3o:<!--more--><\/strong><\/p>\n<p><b>28.02<br \/>\n<\/b>Geraldo Azevedo<br \/>\nOrquestra de Frevo de Petrolina<br \/>\nRyan Nunes<\/p>\n<p><span style=\"color: #222222\">01.03<br \/>\n<\/span>Jo\u00e3ozinho Maravilha<br \/>\nCamila Yasmine<br \/>\nZ\u00e9 Manoel<\/p>\n<p><span style=\"font-family: 'Times New Roman', serif\"><span style=\"color: #222222\"><b>02.03<\/b><\/span><br \/>\n<span style=\"color: #222222\">Orquestra Levanta Poeira\u00a0<\/span><br \/>\n<span style=\"color: #222222\">Maioh Onda<\/span><br \/>\n<span style=\"color: #222222\">Hit Pan\u00a0<\/span><\/span><\/p>\n<p><span style=\"color: #222222\"><b>03.03<br \/>\n<\/b><\/span>Banda Pinel<br \/>\nDe Carona<br \/>\nAna Costa<\/p>\n<p><span style=\"color: #222222\">04.03<br \/>\n<\/span>Banda Calypso<br \/>\nPega Leve<br \/>\nNosso Haren<\/p>\n","protected":false},"excerpt":{"rendered":"<p>Batuque do maracatu, balan\u00e7o do frevo, philarm\u00f4nicas, jingado do ax\u00e9 e som do Par\u00e1. \u00c9 essa mistura que pretende animar os foli\u00f5es no carnaval de Petrolina no polo Orla, festa que acontece entre os dias 28 de fevereiro a 4 de mar\u00e7o, com o tema \u201cFolia no Vale dos Vinhos \u2013 De frevo a bola tudo rola\u201d. Durante a festa, os tradicionais blocos carnavalescos, que re\u00fanem todos os g\u00eaneros e idades, v\u00e3o arrastar seus foli\u00f5es atr\u00e1s das orquestras de frevo e cortejos, saindo da Pra\u00e7a Dom Malan e percorrendo as ruas que fazem parte da hist\u00f3ria da cidade, chegando at\u00e9 a orla de Petrolina. No mesmo local, na Porta do Rio, ser\u00e1 montado o palco que receber\u00e1 atra\u00e7\u00f5es como os&hellip; <\/p>\n","protected":false},"author":3,"featured_media":0,"comment_status":"open","ping_status":"open","sticky":false,"template":"","format":"standard","meta":{"_acf_changed":false,"footnotes":""},"categories":[1],"tags":[],"class_list":["post-74083","post","type-post","status-publish","format-standard","hentry","category-politica"],"acf":[],"yoast_head":"<!-- This site is optimized with the Yoast SEO plugin v27.4 - https:\/\/yoast.com\/product\/yoast-seo-wordpress\/ -->\n<title>MISTURA DE RITMOS SER\u00c1 A MARCA DO CARNAVAL DE PETROLINA. CONFIRA A PROGRAMA\u00c7\u00c3O - Blog do Farn\u00e9sio<\/title>\n<meta name=\"robots\" content=\"index, follow, max-snippet:-1, max-image-preview:large, max-video-preview:-1\" \/>\n<link rel=\"canonical\" href=\"https:\/\/blogdofarnesio.com.br\/?p=74083\" \/>\n<meta property=\"og:locale\" content=\"pt_BR\" \/>\n<meta property=\"og:type\" content=\"article\" \/>\n<meta property=\"og:title\" content=\"MISTURA DE RITMOS SER\u00c1 A MARCA DO CARNAVAL DE PETROLINA. CONFIRA A PROGRAMA\u00c7\u00c3O - Blog do Farn\u00e9sio\" \/>\n<meta property=\"og:description\" content=\"Batuque do maracatu, balan\u00e7o do frevo, philarm\u00f4nicas, jingado do ax\u00e9 e som do Par\u00e1. \u00c9 essa mistura que pretende animar os foli\u00f5es no carnaval de Petrolina no polo Orla, festa que acontece entre os dias 28 de fevereiro a 4 de mar\u00e7o, com o tema \u201cFolia no Vale dos Vinhos \u2013 De frevo a bola tudo rola\u201d. Durante a festa, os tradicionais blocos carnavalescos, que re\u00fanem todos os g\u00eaneros e idades, v\u00e3o arrastar seus foli\u00f5es atr\u00e1s das orquestras de frevo e cortejos, saindo da Pra\u00e7a Dom Malan e percorrendo as ruas que fazem parte da hist\u00f3ria da cidade, chegando at\u00e9 a orla de Petrolina. No mesmo local, na Porta do Rio, ser\u00e1 montado o palco que receber\u00e1 atra\u00e7\u00f5es como os&hellip;\" \/>\n<meta property=\"og:url\" content=\"https:\/\/blogdofarnesio.com.br\/?p=74083\" \/>\n<meta property=\"og:site_name\" content=\"Blog do Farn\u00e9sio\" \/>\n<meta property=\"article:publisher\" content=\"https:\/\/www.facebook.com\/BlogQuerSaberPolitica\/\" \/>\n<meta property=\"article:published_time\" content=\"2014-02-21T17:41:14+00:00\" \/>\n<meta property=\"article:modified_time\" content=\"2014-02-21T18:17:41+00:00\" \/>\n<meta property=\"og:image\" content=\"http:\/\/www.quersaberpolitica.com.br\/2016\/wp-content\/uploads\/2013\/02\/blogqspcarnavalcrianca.jpg\" \/>\n<meta name=\"author\" content=\"teste\" \/>\n<meta name=\"twitter:card\" content=\"summary_large_image\" \/>\n<meta name=\"twitter:label1\" content=\"Escrito por\" \/>\n\t<meta name=\"twitter:data1\" content=\"teste\" \/>\n\t<meta name=\"twitter:label2\" content=\"Est. tempo de leitura\" \/>\n\t<meta name=\"twitter:data2\" content=\"2 minutos\" \/>\n<script type=\"application\/ld+json\" class=\"yoast-schema-graph\">{\"@context\":\"https:\\\/\\\/schema.org\",\"@graph\":[{\"@type\":\"Article\",\"@id\":\"https:\\\/\\\/blogdofarnesio.com.br\\\/?p=74083#article\",\"isPartOf\":{\"@id\":\"https:\\\/\\\/blogdofarnesio.com.br\\\/?p=74083\"},\"author\":{\"name\":\"teste\",\"@id\":\"https:\\\/\\\/blogdofarnesio.com.br\\\/#\\\/schema\\\/person\\\/dd1bf5eba40b687199ba45ca6b97dff9\"},\"headline\":\"MISTURA DE RITMOS SER\u00c1 A MARCA DO CARNAVAL DE PETROLINA. CONFIRA A PROGRAMA\u00c7\u00c3O\",\"datePublished\":\"2014-02-21T17:41:14+00:00\",\"dateModified\":\"2014-02-21T18:17:41+00:00\",\"mainEntityOfPage\":{\"@id\":\"https:\\\/\\\/blogdofarnesio.com.br\\\/?p=74083\"},\"wordCount\":354,\"commentCount\":0,\"publisher\":{\"@id\":\"https:\\\/\\\/blogdofarnesio.com.br\\\/#organization\"},\"image\":{\"@id\":\"https:\\\/\\\/blogdofarnesio.com.br\\\/?p=74083#primaryimage\"},\"thumbnailUrl\":\"http:\\\/\\\/www.quersaberpolitica.com.br\\\/2016\\\/wp-content\\\/uploads\\\/2013\\\/02\\\/blogqspcarnavalcrianca.jpg\",\"articleSection\":[\"Pol\u00edtica\"],\"inLanguage\":\"pt-BR\",\"potentialAction\":[{\"@type\":\"CommentAction\",\"name\":\"Comment\",\"target\":[\"https:\\\/\\\/blogdofarnesio.com.br\\\/?p=74083#respond\"]}]},{\"@type\":\"WebPage\",\"@id\":\"https:\\\/\\\/blogdofarnesio.com.br\\\/?p=74083\",\"url\":\"https:\\\/\\\/blogdofarnesio.com.br\\\/?p=74083\",\"name\":\"MISTURA DE RITMOS SER\u00c1 A MARCA DO CARNAVAL DE PETROLINA. CONFIRA A PROGRAMA\u00c7\u00c3O - Blog do Farn\u00e9sio\",\"isPartOf\":{\"@id\":\"https:\\\/\\\/blogdofarnesio.com.br\\\/#website\"},\"primaryImageOfPage\":{\"@id\":\"https:\\\/\\\/blogdofarnesio.com.br\\\/?p=74083#primaryimage\"},\"image\":{\"@id\":\"https:\\\/\\\/blogdofarnesio.com.br\\\/?p=74083#primaryimage\"},\"thumbnailUrl\":\"http:\\\/\\\/www.quersaberpolitica.com.br\\\/2016\\\/wp-content\\\/uploads\\\/2013\\\/02\\\/blogqspcarnavalcrianca.jpg\",\"datePublished\":\"2014-02-21T17:41:14+00:00\",\"dateModified\":\"2014-02-21T18:17:41+00:00\",\"breadcrumb\":{\"@id\":\"https:\\\/\\\/blogdofarnesio.com.br\\\/?p=74083#breadcrumb\"},\"inLanguage\":\"pt-BR\",\"potentialAction\":[{\"@type\":\"ReadAction\",\"target\":[\"https:\\\/\\\/blogdofarnesio.com.br\\\/?p=74083\"]}]},{\"@type\":\"ImageObject\",\"inLanguage\":\"pt-BR\",\"@id\":\"https:\\\/\\\/blogdofarnesio.com.br\\\/?p=74083#primaryimage\",\"url\":\"http:\\\/\\\/www.quersaberpolitica.com.br\\\/2016\\\/wp-content\\\/uploads\\\/2013\\\/02\\\/blogqspcarnavalcrianca.jpg\",\"contentUrl\":\"http:\\\/\\\/www.quersaberpolitica.com.br\\\/2016\\\/wp-content\\\/uploads\\\/2013\\\/02\\\/blogqspcarnavalcrianca.jpg\"},{\"@type\":\"BreadcrumbList\",\"@id\":\"https:\\\/\\\/blogdofarnesio.com.br\\\/?p=74083#breadcrumb\",\"itemListElement\":[{\"@type\":\"ListItem\",\"position\":1,\"name\":\"In\u00edcio\",\"item\":\"https:\\\/\\\/blogdofarnesio.com.br\\\/\"},{\"@type\":\"ListItem\",\"position\":2,\"name\":\"MISTURA DE RITMOS SER\u00c1 A MARCA DO CARNAVAL DE PETROLINA. CONFIRA A PROGRAMA\u00c7\u00c3O\"}]},{\"@type\":\"WebSite\",\"@id\":\"https:\\\/\\\/blogdofarnesio.com.br\\\/#website\",\"url\":\"https:\\\/\\\/blogdofarnesio.com.br\\\/\",\"name\":\"Blog do Farn\u00e9sio\",\"description\":\"Quer Saber Pol\u00edtica?\",\"publisher\":{\"@id\":\"https:\\\/\\\/blogdofarnesio.com.br\\\/#organization\"},\"potentialAction\":[{\"@type\":\"SearchAction\",\"target\":{\"@type\":\"EntryPoint\",\"urlTemplate\":\"https:\\\/\\\/blogdofarnesio.com.br\\\/?s={search_term_string}\"},\"query-input\":{\"@type\":\"PropertyValueSpecification\",\"valueRequired\":true,\"valueName\":\"search_term_string\"}}],\"inLanguage\":\"pt-BR\"},{\"@type\":\"Organization\",\"@id\":\"https:\\\/\\\/blogdofarnesio.com.br\\\/#organization\",\"name\":\"Blog do Farn\u00e9sio\",\"url\":\"https:\\\/\\\/blogdofarnesio.com.br\\\/\",\"logo\":{\"@type\":\"ImageObject\",\"inLanguage\":\"pt-BR\",\"@id\":\"https:\\\/\\\/blogdofarnesio.com.br\\\/#\\\/schema\\\/logo\\\/image\\\/\",\"url\":\"https:\\\/\\\/blogdofarnesio.com.br\\\/wp-content\\\/uploads\\\/2026\\\/03\\\/cropped-logo_new-1.png\",\"contentUrl\":\"https:\\\/\\\/blogdofarnesio.com.br\\\/wp-content\\\/uploads\\\/2026\\\/03\\\/cropped-logo_new-1.png\",\"width\":881,\"height\":685,\"caption\":\"Blog do Farn\u00e9sio\"},\"image\":{\"@id\":\"https:\\\/\\\/blogdofarnesio.com.br\\\/#\\\/schema\\\/logo\\\/image\\\/\"},\"sameAs\":[\"https:\\\/\\\/www.facebook.com\\\/BlogQuerSaberPolitica\\\/\"]},{\"@type\":\"Person\",\"@id\":\"https:\\\/\\\/blogdofarnesio.com.br\\\/#\\\/schema\\\/person\\\/dd1bf5eba40b687199ba45ca6b97dff9\",\"name\":\"teste\",\"image\":{\"@type\":\"ImageObject\",\"inLanguage\":\"pt-BR\",\"@id\":\"https:\\\/\\\/secure.gravatar.com\\\/avatar\\\/2172498d4914b51e1d89a0f97957b035ac4938723a5cac208135d389b6972a6d?s=96&d=mm&r=g\",\"url\":\"https:\\\/\\\/secure.gravatar.com\\\/avatar\\\/2172498d4914b51e1d89a0f97957b035ac4938723a5cac208135d389b6972a6d?s=96&d=mm&r=g\",\"contentUrl\":\"https:\\\/\\\/secure.gravatar.com\\\/avatar\\\/2172498d4914b51e1d89a0f97957b035ac4938723a5cac208135d389b6972a6d?s=96&d=mm&r=g\",\"caption\":\"teste\"},\"url\":\"https:\\\/\\\/blogdofarnesio.com.br\\\/?author=3\"}]}<\/script>\n<!-- \/ Yoast SEO plugin. -->","yoast_head_json":{"title":"MISTURA DE RITMOS SER\u00c1 A MARCA DO CARNAVAL DE PETROLINA. CONFIRA A PROGRAMA\u00c7\u00c3O - Blog do Farn\u00e9sio","robots":{"index":"index","follow":"follow","max-snippet":"max-snippet:-1","max-image-preview":"max-image-preview:large","max-video-preview":"max-video-preview:-1"},"canonical":"https:\/\/blogdofarnesio.com.br\/?p=74083","og_locale":"pt_BR","og_type":"article","og_title":"MISTURA DE RITMOS SER\u00c1 A MARCA DO CARNAVAL DE PETROLINA. CONFIRA A PROGRAMA\u00c7\u00c3O - Blog do Farn\u00e9sio","og_description":"Batuque do maracatu, balan\u00e7o do frevo, philarm\u00f4nicas, jingado do ax\u00e9 e som do Par\u00e1. \u00c9 essa mistura que pretende animar os foli\u00f5es no carnaval de Petrolina no polo Orla, festa que acontece entre os dias 28 de fevereiro a 4 de mar\u00e7o, com o tema \u201cFolia no Vale dos Vinhos \u2013 De frevo a bola tudo rola\u201d. Durante a festa, os tradicionais blocos carnavalescos, que re\u00fanem todos os g\u00eaneros e idades, v\u00e3o arrastar seus foli\u00f5es atr\u00e1s das orquestras de frevo e cortejos, saindo da Pra\u00e7a Dom Malan e percorrendo as ruas que fazem parte da hist\u00f3ria da cidade, chegando at\u00e9 a orla de Petrolina. No mesmo local, na Porta do Rio, ser\u00e1 montado o palco que receber\u00e1 atra\u00e7\u00f5es como os&hellip;","og_url":"https:\/\/blogdofarnesio.com.br\/?p=74083","og_site_name":"Blog do Farn\u00e9sio","article_publisher":"https:\/\/www.facebook.com\/BlogQuerSaberPolitica\/","article_published_time":"2014-02-21T17:41:14+00:00","article_modified_time":"2014-02-21T18:17:41+00:00","og_image":[{"url":"http:\/\/www.quersaberpolitica.com.br\/2016\/wp-content\/uploads\/2013\/02\/blogqspcarnavalcrianca.jpg","type":"","width":"","height":""}],"author":"teste","twitter_card":"summary_large_image","twitter_misc":{"Escrito por":"teste","Est. tempo de leitura":"2 minutos"},"schema":{"@context":"https:\/\/schema.org","@graph":[{"@type":"Article","@id":"https:\/\/blogdofarnesio.com.br\/?p=74083#article","isPartOf":{"@id":"https:\/\/blogdofarnesio.com.br\/?p=74083"},"author":{"name":"teste","@id":"https:\/\/blogdofarnesio.com.br\/#\/schema\/person\/dd1bf5eba40b687199ba45ca6b97dff9"},"headline":"MISTURA DE RITMOS SER\u00c1 A MARCA DO CARNAVAL DE PETROLINA. CONFIRA A PROGRAMA\u00c7\u00c3O","datePublished":"2014-02-21T17:41:14+00:00","dateModified":"2014-02-21T18:17:41+00:00","mainEntityOfPage":{"@id":"https:\/\/blogdofarnesio.com.br\/?p=74083"},"wordCount":354,"commentCount":0,"publisher":{"@id":"https:\/\/blogdofarnesio.com.br\/#organization"},"image":{"@id":"https:\/\/blogdofarnesio.com.br\/?p=74083#primaryimage"},"thumbnailUrl":"http:\/\/www.quersaberpolitica.com.br\/2016\/wp-content\/uploads\/2013\/02\/blogqspcarnavalcrianca.jpg","articleSection":["Pol\u00edtica"],"inLanguage":"pt-BR","potentialAction":[{"@type":"CommentAction","name":"Comment","target":["https:\/\/blogdofarnesio.com.br\/?p=74083#respond"]}]},{"@type":"WebPage","@id":"https:\/\/blogdofarnesio.com.br\/?p=74083","url":"https:\/\/blogdofarnesio.com.br\/?p=74083","name":"MISTURA DE RITMOS SER\u00c1 A MARCA DO CARNAVAL DE PETROLINA. CONFIRA A PROGRAMA\u00c7\u00c3O - Blog do Farn\u00e9sio","isPartOf":{"@id":"https:\/\/blogdofarnesio.com.br\/#website"},"primaryImageOfPage":{"@id":"https:\/\/blogdofarnesio.com.br\/?p=74083#primaryimage"},"image":{"@id":"https:\/\/blogdofarnesio.com.br\/?p=74083#primaryimage"},"thumbnailUrl":"http:\/\/www.quersaberpolitica.com.br\/2016\/wp-content\/uploads\/2013\/02\/blogqspcarnavalcrianca.jpg","datePublished":"2014-02-21T17:41:14+00:00","dateModified":"2014-02-21T18:17:41+00:00","breadcrumb":{"@id":"https:\/\/blogdofarnesio.com.br\/?p=74083#breadcrumb"},"inLanguage":"pt-BR","potentialAction":[{"@type":"ReadAction","target":["https:\/\/blogdofarnesio.com.br\/?p=74083"]}]},{"@type":"ImageObject","inLanguage":"pt-BR","@id":"https:\/\/blogdofarnesio.com.br\/?p=74083#primaryimage","url":"http:\/\/www.quersaberpolitica.com.br\/2016\/wp-content\/uploads\/2013\/02\/blogqspcarnavalcrianca.jpg","contentUrl":"http:\/\/www.quersaberpolitica.com.br\/2016\/wp-content\/uploads\/2013\/02\/blogqspcarnavalcrianca.jpg"},{"@type":"BreadcrumbList","@id":"https:\/\/blogdofarnesio.com.br\/?p=74083#breadcrumb","itemListElement":[{"@type":"ListItem","position":1,"name":"In\u00edcio","item":"https:\/\/blogdofarnesio.com.br\/"},{"@type":"ListItem","position":2,"name":"MISTURA DE RITMOS SER\u00c1 A MARCA DO CARNAVAL DE PETROLINA. CONFIRA A PROGRAMA\u00c7\u00c3O"}]},{"@type":"WebSite","@id":"https:\/\/blogdofarnesio.com.br\/#website","url":"https:\/\/blogdofarnesio.com.br\/","name":"Blog do Farn\u00e9sio","description":"Quer Saber Pol\u00edtica?","publisher":{"@id":"https:\/\/blogdofarnesio.com.br\/#organization"},"potentialAction":[{"@type":"SearchAction","target":{"@type":"EntryPoint","urlTemplate":"https:\/\/blogdofarnesio.com.br\/?s={search_term_string}"},"query-input":{"@type":"PropertyValueSpecification","valueRequired":true,"valueName":"search_term_string"}}],"inLanguage":"pt-BR"},{"@type":"Organization","@id":"https:\/\/blogdofarnesio.com.br\/#organization","name":"Blog do Farn\u00e9sio","url":"https:\/\/blogdofarnesio.com.br\/","logo":{"@type":"ImageObject","inLanguage":"pt-BR","@id":"https:\/\/blogdofarnesio.com.br\/#\/schema\/logo\/image\/","url":"https:\/\/blogdofarnesio.com.br\/wp-content\/uploads\/2026\/03\/cropped-logo_new-1.png","contentUrl":"https:\/\/blogdofarnesio.com.br\/wp-content\/uploads\/2026\/03\/cropped-logo_new-1.png","width":881,"height":685,"caption":"Blog do Farn\u00e9sio"},"image":{"@id":"https:\/\/blogdofarnesio.com.br\/#\/schema\/logo\/image\/"},"sameAs":["https:\/\/www.facebook.com\/BlogQuerSaberPolitica\/"]},{"@type":"Person","@id":"https:\/\/blogdofarnesio.com.br\/#\/schema\/person\/dd1bf5eba40b687199ba45ca6b97dff9","name":"teste","image":{"@type":"ImageObject","inLanguage":"pt-BR","@id":"https:\/\/secure.gravatar.com\/avatar\/2172498d4914b51e1d89a0f97957b035ac4938723a5cac208135d389b6972a6d?s=96&d=mm&r=g","url":"https:\/\/secure.gravatar.com\/avatar\/2172498d4914b51e1d89a0f97957b035ac4938723a5cac208135d389b6972a6d?s=96&d=mm&r=g","contentUrl":"https:\/\/secure.gravatar.com\/avatar\/2172498d4914b51e1d89a0f97957b035ac4938723a5cac208135d389b6972a6d?s=96&d=mm&r=g","caption":"teste"},"url":"https:\/\/blogdofarnesio.com.br\/?author=3"}]}},"_links":{"self":[{"href":"https:\/\/blogdofarnesio.com.br\/index.php?rest_route=\/wp\/v2\/posts\/74083","targetHints":{"allow":["GET"]}}],"collection":[{"href":"https:\/\/blogdofarnesio.com.br\/index.php?rest_route=\/wp\/v2\/posts"}],"about":[{"href":"https:\/\/blogdofarnesio.com.br\/index.php?rest_route=\/wp\/v2\/types\/post"}],"author":[{"embeddable":true,"href":"https:\/\/blogdofarnesio.com.br\/index.php?rest_route=\/wp\/v2\/users\/3"}],"replies":[{"embeddable":true,"href":"https:\/\/blogdofarnesio.com.br\/index.php?rest_route=%2Fwp%2Fv2%2Fcomments&post=74083"}],"version-history":[{"count":0,"href":"https:\/\/blogdofarnesio.com.br\/index.php?rest_route=\/wp\/v2\/posts\/74083\/revisions"}],"wp:attachment":[{"href":"https:\/\/blogdofarnesio.com.br\/index.php?rest_route=%2Fwp%2Fv2%2Fmedia&parent=74083"}],"wp:term":[{"taxonomy":"category","embeddable":true,"href":"https:\/\/blogdofarnesio.com.br\/index.php?rest_route=%2Fwp%2Fv2%2Fcategories&post=74083"},{"taxonomy":"post_tag","embeddable":true,"href":"https:\/\/blogdofarnesio.com.br\/index.php?rest_route=%2Fwp%2Fv2%2Ftags&post=74083"}],"curies":[{"name":"wp","href":"https:\/\/api.w.org\/{rel}","templated":true}]}}