{"id":74061,"date":"2014-02-21T12:05:06","date_gmt":"2014-02-21T15:05:06","guid":{"rendered":"http:\/\/www.quersaberpolitica.com.br\/?p=74061"},"modified":"2014-02-21T11:23:47","modified_gmt":"2014-02-21T14:23:47","slug":"foi-dificil-mas-eduardo-conseguiu-convencer-fbc-adiar-sonho-de-ser-governador-de-pernambuco","status":"publish","type":"post","link":"https:\/\/blogdofarnesio.com.br\/?p=74061","title":{"rendered":"&#8216;FOI DIFIC\u00cdL, MAS EDUARDO CONSEGUIU &#8220;CONVENCER&#8221; FBC ADIAR SONHO DE SER GOVERNADOR DE PERNAMBUCO&#8217;"},"content":{"rendered":"<div style=\"text-align: justify\">\n<h2><em>Por Carol Brito\/<\/em><em>Da\u00a0Folha de Pernambuco<\/em><\/h2>\n<\/div>\n<div style=\"text-align: justify\">\n<p><a href=\"http:\/\/www.quersaberpolitica.com.br\/2016\/wp-content\/uploads\/2013\/12\/blogqspEduardo-2.jpg\"><img loading=\"lazy\" decoding=\"async\" class=\"alignleft size-full wp-image-68572\" title=\"blogqspEduardo (2) Foto Google\" alt=\"blogqspEduardo (2) Foto Google\" src=\"http:\/\/www.quersaberpolitica.com.br\/2016\/wp-content\/uploads\/2013\/12\/blogqspEduardo-2.jpg\" width=\"219\" height=\"170\" \/><\/a>Foi longa a noite que antecedeu o an\u00fancio extraoficial da composi\u00e7\u00e3o da chapa que representar\u00e1 a Frente Popular por Pernambuco, na quarta-feira.<\/p>\n<p>O governador Eduardo Campos (PSB) reuniu o presidente estadual do PSB, Sileno Guedes (PSB), e o prefeito do Recife, Geraldo Julio (PSB), para bater o martelo sobre a majorit\u00e1ria.<\/p>\n<p>Logo no in\u00edcio da tarde, os socialistas do chamado n\u00facleo duro do processo sucess\u00f3rio evitavam atender liga\u00e7\u00f5es. Durante toda a semana, havia uma expectativa crescente para a defini\u00e7\u00e3o dos representantes da Frente Popular e o discurso em torno do candidato deveria ser fechado para a conversa com os aliados no dia seguinte.<\/p>\n<p>A defini\u00e7\u00e3o j\u00e1 estava certa, faltando apenas um detalhe: convencer o ex-ministro Fernando Bezerra Coelho (PSB) a aceitar a indica\u00e7\u00e3o para o Senado. A conversa do ex-prefeito de Petrolina com o governador se estendeu pela madrugada. Bezerra Coelho insistiu durante a semana que seu objetivo era a indica\u00e7\u00e3o para encabe\u00e7ar a majorit\u00e1ria.<\/p>\n<p>O socialista conversou com Campos no final de semana e com Geraldo Julio, na segunda-feira. Ao final da conversa, o processo teria sido fechado sem arestas e ele teria sa\u00eddo do encontro conformado com a indica\u00e7\u00e3o. Cabe\u00e7a de chapa escolhido, o secret\u00e1rio estadual da Fazenda Paulo C\u00e2mara (PSB) tamb\u00e9m se reuniu com os l\u00edderes socialistas, na mesma noite.<\/p>\n<p>A inten\u00e7\u00e3o do governador Eduardo Campos era fechar a chapa antes da sua viagem a Porto Alegre, onde participa do primeiro semin\u00e1rio regional do PSB e Rede. O socialista j\u00e1 havia conversado com todos os partidos aliados e tinha o objetivo de evitar o burburinho e intrigas crescentes em torno da escolha. Durante a semana, o socialista enfrentou a resist\u00eancia em torno de alguns nomes cogitados, o que enfatizou a necessidade de soltar o nome escolhido para fechar um apoio irrestrito. A vis\u00e3o era de que se o processo come\u00e7asse a correr solto, os \u00e2nimos na base governista s\u00f3 tenderiam a piorar.<\/p>\n<\/div>\n","protected":false},"excerpt":{"rendered":"<p>Por Carol Brito\/Da\u00a0Folha de Pernambuco Foi longa a noite que antecedeu o an\u00fancio extraoficial da composi\u00e7\u00e3o da chapa que representar\u00e1 a Frente Popular por Pernambuco, na quarta-feira. O governador Eduardo Campos (PSB) reuniu o presidente estadual do PSB, Sileno Guedes (PSB), e o prefeito do Recife, Geraldo Julio (PSB), para bater o martelo sobre a majorit\u00e1ria. Logo no in\u00edcio da tarde, os socialistas do chamado n\u00facleo duro do processo sucess\u00f3rio evitavam atender liga\u00e7\u00f5es. Durante toda a semana, havia uma expectativa crescente para a defini\u00e7\u00e3o dos representantes da Frente Popular e o discurso em torno do candidato deveria ser fechado para a conversa com os aliados no dia seguinte. A defini\u00e7\u00e3o j\u00e1 estava certa, faltando apenas um detalhe: convencer o ex-ministro&hellip; <\/p>\n","protected":false},"author":3,"featured_media":0,"comment_status":"open","ping_status":"open","sticky":false,"template":"","format":"standard","meta":{"_acf_changed":false,"footnotes":""},"categories":[1],"tags":[],"class_list":["post-74061","post","type-post","status-publish","format-standard","hentry","category-politica"],"acf":[],"yoast_head":"<!-- This site is optimized with the Yoast SEO plugin v27.4 - https:\/\/yoast.com\/product\/yoast-seo-wordpress\/ -->\n<title>&#039;FOI DIFIC\u00cdL, MAS EDUARDO CONSEGUIU &quot;CONVENCER&quot; FBC ADIAR SONHO DE SER GOVERNADOR DE PERNAMBUCO&#039; - Blog do Farn\u00e9sio<\/title>\n<meta name=\"robots\" content=\"index, follow, max-snippet:-1, max-image-preview:large, max-video-preview:-1\" \/>\n<link rel=\"canonical\" href=\"https:\/\/blogdofarnesio.com.br\/?p=74061\" \/>\n<meta property=\"og:locale\" content=\"pt_BR\" \/>\n<meta property=\"og:type\" content=\"article\" \/>\n<meta property=\"og:title\" content=\"&#039;FOI DIFIC\u00cdL, MAS EDUARDO CONSEGUIU &quot;CONVENCER&quot; FBC ADIAR SONHO DE SER GOVERNADOR DE PERNAMBUCO&#039; - Blog do Farn\u00e9sio\" \/>\n<meta property=\"og:description\" content=\"Por Carol Brito\/Da\u00a0Folha de Pernambuco Foi longa a noite que antecedeu o an\u00fancio extraoficial da composi\u00e7\u00e3o da chapa que representar\u00e1 a Frente Popular por Pernambuco, na quarta-feira. O governador Eduardo Campos (PSB) reuniu o presidente estadual do PSB, Sileno Guedes (PSB), e o prefeito do Recife, Geraldo Julio (PSB), para bater o martelo sobre a majorit\u00e1ria. Logo no in\u00edcio da tarde, os socialistas do chamado n\u00facleo duro do processo sucess\u00f3rio evitavam atender liga\u00e7\u00f5es. Durante toda a semana, havia uma expectativa crescente para a defini\u00e7\u00e3o dos representantes da Frente Popular e o discurso em torno do candidato deveria ser fechado para a conversa com os aliados no dia seguinte. A defini\u00e7\u00e3o j\u00e1 estava certa, faltando apenas um detalhe: convencer o ex-ministro&hellip;\" \/>\n<meta property=\"og:url\" content=\"https:\/\/blogdofarnesio.com.br\/?p=74061\" \/>\n<meta property=\"og:site_name\" content=\"Blog do Farn\u00e9sio\" \/>\n<meta property=\"article:publisher\" content=\"https:\/\/www.facebook.com\/BlogQuerSaberPolitica\/\" \/>\n<meta property=\"article:published_time\" content=\"2014-02-21T15:05:06+00:00\" \/>\n<meta property=\"og:image\" content=\"http:\/\/www.quersaberpolitica.com.br\/2016\/wp-content\/uploads\/2013\/12\/blogqspEduardo-2.jpg\" \/>\n<meta name=\"author\" content=\"teste\" \/>\n<meta name=\"twitter:card\" content=\"summary_large_image\" \/>\n<meta name=\"twitter:label1\" content=\"Escrito por\" \/>\n\t<meta name=\"twitter:data1\" content=\"teste\" \/>\n\t<meta name=\"twitter:label2\" content=\"Est. tempo de leitura\" \/>\n\t<meta name=\"twitter:data2\" content=\"2 minutos\" \/>\n<script type=\"application\/ld+json\" class=\"yoast-schema-graph\">{\"@context\":\"https:\\\/\\\/schema.org\",\"@graph\":[{\"@type\":\"Article\",\"@id\":\"https:\\\/\\\/blogdofarnesio.com.br\\\/?p=74061#article\",\"isPartOf\":{\"@id\":\"https:\\\/\\\/blogdofarnesio.com.br\\\/?p=74061\"},\"author\":{\"name\":\"teste\",\"@id\":\"https:\\\/\\\/blogdofarnesio.com.br\\\/#\\\/schema\\\/person\\\/dd1bf5eba40b687199ba45ca6b97dff9\"},\"headline\":\"&#8216;FOI DIFIC\u00cdL, MAS EDUARDO CONSEGUIU &#8220;CONVENCER&#8221; FBC ADIAR SONHO DE SER GOVERNADOR DE PERNAMBUCO&#8217;\",\"datePublished\":\"2014-02-21T15:05:06+00:00\",\"mainEntityOfPage\":{\"@id\":\"https:\\\/\\\/blogdofarnesio.com.br\\\/?p=74061\"},\"wordCount\":362,\"commentCount\":0,\"publisher\":{\"@id\":\"https:\\\/\\\/blogdofarnesio.com.br\\\/#organization\"},\"image\":{\"@id\":\"https:\\\/\\\/blogdofarnesio.com.br\\\/?p=74061#primaryimage\"},\"thumbnailUrl\":\"http:\\\/\\\/www.quersaberpolitica.com.br\\\/2016\\\/wp-content\\\/uploads\\\/2013\\\/12\\\/blogqspEduardo-2.jpg\",\"articleSection\":[\"Pol\u00edtica\"],\"inLanguage\":\"pt-BR\",\"potentialAction\":[{\"@type\":\"CommentAction\",\"name\":\"Comment\",\"target\":[\"https:\\\/\\\/blogdofarnesio.com.br\\\/?p=74061#respond\"]}]},{\"@type\":\"WebPage\",\"@id\":\"https:\\\/\\\/blogdofarnesio.com.br\\\/?p=74061\",\"url\":\"https:\\\/\\\/blogdofarnesio.com.br\\\/?p=74061\",\"name\":\"'FOI DIFIC\u00cdL, MAS EDUARDO CONSEGUIU \\\"CONVENCER\\\" FBC ADIAR SONHO DE SER GOVERNADOR DE PERNAMBUCO' - Blog do Farn\u00e9sio\",\"isPartOf\":{\"@id\":\"https:\\\/\\\/blogdofarnesio.com.br\\\/#website\"},\"primaryImageOfPage\":{\"@id\":\"https:\\\/\\\/blogdofarnesio.com.br\\\/?p=74061#primaryimage\"},\"image\":{\"@id\":\"https:\\\/\\\/blogdofarnesio.com.br\\\/?p=74061#primaryimage\"},\"thumbnailUrl\":\"http:\\\/\\\/www.quersaberpolitica.com.br\\\/2016\\\/wp-content\\\/uploads\\\/2013\\\/12\\\/blogqspEduardo-2.jpg\",\"datePublished\":\"2014-02-21T15:05:06+00:00\",\"breadcrumb\":{\"@id\":\"https:\\\/\\\/blogdofarnesio.com.br\\\/?p=74061#breadcrumb\"},\"inLanguage\":\"pt-BR\",\"potentialAction\":[{\"@type\":\"ReadAction\",\"target\":[\"https:\\\/\\\/blogdofarnesio.com.br\\\/?p=74061\"]}]},{\"@type\":\"ImageObject\",\"inLanguage\":\"pt-BR\",\"@id\":\"https:\\\/\\\/blogdofarnesio.com.br\\\/?p=74061#primaryimage\",\"url\":\"http:\\\/\\\/www.quersaberpolitica.com.br\\\/2016\\\/wp-content\\\/uploads\\\/2013\\\/12\\\/blogqspEduardo-2.jpg\",\"contentUrl\":\"http:\\\/\\\/www.quersaberpolitica.com.br\\\/2016\\\/wp-content\\\/uploads\\\/2013\\\/12\\\/blogqspEduardo-2.jpg\"},{\"@type\":\"BreadcrumbList\",\"@id\":\"https:\\\/\\\/blogdofarnesio.com.br\\\/?p=74061#breadcrumb\",\"itemListElement\":[{\"@type\":\"ListItem\",\"position\":1,\"name\":\"In\u00edcio\",\"item\":\"https:\\\/\\\/blogdofarnesio.com.br\\\/\"},{\"@type\":\"ListItem\",\"position\":2,\"name\":\"&#8216;FOI DIFIC\u00cdL, MAS EDUARDO CONSEGUIU &#8220;CONVENCER&#8221; FBC ADIAR SONHO DE SER GOVERNADOR DE PERNAMBUCO&#8217;\"}]},{\"@type\":\"WebSite\",\"@id\":\"https:\\\/\\\/blogdofarnesio.com.br\\\/#website\",\"url\":\"https:\\\/\\\/blogdofarnesio.com.br\\\/\",\"name\":\"Blog do Farn\u00e9sio\",\"description\":\"Quer Saber Pol\u00edtica?\",\"publisher\":{\"@id\":\"https:\\\/\\\/blogdofarnesio.com.br\\\/#organization\"},\"potentialAction\":[{\"@type\":\"SearchAction\",\"target\":{\"@type\":\"EntryPoint\",\"urlTemplate\":\"https:\\\/\\\/blogdofarnesio.com.br\\\/?s={search_term_string}\"},\"query-input\":{\"@type\":\"PropertyValueSpecification\",\"valueRequired\":true,\"valueName\":\"search_term_string\"}}],\"inLanguage\":\"pt-BR\"},{\"@type\":\"Organization\",\"@id\":\"https:\\\/\\\/blogdofarnesio.com.br\\\/#organization\",\"name\":\"Blog do Farn\u00e9sio\",\"url\":\"https:\\\/\\\/blogdofarnesio.com.br\\\/\",\"logo\":{\"@type\":\"ImageObject\",\"inLanguage\":\"pt-BR\",\"@id\":\"https:\\\/\\\/blogdofarnesio.com.br\\\/#\\\/schema\\\/logo\\\/image\\\/\",\"url\":\"https:\\\/\\\/blogdofarnesio.com.br\\\/wp-content\\\/uploads\\\/2026\\\/03\\\/cropped-logo_new-1.png\",\"contentUrl\":\"https:\\\/\\\/blogdofarnesio.com.br\\\/wp-content\\\/uploads\\\/2026\\\/03\\\/cropped-logo_new-1.png\",\"width\":881,\"height\":685,\"caption\":\"Blog do Farn\u00e9sio\"},\"image\":{\"@id\":\"https:\\\/\\\/blogdofarnesio.com.br\\\/#\\\/schema\\\/logo\\\/image\\\/\"},\"sameAs\":[\"https:\\\/\\\/www.facebook.com\\\/BlogQuerSaberPolitica\\\/\"]},{\"@type\":\"Person\",\"@id\":\"https:\\\/\\\/blogdofarnesio.com.br\\\/#\\\/schema\\\/person\\\/dd1bf5eba40b687199ba45ca6b97dff9\",\"name\":\"teste\",\"image\":{\"@type\":\"ImageObject\",\"inLanguage\":\"pt-BR\",\"@id\":\"https:\\\/\\\/secure.gravatar.com\\\/avatar\\\/2172498d4914b51e1d89a0f97957b035ac4938723a5cac208135d389b6972a6d?s=96&d=mm&r=g\",\"url\":\"https:\\\/\\\/secure.gravatar.com\\\/avatar\\\/2172498d4914b51e1d89a0f97957b035ac4938723a5cac208135d389b6972a6d?s=96&d=mm&r=g\",\"contentUrl\":\"https:\\\/\\\/secure.gravatar.com\\\/avatar\\\/2172498d4914b51e1d89a0f97957b035ac4938723a5cac208135d389b6972a6d?s=96&d=mm&r=g\",\"caption\":\"teste\"},\"url\":\"https:\\\/\\\/blogdofarnesio.com.br\\\/?author=3\"}]}<\/script>\n<!-- \/ Yoast SEO plugin. -->","yoast_head_json":{"title":"'FOI DIFIC\u00cdL, MAS EDUARDO CONSEGUIU \"CONVENCER\" FBC ADIAR SONHO DE SER GOVERNADOR DE PERNAMBUCO' - Blog do Farn\u00e9sio","robots":{"index":"index","follow":"follow","max-snippet":"max-snippet:-1","max-image-preview":"max-image-preview:large","max-video-preview":"max-video-preview:-1"},"canonical":"https:\/\/blogdofarnesio.com.br\/?p=74061","og_locale":"pt_BR","og_type":"article","og_title":"'FOI DIFIC\u00cdL, MAS EDUARDO CONSEGUIU \"CONVENCER\" FBC ADIAR SONHO DE SER GOVERNADOR DE PERNAMBUCO' - Blog do Farn\u00e9sio","og_description":"Por Carol Brito\/Da\u00a0Folha de Pernambuco Foi longa a noite que antecedeu o an\u00fancio extraoficial da composi\u00e7\u00e3o da chapa que representar\u00e1 a Frente Popular por Pernambuco, na quarta-feira. O governador Eduardo Campos (PSB) reuniu o presidente estadual do PSB, Sileno Guedes (PSB), e o prefeito do Recife, Geraldo Julio (PSB), para bater o martelo sobre a majorit\u00e1ria. Logo no in\u00edcio da tarde, os socialistas do chamado n\u00facleo duro do processo sucess\u00f3rio evitavam atender liga\u00e7\u00f5es. Durante toda a semana, havia uma expectativa crescente para a defini\u00e7\u00e3o dos representantes da Frente Popular e o discurso em torno do candidato deveria ser fechado para a conversa com os aliados no dia seguinte. A defini\u00e7\u00e3o j\u00e1 estava certa, faltando apenas um detalhe: convencer o ex-ministro&hellip;","og_url":"https:\/\/blogdofarnesio.com.br\/?p=74061","og_site_name":"Blog do Farn\u00e9sio","article_publisher":"https:\/\/www.facebook.com\/BlogQuerSaberPolitica\/","article_published_time":"2014-02-21T15:05:06+00:00","og_image":[{"url":"http:\/\/www.quersaberpolitica.com.br\/2016\/wp-content\/uploads\/2013\/12\/blogqspEduardo-2.jpg","type":"","width":"","height":""}],"author":"teste","twitter_card":"summary_large_image","twitter_misc":{"Escrito por":"teste","Est. tempo de leitura":"2 minutos"},"schema":{"@context":"https:\/\/schema.org","@graph":[{"@type":"Article","@id":"https:\/\/blogdofarnesio.com.br\/?p=74061#article","isPartOf":{"@id":"https:\/\/blogdofarnesio.com.br\/?p=74061"},"author":{"name":"teste","@id":"https:\/\/blogdofarnesio.com.br\/#\/schema\/person\/dd1bf5eba40b687199ba45ca6b97dff9"},"headline":"&#8216;FOI DIFIC\u00cdL, MAS EDUARDO CONSEGUIU &#8220;CONVENCER&#8221; FBC ADIAR SONHO DE SER GOVERNADOR DE PERNAMBUCO&#8217;","datePublished":"2014-02-21T15:05:06+00:00","mainEntityOfPage":{"@id":"https:\/\/blogdofarnesio.com.br\/?p=74061"},"wordCount":362,"commentCount":0,"publisher":{"@id":"https:\/\/blogdofarnesio.com.br\/#organization"},"image":{"@id":"https:\/\/blogdofarnesio.com.br\/?p=74061#primaryimage"},"thumbnailUrl":"http:\/\/www.quersaberpolitica.com.br\/2016\/wp-content\/uploads\/2013\/12\/blogqspEduardo-2.jpg","articleSection":["Pol\u00edtica"],"inLanguage":"pt-BR","potentialAction":[{"@type":"CommentAction","name":"Comment","target":["https:\/\/blogdofarnesio.com.br\/?p=74061#respond"]}]},{"@type":"WebPage","@id":"https:\/\/blogdofarnesio.com.br\/?p=74061","url":"https:\/\/blogdofarnesio.com.br\/?p=74061","name":"'FOI DIFIC\u00cdL, MAS EDUARDO CONSEGUIU \"CONVENCER\" FBC ADIAR SONHO DE SER GOVERNADOR DE PERNAMBUCO' - Blog do Farn\u00e9sio","isPartOf":{"@id":"https:\/\/blogdofarnesio.com.br\/#website"},"primaryImageOfPage":{"@id":"https:\/\/blogdofarnesio.com.br\/?p=74061#primaryimage"},"image":{"@id":"https:\/\/blogdofarnesio.com.br\/?p=74061#primaryimage"},"thumbnailUrl":"http:\/\/www.quersaberpolitica.com.br\/2016\/wp-content\/uploads\/2013\/12\/blogqspEduardo-2.jpg","datePublished":"2014-02-21T15:05:06+00:00","breadcrumb":{"@id":"https:\/\/blogdofarnesio.com.br\/?p=74061#breadcrumb"},"inLanguage":"pt-BR","potentialAction":[{"@type":"ReadAction","target":["https:\/\/blogdofarnesio.com.br\/?p=74061"]}]},{"@type":"ImageObject","inLanguage":"pt-BR","@id":"https:\/\/blogdofarnesio.com.br\/?p=74061#primaryimage","url":"http:\/\/www.quersaberpolitica.com.br\/2016\/wp-content\/uploads\/2013\/12\/blogqspEduardo-2.jpg","contentUrl":"http:\/\/www.quersaberpolitica.com.br\/2016\/wp-content\/uploads\/2013\/12\/blogqspEduardo-2.jpg"},{"@type":"BreadcrumbList","@id":"https:\/\/blogdofarnesio.com.br\/?p=74061#breadcrumb","itemListElement":[{"@type":"ListItem","position":1,"name":"In\u00edcio","item":"https:\/\/blogdofarnesio.com.br\/"},{"@type":"ListItem","position":2,"name":"&#8216;FOI DIFIC\u00cdL, MAS EDUARDO CONSEGUIU &#8220;CONVENCER&#8221; FBC ADIAR SONHO DE SER GOVERNADOR DE PERNAMBUCO&#8217;"}]},{"@type":"WebSite","@id":"https:\/\/blogdofarnesio.com.br\/#website","url":"https:\/\/blogdofarnesio.com.br\/","name":"Blog do Farn\u00e9sio","description":"Quer Saber Pol\u00edtica?","publisher":{"@id":"https:\/\/blogdofarnesio.com.br\/#organization"},"potentialAction":[{"@type":"SearchAction","target":{"@type":"EntryPoint","urlTemplate":"https:\/\/blogdofarnesio.com.br\/?s={search_term_string}"},"query-input":{"@type":"PropertyValueSpecification","valueRequired":true,"valueName":"search_term_string"}}],"inLanguage":"pt-BR"},{"@type":"Organization","@id":"https:\/\/blogdofarnesio.com.br\/#organization","name":"Blog do Farn\u00e9sio","url":"https:\/\/blogdofarnesio.com.br\/","logo":{"@type":"ImageObject","inLanguage":"pt-BR","@id":"https:\/\/blogdofarnesio.com.br\/#\/schema\/logo\/image\/","url":"https:\/\/blogdofarnesio.com.br\/wp-content\/uploads\/2026\/03\/cropped-logo_new-1.png","contentUrl":"https:\/\/blogdofarnesio.com.br\/wp-content\/uploads\/2026\/03\/cropped-logo_new-1.png","width":881,"height":685,"caption":"Blog do Farn\u00e9sio"},"image":{"@id":"https:\/\/blogdofarnesio.com.br\/#\/schema\/logo\/image\/"},"sameAs":["https:\/\/www.facebook.com\/BlogQuerSaberPolitica\/"]},{"@type":"Person","@id":"https:\/\/blogdofarnesio.com.br\/#\/schema\/person\/dd1bf5eba40b687199ba45ca6b97dff9","name":"teste","image":{"@type":"ImageObject","inLanguage":"pt-BR","@id":"https:\/\/secure.gravatar.com\/avatar\/2172498d4914b51e1d89a0f97957b035ac4938723a5cac208135d389b6972a6d?s=96&d=mm&r=g","url":"https:\/\/secure.gravatar.com\/avatar\/2172498d4914b51e1d89a0f97957b035ac4938723a5cac208135d389b6972a6d?s=96&d=mm&r=g","contentUrl":"https:\/\/secure.gravatar.com\/avatar\/2172498d4914b51e1d89a0f97957b035ac4938723a5cac208135d389b6972a6d?s=96&d=mm&r=g","caption":"teste"},"url":"https:\/\/blogdofarnesio.com.br\/?author=3"}]}},"_links":{"self":[{"href":"https:\/\/blogdofarnesio.com.br\/index.php?rest_route=\/wp\/v2\/posts\/74061","targetHints":{"allow":["GET"]}}],"collection":[{"href":"https:\/\/blogdofarnesio.com.br\/index.php?rest_route=\/wp\/v2\/posts"}],"about":[{"href":"https:\/\/blogdofarnesio.com.br\/index.php?rest_route=\/wp\/v2\/types\/post"}],"author":[{"embeddable":true,"href":"https:\/\/blogdofarnesio.com.br\/index.php?rest_route=\/wp\/v2\/users\/3"}],"replies":[{"embeddable":true,"href":"https:\/\/blogdofarnesio.com.br\/index.php?rest_route=%2Fwp%2Fv2%2Fcomments&post=74061"}],"version-history":[{"count":0,"href":"https:\/\/blogdofarnesio.com.br\/index.php?rest_route=\/wp\/v2\/posts\/74061\/revisions"}],"wp:attachment":[{"href":"https:\/\/blogdofarnesio.com.br\/index.php?rest_route=%2Fwp%2Fv2%2Fmedia&parent=74061"}],"wp:term":[{"taxonomy":"category","embeddable":true,"href":"https:\/\/blogdofarnesio.com.br\/index.php?rest_route=%2Fwp%2Fv2%2Fcategories&post=74061"},{"taxonomy":"post_tag","embeddable":true,"href":"https:\/\/blogdofarnesio.com.br\/index.php?rest_route=%2Fwp%2Fv2%2Ftags&post=74061"}],"curies":[{"name":"wp","href":"https:\/\/api.w.org\/{rel}","templated":true}]}}