{"id":74042,"date":"2014-02-21T16:21:30","date_gmt":"2014-02-21T19:21:30","guid":{"rendered":"http:\/\/www.quersaberpolitica.com.br\/?p=74042"},"modified":"2014-02-21T15:16:28","modified_gmt":"2014-02-21T18:16:28","slug":"abertas-as-inscricoes-para-a-corrida-e-caminhada-do-sesc-petrolina","status":"publish","type":"post","link":"https:\/\/blogdofarnesio.com.br\/2014\/02\/abertas-as-inscricoes-para-a-corrida-e-caminhada-do-sesc-petrolina\/","title":{"rendered":"ABERTAS AS INSCRI\u00c7\u00d5ES PARA A CORRIDA E CAMINHADA DO SESC PETROLINA"},"content":{"rendered":"<p style=\"text-align: justify\"><a href=\"http:\/\/www.quersaberpolitica.com.br\/2016\/wp-content\/uploads\/2014\/02\/IMG_3509.jpg\"><img loading=\"lazy\" decoding=\"async\" class=\"alignleft size-medium wp-image-74043\" alt=\"Blogqspcorrida\" src=\"http:\/\/www.quersaberpolitica.com.br\/2016\/wp-content\/uploads\/2014\/02\/IMG_3509-300x200.jpg\" width=\"300\" height=\"200\" srcset=\"https:\/\/blogdofarnesio.com.br\/wp-content\/uploads\/2014\/02\/IMG_3509-300x200.jpg 300w, https:\/\/blogdofarnesio.com.br\/wp-content\/uploads\/2014\/02\/IMG_3509.jpg 400w\" sizes=\"auto, (max-width: 300px) 100vw, 300px\" \/><\/a>J\u00e1 est\u00e3o abertas as inscri\u00e7\u00f5es\u00a0para a 7\u00aa edi\u00e7\u00e3o da Corrida e Caminhada do Sesc Petrolina, que vai movimentar as principais ruas da cidade no pr\u00f3ximo dia 13 de abril.<\/p>\n<p style=\"text-align: justify\">A prova, que no ano passado contou com mais de 500 atletas inscritos, re\u00fane pessoas de todas as idades, inclusive cadeirantes e deficientes.<\/p>\n<p style=\"text-align: justify\">Os interessados podem se inscrever at\u00e9 o dia 10 de mar\u00e7o atrav\u00e9s do site:<a href=\"http:\/\/www.sescpe.com.br\/\" target=\"_blank\">www.sescpe.com.br<\/a>.O valor da inscri\u00e7\u00e3o custar\u00e1 R$ 20,00, e em aten\u00e7\u00e3o ao Estatuto do Idoso, a organiza\u00e7\u00e3o disponibilizar\u00e1 aos participantes, acima de 60 anos, o desconto de 50%.<!--more--><\/p>\n<p style=\"text-align: justify\">Com largada e chegada no Gin\u00e1sio do Sesc, esta que \u00e9 considerada uma das provas pedestres mais importantes do calend\u00e1rio de esportes em Pernambuco, vai oferecer aos participantes\u00a0uma estrutura com cinco pontos de \u00e1gua, sinaliza\u00e7\u00e3o de quilometragem a cada 2Km, carro com socorristas e, caso necess\u00e1rio, atendimento m\u00e9dico de emerg\u00eancia, que ser\u00e1 efetuado na rede p\u00fablica, al\u00e9m de \u00a0carro de apoio para acompanhamento dos retardat\u00e1rios e de todo um aparato no Sesc, que inclui informa\u00e7\u00f5es, banheiros, podium e kit energ\u00e9tico (frutas, sucos e barras de cereais)<\/p>\n<p style=\"text-align: justify\">Evento esportivo de f\u00e1cil e prazerosa participa\u00e7\u00e3o, a Corrida contar\u00e1 com percursos de cinco e 10 quil\u00f4metros &#8211; al\u00e9m de revezamento de 10 quil\u00f4metros, enquanto que a Caminhada ser\u00e1 feita em cinco quil\u00f4metros. Seja correndo ou caminhando, a organiza\u00e7\u00e3o promete um conjunto de bonitos cen\u00e1rios, com passagens inspiradoras pela Catedral de Petrolina, monumentos hist\u00f3ricos e o bel\u00edssimo rio S\u00e3o Francisco. \u201cO objetivo \u00e9 difundir a pr\u00e1tica da corrida e da caminhada em nossas ruas.\u00a0A prova \u00e9 um incentivo \u00e0 pr\u00e1tica sistem\u00e1tica de exerc\u00edcios f\u00edsicos, lazer e h\u00e1bitos saud\u00e1veis\u201d, concluiu a coordenadora de Esportes do Sesc Petrolina, Elis Regina.<\/p>\n<p style=\"text-align: justify\"><strong>Clas Comunica\u00e7\u00e3o\u00a0<\/strong><\/p>\n","protected":false},"excerpt":{"rendered":"<p>J\u00e1 est\u00e3o abertas as inscri\u00e7\u00f5es\u00a0para a 7\u00aa edi\u00e7\u00e3o da Corrida e Caminhada do Sesc Petrolina, que vai movimentar as principais ruas da cidade no pr\u00f3ximo dia 13 de abril. A prova, que no ano passado contou com mais de 500 atletas inscritos, re\u00fane pessoas de todas as idades, inclusive cadeirantes e deficientes. Os interessados podem se inscrever at\u00e9 o dia 10 de mar\u00e7o atrav\u00e9s do site:www.sescpe.com.br.O valor da inscri\u00e7\u00e3o custar\u00e1 R$ 20,00, e em aten\u00e7\u00e3o ao Estatuto do Idoso, a organiza\u00e7\u00e3o disponibilizar\u00e1 aos participantes, acima de 60 anos, o desconto de 50%.<\/p>\n","protected":false},"author":3,"featured_media":0,"comment_status":"open","ping_status":"open","sticky":false,"template":"","format":"standard","meta":{"_acf_changed":false,"footnotes":""},"categories":[8],"tags":[],"class_list":["post-74042","post","type-post","status-publish","format-standard","hentry","category-esportes"],"acf":[],"yoast_head":"<!-- This site is optimized with the Yoast SEO plugin v27.5 - https:\/\/yoast.com\/product\/yoast-seo-wordpress\/ -->\n<title>ABERTAS AS INSCRI\u00c7\u00d5ES PARA A CORRIDA E CAMINHADA DO SESC PETROLINA - Blog do Farn\u00e9sio<\/title>\n<meta name=\"robots\" content=\"index, follow, max-snippet:-1, max-image-preview:large, max-video-preview:-1\" \/>\n<link rel=\"canonical\" href=\"https:\/\/blogdofarnesio.com.br\/2014\/02\/abertas-as-inscricoes-para-a-corrida-e-caminhada-do-sesc-petrolina\/\" \/>\n<meta property=\"og:locale\" content=\"pt_BR\" \/>\n<meta property=\"og:type\" content=\"article\" \/>\n<meta property=\"og:title\" content=\"ABERTAS AS INSCRI\u00c7\u00d5ES PARA A CORRIDA E CAMINHADA DO SESC PETROLINA - Blog do Farn\u00e9sio\" \/>\n<meta property=\"og:description\" content=\"J\u00e1 est\u00e3o abertas as inscri\u00e7\u00f5es\u00a0para a 7\u00aa edi\u00e7\u00e3o da Corrida e Caminhada do Sesc Petrolina, que vai movimentar as principais ruas da cidade no pr\u00f3ximo dia 13 de abril. A prova, que no ano passado contou com mais de 500 atletas inscritos, re\u00fane pessoas de todas as idades, inclusive cadeirantes e deficientes. Os interessados podem se inscrever at\u00e9 o dia 10 de mar\u00e7o atrav\u00e9s do site:www.sescpe.com.br.O valor da inscri\u00e7\u00e3o custar\u00e1 R$ 20,00, e em aten\u00e7\u00e3o ao Estatuto do Idoso, a organiza\u00e7\u00e3o disponibilizar\u00e1 aos participantes, acima de 60 anos, o desconto de 50%.\" \/>\n<meta property=\"og:url\" content=\"https:\/\/blogdofarnesio.com.br\/2014\/02\/abertas-as-inscricoes-para-a-corrida-e-caminhada-do-sesc-petrolina\/\" \/>\n<meta property=\"og:site_name\" content=\"Blog do Farn\u00e9sio\" \/>\n<meta property=\"article:publisher\" content=\"https:\/\/www.facebook.com\/BlogQuerSaberPolitica\/\" \/>\n<meta property=\"article:published_time\" content=\"2014-02-21T19:21:30+00:00\" \/>\n<meta property=\"og:image\" content=\"http:\/\/www.quersaberpolitica.com.br\/2016\/wp-content\/uploads\/2014\/02\/IMG_3509-300x200.jpg\" \/>\n<meta name=\"author\" content=\"teste\" \/>\n<meta name=\"twitter:card\" content=\"summary_large_image\" \/>\n<meta name=\"twitter:label1\" content=\"Escrito por\" \/>\n\t<meta name=\"twitter:data1\" content=\"teste\" \/>\n\t<meta name=\"twitter:label2\" content=\"Est. tempo de leitura\" \/>\n\t<meta name=\"twitter:data2\" content=\"2 minutos\" \/>\n<script type=\"application\/ld+json\" class=\"yoast-schema-graph\">{\"@context\":\"https:\\\/\\\/schema.org\",\"@graph\":[{\"@type\":\"Article\",\"@id\":\"https:\\\/\\\/blogdofarnesio.com.br\\\/2014\\\/02\\\/abertas-as-inscricoes-para-a-corrida-e-caminhada-do-sesc-petrolina\\\/#article\",\"isPartOf\":{\"@id\":\"https:\\\/\\\/blogdofarnesio.com.br\\\/2014\\\/02\\\/abertas-as-inscricoes-para-a-corrida-e-caminhada-do-sesc-petrolina\\\/\"},\"author\":{\"name\":\"teste\",\"@id\":\"https:\\\/\\\/blogdofarnesio.com.br\\\/#\\\/schema\\\/person\\\/dd1bf5eba40b687199ba45ca6b97dff9\"},\"headline\":\"ABERTAS AS INSCRI\u00c7\u00d5ES PARA A CORRIDA E CAMINHADA DO SESC PETROLINA\",\"datePublished\":\"2014-02-21T19:21:30+00:00\",\"mainEntityOfPage\":{\"@id\":\"https:\\\/\\\/blogdofarnesio.com.br\\\/2014\\\/02\\\/abertas-as-inscricoes-para-a-corrida-e-caminhada-do-sesc-petrolina\\\/\"},\"wordCount\":325,\"commentCount\":0,\"publisher\":{\"@id\":\"https:\\\/\\\/blogdofarnesio.com.br\\\/#organization\"},\"image\":{\"@id\":\"https:\\\/\\\/blogdofarnesio.com.br\\\/2014\\\/02\\\/abertas-as-inscricoes-para-a-corrida-e-caminhada-do-sesc-petrolina\\\/#primaryimage\"},\"thumbnailUrl\":\"http:\\\/\\\/www.quersaberpolitica.com.br\\\/2016\\\/wp-content\\\/uploads\\\/2014\\\/02\\\/IMG_3509-300x200.jpg\",\"articleSection\":[\"Esportes\"],\"inLanguage\":\"pt-BR\",\"potentialAction\":[{\"@type\":\"CommentAction\",\"name\":\"Comment\",\"target\":[\"https:\\\/\\\/blogdofarnesio.com.br\\\/2014\\\/02\\\/abertas-as-inscricoes-para-a-corrida-e-caminhada-do-sesc-petrolina\\\/#respond\"]}]},{\"@type\":\"WebPage\",\"@id\":\"https:\\\/\\\/blogdofarnesio.com.br\\\/2014\\\/02\\\/abertas-as-inscricoes-para-a-corrida-e-caminhada-do-sesc-petrolina\\\/\",\"url\":\"https:\\\/\\\/blogdofarnesio.com.br\\\/2014\\\/02\\\/abertas-as-inscricoes-para-a-corrida-e-caminhada-do-sesc-petrolina\\\/\",\"name\":\"ABERTAS AS INSCRI\u00c7\u00d5ES PARA A CORRIDA E CAMINHADA DO SESC PETROLINA - Blog do Farn\u00e9sio\",\"isPartOf\":{\"@id\":\"https:\\\/\\\/blogdofarnesio.com.br\\\/#website\"},\"primaryImageOfPage\":{\"@id\":\"https:\\\/\\\/blogdofarnesio.com.br\\\/2014\\\/02\\\/abertas-as-inscricoes-para-a-corrida-e-caminhada-do-sesc-petrolina\\\/#primaryimage\"},\"image\":{\"@id\":\"https:\\\/\\\/blogdofarnesio.com.br\\\/2014\\\/02\\\/abertas-as-inscricoes-para-a-corrida-e-caminhada-do-sesc-petrolina\\\/#primaryimage\"},\"thumbnailUrl\":\"http:\\\/\\\/www.quersaberpolitica.com.br\\\/2016\\\/wp-content\\\/uploads\\\/2014\\\/02\\\/IMG_3509-300x200.jpg\",\"datePublished\":\"2014-02-21T19:21:30+00:00\",\"breadcrumb\":{\"@id\":\"https:\\\/\\\/blogdofarnesio.com.br\\\/2014\\\/02\\\/abertas-as-inscricoes-para-a-corrida-e-caminhada-do-sesc-petrolina\\\/#breadcrumb\"},\"inLanguage\":\"pt-BR\",\"potentialAction\":[{\"@type\":\"ReadAction\",\"target\":[\"https:\\\/\\\/blogdofarnesio.com.br\\\/2014\\\/02\\\/abertas-as-inscricoes-para-a-corrida-e-caminhada-do-sesc-petrolina\\\/\"]}]},{\"@type\":\"ImageObject\",\"inLanguage\":\"pt-BR\",\"@id\":\"https:\\\/\\\/blogdofarnesio.com.br\\\/2014\\\/02\\\/abertas-as-inscricoes-para-a-corrida-e-caminhada-do-sesc-petrolina\\\/#primaryimage\",\"url\":\"http:\\\/\\\/www.quersaberpolitica.com.br\\\/2016\\\/wp-content\\\/uploads\\\/2014\\\/02\\\/IMG_3509-300x200.jpg\",\"contentUrl\":\"http:\\\/\\\/www.quersaberpolitica.com.br\\\/2016\\\/wp-content\\\/uploads\\\/2014\\\/02\\\/IMG_3509-300x200.jpg\"},{\"@type\":\"BreadcrumbList\",\"@id\":\"https:\\\/\\\/blogdofarnesio.com.br\\\/2014\\\/02\\\/abertas-as-inscricoes-para-a-corrida-e-caminhada-do-sesc-petrolina\\\/#breadcrumb\",\"itemListElement\":[{\"@type\":\"ListItem\",\"position\":1,\"name\":\"In\u00edcio\",\"item\":\"https:\\\/\\\/blogdofarnesio.com.br\\\/\"},{\"@type\":\"ListItem\",\"position\":2,\"name\":\"ABERTAS AS INSCRI\u00c7\u00d5ES PARA A CORRIDA E CAMINHADA DO SESC PETROLINA\"}]},{\"@type\":\"WebSite\",\"@id\":\"https:\\\/\\\/blogdofarnesio.com.br\\\/#website\",\"url\":\"https:\\\/\\\/blogdofarnesio.com.br\\\/\",\"name\":\"Blog do Farn\u00e9sio\",\"description\":\"Quer Saber Pol\u00edtica?\",\"publisher\":{\"@id\":\"https:\\\/\\\/blogdofarnesio.com.br\\\/#organization\"},\"potentialAction\":[{\"@type\":\"SearchAction\",\"target\":{\"@type\":\"EntryPoint\",\"urlTemplate\":\"https:\\\/\\\/blogdofarnesio.com.br\\\/?s={search_term_string}\"},\"query-input\":{\"@type\":\"PropertyValueSpecification\",\"valueRequired\":true,\"valueName\":\"search_term_string\"}}],\"inLanguage\":\"pt-BR\"},{\"@type\":\"Organization\",\"@id\":\"https:\\\/\\\/blogdofarnesio.com.br\\\/#organization\",\"name\":\"Blog do Farn\u00e9sio\",\"url\":\"https:\\\/\\\/blogdofarnesio.com.br\\\/\",\"logo\":{\"@type\":\"ImageObject\",\"inLanguage\":\"pt-BR\",\"@id\":\"https:\\\/\\\/blogdofarnesio.com.br\\\/#\\\/schema\\\/logo\\\/image\\\/\",\"url\":\"https:\\\/\\\/blogdofarnesio.com.br\\\/wp-content\\\/uploads\\\/2026\\\/03\\\/cropped-logo_new-1.png\",\"contentUrl\":\"https:\\\/\\\/blogdofarnesio.com.br\\\/wp-content\\\/uploads\\\/2026\\\/03\\\/cropped-logo_new-1.png\",\"width\":881,\"height\":685,\"caption\":\"Blog do Farn\u00e9sio\"},\"image\":{\"@id\":\"https:\\\/\\\/blogdofarnesio.com.br\\\/#\\\/schema\\\/logo\\\/image\\\/\"},\"sameAs\":[\"https:\\\/\\\/www.facebook.com\\\/BlogQuerSaberPolitica\\\/\"]},{\"@type\":\"Person\",\"@id\":\"https:\\\/\\\/blogdofarnesio.com.br\\\/#\\\/schema\\\/person\\\/dd1bf5eba40b687199ba45ca6b97dff9\",\"name\":\"teste\",\"image\":{\"@type\":\"ImageObject\",\"inLanguage\":\"pt-BR\",\"@id\":\"https:\\\/\\\/secure.gravatar.com\\\/avatar\\\/2172498d4914b51e1d89a0f97957b035ac4938723a5cac208135d389b6972a6d?s=96&d=mm&r=g\",\"url\":\"https:\\\/\\\/secure.gravatar.com\\\/avatar\\\/2172498d4914b51e1d89a0f97957b035ac4938723a5cac208135d389b6972a6d?s=96&d=mm&r=g\",\"contentUrl\":\"https:\\\/\\\/secure.gravatar.com\\\/avatar\\\/2172498d4914b51e1d89a0f97957b035ac4938723a5cac208135d389b6972a6d?s=96&d=mm&r=g\",\"caption\":\"teste\"},\"url\":\"https:\\\/\\\/blogdofarnesio.com.br\\\/author\\\/teste\\\/\"}]}<\/script>\n<!-- \/ Yoast SEO plugin. -->","yoast_head_json":{"title":"ABERTAS AS INSCRI\u00c7\u00d5ES PARA A CORRIDA E CAMINHADA DO SESC PETROLINA - Blog do Farn\u00e9sio","robots":{"index":"index","follow":"follow","max-snippet":"max-snippet:-1","max-image-preview":"max-image-preview:large","max-video-preview":"max-video-preview:-1"},"canonical":"https:\/\/blogdofarnesio.com.br\/2014\/02\/abertas-as-inscricoes-para-a-corrida-e-caminhada-do-sesc-petrolina\/","og_locale":"pt_BR","og_type":"article","og_title":"ABERTAS AS INSCRI\u00c7\u00d5ES PARA A CORRIDA E CAMINHADA DO SESC PETROLINA - Blog do Farn\u00e9sio","og_description":"J\u00e1 est\u00e3o abertas as inscri\u00e7\u00f5es\u00a0para a 7\u00aa edi\u00e7\u00e3o da Corrida e Caminhada do Sesc Petrolina, que vai movimentar as principais ruas da cidade no pr\u00f3ximo dia 13 de abril. A prova, que no ano passado contou com mais de 500 atletas inscritos, re\u00fane pessoas de todas as idades, inclusive cadeirantes e deficientes. Os interessados podem se inscrever at\u00e9 o dia 10 de mar\u00e7o atrav\u00e9s do site:www.sescpe.com.br.O valor da inscri\u00e7\u00e3o custar\u00e1 R$ 20,00, e em aten\u00e7\u00e3o ao Estatuto do Idoso, a organiza\u00e7\u00e3o disponibilizar\u00e1 aos participantes, acima de 60 anos, o desconto de 50%.","og_url":"https:\/\/blogdofarnesio.com.br\/2014\/02\/abertas-as-inscricoes-para-a-corrida-e-caminhada-do-sesc-petrolina\/","og_site_name":"Blog do Farn\u00e9sio","article_publisher":"https:\/\/www.facebook.com\/BlogQuerSaberPolitica\/","article_published_time":"2014-02-21T19:21:30+00:00","og_image":[{"url":"http:\/\/www.quersaberpolitica.com.br\/2016\/wp-content\/uploads\/2014\/02\/IMG_3509-300x200.jpg","type":"","width":"","height":""}],"author":"teste","twitter_card":"summary_large_image","twitter_misc":{"Escrito por":"teste","Est. tempo de leitura":"2 minutos"},"schema":{"@context":"https:\/\/schema.org","@graph":[{"@type":"Article","@id":"https:\/\/blogdofarnesio.com.br\/2014\/02\/abertas-as-inscricoes-para-a-corrida-e-caminhada-do-sesc-petrolina\/#article","isPartOf":{"@id":"https:\/\/blogdofarnesio.com.br\/2014\/02\/abertas-as-inscricoes-para-a-corrida-e-caminhada-do-sesc-petrolina\/"},"author":{"name":"teste","@id":"https:\/\/blogdofarnesio.com.br\/#\/schema\/person\/dd1bf5eba40b687199ba45ca6b97dff9"},"headline":"ABERTAS AS INSCRI\u00c7\u00d5ES PARA A CORRIDA E CAMINHADA DO SESC PETROLINA","datePublished":"2014-02-21T19:21:30+00:00","mainEntityOfPage":{"@id":"https:\/\/blogdofarnesio.com.br\/2014\/02\/abertas-as-inscricoes-para-a-corrida-e-caminhada-do-sesc-petrolina\/"},"wordCount":325,"commentCount":0,"publisher":{"@id":"https:\/\/blogdofarnesio.com.br\/#organization"},"image":{"@id":"https:\/\/blogdofarnesio.com.br\/2014\/02\/abertas-as-inscricoes-para-a-corrida-e-caminhada-do-sesc-petrolina\/#primaryimage"},"thumbnailUrl":"http:\/\/www.quersaberpolitica.com.br\/2016\/wp-content\/uploads\/2014\/02\/IMG_3509-300x200.jpg","articleSection":["Esportes"],"inLanguage":"pt-BR","potentialAction":[{"@type":"CommentAction","name":"Comment","target":["https:\/\/blogdofarnesio.com.br\/2014\/02\/abertas-as-inscricoes-para-a-corrida-e-caminhada-do-sesc-petrolina\/#respond"]}]},{"@type":"WebPage","@id":"https:\/\/blogdofarnesio.com.br\/2014\/02\/abertas-as-inscricoes-para-a-corrida-e-caminhada-do-sesc-petrolina\/","url":"https:\/\/blogdofarnesio.com.br\/2014\/02\/abertas-as-inscricoes-para-a-corrida-e-caminhada-do-sesc-petrolina\/","name":"ABERTAS AS INSCRI\u00c7\u00d5ES PARA A CORRIDA E CAMINHADA DO SESC PETROLINA - Blog do Farn\u00e9sio","isPartOf":{"@id":"https:\/\/blogdofarnesio.com.br\/#website"},"primaryImageOfPage":{"@id":"https:\/\/blogdofarnesio.com.br\/2014\/02\/abertas-as-inscricoes-para-a-corrida-e-caminhada-do-sesc-petrolina\/#primaryimage"},"image":{"@id":"https:\/\/blogdofarnesio.com.br\/2014\/02\/abertas-as-inscricoes-para-a-corrida-e-caminhada-do-sesc-petrolina\/#primaryimage"},"thumbnailUrl":"http:\/\/www.quersaberpolitica.com.br\/2016\/wp-content\/uploads\/2014\/02\/IMG_3509-300x200.jpg","datePublished":"2014-02-21T19:21:30+00:00","breadcrumb":{"@id":"https:\/\/blogdofarnesio.com.br\/2014\/02\/abertas-as-inscricoes-para-a-corrida-e-caminhada-do-sesc-petrolina\/#breadcrumb"},"inLanguage":"pt-BR","potentialAction":[{"@type":"ReadAction","target":["https:\/\/blogdofarnesio.com.br\/2014\/02\/abertas-as-inscricoes-para-a-corrida-e-caminhada-do-sesc-petrolina\/"]}]},{"@type":"ImageObject","inLanguage":"pt-BR","@id":"https:\/\/blogdofarnesio.com.br\/2014\/02\/abertas-as-inscricoes-para-a-corrida-e-caminhada-do-sesc-petrolina\/#primaryimage","url":"http:\/\/www.quersaberpolitica.com.br\/2016\/wp-content\/uploads\/2014\/02\/IMG_3509-300x200.jpg","contentUrl":"http:\/\/www.quersaberpolitica.com.br\/2016\/wp-content\/uploads\/2014\/02\/IMG_3509-300x200.jpg"},{"@type":"BreadcrumbList","@id":"https:\/\/blogdofarnesio.com.br\/2014\/02\/abertas-as-inscricoes-para-a-corrida-e-caminhada-do-sesc-petrolina\/#breadcrumb","itemListElement":[{"@type":"ListItem","position":1,"name":"In\u00edcio","item":"https:\/\/blogdofarnesio.com.br\/"},{"@type":"ListItem","position":2,"name":"ABERTAS AS INSCRI\u00c7\u00d5ES PARA A CORRIDA E CAMINHADA DO SESC PETROLINA"}]},{"@type":"WebSite","@id":"https:\/\/blogdofarnesio.com.br\/#website","url":"https:\/\/blogdofarnesio.com.br\/","name":"Blog do Farn\u00e9sio","description":"Quer Saber Pol\u00edtica?","publisher":{"@id":"https:\/\/blogdofarnesio.com.br\/#organization"},"potentialAction":[{"@type":"SearchAction","target":{"@type":"EntryPoint","urlTemplate":"https:\/\/blogdofarnesio.com.br\/?s={search_term_string}"},"query-input":{"@type":"PropertyValueSpecification","valueRequired":true,"valueName":"search_term_string"}}],"inLanguage":"pt-BR"},{"@type":"Organization","@id":"https:\/\/blogdofarnesio.com.br\/#organization","name":"Blog do Farn\u00e9sio","url":"https:\/\/blogdofarnesio.com.br\/","logo":{"@type":"ImageObject","inLanguage":"pt-BR","@id":"https:\/\/blogdofarnesio.com.br\/#\/schema\/logo\/image\/","url":"https:\/\/blogdofarnesio.com.br\/wp-content\/uploads\/2026\/03\/cropped-logo_new-1.png","contentUrl":"https:\/\/blogdofarnesio.com.br\/wp-content\/uploads\/2026\/03\/cropped-logo_new-1.png","width":881,"height":685,"caption":"Blog do Farn\u00e9sio"},"image":{"@id":"https:\/\/blogdofarnesio.com.br\/#\/schema\/logo\/image\/"},"sameAs":["https:\/\/www.facebook.com\/BlogQuerSaberPolitica\/"]},{"@type":"Person","@id":"https:\/\/blogdofarnesio.com.br\/#\/schema\/person\/dd1bf5eba40b687199ba45ca6b97dff9","name":"teste","image":{"@type":"ImageObject","inLanguage":"pt-BR","@id":"https:\/\/secure.gravatar.com\/avatar\/2172498d4914b51e1d89a0f97957b035ac4938723a5cac208135d389b6972a6d?s=96&d=mm&r=g","url":"https:\/\/secure.gravatar.com\/avatar\/2172498d4914b51e1d89a0f97957b035ac4938723a5cac208135d389b6972a6d?s=96&d=mm&r=g","contentUrl":"https:\/\/secure.gravatar.com\/avatar\/2172498d4914b51e1d89a0f97957b035ac4938723a5cac208135d389b6972a6d?s=96&d=mm&r=g","caption":"teste"},"url":"https:\/\/blogdofarnesio.com.br\/author\/teste\/"}]}},"_links":{"self":[{"href":"https:\/\/blogdofarnesio.com.br\/wp-json\/wp\/v2\/posts\/74042","targetHints":{"allow":["GET"]}}],"collection":[{"href":"https:\/\/blogdofarnesio.com.br\/wp-json\/wp\/v2\/posts"}],"about":[{"href":"https:\/\/blogdofarnesio.com.br\/wp-json\/wp\/v2\/types\/post"}],"author":[{"embeddable":true,"href":"https:\/\/blogdofarnesio.com.br\/wp-json\/wp\/v2\/users\/3"}],"replies":[{"embeddable":true,"href":"https:\/\/blogdofarnesio.com.br\/wp-json\/wp\/v2\/comments?post=74042"}],"version-history":[{"count":0,"href":"https:\/\/blogdofarnesio.com.br\/wp-json\/wp\/v2\/posts\/74042\/revisions"}],"wp:attachment":[{"href":"https:\/\/blogdofarnesio.com.br\/wp-json\/wp\/v2\/media?parent=74042"}],"wp:term":[{"taxonomy":"category","embeddable":true,"href":"https:\/\/blogdofarnesio.com.br\/wp-json\/wp\/v2\/categories?post=74042"},{"taxonomy":"post_tag","embeddable":true,"href":"https:\/\/blogdofarnesio.com.br\/wp-json\/wp\/v2\/tags?post=74042"}],"curies":[{"name":"wp","href":"https:\/\/api.w.org\/{rel}","templated":true}]}}