{"id":73957,"date":"2014-02-20T16:02:21","date_gmt":"2014-02-20T19:02:21","guid":{"rendered":"http:\/\/www.quersaberpolitica.com.br\/?p=73957"},"modified":"2014-02-20T17:02:52","modified_gmt":"2014-02-20T20:02:52","slug":"medicos-e-mais-de-30-enfermeiros-sao-convocados-a-tomarem-posse-na-saude-em-juazeiro","status":"publish","type":"post","link":"https:\/\/blogdofarnesio.com.br\/?p=73957","title":{"rendered":"M\u00c9DICOS E MAIS DE 30 ENFERMEIROS S\u00c3O CONVOCADOS A TOMAREM POSSE NA SA\u00daDE EM JUAZEIRO"},"content":{"rendered":"<p style=\"text-align: justify\"><a href=\"http:\/\/www.quersaberpolitica.com.br\/2016\/wp-content\/uploads\/2013\/05\/feiradesaude.jpg\"><img loading=\"lazy\" decoding=\"async\" class=\"alignleft size-full wp-image-42345\" alt=\"feiradesaude\" src=\"http:\/\/www.quersaberpolitica.com.br\/2016\/wp-content\/uploads\/2013\/05\/feiradesaude.jpg\" width=\"231\" height=\"218\" \/><\/a>Conforme Edital de Convoca\u00e7\u00e3o n\u00ba. 02\/2014, de 19 de fevereiro de 2014, a Secretaria da Sa\u00fade de Juazeiro convoca os aprovados relacionados no anexo I deste Edital, para tomada de posse. Os profissionais devem comparecer no N\u00facleo de Recursos Humanos (RH) da Secretaria, pr\u00f3xima ter\u00e7a-feira, 25, das 8h30 \u00e0s 13h.<\/p>\n<p style=\"text-align: justify\">Est\u00e3o sendo convocados para posse: 3 M\u00e9dicos emergencistas, 1 m\u00e9dico cl\u00ednico geral, 33 enfermeiros, 3 assistentes sociais, 1 contador, 1 engenheiro de alimentos, 1 psic\u00f3logo, 1 fisioterapeuta e 1 psicopedagogo.<\/p>\n<p style=\"text-align: justify\">\u00c9 importante ressaltar que em janeiro de 2009, quando o prefeito Isaac Carvalho assumiu a gest\u00e3o, o munic\u00edpio tinha apenas 87 m\u00e9dicos no SUS. Com as contrata\u00e7\u00f5es e o concurso p\u00fablico, esse n\u00famero em dezembro de 2013 chegou a 233 novos m\u00e9dicos. Com mais essa chamada esse n\u00famero vai para 237 profissionais contratados, melhorando o acesso da popula\u00e7\u00e3o aos servi\u00e7os de sa\u00fade.<\/p>\n<p style=\"text-align: justify\">O N\u00facleo de RH fica situado no 1\u00ba andar do pr\u00e9dio\u00a0da Secretaria, na Pra\u00e7a 15 de julho, n\u00ba. 32, Centro. Com esta lista, a Secretaria da Sa\u00fade de Juazeiro j\u00e1 convocou aproximadamente 560 aprovados no certame realizado em mar\u00e7o de 2012 para preenchimento\u00a0das 626 vagas.<\/p>\n<p style=\"text-align: justify\">A rela\u00e7\u00e3o dos nomes dos profissionais convocados para posse pode ser encontrada no site\u00a0<a href=\"http:\/\/www.juazeiro.ba.gov.br\/\" target=\"_blank\">www.juazeiro.ba.gov.br<\/a>,atrav\u00e9s do link Cidad\u00e3o, e no Di\u00e1rio Oficial de 19 de fevereiro de 2014. O\u00a0\u00faltimo concurso realizado pela prefeitura para a \u00e1rea neste porte foi em 2001.<\/p>\n<p style=\"text-align: justify\"><strong>Acesso o link abaixo e confira a rela\u00e7\u00e3o dos convocados<\/strong><\/p>\n<p style=\"text-align: justify\"><a href=\"http:\/\/www.quersaberpolitica.com.br\/2016\/wp-content\/uploads\/2014\/02\/02-E-D-I-T-A-L-D-E-C-O-N-V-O-C-A-\u00c7-\u00c3-O-POSSE-DE-25-de-FEVEREIRO-de-2014.doc\">02 E D I T A L D E C O N V O C A \u00c7 \u00c3 O POSSE DE 25 de FEVEREIRO de 2014<\/a><\/p>\n","protected":false},"excerpt":{"rendered":"<p>Conforme Edital de Convoca\u00e7\u00e3o n\u00ba. 02\/2014, de 19 de fevereiro de 2014, a Secretaria da Sa\u00fade de Juazeiro convoca os aprovados relacionados no anexo I deste Edital, para tomada de posse. Os profissionais devem comparecer no N\u00facleo de Recursos Humanos (RH) da Secretaria, pr\u00f3xima ter\u00e7a-feira, 25, das 8h30 \u00e0s 13h. Est\u00e3o sendo convocados para posse: 3 M\u00e9dicos emergencistas, 1 m\u00e9dico cl\u00ednico geral, 33 enfermeiros, 3 assistentes sociais, 1 contador, 1 engenheiro de alimentos, 1 psic\u00f3logo, 1 fisioterapeuta e 1 psicopedagogo. \u00c9 importante ressaltar que em janeiro de 2009, quando o prefeito Isaac Carvalho assumiu a gest\u00e3o, o munic\u00edpio tinha apenas 87 m\u00e9dicos no SUS. Com as contrata\u00e7\u00f5es e o concurso p\u00fablico, esse n\u00famero em dezembro de 2013 chegou a 233&hellip; <\/p>\n","protected":false},"author":3,"featured_media":0,"comment_status":"open","ping_status":"open","sticky":false,"template":"","format":"standard","meta":{"_acf_changed":false,"footnotes":""},"categories":[31,19],"tags":[],"class_list":["post-73957","post","type-post","status-publish","format-standard","hentry","category-concursos","category-servidores"],"acf":[],"yoast_head":"<!-- This site is optimized with the Yoast SEO plugin v27.4 - https:\/\/yoast.com\/product\/yoast-seo-wordpress\/ -->\n<title>M\u00c9DICOS E MAIS DE 30 ENFERMEIROS S\u00c3O CONVOCADOS A TOMAREM POSSE NA SA\u00daDE EM JUAZEIRO - Blog do Farn\u00e9sio<\/title>\n<meta name=\"robots\" content=\"index, follow, max-snippet:-1, max-image-preview:large, max-video-preview:-1\" \/>\n<link rel=\"canonical\" href=\"https:\/\/blogdofarnesio.com.br\/?p=73957\" \/>\n<meta property=\"og:locale\" content=\"pt_BR\" \/>\n<meta property=\"og:type\" content=\"article\" \/>\n<meta property=\"og:title\" content=\"M\u00c9DICOS E MAIS DE 30 ENFERMEIROS S\u00c3O CONVOCADOS A TOMAREM POSSE NA SA\u00daDE EM JUAZEIRO - Blog do Farn\u00e9sio\" \/>\n<meta property=\"og:description\" content=\"Conforme Edital de Convoca\u00e7\u00e3o n\u00ba. 02\/2014, de 19 de fevereiro de 2014, a Secretaria da Sa\u00fade de Juazeiro convoca os aprovados relacionados no anexo I deste Edital, para tomada de posse. Os profissionais devem comparecer no N\u00facleo de Recursos Humanos (RH) da Secretaria, pr\u00f3xima ter\u00e7a-feira, 25, das 8h30 \u00e0s 13h. Est\u00e3o sendo convocados para posse: 3 M\u00e9dicos emergencistas, 1 m\u00e9dico cl\u00ednico geral, 33 enfermeiros, 3 assistentes sociais, 1 contador, 1 engenheiro de alimentos, 1 psic\u00f3logo, 1 fisioterapeuta e 1 psicopedagogo. \u00c9 importante ressaltar que em janeiro de 2009, quando o prefeito Isaac Carvalho assumiu a gest\u00e3o, o munic\u00edpio tinha apenas 87 m\u00e9dicos no SUS. Com as contrata\u00e7\u00f5es e o concurso p\u00fablico, esse n\u00famero em dezembro de 2013 chegou a 233&hellip;\" \/>\n<meta property=\"og:url\" content=\"https:\/\/blogdofarnesio.com.br\/?p=73957\" \/>\n<meta property=\"og:site_name\" content=\"Blog do Farn\u00e9sio\" \/>\n<meta property=\"article:publisher\" content=\"https:\/\/www.facebook.com\/BlogQuerSaberPolitica\/\" \/>\n<meta property=\"article:published_time\" content=\"2014-02-20T19:02:21+00:00\" \/>\n<meta property=\"article:modified_time\" content=\"2014-02-20T20:02:52+00:00\" \/>\n<meta property=\"og:image\" content=\"http:\/\/www.quersaberpolitica.com.br\/2016\/wp-content\/uploads\/2013\/05\/feiradesaude.jpg\" \/>\n<meta name=\"author\" content=\"teste\" \/>\n<meta name=\"twitter:card\" content=\"summary_large_image\" \/>\n<meta name=\"twitter:label1\" content=\"Escrito por\" \/>\n\t<meta name=\"twitter:data1\" content=\"teste\" \/>\n\t<meta name=\"twitter:label2\" content=\"Est. tempo de leitura\" \/>\n\t<meta name=\"twitter:data2\" content=\"1 minuto\" \/>\n<script type=\"application\/ld+json\" class=\"yoast-schema-graph\">{\"@context\":\"https:\\\/\\\/schema.org\",\"@graph\":[{\"@type\":\"Article\",\"@id\":\"https:\\\/\\\/blogdofarnesio.com.br\\\/?p=73957#article\",\"isPartOf\":{\"@id\":\"https:\\\/\\\/blogdofarnesio.com.br\\\/?p=73957\"},\"author\":{\"name\":\"teste\",\"@id\":\"https:\\\/\\\/blogdofarnesio.com.br\\\/#\\\/schema\\\/person\\\/dd1bf5eba40b687199ba45ca6b97dff9\"},\"headline\":\"M\u00c9DICOS E MAIS DE 30 ENFERMEIROS S\u00c3O CONVOCADOS A TOMAREM POSSE NA SA\u00daDE EM JUAZEIRO\",\"datePublished\":\"2014-02-20T19:02:21+00:00\",\"dateModified\":\"2014-02-20T20:02:52+00:00\",\"mainEntityOfPage\":{\"@id\":\"https:\\\/\\\/blogdofarnesio.com.br\\\/?p=73957\"},\"wordCount\":287,\"commentCount\":0,\"publisher\":{\"@id\":\"https:\\\/\\\/blogdofarnesio.com.br\\\/#organization\"},\"image\":{\"@id\":\"https:\\\/\\\/blogdofarnesio.com.br\\\/?p=73957#primaryimage\"},\"thumbnailUrl\":\"http:\\\/\\\/www.quersaberpolitica.com.br\\\/2016\\\/wp-content\\\/uploads\\\/2013\\\/05\\\/feiradesaude.jpg\",\"articleSection\":[\"Concursos\",\"Servidores\"],\"inLanguage\":\"pt-BR\",\"potentialAction\":[{\"@type\":\"CommentAction\",\"name\":\"Comment\",\"target\":[\"https:\\\/\\\/blogdofarnesio.com.br\\\/?p=73957#respond\"]}]},{\"@type\":\"WebPage\",\"@id\":\"https:\\\/\\\/blogdofarnesio.com.br\\\/?p=73957\",\"url\":\"https:\\\/\\\/blogdofarnesio.com.br\\\/?p=73957\",\"name\":\"M\u00c9DICOS E MAIS DE 30 ENFERMEIROS S\u00c3O CONVOCADOS A TOMAREM POSSE NA SA\u00daDE EM JUAZEIRO - Blog do Farn\u00e9sio\",\"isPartOf\":{\"@id\":\"https:\\\/\\\/blogdofarnesio.com.br\\\/#website\"},\"primaryImageOfPage\":{\"@id\":\"https:\\\/\\\/blogdofarnesio.com.br\\\/?p=73957#primaryimage\"},\"image\":{\"@id\":\"https:\\\/\\\/blogdofarnesio.com.br\\\/?p=73957#primaryimage\"},\"thumbnailUrl\":\"http:\\\/\\\/www.quersaberpolitica.com.br\\\/2016\\\/wp-content\\\/uploads\\\/2013\\\/05\\\/feiradesaude.jpg\",\"datePublished\":\"2014-02-20T19:02:21+00:00\",\"dateModified\":\"2014-02-20T20:02:52+00:00\",\"breadcrumb\":{\"@id\":\"https:\\\/\\\/blogdofarnesio.com.br\\\/?p=73957#breadcrumb\"},\"inLanguage\":\"pt-BR\",\"potentialAction\":[{\"@type\":\"ReadAction\",\"target\":[\"https:\\\/\\\/blogdofarnesio.com.br\\\/?p=73957\"]}]},{\"@type\":\"ImageObject\",\"inLanguage\":\"pt-BR\",\"@id\":\"https:\\\/\\\/blogdofarnesio.com.br\\\/?p=73957#primaryimage\",\"url\":\"http:\\\/\\\/www.quersaberpolitica.com.br\\\/2016\\\/wp-content\\\/uploads\\\/2013\\\/05\\\/feiradesaude.jpg\",\"contentUrl\":\"http:\\\/\\\/www.quersaberpolitica.com.br\\\/2016\\\/wp-content\\\/uploads\\\/2013\\\/05\\\/feiradesaude.jpg\"},{\"@type\":\"BreadcrumbList\",\"@id\":\"https:\\\/\\\/blogdofarnesio.com.br\\\/?p=73957#breadcrumb\",\"itemListElement\":[{\"@type\":\"ListItem\",\"position\":1,\"name\":\"In\u00edcio\",\"item\":\"https:\\\/\\\/blogdofarnesio.com.br\\\/\"},{\"@type\":\"ListItem\",\"position\":2,\"name\":\"M\u00c9DICOS E MAIS DE 30 ENFERMEIROS S\u00c3O CONVOCADOS A TOMAREM POSSE NA SA\u00daDE EM JUAZEIRO\"}]},{\"@type\":\"WebSite\",\"@id\":\"https:\\\/\\\/blogdofarnesio.com.br\\\/#website\",\"url\":\"https:\\\/\\\/blogdofarnesio.com.br\\\/\",\"name\":\"Blog do Farn\u00e9sio\",\"description\":\"Quer Saber Pol\u00edtica?\",\"publisher\":{\"@id\":\"https:\\\/\\\/blogdofarnesio.com.br\\\/#organization\"},\"potentialAction\":[{\"@type\":\"SearchAction\",\"target\":{\"@type\":\"EntryPoint\",\"urlTemplate\":\"https:\\\/\\\/blogdofarnesio.com.br\\\/?s={search_term_string}\"},\"query-input\":{\"@type\":\"PropertyValueSpecification\",\"valueRequired\":true,\"valueName\":\"search_term_string\"}}],\"inLanguage\":\"pt-BR\"},{\"@type\":\"Organization\",\"@id\":\"https:\\\/\\\/blogdofarnesio.com.br\\\/#organization\",\"name\":\"Blog do Farn\u00e9sio\",\"url\":\"https:\\\/\\\/blogdofarnesio.com.br\\\/\",\"logo\":{\"@type\":\"ImageObject\",\"inLanguage\":\"pt-BR\",\"@id\":\"https:\\\/\\\/blogdofarnesio.com.br\\\/#\\\/schema\\\/logo\\\/image\\\/\",\"url\":\"https:\\\/\\\/blogdofarnesio.com.br\\\/wp-content\\\/uploads\\\/2026\\\/03\\\/cropped-logo_new-1.png\",\"contentUrl\":\"https:\\\/\\\/blogdofarnesio.com.br\\\/wp-content\\\/uploads\\\/2026\\\/03\\\/cropped-logo_new-1.png\",\"width\":881,\"height\":685,\"caption\":\"Blog do Farn\u00e9sio\"},\"image\":{\"@id\":\"https:\\\/\\\/blogdofarnesio.com.br\\\/#\\\/schema\\\/logo\\\/image\\\/\"},\"sameAs\":[\"https:\\\/\\\/www.facebook.com\\\/BlogQuerSaberPolitica\\\/\"]},{\"@type\":\"Person\",\"@id\":\"https:\\\/\\\/blogdofarnesio.com.br\\\/#\\\/schema\\\/person\\\/dd1bf5eba40b687199ba45ca6b97dff9\",\"name\":\"teste\",\"image\":{\"@type\":\"ImageObject\",\"inLanguage\":\"pt-BR\",\"@id\":\"https:\\\/\\\/secure.gravatar.com\\\/avatar\\\/2172498d4914b51e1d89a0f97957b035ac4938723a5cac208135d389b6972a6d?s=96&d=mm&r=g\",\"url\":\"https:\\\/\\\/secure.gravatar.com\\\/avatar\\\/2172498d4914b51e1d89a0f97957b035ac4938723a5cac208135d389b6972a6d?s=96&d=mm&r=g\",\"contentUrl\":\"https:\\\/\\\/secure.gravatar.com\\\/avatar\\\/2172498d4914b51e1d89a0f97957b035ac4938723a5cac208135d389b6972a6d?s=96&d=mm&r=g\",\"caption\":\"teste\"},\"url\":\"https:\\\/\\\/blogdofarnesio.com.br\\\/?author=3\"}]}<\/script>\n<!-- \/ Yoast SEO plugin. -->","yoast_head_json":{"title":"M\u00c9DICOS E MAIS DE 30 ENFERMEIROS S\u00c3O CONVOCADOS A TOMAREM POSSE NA SA\u00daDE EM JUAZEIRO - Blog do Farn\u00e9sio","robots":{"index":"index","follow":"follow","max-snippet":"max-snippet:-1","max-image-preview":"max-image-preview:large","max-video-preview":"max-video-preview:-1"},"canonical":"https:\/\/blogdofarnesio.com.br\/?p=73957","og_locale":"pt_BR","og_type":"article","og_title":"M\u00c9DICOS E MAIS DE 30 ENFERMEIROS S\u00c3O CONVOCADOS A TOMAREM POSSE NA SA\u00daDE EM JUAZEIRO - Blog do Farn\u00e9sio","og_description":"Conforme Edital de Convoca\u00e7\u00e3o n\u00ba. 02\/2014, de 19 de fevereiro de 2014, a Secretaria da Sa\u00fade de Juazeiro convoca os aprovados relacionados no anexo I deste Edital, para tomada de posse. Os profissionais devem comparecer no N\u00facleo de Recursos Humanos (RH) da Secretaria, pr\u00f3xima ter\u00e7a-feira, 25, das 8h30 \u00e0s 13h. Est\u00e3o sendo convocados para posse: 3 M\u00e9dicos emergencistas, 1 m\u00e9dico cl\u00ednico geral, 33 enfermeiros, 3 assistentes sociais, 1 contador, 1 engenheiro de alimentos, 1 psic\u00f3logo, 1 fisioterapeuta e 1 psicopedagogo. \u00c9 importante ressaltar que em janeiro de 2009, quando o prefeito Isaac Carvalho assumiu a gest\u00e3o, o munic\u00edpio tinha apenas 87 m\u00e9dicos no SUS. Com as contrata\u00e7\u00f5es e o concurso p\u00fablico, esse n\u00famero em dezembro de 2013 chegou a 233&hellip;","og_url":"https:\/\/blogdofarnesio.com.br\/?p=73957","og_site_name":"Blog do Farn\u00e9sio","article_publisher":"https:\/\/www.facebook.com\/BlogQuerSaberPolitica\/","article_published_time":"2014-02-20T19:02:21+00:00","article_modified_time":"2014-02-20T20:02:52+00:00","og_image":[{"url":"http:\/\/www.quersaberpolitica.com.br\/2016\/wp-content\/uploads\/2013\/05\/feiradesaude.jpg","type":"","width":"","height":""}],"author":"teste","twitter_card":"summary_large_image","twitter_misc":{"Escrito por":"teste","Est. tempo de leitura":"1 minuto"},"schema":{"@context":"https:\/\/schema.org","@graph":[{"@type":"Article","@id":"https:\/\/blogdofarnesio.com.br\/?p=73957#article","isPartOf":{"@id":"https:\/\/blogdofarnesio.com.br\/?p=73957"},"author":{"name":"teste","@id":"https:\/\/blogdofarnesio.com.br\/#\/schema\/person\/dd1bf5eba40b687199ba45ca6b97dff9"},"headline":"M\u00c9DICOS E MAIS DE 30 ENFERMEIROS S\u00c3O CONVOCADOS A TOMAREM POSSE NA SA\u00daDE EM JUAZEIRO","datePublished":"2014-02-20T19:02:21+00:00","dateModified":"2014-02-20T20:02:52+00:00","mainEntityOfPage":{"@id":"https:\/\/blogdofarnesio.com.br\/?p=73957"},"wordCount":287,"commentCount":0,"publisher":{"@id":"https:\/\/blogdofarnesio.com.br\/#organization"},"image":{"@id":"https:\/\/blogdofarnesio.com.br\/?p=73957#primaryimage"},"thumbnailUrl":"http:\/\/www.quersaberpolitica.com.br\/2016\/wp-content\/uploads\/2013\/05\/feiradesaude.jpg","articleSection":["Concursos","Servidores"],"inLanguage":"pt-BR","potentialAction":[{"@type":"CommentAction","name":"Comment","target":["https:\/\/blogdofarnesio.com.br\/?p=73957#respond"]}]},{"@type":"WebPage","@id":"https:\/\/blogdofarnesio.com.br\/?p=73957","url":"https:\/\/blogdofarnesio.com.br\/?p=73957","name":"M\u00c9DICOS E MAIS DE 30 ENFERMEIROS S\u00c3O CONVOCADOS A TOMAREM POSSE NA SA\u00daDE EM JUAZEIRO - Blog do Farn\u00e9sio","isPartOf":{"@id":"https:\/\/blogdofarnesio.com.br\/#website"},"primaryImageOfPage":{"@id":"https:\/\/blogdofarnesio.com.br\/?p=73957#primaryimage"},"image":{"@id":"https:\/\/blogdofarnesio.com.br\/?p=73957#primaryimage"},"thumbnailUrl":"http:\/\/www.quersaberpolitica.com.br\/2016\/wp-content\/uploads\/2013\/05\/feiradesaude.jpg","datePublished":"2014-02-20T19:02:21+00:00","dateModified":"2014-02-20T20:02:52+00:00","breadcrumb":{"@id":"https:\/\/blogdofarnesio.com.br\/?p=73957#breadcrumb"},"inLanguage":"pt-BR","potentialAction":[{"@type":"ReadAction","target":["https:\/\/blogdofarnesio.com.br\/?p=73957"]}]},{"@type":"ImageObject","inLanguage":"pt-BR","@id":"https:\/\/blogdofarnesio.com.br\/?p=73957#primaryimage","url":"http:\/\/www.quersaberpolitica.com.br\/2016\/wp-content\/uploads\/2013\/05\/feiradesaude.jpg","contentUrl":"http:\/\/www.quersaberpolitica.com.br\/2016\/wp-content\/uploads\/2013\/05\/feiradesaude.jpg"},{"@type":"BreadcrumbList","@id":"https:\/\/blogdofarnesio.com.br\/?p=73957#breadcrumb","itemListElement":[{"@type":"ListItem","position":1,"name":"In\u00edcio","item":"https:\/\/blogdofarnesio.com.br\/"},{"@type":"ListItem","position":2,"name":"M\u00c9DICOS E MAIS DE 30 ENFERMEIROS S\u00c3O CONVOCADOS A TOMAREM POSSE NA SA\u00daDE EM JUAZEIRO"}]},{"@type":"WebSite","@id":"https:\/\/blogdofarnesio.com.br\/#website","url":"https:\/\/blogdofarnesio.com.br\/","name":"Blog do Farn\u00e9sio","description":"Quer Saber Pol\u00edtica?","publisher":{"@id":"https:\/\/blogdofarnesio.com.br\/#organization"},"potentialAction":[{"@type":"SearchAction","target":{"@type":"EntryPoint","urlTemplate":"https:\/\/blogdofarnesio.com.br\/?s={search_term_string}"},"query-input":{"@type":"PropertyValueSpecification","valueRequired":true,"valueName":"search_term_string"}}],"inLanguage":"pt-BR"},{"@type":"Organization","@id":"https:\/\/blogdofarnesio.com.br\/#organization","name":"Blog do Farn\u00e9sio","url":"https:\/\/blogdofarnesio.com.br\/","logo":{"@type":"ImageObject","inLanguage":"pt-BR","@id":"https:\/\/blogdofarnesio.com.br\/#\/schema\/logo\/image\/","url":"https:\/\/blogdofarnesio.com.br\/wp-content\/uploads\/2026\/03\/cropped-logo_new-1.png","contentUrl":"https:\/\/blogdofarnesio.com.br\/wp-content\/uploads\/2026\/03\/cropped-logo_new-1.png","width":881,"height":685,"caption":"Blog do Farn\u00e9sio"},"image":{"@id":"https:\/\/blogdofarnesio.com.br\/#\/schema\/logo\/image\/"},"sameAs":["https:\/\/www.facebook.com\/BlogQuerSaberPolitica\/"]},{"@type":"Person","@id":"https:\/\/blogdofarnesio.com.br\/#\/schema\/person\/dd1bf5eba40b687199ba45ca6b97dff9","name":"teste","image":{"@type":"ImageObject","inLanguage":"pt-BR","@id":"https:\/\/secure.gravatar.com\/avatar\/2172498d4914b51e1d89a0f97957b035ac4938723a5cac208135d389b6972a6d?s=96&d=mm&r=g","url":"https:\/\/secure.gravatar.com\/avatar\/2172498d4914b51e1d89a0f97957b035ac4938723a5cac208135d389b6972a6d?s=96&d=mm&r=g","contentUrl":"https:\/\/secure.gravatar.com\/avatar\/2172498d4914b51e1d89a0f97957b035ac4938723a5cac208135d389b6972a6d?s=96&d=mm&r=g","caption":"teste"},"url":"https:\/\/blogdofarnesio.com.br\/?author=3"}]}},"_links":{"self":[{"href":"https:\/\/blogdofarnesio.com.br\/index.php?rest_route=\/wp\/v2\/posts\/73957","targetHints":{"allow":["GET"]}}],"collection":[{"href":"https:\/\/blogdofarnesio.com.br\/index.php?rest_route=\/wp\/v2\/posts"}],"about":[{"href":"https:\/\/blogdofarnesio.com.br\/index.php?rest_route=\/wp\/v2\/types\/post"}],"author":[{"embeddable":true,"href":"https:\/\/blogdofarnesio.com.br\/index.php?rest_route=\/wp\/v2\/users\/3"}],"replies":[{"embeddable":true,"href":"https:\/\/blogdofarnesio.com.br\/index.php?rest_route=%2Fwp%2Fv2%2Fcomments&post=73957"}],"version-history":[{"count":0,"href":"https:\/\/blogdofarnesio.com.br\/index.php?rest_route=\/wp\/v2\/posts\/73957\/revisions"}],"wp:attachment":[{"href":"https:\/\/blogdofarnesio.com.br\/index.php?rest_route=%2Fwp%2Fv2%2Fmedia&parent=73957"}],"wp:term":[{"taxonomy":"category","embeddable":true,"href":"https:\/\/blogdofarnesio.com.br\/index.php?rest_route=%2Fwp%2Fv2%2Fcategories&post=73957"},{"taxonomy":"post_tag","embeddable":true,"href":"https:\/\/blogdofarnesio.com.br\/index.php?rest_route=%2Fwp%2Fv2%2Ftags&post=73957"}],"curies":[{"name":"wp","href":"https:\/\/api.w.org\/{rel}","templated":true}]}}