{"id":7392,"date":"2011-10-12T08:00:10","date_gmt":"2011-10-12T08:00:10","guid":{"rendered":"http:\/\/www.quersaberpolitica.com.br?p=7392"},"modified":"2011-10-12T07:42:24","modified_gmt":"2011-10-12T07:42:24","slug":"izabel-cristinafernando-bezerra-e-ambicioso-e-nao-quer-dividir-nada-com-aliados","status":"publish","type":"post","link":"https:\/\/blogdofarnesio.com.br\/?p=7392","title":{"rendered":"Izabel Cristina:&#8221;Fernando Bezerra \u00e9 ambicioso&#8221; e n\u00e3o quer dividir nada com aliados"},"content":{"rendered":"<p style=\"text-align: center;\"><span><a rel=\"lightbox\" href=\"http:\/\/www.quersaberpolitica.com.br\/2016\/wp-content\/uploads\/2012\/12\/blogqspisabelcristinachamafbcdeambicioso.jpg\"><img loading=\"lazy\" decoding=\"async\" src=\"http:\/\/www.quersaberpolitica.com.br\/2016\/wp-content\/uploads\/2012\/12\/blogqspisabelcristinachamafbcdeambicioso.jpg\" alt=\"\" width=\"400\" height=\"221\" \/><\/a><\/span><\/p>\n<p style=\"text-align: justify;\"><span style=\"font-size: small;\">A deputada estadual Isabel Cristina(PT) depois do incidente ocorrido na Festa da Uva e Vinho, em Lagoa Grande, quando o palco desabou, retornou aos trabalhos na Assembleia Legislativa acusando o ministro da Integra&ccedil;&atilde;o Nacional, Fernando Bezerra, de &#8220;ter uma ambi&ccedil;&atilde;o sem medidas&#8221;.<\/span><\/p>\n<p style=\"text-align: justify;\"><span style=\"font-size: small;\">Ela afirmou ainda que o ministro &#8221; vive sempre &agrave; procura de culpados&#8221;, referindo-se ao fato de Fernando culpar o PT pela mudan&ccedil;a do Deputado Odacy Amorim que saiu do PSB.<\/p>\n<p>Cristina contou que em 2006 FBC culpou Humberto Costa e Lula de n&atilde;o cumprirem uma promessa de apoio. &#8220;Ele &eacute; ambicioso. Tem cargos na Codevasf, tem as superintend&ecirc;ncias. Quer tudo e n&atilde;o quer dividir um pouco com os aliados&#8221;, finalizou. (Petrolina1)<\/span><\/p>\n","protected":false},"excerpt":{"rendered":"<p>A deputada estadual Isabel Cristina(PT) depois do incidente ocorrido na Festa da Uva e Vinho, em Lagoa Grande, quando o palco desabou, retornou aos trabalhos na Assembleia Legislativa acusando o ministro da Integra&ccedil;&atilde;o Nacional, Fernando Bezerra, de &#8220;ter uma ambi&ccedil;&atilde;o sem medidas&#8221;. Ela afirmou ainda que o ministro &#8221; vive sempre &agrave; procura de culpados&#8221;, referindo-se ao fato de Fernando culpar o PT pela mudan&ccedil;a do Deputado Odacy Amorim que saiu do PSB. Cristina contou que em 2006 FBC culpou Humberto Costa e Lula de n&atilde;o cumprirem uma promessa de apoio. &#8220;Ele &eacute; ambicioso. Tem cargos na Codevasf, tem as superintend&ecirc;ncias. Quer tudo e n&atilde;o quer dividir um pouco com os aliados&#8221;, finalizou. (Petrolina1)<\/p>\n","protected":false},"author":0,"featured_media":0,"comment_status":"open","ping_status":"open","sticky":false,"template":"","format":"standard","meta":{"_acf_changed":false,"footnotes":""},"categories":[43],"tags":[],"class_list":["post-7392","post","type-post","status-publish","format-standard","hentry","category-sem-categoria"],"acf":[],"yoast_head":"<!-- This site is optimized with the Yoast SEO plugin v27.4 - https:\/\/yoast.com\/product\/yoast-seo-wordpress\/ -->\n<title>Izabel Cristina:&quot;Fernando Bezerra \u00e9 ambicioso&quot; e n\u00e3o quer dividir nada com aliados - Blog do Farn\u00e9sio<\/title>\n<meta name=\"robots\" content=\"index, follow, max-snippet:-1, max-image-preview:large, max-video-preview:-1\" \/>\n<link rel=\"canonical\" href=\"https:\/\/blogdofarnesio.com.br\/?p=7392\" \/>\n<meta property=\"og:locale\" content=\"pt_BR\" \/>\n<meta property=\"og:type\" content=\"article\" \/>\n<meta property=\"og:title\" content=\"Izabel Cristina:&quot;Fernando Bezerra \u00e9 ambicioso&quot; e n\u00e3o quer dividir nada com aliados - Blog do Farn\u00e9sio\" \/>\n<meta property=\"og:description\" content=\"A deputada estadual Isabel Cristina(PT) depois do incidente ocorrido na Festa da Uva e Vinho, em Lagoa Grande, quando o palco desabou, retornou aos trabalhos na Assembleia Legislativa acusando o ministro da Integra&ccedil;&atilde;o Nacional, Fernando Bezerra, de &#8220;ter uma ambi&ccedil;&atilde;o sem medidas&#8221;. Ela afirmou ainda que o ministro &#8221; vive sempre &agrave; procura de culpados&#8221;, referindo-se ao fato de Fernando culpar o PT pela mudan&ccedil;a do Deputado Odacy Amorim que saiu do PSB. Cristina contou que em 2006 FBC culpou Humberto Costa e Lula de n&atilde;o cumprirem uma promessa de apoio. &#8220;Ele &eacute; ambicioso. Tem cargos na Codevasf, tem as superintend&ecirc;ncias. Quer tudo e n&atilde;o quer dividir um pouco com os aliados&#8221;, finalizou. (Petrolina1)\" \/>\n<meta property=\"og:url\" content=\"https:\/\/blogdofarnesio.com.br\/?p=7392\" \/>\n<meta property=\"og:site_name\" content=\"Blog do Farn\u00e9sio\" \/>\n<meta property=\"article:publisher\" content=\"https:\/\/www.facebook.com\/BlogQuerSaberPolitica\/\" \/>\n<meta property=\"article:published_time\" content=\"2011-10-12T08:00:10+00:00\" \/>\n<meta property=\"og:image\" content=\"http:\/\/www.quersaberpolitica.com.br\/2016\/wp-content\/uploads\/2012\/12\/blogqspisabelcristinachamafbcdeambicioso.jpg\" \/>\n<meta name=\"twitter:card\" content=\"summary_large_image\" \/>\n<meta name=\"twitter:label1\" content=\"Est. tempo de leitura\" \/>\n\t<meta name=\"twitter:data1\" content=\"1 minuto\" \/>\n<script type=\"application\/ld+json\" class=\"yoast-schema-graph\">{\"@context\":\"https:\\\/\\\/schema.org\",\"@graph\":[{\"@type\":\"Article\",\"@id\":\"https:\\\/\\\/blogdofarnesio.com.br\\\/?p=7392#article\",\"isPartOf\":{\"@id\":\"https:\\\/\\\/blogdofarnesio.com.br\\\/?p=7392\"},\"author\":{\"name\":\"\",\"@id\":\"\"},\"headline\":\"Izabel Cristina:&#8221;Fernando Bezerra \u00e9 ambicioso&#8221; e n\u00e3o quer dividir nada com aliados\",\"datePublished\":\"2011-10-12T08:00:10+00:00\",\"mainEntityOfPage\":{\"@id\":\"https:\\\/\\\/blogdofarnesio.com.br\\\/?p=7392\"},\"wordCount\":140,\"commentCount\":0,\"publisher\":{\"@id\":\"https:\\\/\\\/blogdofarnesio.com.br\\\/#organization\"},\"image\":{\"@id\":\"https:\\\/\\\/blogdofarnesio.com.br\\\/?p=7392#primaryimage\"},\"thumbnailUrl\":\"http:\\\/\\\/www.quersaberpolitica.com.br\\\/2016\\\/wp-content\\\/uploads\\\/2012\\\/12\\\/blogqspisabelcristinachamafbcdeambicioso.jpg\",\"inLanguage\":\"pt-BR\",\"potentialAction\":[{\"@type\":\"CommentAction\",\"name\":\"Comment\",\"target\":[\"https:\\\/\\\/blogdofarnesio.com.br\\\/?p=7392#respond\"]}]},{\"@type\":\"WebPage\",\"@id\":\"https:\\\/\\\/blogdofarnesio.com.br\\\/?p=7392\",\"url\":\"https:\\\/\\\/blogdofarnesio.com.br\\\/?p=7392\",\"name\":\"Izabel Cristina:\\\"Fernando Bezerra \u00e9 ambicioso\\\" e n\u00e3o quer dividir nada com aliados - Blog do Farn\u00e9sio\",\"isPartOf\":{\"@id\":\"https:\\\/\\\/blogdofarnesio.com.br\\\/#website\"},\"primaryImageOfPage\":{\"@id\":\"https:\\\/\\\/blogdofarnesio.com.br\\\/?p=7392#primaryimage\"},\"image\":{\"@id\":\"https:\\\/\\\/blogdofarnesio.com.br\\\/?p=7392#primaryimage\"},\"thumbnailUrl\":\"http:\\\/\\\/www.quersaberpolitica.com.br\\\/2016\\\/wp-content\\\/uploads\\\/2012\\\/12\\\/blogqspisabelcristinachamafbcdeambicioso.jpg\",\"datePublished\":\"2011-10-12T08:00:10+00:00\",\"breadcrumb\":{\"@id\":\"https:\\\/\\\/blogdofarnesio.com.br\\\/?p=7392#breadcrumb\"},\"inLanguage\":\"pt-BR\",\"potentialAction\":[{\"@type\":\"ReadAction\",\"target\":[\"https:\\\/\\\/blogdofarnesio.com.br\\\/?p=7392\"]}]},{\"@type\":\"ImageObject\",\"inLanguage\":\"pt-BR\",\"@id\":\"https:\\\/\\\/blogdofarnesio.com.br\\\/?p=7392#primaryimage\",\"url\":\"http:\\\/\\\/www.quersaberpolitica.com.br\\\/2016\\\/wp-content\\\/uploads\\\/2012\\\/12\\\/blogqspisabelcristinachamafbcdeambicioso.jpg\",\"contentUrl\":\"http:\\\/\\\/www.quersaberpolitica.com.br\\\/2016\\\/wp-content\\\/uploads\\\/2012\\\/12\\\/blogqspisabelcristinachamafbcdeambicioso.jpg\"},{\"@type\":\"BreadcrumbList\",\"@id\":\"https:\\\/\\\/blogdofarnesio.com.br\\\/?p=7392#breadcrumb\",\"itemListElement\":[{\"@type\":\"ListItem\",\"position\":1,\"name\":\"In\u00edcio\",\"item\":\"https:\\\/\\\/blogdofarnesio.com.br\\\/\"},{\"@type\":\"ListItem\",\"position\":2,\"name\":\"Izabel Cristina:&#8221;Fernando Bezerra \u00e9 ambicioso&#8221; e n\u00e3o quer dividir nada com aliados\"}]},{\"@type\":\"WebSite\",\"@id\":\"https:\\\/\\\/blogdofarnesio.com.br\\\/#website\",\"url\":\"https:\\\/\\\/blogdofarnesio.com.br\\\/\",\"name\":\"Blog do Farn\u00e9sio\",\"description\":\"Quer Saber Pol\u00edtica?\",\"publisher\":{\"@id\":\"https:\\\/\\\/blogdofarnesio.com.br\\\/#organization\"},\"potentialAction\":[{\"@type\":\"SearchAction\",\"target\":{\"@type\":\"EntryPoint\",\"urlTemplate\":\"https:\\\/\\\/blogdofarnesio.com.br\\\/?s={search_term_string}\"},\"query-input\":{\"@type\":\"PropertyValueSpecification\",\"valueRequired\":true,\"valueName\":\"search_term_string\"}}],\"inLanguage\":\"pt-BR\"},{\"@type\":\"Organization\",\"@id\":\"https:\\\/\\\/blogdofarnesio.com.br\\\/#organization\",\"name\":\"Blog do Farn\u00e9sio\",\"url\":\"https:\\\/\\\/blogdofarnesio.com.br\\\/\",\"logo\":{\"@type\":\"ImageObject\",\"inLanguage\":\"pt-BR\",\"@id\":\"https:\\\/\\\/blogdofarnesio.com.br\\\/#\\\/schema\\\/logo\\\/image\\\/\",\"url\":\"https:\\\/\\\/blogdofarnesio.com.br\\\/wp-content\\\/uploads\\\/2026\\\/03\\\/cropped-logo_new-1.png\",\"contentUrl\":\"https:\\\/\\\/blogdofarnesio.com.br\\\/wp-content\\\/uploads\\\/2026\\\/03\\\/cropped-logo_new-1.png\",\"width\":881,\"height\":685,\"caption\":\"Blog do Farn\u00e9sio\"},\"image\":{\"@id\":\"https:\\\/\\\/blogdofarnesio.com.br\\\/#\\\/schema\\\/logo\\\/image\\\/\"},\"sameAs\":[\"https:\\\/\\\/www.facebook.com\\\/BlogQuerSaberPolitica\\\/\"]}]}<\/script>\n<!-- \/ Yoast SEO plugin. -->","yoast_head_json":{"title":"Izabel Cristina:\"Fernando Bezerra \u00e9 ambicioso\" e n\u00e3o quer dividir nada com aliados - Blog do Farn\u00e9sio","robots":{"index":"index","follow":"follow","max-snippet":"max-snippet:-1","max-image-preview":"max-image-preview:large","max-video-preview":"max-video-preview:-1"},"canonical":"https:\/\/blogdofarnesio.com.br\/?p=7392","og_locale":"pt_BR","og_type":"article","og_title":"Izabel Cristina:\"Fernando Bezerra \u00e9 ambicioso\" e n\u00e3o quer dividir nada com aliados - Blog do Farn\u00e9sio","og_description":"A deputada estadual Isabel Cristina(PT) depois do incidente ocorrido na Festa da Uva e Vinho, em Lagoa Grande, quando o palco desabou, retornou aos trabalhos na Assembleia Legislativa acusando o ministro da Integra&ccedil;&atilde;o Nacional, Fernando Bezerra, de &#8220;ter uma ambi&ccedil;&atilde;o sem medidas&#8221;. Ela afirmou ainda que o ministro &#8221; vive sempre &agrave; procura de culpados&#8221;, referindo-se ao fato de Fernando culpar o PT pela mudan&ccedil;a do Deputado Odacy Amorim que saiu do PSB. Cristina contou que em 2006 FBC culpou Humberto Costa e Lula de n&atilde;o cumprirem uma promessa de apoio. &#8220;Ele &eacute; ambicioso. Tem cargos na Codevasf, tem as superintend&ecirc;ncias. Quer tudo e n&atilde;o quer dividir um pouco com os aliados&#8221;, finalizou. (Petrolina1)","og_url":"https:\/\/blogdofarnesio.com.br\/?p=7392","og_site_name":"Blog do Farn\u00e9sio","article_publisher":"https:\/\/www.facebook.com\/BlogQuerSaberPolitica\/","article_published_time":"2011-10-12T08:00:10+00:00","og_image":[{"url":"http:\/\/www.quersaberpolitica.com.br\/2016\/wp-content\/uploads\/2012\/12\/blogqspisabelcristinachamafbcdeambicioso.jpg","type":"","width":"","height":""}],"twitter_card":"summary_large_image","twitter_misc":{"Est. tempo de leitura":"1 minuto"},"schema":{"@context":"https:\/\/schema.org","@graph":[{"@type":"Article","@id":"https:\/\/blogdofarnesio.com.br\/?p=7392#article","isPartOf":{"@id":"https:\/\/blogdofarnesio.com.br\/?p=7392"},"author":{"name":"","@id":""},"headline":"Izabel Cristina:&#8221;Fernando Bezerra \u00e9 ambicioso&#8221; e n\u00e3o quer dividir nada com aliados","datePublished":"2011-10-12T08:00:10+00:00","mainEntityOfPage":{"@id":"https:\/\/blogdofarnesio.com.br\/?p=7392"},"wordCount":140,"commentCount":0,"publisher":{"@id":"https:\/\/blogdofarnesio.com.br\/#organization"},"image":{"@id":"https:\/\/blogdofarnesio.com.br\/?p=7392#primaryimage"},"thumbnailUrl":"http:\/\/www.quersaberpolitica.com.br\/2016\/wp-content\/uploads\/2012\/12\/blogqspisabelcristinachamafbcdeambicioso.jpg","inLanguage":"pt-BR","potentialAction":[{"@type":"CommentAction","name":"Comment","target":["https:\/\/blogdofarnesio.com.br\/?p=7392#respond"]}]},{"@type":"WebPage","@id":"https:\/\/blogdofarnesio.com.br\/?p=7392","url":"https:\/\/blogdofarnesio.com.br\/?p=7392","name":"Izabel Cristina:\"Fernando Bezerra \u00e9 ambicioso\" e n\u00e3o quer dividir nada com aliados - Blog do Farn\u00e9sio","isPartOf":{"@id":"https:\/\/blogdofarnesio.com.br\/#website"},"primaryImageOfPage":{"@id":"https:\/\/blogdofarnesio.com.br\/?p=7392#primaryimage"},"image":{"@id":"https:\/\/blogdofarnesio.com.br\/?p=7392#primaryimage"},"thumbnailUrl":"http:\/\/www.quersaberpolitica.com.br\/2016\/wp-content\/uploads\/2012\/12\/blogqspisabelcristinachamafbcdeambicioso.jpg","datePublished":"2011-10-12T08:00:10+00:00","breadcrumb":{"@id":"https:\/\/blogdofarnesio.com.br\/?p=7392#breadcrumb"},"inLanguage":"pt-BR","potentialAction":[{"@type":"ReadAction","target":["https:\/\/blogdofarnesio.com.br\/?p=7392"]}]},{"@type":"ImageObject","inLanguage":"pt-BR","@id":"https:\/\/blogdofarnesio.com.br\/?p=7392#primaryimage","url":"http:\/\/www.quersaberpolitica.com.br\/2016\/wp-content\/uploads\/2012\/12\/blogqspisabelcristinachamafbcdeambicioso.jpg","contentUrl":"http:\/\/www.quersaberpolitica.com.br\/2016\/wp-content\/uploads\/2012\/12\/blogqspisabelcristinachamafbcdeambicioso.jpg"},{"@type":"BreadcrumbList","@id":"https:\/\/blogdofarnesio.com.br\/?p=7392#breadcrumb","itemListElement":[{"@type":"ListItem","position":1,"name":"In\u00edcio","item":"https:\/\/blogdofarnesio.com.br\/"},{"@type":"ListItem","position":2,"name":"Izabel Cristina:&#8221;Fernando Bezerra \u00e9 ambicioso&#8221; e n\u00e3o quer dividir nada com aliados"}]},{"@type":"WebSite","@id":"https:\/\/blogdofarnesio.com.br\/#website","url":"https:\/\/blogdofarnesio.com.br\/","name":"Blog do Farn\u00e9sio","description":"Quer Saber Pol\u00edtica?","publisher":{"@id":"https:\/\/blogdofarnesio.com.br\/#organization"},"potentialAction":[{"@type":"SearchAction","target":{"@type":"EntryPoint","urlTemplate":"https:\/\/blogdofarnesio.com.br\/?s={search_term_string}"},"query-input":{"@type":"PropertyValueSpecification","valueRequired":true,"valueName":"search_term_string"}}],"inLanguage":"pt-BR"},{"@type":"Organization","@id":"https:\/\/blogdofarnesio.com.br\/#organization","name":"Blog do Farn\u00e9sio","url":"https:\/\/blogdofarnesio.com.br\/","logo":{"@type":"ImageObject","inLanguage":"pt-BR","@id":"https:\/\/blogdofarnesio.com.br\/#\/schema\/logo\/image\/","url":"https:\/\/blogdofarnesio.com.br\/wp-content\/uploads\/2026\/03\/cropped-logo_new-1.png","contentUrl":"https:\/\/blogdofarnesio.com.br\/wp-content\/uploads\/2026\/03\/cropped-logo_new-1.png","width":881,"height":685,"caption":"Blog do Farn\u00e9sio"},"image":{"@id":"https:\/\/blogdofarnesio.com.br\/#\/schema\/logo\/image\/"},"sameAs":["https:\/\/www.facebook.com\/BlogQuerSaberPolitica\/"]}]}},"_links":{"self":[{"href":"https:\/\/blogdofarnesio.com.br\/index.php?rest_route=\/wp\/v2\/posts\/7392","targetHints":{"allow":["GET"]}}],"collection":[{"href":"https:\/\/blogdofarnesio.com.br\/index.php?rest_route=\/wp\/v2\/posts"}],"about":[{"href":"https:\/\/blogdofarnesio.com.br\/index.php?rest_route=\/wp\/v2\/types\/post"}],"replies":[{"embeddable":true,"href":"https:\/\/blogdofarnesio.com.br\/index.php?rest_route=%2Fwp%2Fv2%2Fcomments&post=7392"}],"version-history":[{"count":0,"href":"https:\/\/blogdofarnesio.com.br\/index.php?rest_route=\/wp\/v2\/posts\/7392\/revisions"}],"wp:attachment":[{"href":"https:\/\/blogdofarnesio.com.br\/index.php?rest_route=%2Fwp%2Fv2%2Fmedia&parent=7392"}],"wp:term":[{"taxonomy":"category","embeddable":true,"href":"https:\/\/blogdofarnesio.com.br\/index.php?rest_route=%2Fwp%2Fv2%2Fcategories&post=7392"},{"taxonomy":"post_tag","embeddable":true,"href":"https:\/\/blogdofarnesio.com.br\/index.php?rest_route=%2Fwp%2Fv2%2Ftags&post=7392"}],"curies":[{"name":"wp","href":"https:\/\/api.w.org\/{rel}","templated":true}]}}