{"id":73902,"date":"2014-02-20T10:22:26","date_gmt":"2014-02-20T13:22:26","guid":{"rendered":"http:\/\/www.quersaberpolitica.com.br\/?p=73902"},"modified":"2014-02-20T10:09:20","modified_gmt":"2014-02-20T13:09:20","slug":"prefeito-de-pilao-arcado-responde-denuncia-de-desvio-de-dinheiro","status":"publish","type":"post","link":"https:\/\/blogdofarnesio.com.br\/?p=73902","title":{"rendered":"PREFEITO DE PIL\u00c3O ARCADO REBATE DEN\u00daNCIAS DE DA TV RECORD"},"content":{"rendered":"<figure id=\"attachment_73913\" aria-describedby=\"caption-attachment-73913\" style=\"width: 448px\" class=\"wp-caption aligncenter\"><a href=\"http:\/\/www.quersaberpolitica.com.br\/2016\/wp-content\/uploads\/2014\/02\/blogqspprefpilaoarcado-jo\u00e3oubiratgan-Foto-Farn\u00e9sio-Silva.jpg\"><img loading=\"lazy\" decoding=\"async\" class=\"size-full wp-image-73913\" alt=\"Pref de Pil\u00e3o Arcado BA  Foto Farn\u00e9sio Silva\" src=\"http:\/\/www.quersaberpolitica.com.br\/2016\/wp-content\/uploads\/2014\/02\/blogqspprefpilaoarcado-jo\u00e3oubiratgan-Foto-Farn\u00e9sio-Silva.jpg\" width=\"448\" height=\"298\" srcset=\"https:\/\/blogdofarnesio.com.br\/wp-content\/uploads\/2014\/02\/blogqspprefpilaoarcado-jo\u00e3oubiratgan-Foto-Farn\u00e9sio-Silva.jpg 448w, https:\/\/blogdofarnesio.com.br\/wp-content\/uploads\/2014\/02\/blogqspprefpilaoarcado-jo\u00e3oubiratgan-Foto-Farn\u00e9sio-Silva-300x199.jpg 300w\" sizes=\"auto, (max-width: 448px) 100vw, 448px\" \/><\/a><figcaption id=\"caption-attachment-73913\" class=\"wp-caption-text\">Pref de Pil\u00e3o Arcado BA Foto Farn\u00e9sio Silva<\/figcaption><\/figure>\n<p style=\"text-align: justify\">Na noite de ontem (19), a rede Record exibiu uma mat\u00e9ria sobre o esquema de corrup\u00e7\u00e3o no munic\u00edpio de Pil\u00e3o Arcado. De acordo com a mat\u00e9ria, foi desviado um montante de mais de vinte milh\u00f5es de reais. O dinheiro que deveria ter sido utilizado na educa\u00e7\u00e3o, transporte p\u00fablico, infraestrutura e outros investimento para o munic\u00edpio<\/p>\n<p style=\"text-align: justify\">Em entrevista exclusiva \u00a0a este blogueiro, o prefeito do munic\u00edpio, Jo\u00e3ozinho Ubiratan se disse surpreso com a den\u00fancia. \u201c\u00c9 de tamanha estranheza essa reportagem que est\u00e1 sendo veiculada, quando se trata do munic\u00edpio de Pil\u00e3o Arcado, n\u00e3o fui procurado pela emissora, at\u00e9 por que desconhe\u00e7o a raz\u00e3o dessa reportagem. O que se via l\u00e1 em Pil\u00e3o Arcado eram quatro pessoas andando com dois vereadores advers\u00e1rios e mais um blogueiro que se chama Peres Mangueira, um psicopata, um doente mental, que nada mais, nada menos \u00e9 o respons\u00e1vel por essa not\u00edcia infundada, escabrosa e sem nenhum nexo\u201d, disse o prefeito.<\/p>\n<p style=\"text-align: justify\">Sobre a situa\u00e7\u00e3o da educa\u00e7\u00e3o do munic\u00edpio, o prefeito disse que existe uma frota com 165 \u00f4nibus do transporte escolar, v\u00e1rias escolas foram reformadas e outros pr\u00e9dios constru\u00eddos, e que as empresas foram devidamente licitadas. Outro ponto abordado foram os contratos com supostos \u2018laranjas, e ele foi enf\u00e1tico. \u201cQue laranjas s\u00e3o esses? No munic\u00edpio todas as empresas que fornecem foram licitadas, legalmente licitada, se algum empresa tem algum laranja como propriet\u00e1rio, isso n\u00e3o cabe a mim, cabe a empresa? E tem que ser investigado, ser\u00e1 punido aquele que tiver errado\u201d, frisou.<\/p>\n<p style=\"text-align: justify\">Afirmando est\u00e1 sendo injusti\u00e7ado, Jo\u00e3ozinho classificou as den\u00fancias como factoide pol\u00edtico. \u201cMinha fam\u00edlia, os meu filhos que viram essa reportagem, isso foi para macular minha imagem. Reformei quase todas as escolas do munic\u00edpio, n\u00f3s temos 36 carros pipas\u201d, concluiu.<\/p>\n<p style=\"text-align: justify\"><em><strong>Da reda\u00e7\u00e3o do QSP<\/strong><\/em><\/p>\n","protected":false},"excerpt":{"rendered":"<p>Na noite de ontem (19), a rede Record exibiu uma mat\u00e9ria sobre o esquema de corrup\u00e7\u00e3o no munic\u00edpio de Pil\u00e3o Arcado. De acordo com a mat\u00e9ria, foi desviado um montante de mais de vinte milh\u00f5es de reais. O dinheiro que deveria ter sido utilizado na educa\u00e7\u00e3o, transporte p\u00fablico, infraestrutura e outros investimento para o munic\u00edpio Em entrevista exclusiva \u00a0a este blogueiro, o prefeito do munic\u00edpio, Jo\u00e3ozinho Ubiratan se disse surpreso com a den\u00fancia. \u201c\u00c9 de tamanha estranheza essa reportagem que est\u00e1 sendo veiculada, quando se trata do munic\u00edpio de Pil\u00e3o Arcado, n\u00e3o fui procurado pela emissora, at\u00e9 por que desconhe\u00e7o a raz\u00e3o dessa reportagem. O que se via l\u00e1 em Pil\u00e3o Arcado eram quatro pessoas andando com dois vereadores advers\u00e1rios&hellip; <\/p>\n","protected":false},"author":3,"featured_media":0,"comment_status":"open","ping_status":"open","sticky":false,"template":"","format":"standard","meta":{"_acf_changed":false,"footnotes":""},"categories":[1],"tags":[],"class_list":["post-73902","post","type-post","status-publish","format-standard","hentry","category-politica"],"acf":[],"yoast_head":"<!-- This site is optimized with the Yoast SEO plugin v27.4 - https:\/\/yoast.com\/product\/yoast-seo-wordpress\/ -->\n<title>PREFEITO DE PIL\u00c3O ARCADO REBATE DEN\u00daNCIAS DE DA TV RECORD - Blog do Farn\u00e9sio<\/title>\n<meta name=\"robots\" content=\"index, follow, max-snippet:-1, max-image-preview:large, max-video-preview:-1\" \/>\n<link rel=\"canonical\" href=\"https:\/\/blogdofarnesio.com.br\/?p=73902\" \/>\n<meta property=\"og:locale\" content=\"pt_BR\" \/>\n<meta property=\"og:type\" content=\"article\" \/>\n<meta property=\"og:title\" content=\"PREFEITO DE PIL\u00c3O ARCADO REBATE DEN\u00daNCIAS DE DA TV RECORD - Blog do Farn\u00e9sio\" \/>\n<meta property=\"og:description\" content=\"Na noite de ontem (19), a rede Record exibiu uma mat\u00e9ria sobre o esquema de corrup\u00e7\u00e3o no munic\u00edpio de Pil\u00e3o Arcado. De acordo com a mat\u00e9ria, foi desviado um montante de mais de vinte milh\u00f5es de reais. O dinheiro que deveria ter sido utilizado na educa\u00e7\u00e3o, transporte p\u00fablico, infraestrutura e outros investimento para o munic\u00edpio Em entrevista exclusiva \u00a0a este blogueiro, o prefeito do munic\u00edpio, Jo\u00e3ozinho Ubiratan se disse surpreso com a den\u00fancia. \u201c\u00c9 de tamanha estranheza essa reportagem que est\u00e1 sendo veiculada, quando se trata do munic\u00edpio de Pil\u00e3o Arcado, n\u00e3o fui procurado pela emissora, at\u00e9 por que desconhe\u00e7o a raz\u00e3o dessa reportagem. O que se via l\u00e1 em Pil\u00e3o Arcado eram quatro pessoas andando com dois vereadores advers\u00e1rios&hellip;\" \/>\n<meta property=\"og:url\" content=\"https:\/\/blogdofarnesio.com.br\/?p=73902\" \/>\n<meta property=\"og:site_name\" content=\"Blog do Farn\u00e9sio\" \/>\n<meta property=\"article:publisher\" content=\"https:\/\/www.facebook.com\/BlogQuerSaberPolitica\/\" \/>\n<meta property=\"article:published_time\" content=\"2014-02-20T13:22:26+00:00\" \/>\n<meta name=\"author\" content=\"teste\" \/>\n<meta name=\"twitter:card\" content=\"summary_large_image\" \/>\n<meta name=\"twitter:label1\" content=\"Escrito por\" \/>\n\t<meta name=\"twitter:data1\" content=\"teste\" \/>\n\t<meta name=\"twitter:label2\" content=\"Est. tempo de leitura\" \/>\n\t<meta name=\"twitter:data2\" content=\"2 minutos\" \/>\n<script type=\"application\/ld+json\" class=\"yoast-schema-graph\">{\"@context\":\"https:\\\/\\\/schema.org\",\"@graph\":[{\"@type\":\"Article\",\"@id\":\"https:\\\/\\\/blogdofarnesio.com.br\\\/?p=73902#article\",\"isPartOf\":{\"@id\":\"https:\\\/\\\/blogdofarnesio.com.br\\\/?p=73902\"},\"author\":{\"name\":\"teste\",\"@id\":\"https:\\\/\\\/blogdofarnesio.com.br\\\/#\\\/schema\\\/person\\\/dd1bf5eba40b687199ba45ca6b97dff9\"},\"headline\":\"PREFEITO DE PIL\u00c3O ARCADO REBATE DEN\u00daNCIAS DE DA TV RECORD\",\"datePublished\":\"2014-02-20T13:22:26+00:00\",\"mainEntityOfPage\":{\"@id\":\"https:\\\/\\\/blogdofarnesio.com.br\\\/?p=73902\"},\"wordCount\":352,\"commentCount\":69,\"publisher\":{\"@id\":\"https:\\\/\\\/blogdofarnesio.com.br\\\/#organization\"},\"articleSection\":[\"Pol\u00edtica\"],\"inLanguage\":\"pt-BR\",\"potentialAction\":[{\"@type\":\"CommentAction\",\"name\":\"Comment\",\"target\":[\"https:\\\/\\\/blogdofarnesio.com.br\\\/?p=73902#respond\"]}]},{\"@type\":\"WebPage\",\"@id\":\"https:\\\/\\\/blogdofarnesio.com.br\\\/?p=73902\",\"url\":\"https:\\\/\\\/blogdofarnesio.com.br\\\/?p=73902\",\"name\":\"PREFEITO DE PIL\u00c3O ARCADO REBATE DEN\u00daNCIAS DE DA TV RECORD - Blog do Farn\u00e9sio\",\"isPartOf\":{\"@id\":\"https:\\\/\\\/blogdofarnesio.com.br\\\/#website\"},\"datePublished\":\"2014-02-20T13:22:26+00:00\",\"breadcrumb\":{\"@id\":\"https:\\\/\\\/blogdofarnesio.com.br\\\/?p=73902#breadcrumb\"},\"inLanguage\":\"pt-BR\",\"potentialAction\":[{\"@type\":\"ReadAction\",\"target\":[\"https:\\\/\\\/blogdofarnesio.com.br\\\/?p=73902\"]}]},{\"@type\":\"BreadcrumbList\",\"@id\":\"https:\\\/\\\/blogdofarnesio.com.br\\\/?p=73902#breadcrumb\",\"itemListElement\":[{\"@type\":\"ListItem\",\"position\":1,\"name\":\"In\u00edcio\",\"item\":\"https:\\\/\\\/blogdofarnesio.com.br\\\/\"},{\"@type\":\"ListItem\",\"position\":2,\"name\":\"PREFEITO DE PIL\u00c3O ARCADO REBATE DEN\u00daNCIAS DE DA TV RECORD\"}]},{\"@type\":\"WebSite\",\"@id\":\"https:\\\/\\\/blogdofarnesio.com.br\\\/#website\",\"url\":\"https:\\\/\\\/blogdofarnesio.com.br\\\/\",\"name\":\"Blog do Farn\u00e9sio\",\"description\":\"Quer Saber Pol\u00edtica?\",\"publisher\":{\"@id\":\"https:\\\/\\\/blogdofarnesio.com.br\\\/#organization\"},\"potentialAction\":[{\"@type\":\"SearchAction\",\"target\":{\"@type\":\"EntryPoint\",\"urlTemplate\":\"https:\\\/\\\/blogdofarnesio.com.br\\\/?s={search_term_string}\"},\"query-input\":{\"@type\":\"PropertyValueSpecification\",\"valueRequired\":true,\"valueName\":\"search_term_string\"}}],\"inLanguage\":\"pt-BR\"},{\"@type\":\"Organization\",\"@id\":\"https:\\\/\\\/blogdofarnesio.com.br\\\/#organization\",\"name\":\"Blog do Farn\u00e9sio\",\"url\":\"https:\\\/\\\/blogdofarnesio.com.br\\\/\",\"logo\":{\"@type\":\"ImageObject\",\"inLanguage\":\"pt-BR\",\"@id\":\"https:\\\/\\\/blogdofarnesio.com.br\\\/#\\\/schema\\\/logo\\\/image\\\/\",\"url\":\"https:\\\/\\\/blogdofarnesio.com.br\\\/wp-content\\\/uploads\\\/2026\\\/03\\\/cropped-logo_new-1.png\",\"contentUrl\":\"https:\\\/\\\/blogdofarnesio.com.br\\\/wp-content\\\/uploads\\\/2026\\\/03\\\/cropped-logo_new-1.png\",\"width\":881,\"height\":685,\"caption\":\"Blog do Farn\u00e9sio\"},\"image\":{\"@id\":\"https:\\\/\\\/blogdofarnesio.com.br\\\/#\\\/schema\\\/logo\\\/image\\\/\"},\"sameAs\":[\"https:\\\/\\\/www.facebook.com\\\/BlogQuerSaberPolitica\\\/\"]},{\"@type\":\"Person\",\"@id\":\"https:\\\/\\\/blogdofarnesio.com.br\\\/#\\\/schema\\\/person\\\/dd1bf5eba40b687199ba45ca6b97dff9\",\"name\":\"teste\",\"image\":{\"@type\":\"ImageObject\",\"inLanguage\":\"pt-BR\",\"@id\":\"https:\\\/\\\/secure.gravatar.com\\\/avatar\\\/2172498d4914b51e1d89a0f97957b035ac4938723a5cac208135d389b6972a6d?s=96&d=mm&r=g\",\"url\":\"https:\\\/\\\/secure.gravatar.com\\\/avatar\\\/2172498d4914b51e1d89a0f97957b035ac4938723a5cac208135d389b6972a6d?s=96&d=mm&r=g\",\"contentUrl\":\"https:\\\/\\\/secure.gravatar.com\\\/avatar\\\/2172498d4914b51e1d89a0f97957b035ac4938723a5cac208135d389b6972a6d?s=96&d=mm&r=g\",\"caption\":\"teste\"},\"url\":\"https:\\\/\\\/blogdofarnesio.com.br\\\/?author=3\"}]}<\/script>\n<!-- \/ Yoast SEO plugin. -->","yoast_head_json":{"title":"PREFEITO DE PIL\u00c3O ARCADO REBATE DEN\u00daNCIAS DE DA TV RECORD - Blog do Farn\u00e9sio","robots":{"index":"index","follow":"follow","max-snippet":"max-snippet:-1","max-image-preview":"max-image-preview:large","max-video-preview":"max-video-preview:-1"},"canonical":"https:\/\/blogdofarnesio.com.br\/?p=73902","og_locale":"pt_BR","og_type":"article","og_title":"PREFEITO DE PIL\u00c3O ARCADO REBATE DEN\u00daNCIAS DE DA TV RECORD - Blog do Farn\u00e9sio","og_description":"Na noite de ontem (19), a rede Record exibiu uma mat\u00e9ria sobre o esquema de corrup\u00e7\u00e3o no munic\u00edpio de Pil\u00e3o Arcado. De acordo com a mat\u00e9ria, foi desviado um montante de mais de vinte milh\u00f5es de reais. O dinheiro que deveria ter sido utilizado na educa\u00e7\u00e3o, transporte p\u00fablico, infraestrutura e outros investimento para o munic\u00edpio Em entrevista exclusiva \u00a0a este blogueiro, o prefeito do munic\u00edpio, Jo\u00e3ozinho Ubiratan se disse surpreso com a den\u00fancia. \u201c\u00c9 de tamanha estranheza essa reportagem que est\u00e1 sendo veiculada, quando se trata do munic\u00edpio de Pil\u00e3o Arcado, n\u00e3o fui procurado pela emissora, at\u00e9 por que desconhe\u00e7o a raz\u00e3o dessa reportagem. O que se via l\u00e1 em Pil\u00e3o Arcado eram quatro pessoas andando com dois vereadores advers\u00e1rios&hellip;","og_url":"https:\/\/blogdofarnesio.com.br\/?p=73902","og_site_name":"Blog do Farn\u00e9sio","article_publisher":"https:\/\/www.facebook.com\/BlogQuerSaberPolitica\/","article_published_time":"2014-02-20T13:22:26+00:00","author":"teste","twitter_card":"summary_large_image","twitter_misc":{"Escrito por":"teste","Est. tempo de leitura":"2 minutos"},"schema":{"@context":"https:\/\/schema.org","@graph":[{"@type":"Article","@id":"https:\/\/blogdofarnesio.com.br\/?p=73902#article","isPartOf":{"@id":"https:\/\/blogdofarnesio.com.br\/?p=73902"},"author":{"name":"teste","@id":"https:\/\/blogdofarnesio.com.br\/#\/schema\/person\/dd1bf5eba40b687199ba45ca6b97dff9"},"headline":"PREFEITO DE PIL\u00c3O ARCADO REBATE DEN\u00daNCIAS DE DA TV RECORD","datePublished":"2014-02-20T13:22:26+00:00","mainEntityOfPage":{"@id":"https:\/\/blogdofarnesio.com.br\/?p=73902"},"wordCount":352,"commentCount":69,"publisher":{"@id":"https:\/\/blogdofarnesio.com.br\/#organization"},"articleSection":["Pol\u00edtica"],"inLanguage":"pt-BR","potentialAction":[{"@type":"CommentAction","name":"Comment","target":["https:\/\/blogdofarnesio.com.br\/?p=73902#respond"]}]},{"@type":"WebPage","@id":"https:\/\/blogdofarnesio.com.br\/?p=73902","url":"https:\/\/blogdofarnesio.com.br\/?p=73902","name":"PREFEITO DE PIL\u00c3O ARCADO REBATE DEN\u00daNCIAS DE DA TV RECORD - Blog do Farn\u00e9sio","isPartOf":{"@id":"https:\/\/blogdofarnesio.com.br\/#website"},"datePublished":"2014-02-20T13:22:26+00:00","breadcrumb":{"@id":"https:\/\/blogdofarnesio.com.br\/?p=73902#breadcrumb"},"inLanguage":"pt-BR","potentialAction":[{"@type":"ReadAction","target":["https:\/\/blogdofarnesio.com.br\/?p=73902"]}]},{"@type":"BreadcrumbList","@id":"https:\/\/blogdofarnesio.com.br\/?p=73902#breadcrumb","itemListElement":[{"@type":"ListItem","position":1,"name":"In\u00edcio","item":"https:\/\/blogdofarnesio.com.br\/"},{"@type":"ListItem","position":2,"name":"PREFEITO DE PIL\u00c3O ARCADO REBATE DEN\u00daNCIAS DE DA TV RECORD"}]},{"@type":"WebSite","@id":"https:\/\/blogdofarnesio.com.br\/#website","url":"https:\/\/blogdofarnesio.com.br\/","name":"Blog do Farn\u00e9sio","description":"Quer Saber Pol\u00edtica?","publisher":{"@id":"https:\/\/blogdofarnesio.com.br\/#organization"},"potentialAction":[{"@type":"SearchAction","target":{"@type":"EntryPoint","urlTemplate":"https:\/\/blogdofarnesio.com.br\/?s={search_term_string}"},"query-input":{"@type":"PropertyValueSpecification","valueRequired":true,"valueName":"search_term_string"}}],"inLanguage":"pt-BR"},{"@type":"Organization","@id":"https:\/\/blogdofarnesio.com.br\/#organization","name":"Blog do Farn\u00e9sio","url":"https:\/\/blogdofarnesio.com.br\/","logo":{"@type":"ImageObject","inLanguage":"pt-BR","@id":"https:\/\/blogdofarnesio.com.br\/#\/schema\/logo\/image\/","url":"https:\/\/blogdofarnesio.com.br\/wp-content\/uploads\/2026\/03\/cropped-logo_new-1.png","contentUrl":"https:\/\/blogdofarnesio.com.br\/wp-content\/uploads\/2026\/03\/cropped-logo_new-1.png","width":881,"height":685,"caption":"Blog do Farn\u00e9sio"},"image":{"@id":"https:\/\/blogdofarnesio.com.br\/#\/schema\/logo\/image\/"},"sameAs":["https:\/\/www.facebook.com\/BlogQuerSaberPolitica\/"]},{"@type":"Person","@id":"https:\/\/blogdofarnesio.com.br\/#\/schema\/person\/dd1bf5eba40b687199ba45ca6b97dff9","name":"teste","image":{"@type":"ImageObject","inLanguage":"pt-BR","@id":"https:\/\/secure.gravatar.com\/avatar\/2172498d4914b51e1d89a0f97957b035ac4938723a5cac208135d389b6972a6d?s=96&d=mm&r=g","url":"https:\/\/secure.gravatar.com\/avatar\/2172498d4914b51e1d89a0f97957b035ac4938723a5cac208135d389b6972a6d?s=96&d=mm&r=g","contentUrl":"https:\/\/secure.gravatar.com\/avatar\/2172498d4914b51e1d89a0f97957b035ac4938723a5cac208135d389b6972a6d?s=96&d=mm&r=g","caption":"teste"},"url":"https:\/\/blogdofarnesio.com.br\/?author=3"}]}},"_links":{"self":[{"href":"https:\/\/blogdofarnesio.com.br\/index.php?rest_route=\/wp\/v2\/posts\/73902","targetHints":{"allow":["GET"]}}],"collection":[{"href":"https:\/\/blogdofarnesio.com.br\/index.php?rest_route=\/wp\/v2\/posts"}],"about":[{"href":"https:\/\/blogdofarnesio.com.br\/index.php?rest_route=\/wp\/v2\/types\/post"}],"author":[{"embeddable":true,"href":"https:\/\/blogdofarnesio.com.br\/index.php?rest_route=\/wp\/v2\/users\/3"}],"replies":[{"embeddable":true,"href":"https:\/\/blogdofarnesio.com.br\/index.php?rest_route=%2Fwp%2Fv2%2Fcomments&post=73902"}],"version-history":[{"count":0,"href":"https:\/\/blogdofarnesio.com.br\/index.php?rest_route=\/wp\/v2\/posts\/73902\/revisions"}],"wp:attachment":[{"href":"https:\/\/blogdofarnesio.com.br\/index.php?rest_route=%2Fwp%2Fv2%2Fmedia&parent=73902"}],"wp:term":[{"taxonomy":"category","embeddable":true,"href":"https:\/\/blogdofarnesio.com.br\/index.php?rest_route=%2Fwp%2Fv2%2Fcategories&post=73902"},{"taxonomy":"post_tag","embeddable":true,"href":"https:\/\/blogdofarnesio.com.br\/index.php?rest_route=%2Fwp%2Fv2%2Ftags&post=73902"}],"curies":[{"name":"wp","href":"https:\/\/api.w.org\/{rel}","templated":true}]}}