{"id":73869,"date":"2014-02-20T07:01:52","date_gmt":"2014-02-20T10:01:52","guid":{"rendered":"http:\/\/www.quersaberpolitica.com.br\/?p=73869"},"modified":"2014-02-19T21:01:19","modified_gmt":"2014-02-20T00:01:19","slug":"taxistas-de-petrolina-recebem-orientacao-sobre-turismo-no-municipio","status":"publish","type":"post","link":"https:\/\/blogdofarnesio.com.br\/?p=73869","title":{"rendered":"TAXISTAS DE PETROLINA RECEBEM ORIENTA\u00c7\u00c3O SOBRE TURISMO NO MUNIC\u00cdPIO"},"content":{"rendered":"<p style=\"text-align: justify\" align=\"JUSTIFY\"><a href=\"http:\/\/www.quersaberpolitica.com.br\/2016\/wp-content\/uploads\/2012\/12\/blogqsp.taxi_.jpg\"><img loading=\"lazy\" decoding=\"async\" class=\"alignleft size-medium wp-image-20247\" alt=\"blogqsp.taxi\" src=\"http:\/\/www.quersaberpolitica.com.br\/2016\/wp-content\/uploads\/2012\/12\/blogqsp.taxi_-300x200.jpg\" width=\"300\" height=\"200\" srcset=\"https:\/\/blogdofarnesio.com.br\/wp-content\/uploads\/2012\/12\/blogqsp.taxi_-300x200.jpg 300w, https:\/\/blogdofarnesio.com.br\/wp-content\/uploads\/2012\/12\/blogqsp.taxi_-450x300.jpg 450w, https:\/\/blogdofarnesio.com.br\/wp-content\/uploads\/2012\/12\/blogqsp.taxi_.jpg 750w\" sizes=\"auto, (max-width: 300px) 100vw, 300px\" \/><\/a>A Prefeitura de Petrolina, atrav\u00e9s da Secretaria Executiva de Turismo e da EPTTC, realizam nessa quinta-feira (20), no audit\u00f3rio do SEST SENAT, \u00e0s 9h, o Workshop T\u00e1xi Melhor.<\/p>\n<p style=\"text-align: justify\" align=\"JUSTIFY\">O evento, voltado para os taxistas da cidade, faz parte do Programa Municipal de Qualifica\u00e7\u00e3o para o Desenvolvimento do Turismo \u2013 Qualitur Petrolina \u2013 e abre o calend\u00e1rio de capacita\u00e7\u00f5es do ano de 2014.<\/p>\n<p style=\"text-align: justify\" align=\"JUSTIFY\"><span style=\"color: #333333\">O Workshop T\u00e1xi Melhor \u00e9 voltado especialmente para os taxistas, que receber\u00e3o informa\u00e7\u00f5es sobre o Turismo em Petrolina, op\u00e7\u00f5es de lazer, hospedagem e alimenta\u00e7\u00e3o, al\u00e9m das oportunidades de neg\u00f3cios que o setor pode gerar. A ideia \u00e9 que os profissionais estejam aptos a prestar informa\u00e7\u00f5es aos visitantes que chegam \u00e0 cidade e os roteiros tur\u00edsticos da regi\u00e3o. A EPPTC, na oportunidade, refor\u00e7ar\u00e1 no\u00e7\u00f5es\u00a0sobre dire\u00e7\u00e3o defensiva e Educa\u00e7\u00e3o no Transito.<!--more--><\/span><\/p>\n<p style=\"text-align: justify\" align=\"JUSTIFY\"><span style=\"color: #333333\">O Qualitur Petrolina, desenvolvido pela Secretaria Municipal de Turismo, tem como objetivo promover a qualifica\u00e7\u00e3o dos profissionais que atendem os turistas na cidade, preparando-os para oferecer melhores servi\u00e7os de recep\u00e7\u00e3o em bares, restaurantes e hot\u00e9is. Al\u00e9m disso, visa garantir informa\u00e7\u00f5es tur\u00edsticas acerca dos atrativos da regi\u00e3o como, pontos tur\u00edsticos, passeios e demais op\u00e7\u00f5es de lazer.<\/span><\/p>\n<p style=\"text-align: justify\" align=\"JUSTIFY\"><span style=\"color: #333333\">Entre o p\u00fablico alvo, o programa atuar\u00e1 na capacita\u00e7\u00e3o de taxistas, mototaxistas, motoristas de \u00f4nibus, motoristas de transporte alternativo, cobrador, fiscais, barqueiros, recepcionistas, gar\u00e7ons, camareiras, artes\u00e3os. Os cursos tamb\u00e9m ser\u00e3o voltados aos permission\u00e1rios do Balne\u00e1rio das Pedrinhas, moradores da ilha do Massangano e a Guarda Municipal.<\/span><\/p>\n<p style=\"text-align: justify\" align=\"JUSTIFY\"><span style=\"color: #333333\">A expectativa \u00e9 atingir a totalidade dos taxistas e mototaxistas antes do in\u00edcio dos jogos da\u00a0Copa do\u00a0Mundo: \u201cEstamos trabalhando em conjunto com os munic\u00edpios do Vale do S\u00e3o Francisco,\u00a0o\u00a0SEBRAE e\u00a0o\u00a0Trade Tur\u00edstico\u00a0para atrair\u00a0mais turistas\u00a0a\u00a0nossa regi\u00e3o\u00a0e melhor recepcion\u00e1-los,\u00a0especialmente os que chegam \u00e0 cidade em eventos festivos\u201d, considera Iuric Pires,\u00a0secret\u00e1rio\u00a0executivo\u00a0de Turismo.\u00a0<\/span><\/p>\n<p style=\"text-align: justify\">A participa\u00e7\u00e3o no Workshop \u00e9 gratuita e n\u00e3o h\u00e1 necessidade de inscri\u00e7\u00f5es pr\u00e9vias. Mais informa\u00e7\u00f5es podem ser obtidas no n\u00famero\u00a0<a href=\"tel:%2887%29%203862-3639\" target=\"_blank\">(87) 3862-3639<\/a>.<\/p>\n","protected":false},"excerpt":{"rendered":"<p>A Prefeitura de Petrolina, atrav\u00e9s da Secretaria Executiva de Turismo e da EPTTC, realizam nessa quinta-feira (20), no audit\u00f3rio do SEST SENAT, \u00e0s 9h, o Workshop T\u00e1xi Melhor. O evento, voltado para os taxistas da cidade, faz parte do Programa Municipal de Qualifica\u00e7\u00e3o para o Desenvolvimento do Turismo \u2013 Qualitur Petrolina \u2013 e abre o calend\u00e1rio de capacita\u00e7\u00f5es do ano de 2014. O Workshop T\u00e1xi Melhor \u00e9 voltado especialmente para os taxistas, que receber\u00e3o informa\u00e7\u00f5es sobre o Turismo em Petrolina, op\u00e7\u00f5es de lazer, hospedagem e alimenta\u00e7\u00e3o, al\u00e9m das oportunidades de neg\u00f3cios que o setor pode gerar. A ideia \u00e9 que os profissionais estejam aptos a prestar informa\u00e7\u00f5es aos visitantes que chegam \u00e0 cidade e os roteiros tur\u00edsticos da regi\u00e3o. A&hellip; <\/p>\n","protected":false},"author":3,"featured_media":0,"comment_status":"open","ping_status":"open","sticky":false,"template":"","format":"standard","meta":{"_acf_changed":false,"footnotes":""},"categories":[11],"tags":[],"class_list":["post-73869","post","type-post","status-publish","format-standard","hentry","category-turismo"],"acf":[],"yoast_head":"<!-- This site is optimized with the Yoast SEO plugin v27.4 - https:\/\/yoast.com\/product\/yoast-seo-wordpress\/ -->\n<title>TAXISTAS DE PETROLINA RECEBEM ORIENTA\u00c7\u00c3O SOBRE TURISMO NO MUNIC\u00cdPIO - Blog do Farn\u00e9sio<\/title>\n<meta name=\"robots\" content=\"index, follow, max-snippet:-1, max-image-preview:large, max-video-preview:-1\" \/>\n<link rel=\"canonical\" href=\"https:\/\/blogdofarnesio.com.br\/?p=73869\" \/>\n<meta property=\"og:locale\" content=\"pt_BR\" \/>\n<meta property=\"og:type\" content=\"article\" \/>\n<meta property=\"og:title\" content=\"TAXISTAS DE PETROLINA RECEBEM ORIENTA\u00c7\u00c3O SOBRE TURISMO NO MUNIC\u00cdPIO - Blog do Farn\u00e9sio\" \/>\n<meta property=\"og:description\" content=\"A Prefeitura de Petrolina, atrav\u00e9s da Secretaria Executiva de Turismo e da EPTTC, realizam nessa quinta-feira (20), no audit\u00f3rio do SEST SENAT, \u00e0s 9h, o Workshop T\u00e1xi Melhor. O evento, voltado para os taxistas da cidade, faz parte do Programa Municipal de Qualifica\u00e7\u00e3o para o Desenvolvimento do Turismo \u2013 Qualitur Petrolina \u2013 e abre o calend\u00e1rio de capacita\u00e7\u00f5es do ano de 2014. O Workshop T\u00e1xi Melhor \u00e9 voltado especialmente para os taxistas, que receber\u00e3o informa\u00e7\u00f5es sobre o Turismo em Petrolina, op\u00e7\u00f5es de lazer, hospedagem e alimenta\u00e7\u00e3o, al\u00e9m das oportunidades de neg\u00f3cios que o setor pode gerar. A ideia \u00e9 que os profissionais estejam aptos a prestar informa\u00e7\u00f5es aos visitantes que chegam \u00e0 cidade e os roteiros tur\u00edsticos da regi\u00e3o. A&hellip;\" \/>\n<meta property=\"og:url\" content=\"https:\/\/blogdofarnesio.com.br\/?p=73869\" \/>\n<meta property=\"og:site_name\" content=\"Blog do Farn\u00e9sio\" \/>\n<meta property=\"article:publisher\" content=\"https:\/\/www.facebook.com\/BlogQuerSaberPolitica\/\" \/>\n<meta property=\"article:published_time\" content=\"2014-02-20T10:01:52+00:00\" \/>\n<meta property=\"og:image\" content=\"http:\/\/www.quersaberpolitica.com.br\/2016\/wp-content\/uploads\/2012\/12\/blogqsp.taxi_-300x200.jpg\" \/>\n<meta name=\"author\" content=\"teste\" \/>\n<meta name=\"twitter:card\" content=\"summary_large_image\" \/>\n<meta name=\"twitter:label1\" content=\"Escrito por\" \/>\n\t<meta name=\"twitter:data1\" content=\"teste\" \/>\n\t<meta name=\"twitter:label2\" content=\"Est. tempo de leitura\" \/>\n\t<meta name=\"twitter:data2\" content=\"2 minutos\" \/>\n<script type=\"application\/ld+json\" class=\"yoast-schema-graph\">{\"@context\":\"https:\\\/\\\/schema.org\",\"@graph\":[{\"@type\":\"Article\",\"@id\":\"https:\\\/\\\/blogdofarnesio.com.br\\\/?p=73869#article\",\"isPartOf\":{\"@id\":\"https:\\\/\\\/blogdofarnesio.com.br\\\/?p=73869\"},\"author\":{\"name\":\"teste\",\"@id\":\"https:\\\/\\\/blogdofarnesio.com.br\\\/#\\\/schema\\\/person\\\/dd1bf5eba40b687199ba45ca6b97dff9\"},\"headline\":\"TAXISTAS DE PETROLINA RECEBEM ORIENTA\u00c7\u00c3O SOBRE TURISMO NO MUNIC\u00cdPIO\",\"datePublished\":\"2014-02-20T10:01:52+00:00\",\"mainEntityOfPage\":{\"@id\":\"https:\\\/\\\/blogdofarnesio.com.br\\\/?p=73869\"},\"wordCount\":369,\"commentCount\":0,\"publisher\":{\"@id\":\"https:\\\/\\\/blogdofarnesio.com.br\\\/#organization\"},\"image\":{\"@id\":\"https:\\\/\\\/blogdofarnesio.com.br\\\/?p=73869#primaryimage\"},\"thumbnailUrl\":\"http:\\\/\\\/www.quersaberpolitica.com.br\\\/2016\\\/wp-content\\\/uploads\\\/2012\\\/12\\\/blogqsp.taxi_-300x200.jpg\",\"articleSection\":[\"Turismo\"],\"inLanguage\":\"pt-BR\",\"potentialAction\":[{\"@type\":\"CommentAction\",\"name\":\"Comment\",\"target\":[\"https:\\\/\\\/blogdofarnesio.com.br\\\/?p=73869#respond\"]}]},{\"@type\":\"WebPage\",\"@id\":\"https:\\\/\\\/blogdofarnesio.com.br\\\/?p=73869\",\"url\":\"https:\\\/\\\/blogdofarnesio.com.br\\\/?p=73869\",\"name\":\"TAXISTAS DE PETROLINA RECEBEM ORIENTA\u00c7\u00c3O SOBRE TURISMO NO MUNIC\u00cdPIO - Blog do Farn\u00e9sio\",\"isPartOf\":{\"@id\":\"https:\\\/\\\/blogdofarnesio.com.br\\\/#website\"},\"primaryImageOfPage\":{\"@id\":\"https:\\\/\\\/blogdofarnesio.com.br\\\/?p=73869#primaryimage\"},\"image\":{\"@id\":\"https:\\\/\\\/blogdofarnesio.com.br\\\/?p=73869#primaryimage\"},\"thumbnailUrl\":\"http:\\\/\\\/www.quersaberpolitica.com.br\\\/2016\\\/wp-content\\\/uploads\\\/2012\\\/12\\\/blogqsp.taxi_-300x200.jpg\",\"datePublished\":\"2014-02-20T10:01:52+00:00\",\"breadcrumb\":{\"@id\":\"https:\\\/\\\/blogdofarnesio.com.br\\\/?p=73869#breadcrumb\"},\"inLanguage\":\"pt-BR\",\"potentialAction\":[{\"@type\":\"ReadAction\",\"target\":[\"https:\\\/\\\/blogdofarnesio.com.br\\\/?p=73869\"]}]},{\"@type\":\"ImageObject\",\"inLanguage\":\"pt-BR\",\"@id\":\"https:\\\/\\\/blogdofarnesio.com.br\\\/?p=73869#primaryimage\",\"url\":\"http:\\\/\\\/www.quersaberpolitica.com.br\\\/2016\\\/wp-content\\\/uploads\\\/2012\\\/12\\\/blogqsp.taxi_-300x200.jpg\",\"contentUrl\":\"http:\\\/\\\/www.quersaberpolitica.com.br\\\/2016\\\/wp-content\\\/uploads\\\/2012\\\/12\\\/blogqsp.taxi_-300x200.jpg\"},{\"@type\":\"BreadcrumbList\",\"@id\":\"https:\\\/\\\/blogdofarnesio.com.br\\\/?p=73869#breadcrumb\",\"itemListElement\":[{\"@type\":\"ListItem\",\"position\":1,\"name\":\"In\u00edcio\",\"item\":\"https:\\\/\\\/blogdofarnesio.com.br\\\/\"},{\"@type\":\"ListItem\",\"position\":2,\"name\":\"TAXISTAS DE PETROLINA RECEBEM ORIENTA\u00c7\u00c3O SOBRE TURISMO NO MUNIC\u00cdPIO\"}]},{\"@type\":\"WebSite\",\"@id\":\"https:\\\/\\\/blogdofarnesio.com.br\\\/#website\",\"url\":\"https:\\\/\\\/blogdofarnesio.com.br\\\/\",\"name\":\"Blog do Farn\u00e9sio\",\"description\":\"Quer Saber Pol\u00edtica?\",\"publisher\":{\"@id\":\"https:\\\/\\\/blogdofarnesio.com.br\\\/#organization\"},\"potentialAction\":[{\"@type\":\"SearchAction\",\"target\":{\"@type\":\"EntryPoint\",\"urlTemplate\":\"https:\\\/\\\/blogdofarnesio.com.br\\\/?s={search_term_string}\"},\"query-input\":{\"@type\":\"PropertyValueSpecification\",\"valueRequired\":true,\"valueName\":\"search_term_string\"}}],\"inLanguage\":\"pt-BR\"},{\"@type\":\"Organization\",\"@id\":\"https:\\\/\\\/blogdofarnesio.com.br\\\/#organization\",\"name\":\"Blog do Farn\u00e9sio\",\"url\":\"https:\\\/\\\/blogdofarnesio.com.br\\\/\",\"logo\":{\"@type\":\"ImageObject\",\"inLanguage\":\"pt-BR\",\"@id\":\"https:\\\/\\\/blogdofarnesio.com.br\\\/#\\\/schema\\\/logo\\\/image\\\/\",\"url\":\"https:\\\/\\\/blogdofarnesio.com.br\\\/wp-content\\\/uploads\\\/2026\\\/03\\\/cropped-logo_new-1.png\",\"contentUrl\":\"https:\\\/\\\/blogdofarnesio.com.br\\\/wp-content\\\/uploads\\\/2026\\\/03\\\/cropped-logo_new-1.png\",\"width\":881,\"height\":685,\"caption\":\"Blog do Farn\u00e9sio\"},\"image\":{\"@id\":\"https:\\\/\\\/blogdofarnesio.com.br\\\/#\\\/schema\\\/logo\\\/image\\\/\"},\"sameAs\":[\"https:\\\/\\\/www.facebook.com\\\/BlogQuerSaberPolitica\\\/\"]},{\"@type\":\"Person\",\"@id\":\"https:\\\/\\\/blogdofarnesio.com.br\\\/#\\\/schema\\\/person\\\/dd1bf5eba40b687199ba45ca6b97dff9\",\"name\":\"teste\",\"image\":{\"@type\":\"ImageObject\",\"inLanguage\":\"pt-BR\",\"@id\":\"https:\\\/\\\/secure.gravatar.com\\\/avatar\\\/2172498d4914b51e1d89a0f97957b035ac4938723a5cac208135d389b6972a6d?s=96&d=mm&r=g\",\"url\":\"https:\\\/\\\/secure.gravatar.com\\\/avatar\\\/2172498d4914b51e1d89a0f97957b035ac4938723a5cac208135d389b6972a6d?s=96&d=mm&r=g\",\"contentUrl\":\"https:\\\/\\\/secure.gravatar.com\\\/avatar\\\/2172498d4914b51e1d89a0f97957b035ac4938723a5cac208135d389b6972a6d?s=96&d=mm&r=g\",\"caption\":\"teste\"},\"url\":\"https:\\\/\\\/blogdofarnesio.com.br\\\/?author=3\"}]}<\/script>\n<!-- \/ Yoast SEO plugin. -->","yoast_head_json":{"title":"TAXISTAS DE PETROLINA RECEBEM ORIENTA\u00c7\u00c3O SOBRE TURISMO NO MUNIC\u00cdPIO - Blog do Farn\u00e9sio","robots":{"index":"index","follow":"follow","max-snippet":"max-snippet:-1","max-image-preview":"max-image-preview:large","max-video-preview":"max-video-preview:-1"},"canonical":"https:\/\/blogdofarnesio.com.br\/?p=73869","og_locale":"pt_BR","og_type":"article","og_title":"TAXISTAS DE PETROLINA RECEBEM ORIENTA\u00c7\u00c3O SOBRE TURISMO NO MUNIC\u00cdPIO - Blog do Farn\u00e9sio","og_description":"A Prefeitura de Petrolina, atrav\u00e9s da Secretaria Executiva de Turismo e da EPTTC, realizam nessa quinta-feira (20), no audit\u00f3rio do SEST SENAT, \u00e0s 9h, o Workshop T\u00e1xi Melhor. O evento, voltado para os taxistas da cidade, faz parte do Programa Municipal de Qualifica\u00e7\u00e3o para o Desenvolvimento do Turismo \u2013 Qualitur Petrolina \u2013 e abre o calend\u00e1rio de capacita\u00e7\u00f5es do ano de 2014. O Workshop T\u00e1xi Melhor \u00e9 voltado especialmente para os taxistas, que receber\u00e3o informa\u00e7\u00f5es sobre o Turismo em Petrolina, op\u00e7\u00f5es de lazer, hospedagem e alimenta\u00e7\u00e3o, al\u00e9m das oportunidades de neg\u00f3cios que o setor pode gerar. A ideia \u00e9 que os profissionais estejam aptos a prestar informa\u00e7\u00f5es aos visitantes que chegam \u00e0 cidade e os roteiros tur\u00edsticos da regi\u00e3o. A&hellip;","og_url":"https:\/\/blogdofarnesio.com.br\/?p=73869","og_site_name":"Blog do Farn\u00e9sio","article_publisher":"https:\/\/www.facebook.com\/BlogQuerSaberPolitica\/","article_published_time":"2014-02-20T10:01:52+00:00","og_image":[{"url":"http:\/\/www.quersaberpolitica.com.br\/2016\/wp-content\/uploads\/2012\/12\/blogqsp.taxi_-300x200.jpg","type":"","width":"","height":""}],"author":"teste","twitter_card":"summary_large_image","twitter_misc":{"Escrito por":"teste","Est. tempo de leitura":"2 minutos"},"schema":{"@context":"https:\/\/schema.org","@graph":[{"@type":"Article","@id":"https:\/\/blogdofarnesio.com.br\/?p=73869#article","isPartOf":{"@id":"https:\/\/blogdofarnesio.com.br\/?p=73869"},"author":{"name":"teste","@id":"https:\/\/blogdofarnesio.com.br\/#\/schema\/person\/dd1bf5eba40b687199ba45ca6b97dff9"},"headline":"TAXISTAS DE PETROLINA RECEBEM ORIENTA\u00c7\u00c3O SOBRE TURISMO NO MUNIC\u00cdPIO","datePublished":"2014-02-20T10:01:52+00:00","mainEntityOfPage":{"@id":"https:\/\/blogdofarnesio.com.br\/?p=73869"},"wordCount":369,"commentCount":0,"publisher":{"@id":"https:\/\/blogdofarnesio.com.br\/#organization"},"image":{"@id":"https:\/\/blogdofarnesio.com.br\/?p=73869#primaryimage"},"thumbnailUrl":"http:\/\/www.quersaberpolitica.com.br\/2016\/wp-content\/uploads\/2012\/12\/blogqsp.taxi_-300x200.jpg","articleSection":["Turismo"],"inLanguage":"pt-BR","potentialAction":[{"@type":"CommentAction","name":"Comment","target":["https:\/\/blogdofarnesio.com.br\/?p=73869#respond"]}]},{"@type":"WebPage","@id":"https:\/\/blogdofarnesio.com.br\/?p=73869","url":"https:\/\/blogdofarnesio.com.br\/?p=73869","name":"TAXISTAS DE PETROLINA RECEBEM ORIENTA\u00c7\u00c3O SOBRE TURISMO NO MUNIC\u00cdPIO - Blog do Farn\u00e9sio","isPartOf":{"@id":"https:\/\/blogdofarnesio.com.br\/#website"},"primaryImageOfPage":{"@id":"https:\/\/blogdofarnesio.com.br\/?p=73869#primaryimage"},"image":{"@id":"https:\/\/blogdofarnesio.com.br\/?p=73869#primaryimage"},"thumbnailUrl":"http:\/\/www.quersaberpolitica.com.br\/2016\/wp-content\/uploads\/2012\/12\/blogqsp.taxi_-300x200.jpg","datePublished":"2014-02-20T10:01:52+00:00","breadcrumb":{"@id":"https:\/\/blogdofarnesio.com.br\/?p=73869#breadcrumb"},"inLanguage":"pt-BR","potentialAction":[{"@type":"ReadAction","target":["https:\/\/blogdofarnesio.com.br\/?p=73869"]}]},{"@type":"ImageObject","inLanguage":"pt-BR","@id":"https:\/\/blogdofarnesio.com.br\/?p=73869#primaryimage","url":"http:\/\/www.quersaberpolitica.com.br\/2016\/wp-content\/uploads\/2012\/12\/blogqsp.taxi_-300x200.jpg","contentUrl":"http:\/\/www.quersaberpolitica.com.br\/2016\/wp-content\/uploads\/2012\/12\/blogqsp.taxi_-300x200.jpg"},{"@type":"BreadcrumbList","@id":"https:\/\/blogdofarnesio.com.br\/?p=73869#breadcrumb","itemListElement":[{"@type":"ListItem","position":1,"name":"In\u00edcio","item":"https:\/\/blogdofarnesio.com.br\/"},{"@type":"ListItem","position":2,"name":"TAXISTAS DE PETROLINA RECEBEM ORIENTA\u00c7\u00c3O SOBRE TURISMO NO MUNIC\u00cdPIO"}]},{"@type":"WebSite","@id":"https:\/\/blogdofarnesio.com.br\/#website","url":"https:\/\/blogdofarnesio.com.br\/","name":"Blog do Farn\u00e9sio","description":"Quer Saber Pol\u00edtica?","publisher":{"@id":"https:\/\/blogdofarnesio.com.br\/#organization"},"potentialAction":[{"@type":"SearchAction","target":{"@type":"EntryPoint","urlTemplate":"https:\/\/blogdofarnesio.com.br\/?s={search_term_string}"},"query-input":{"@type":"PropertyValueSpecification","valueRequired":true,"valueName":"search_term_string"}}],"inLanguage":"pt-BR"},{"@type":"Organization","@id":"https:\/\/blogdofarnesio.com.br\/#organization","name":"Blog do Farn\u00e9sio","url":"https:\/\/blogdofarnesio.com.br\/","logo":{"@type":"ImageObject","inLanguage":"pt-BR","@id":"https:\/\/blogdofarnesio.com.br\/#\/schema\/logo\/image\/","url":"https:\/\/blogdofarnesio.com.br\/wp-content\/uploads\/2026\/03\/cropped-logo_new-1.png","contentUrl":"https:\/\/blogdofarnesio.com.br\/wp-content\/uploads\/2026\/03\/cropped-logo_new-1.png","width":881,"height":685,"caption":"Blog do Farn\u00e9sio"},"image":{"@id":"https:\/\/blogdofarnesio.com.br\/#\/schema\/logo\/image\/"},"sameAs":["https:\/\/www.facebook.com\/BlogQuerSaberPolitica\/"]},{"@type":"Person","@id":"https:\/\/blogdofarnesio.com.br\/#\/schema\/person\/dd1bf5eba40b687199ba45ca6b97dff9","name":"teste","image":{"@type":"ImageObject","inLanguage":"pt-BR","@id":"https:\/\/secure.gravatar.com\/avatar\/2172498d4914b51e1d89a0f97957b035ac4938723a5cac208135d389b6972a6d?s=96&d=mm&r=g","url":"https:\/\/secure.gravatar.com\/avatar\/2172498d4914b51e1d89a0f97957b035ac4938723a5cac208135d389b6972a6d?s=96&d=mm&r=g","contentUrl":"https:\/\/secure.gravatar.com\/avatar\/2172498d4914b51e1d89a0f97957b035ac4938723a5cac208135d389b6972a6d?s=96&d=mm&r=g","caption":"teste"},"url":"https:\/\/blogdofarnesio.com.br\/?author=3"}]}},"_links":{"self":[{"href":"https:\/\/blogdofarnesio.com.br\/index.php?rest_route=\/wp\/v2\/posts\/73869","targetHints":{"allow":["GET"]}}],"collection":[{"href":"https:\/\/blogdofarnesio.com.br\/index.php?rest_route=\/wp\/v2\/posts"}],"about":[{"href":"https:\/\/blogdofarnesio.com.br\/index.php?rest_route=\/wp\/v2\/types\/post"}],"author":[{"embeddable":true,"href":"https:\/\/blogdofarnesio.com.br\/index.php?rest_route=\/wp\/v2\/users\/3"}],"replies":[{"embeddable":true,"href":"https:\/\/blogdofarnesio.com.br\/index.php?rest_route=%2Fwp%2Fv2%2Fcomments&post=73869"}],"version-history":[{"count":0,"href":"https:\/\/blogdofarnesio.com.br\/index.php?rest_route=\/wp\/v2\/posts\/73869\/revisions"}],"wp:attachment":[{"href":"https:\/\/blogdofarnesio.com.br\/index.php?rest_route=%2Fwp%2Fv2%2Fmedia&parent=73869"}],"wp:term":[{"taxonomy":"category","embeddable":true,"href":"https:\/\/blogdofarnesio.com.br\/index.php?rest_route=%2Fwp%2Fv2%2Fcategories&post=73869"},{"taxonomy":"post_tag","embeddable":true,"href":"https:\/\/blogdofarnesio.com.br\/index.php?rest_route=%2Fwp%2Fv2%2Ftags&post=73869"}],"curies":[{"name":"wp","href":"https:\/\/api.w.org\/{rel}","templated":true}]}}