{"id":73839,"date":"2014-02-20T11:02:41","date_gmt":"2014-02-20T14:02:41","guid":{"rendered":"http:\/\/www.quersaberpolitica.com.br\/?p=73839"},"modified":"2014-02-20T09:44:55","modified_gmt":"2014-02-20T12:44:55","slug":"tropicalia-e-novos-baianos-sera-tema-do-2o-ensaios-musicais-da-univasf","status":"publish","type":"post","link":"https:\/\/blogdofarnesio.com.br\/?p=73839","title":{"rendered":"\u201cTROPIC\u00c1LIA E NOVOS BAIANOS\u201d SER\u00c1 TEMA DO 2\u00ba ENSAIOS MUSICAIS DA UNIVASF"},"content":{"rendered":"<figure id=\"attachment_56309\" aria-describedby=\"caption-attachment-56309\" style=\"width: 448px\" class=\"wp-caption aligncenter\"><a href=\"http:\/\/www.quersaberpolitica.com.br\/2016\/wp-content\/uploads\/2013\/09\/blogqspSarah-Raphaella.jpg\"><img loading=\"lazy\" decoding=\"async\" class=\" wp-image-56309  \" alt=\"Sarah Fonseca\/Uma das atra\u00e7\u00f5es da noite da primeira noite\" src=\"http:\/\/www.quersaberpolitica.com.br\/2016\/wp-content\/uploads\/2013\/09\/blogqspSarah-Raphaella.jpg\" width=\"448\" height=\"229\" srcset=\"https:\/\/blogdofarnesio.com.br\/wp-content\/uploads\/2013\/09\/blogqspSarah-Raphaella.jpg 800w, https:\/\/blogdofarnesio.com.br\/wp-content\/uploads\/2013\/09\/blogqspSarah-Raphaella-300x153.jpg 300w, https:\/\/blogdofarnesio.com.br\/wp-content\/uploads\/2013\/09\/blogqspSarah-Raphaella-500x255.jpg 500w\" sizes=\"auto, (max-width: 448px) 100vw, 448px\" \/><\/a><figcaption id=\"caption-attachment-56309\" class=\"wp-caption-text\">Sarah Fonseca\/Uma das atra\u00e7\u00f5es da primeira noite<\/figcaption><\/figure>\n<p style=\"text-align: justify\">A Diretoria de Arte, Cultura e A\u00e7\u00f5es Comunit\u00e1rias (DACC) da Universidade Federal do Vale do S\u00e3o Francisco (Univasf) promover\u00e1 no s\u00e1bado (22), a segunda edi\u00e7\u00e3o do projeto \u201cEnsaios Musicais\u201d com o tema \u201cTropic\u00e1lia e os Novos Baianos\u201d, que acontece \u00e0s 19h, no audit\u00f3rio da Biblioteca, do Campus Petrolina Sede com entrada gratuita.<\/p>\n<p style=\"text-align: justify\">Participam do evento Monzitti Baumann; Fred Pontes; C\u00e1ssia Queiroz; Camila Ara\u00fajo; Sarah Fonseca Weslley Heymard e a banda Coletivo n\u00e3o Identificado. A proposta, conforme os organizadores, \u00e9 fazer uma releitura da cena musical do per\u00edodo.<\/p>\n<figure id=\"attachment_73909\" aria-describedby=\"caption-attachment-73909\" style=\"width: 448px\" class=\"wp-caption aligncenter\"><a href=\"http:\/\/www.quersaberpolitica.com.br\/2016\/wp-content\/uploads\/2014\/02\/Blogqspunivasfensaiosmusicais-Foto-farn\u00e9sio-Silva.jpg\"><img loading=\"lazy\" decoding=\"async\" class=\" wp-image-73909 \" alt=\"Ensaios musicais da Univasf  Foto Farn\u00e9sio Silva\" src=\"http:\/\/www.quersaberpolitica.com.br\/2016\/wp-content\/uploads\/2014\/02\/Blogqspunivasfensaiosmusicais-Foto-farn\u00e9sio-Silva.jpg\" width=\"448\" height=\"221\" srcset=\"https:\/\/blogdofarnesio.com.br\/wp-content\/uploads\/2014\/02\/Blogqspunivasfensaiosmusicais-Foto-farn\u00e9sio-Silva.jpg 640w, https:\/\/blogdofarnesio.com.br\/wp-content\/uploads\/2014\/02\/Blogqspunivasfensaiosmusicais-Foto-farn\u00e9sio-Silva-300x147.jpg 300w, https:\/\/blogdofarnesio.com.br\/wp-content\/uploads\/2014\/02\/Blogqspunivasfensaiosmusicais-Foto-farn\u00e9sio-Silva-500x246.jpg 500w\" sizes=\"auto, (max-width: 448px) 100vw, 448px\" \/><\/a><figcaption id=\"caption-attachment-73909\" class=\"wp-caption-text\">Ensaios musicais da Univasf Foto Farn\u00e9sio Silva<\/figcaption><\/figure>\n<p style=\"text-align: justify\">O \u201cEnsaios Musicais\u201d \u00e9 um projeto do DACC em parceria com os alunos da Univasf e pretende fomentar a\u00e7\u00f5es culturais na \u00e1rea musical. De acordo com o diretor da DACC, Euricl\u00e9sio Sodr\u00e9, as a\u00e7\u00f5es do projeto ser\u00e3o trimestrais, com apresenta\u00e7\u00f5es de diferentes estilos. \u201cNesta edi\u00e7\u00e3o, apresentaremos o movimento cultural que contribuiu efetivamente para a m\u00fasica e arte nacional na d\u00e9cada de 1960\u201d. Ele antecipa que o evento contar\u00e1 tamb\u00e9m com a participa\u00e7\u00e3o do compositor Luiz Galv\u00e3o.<\/p>\n<p><strong>Ascom<\/strong><\/p>\n","protected":false},"excerpt":{"rendered":"<p>A Diretoria de Arte, Cultura e A\u00e7\u00f5es Comunit\u00e1rias (DACC) da Universidade Federal do Vale do S\u00e3o Francisco (Univasf) promover\u00e1 no s\u00e1bado (22), a segunda edi\u00e7\u00e3o do projeto \u201cEnsaios Musicais\u201d com o tema \u201cTropic\u00e1lia e os Novos Baianos\u201d, que acontece \u00e0s 19h, no audit\u00f3rio da Biblioteca, do Campus Petrolina Sede com entrada gratuita. Participam do evento Monzitti Baumann; Fred Pontes; C\u00e1ssia Queiroz; Camila Ara\u00fajo; Sarah Fonseca Weslley Heymard e a banda Coletivo n\u00e3o Identificado. A proposta, conforme os organizadores, \u00e9 fazer uma releitura da cena musical do per\u00edodo. O \u201cEnsaios Musicais\u201d \u00e9 um projeto do DACC em parceria com os alunos da Univasf e pretende fomentar a\u00e7\u00f5es culturais na \u00e1rea musical. De acordo com o diretor da DACC, Euricl\u00e9sio Sodr\u00e9, as&hellip; <\/p>\n","protected":false},"author":3,"featured_media":0,"comment_status":"open","ping_status":"open","sticky":false,"template":"","format":"standard","meta":{"_acf_changed":false,"footnotes":""},"categories":[10],"tags":[],"class_list":["post-73839","post","type-post","status-publish","format-standard","hentry","category-cultura"],"acf":[],"yoast_head":"<!-- This site is optimized with the Yoast SEO plugin v27.4 - https:\/\/yoast.com\/product\/yoast-seo-wordpress\/ -->\n<title>\u201cTROPIC\u00c1LIA E NOVOS BAIANOS\u201d SER\u00c1 TEMA DO 2\u00ba ENSAIOS MUSICAIS DA UNIVASF - Blog do Farn\u00e9sio<\/title>\n<meta name=\"robots\" content=\"index, follow, max-snippet:-1, max-image-preview:large, max-video-preview:-1\" \/>\n<link rel=\"canonical\" href=\"https:\/\/blogdofarnesio.com.br\/?p=73839\" \/>\n<meta property=\"og:locale\" content=\"pt_BR\" \/>\n<meta property=\"og:type\" content=\"article\" \/>\n<meta property=\"og:title\" content=\"\u201cTROPIC\u00c1LIA E NOVOS BAIANOS\u201d SER\u00c1 TEMA DO 2\u00ba ENSAIOS MUSICAIS DA UNIVASF - Blog do Farn\u00e9sio\" \/>\n<meta property=\"og:description\" content=\"A Diretoria de Arte, Cultura e A\u00e7\u00f5es Comunit\u00e1rias (DACC) da Universidade Federal do Vale do S\u00e3o Francisco (Univasf) promover\u00e1 no s\u00e1bado (22), a segunda edi\u00e7\u00e3o do projeto \u201cEnsaios Musicais\u201d com o tema \u201cTropic\u00e1lia e os Novos Baianos\u201d, que acontece \u00e0s 19h, no audit\u00f3rio da Biblioteca, do Campus Petrolina Sede com entrada gratuita. Participam do evento Monzitti Baumann; Fred Pontes; C\u00e1ssia Queiroz; Camila Ara\u00fajo; Sarah Fonseca Weslley Heymard e a banda Coletivo n\u00e3o Identificado. A proposta, conforme os organizadores, \u00e9 fazer uma releitura da cena musical do per\u00edodo. O \u201cEnsaios Musicais\u201d \u00e9 um projeto do DACC em parceria com os alunos da Univasf e pretende fomentar a\u00e7\u00f5es culturais na \u00e1rea musical. De acordo com o diretor da DACC, Euricl\u00e9sio Sodr\u00e9, as&hellip;\" \/>\n<meta property=\"og:url\" content=\"https:\/\/blogdofarnesio.com.br\/?p=73839\" \/>\n<meta property=\"og:site_name\" content=\"Blog do Farn\u00e9sio\" \/>\n<meta property=\"article:publisher\" content=\"https:\/\/www.facebook.com\/BlogQuerSaberPolitica\/\" \/>\n<meta property=\"article:published_time\" content=\"2014-02-20T14:02:41+00:00\" \/>\n<meta property=\"og:image\" content=\"http:\/\/www.quersaberpolitica.com.br\/2016\/wp-content\/uploads\/2013\/09\/blogqspSarah-Raphaella.jpg\" \/>\n<meta name=\"author\" content=\"teste\" \/>\n<meta name=\"twitter:card\" content=\"summary_large_image\" \/>\n<meta name=\"twitter:label1\" content=\"Escrito por\" \/>\n\t<meta name=\"twitter:data1\" content=\"teste\" \/>\n\t<meta name=\"twitter:label2\" content=\"Est. tempo de leitura\" \/>\n\t<meta name=\"twitter:data2\" content=\"1 minuto\" \/>\n<script type=\"application\/ld+json\" class=\"yoast-schema-graph\">{\"@context\":\"https:\\\/\\\/schema.org\",\"@graph\":[{\"@type\":\"Article\",\"@id\":\"https:\\\/\\\/blogdofarnesio.com.br\\\/?p=73839#article\",\"isPartOf\":{\"@id\":\"https:\\\/\\\/blogdofarnesio.com.br\\\/?p=73839\"},\"author\":{\"name\":\"teste\",\"@id\":\"https:\\\/\\\/blogdofarnesio.com.br\\\/#\\\/schema\\\/person\\\/dd1bf5eba40b687199ba45ca6b97dff9\"},\"headline\":\"\u201cTROPIC\u00c1LIA E NOVOS BAIANOS\u201d SER\u00c1 TEMA DO 2\u00ba ENSAIOS MUSICAIS DA UNIVASF\",\"datePublished\":\"2014-02-20T14:02:41+00:00\",\"mainEntityOfPage\":{\"@id\":\"https:\\\/\\\/blogdofarnesio.com.br\\\/?p=73839\"},\"wordCount\":225,\"commentCount\":0,\"publisher\":{\"@id\":\"https:\\\/\\\/blogdofarnesio.com.br\\\/#organization\"},\"image\":{\"@id\":\"https:\\\/\\\/blogdofarnesio.com.br\\\/?p=73839#primaryimage\"},\"thumbnailUrl\":\"http:\\\/\\\/www.quersaberpolitica.com.br\\\/2016\\\/wp-content\\\/uploads\\\/2013\\\/09\\\/blogqspSarah-Raphaella.jpg\",\"articleSection\":[\"Cultura\"],\"inLanguage\":\"pt-BR\",\"potentialAction\":[{\"@type\":\"CommentAction\",\"name\":\"Comment\",\"target\":[\"https:\\\/\\\/blogdofarnesio.com.br\\\/?p=73839#respond\"]}]},{\"@type\":\"WebPage\",\"@id\":\"https:\\\/\\\/blogdofarnesio.com.br\\\/?p=73839\",\"url\":\"https:\\\/\\\/blogdofarnesio.com.br\\\/?p=73839\",\"name\":\"\u201cTROPIC\u00c1LIA E NOVOS BAIANOS\u201d SER\u00c1 TEMA DO 2\u00ba ENSAIOS MUSICAIS DA UNIVASF - Blog do Farn\u00e9sio\",\"isPartOf\":{\"@id\":\"https:\\\/\\\/blogdofarnesio.com.br\\\/#website\"},\"primaryImageOfPage\":{\"@id\":\"https:\\\/\\\/blogdofarnesio.com.br\\\/?p=73839#primaryimage\"},\"image\":{\"@id\":\"https:\\\/\\\/blogdofarnesio.com.br\\\/?p=73839#primaryimage\"},\"thumbnailUrl\":\"http:\\\/\\\/www.quersaberpolitica.com.br\\\/2016\\\/wp-content\\\/uploads\\\/2013\\\/09\\\/blogqspSarah-Raphaella.jpg\",\"datePublished\":\"2014-02-20T14:02:41+00:00\",\"breadcrumb\":{\"@id\":\"https:\\\/\\\/blogdofarnesio.com.br\\\/?p=73839#breadcrumb\"},\"inLanguage\":\"pt-BR\",\"potentialAction\":[{\"@type\":\"ReadAction\",\"target\":[\"https:\\\/\\\/blogdofarnesio.com.br\\\/?p=73839\"]}]},{\"@type\":\"ImageObject\",\"inLanguage\":\"pt-BR\",\"@id\":\"https:\\\/\\\/blogdofarnesio.com.br\\\/?p=73839#primaryimage\",\"url\":\"http:\\\/\\\/www.quersaberpolitica.com.br\\\/2016\\\/wp-content\\\/uploads\\\/2013\\\/09\\\/blogqspSarah-Raphaella.jpg\",\"contentUrl\":\"http:\\\/\\\/www.quersaberpolitica.com.br\\\/2016\\\/wp-content\\\/uploads\\\/2013\\\/09\\\/blogqspSarah-Raphaella.jpg\"},{\"@type\":\"BreadcrumbList\",\"@id\":\"https:\\\/\\\/blogdofarnesio.com.br\\\/?p=73839#breadcrumb\",\"itemListElement\":[{\"@type\":\"ListItem\",\"position\":1,\"name\":\"In\u00edcio\",\"item\":\"https:\\\/\\\/blogdofarnesio.com.br\\\/\"},{\"@type\":\"ListItem\",\"position\":2,\"name\":\"\u201cTROPIC\u00c1LIA E NOVOS BAIANOS\u201d SER\u00c1 TEMA DO 2\u00ba ENSAIOS MUSICAIS DA UNIVASF\"}]},{\"@type\":\"WebSite\",\"@id\":\"https:\\\/\\\/blogdofarnesio.com.br\\\/#website\",\"url\":\"https:\\\/\\\/blogdofarnesio.com.br\\\/\",\"name\":\"Blog do Farn\u00e9sio\",\"description\":\"Quer Saber Pol\u00edtica?\",\"publisher\":{\"@id\":\"https:\\\/\\\/blogdofarnesio.com.br\\\/#organization\"},\"potentialAction\":[{\"@type\":\"SearchAction\",\"target\":{\"@type\":\"EntryPoint\",\"urlTemplate\":\"https:\\\/\\\/blogdofarnesio.com.br\\\/?s={search_term_string}\"},\"query-input\":{\"@type\":\"PropertyValueSpecification\",\"valueRequired\":true,\"valueName\":\"search_term_string\"}}],\"inLanguage\":\"pt-BR\"},{\"@type\":\"Organization\",\"@id\":\"https:\\\/\\\/blogdofarnesio.com.br\\\/#organization\",\"name\":\"Blog do Farn\u00e9sio\",\"url\":\"https:\\\/\\\/blogdofarnesio.com.br\\\/\",\"logo\":{\"@type\":\"ImageObject\",\"inLanguage\":\"pt-BR\",\"@id\":\"https:\\\/\\\/blogdofarnesio.com.br\\\/#\\\/schema\\\/logo\\\/image\\\/\",\"url\":\"https:\\\/\\\/blogdofarnesio.com.br\\\/wp-content\\\/uploads\\\/2026\\\/03\\\/cropped-logo_new-1.png\",\"contentUrl\":\"https:\\\/\\\/blogdofarnesio.com.br\\\/wp-content\\\/uploads\\\/2026\\\/03\\\/cropped-logo_new-1.png\",\"width\":881,\"height\":685,\"caption\":\"Blog do Farn\u00e9sio\"},\"image\":{\"@id\":\"https:\\\/\\\/blogdofarnesio.com.br\\\/#\\\/schema\\\/logo\\\/image\\\/\"},\"sameAs\":[\"https:\\\/\\\/www.facebook.com\\\/BlogQuerSaberPolitica\\\/\"]},{\"@type\":\"Person\",\"@id\":\"https:\\\/\\\/blogdofarnesio.com.br\\\/#\\\/schema\\\/person\\\/dd1bf5eba40b687199ba45ca6b97dff9\",\"name\":\"teste\",\"image\":{\"@type\":\"ImageObject\",\"inLanguage\":\"pt-BR\",\"@id\":\"https:\\\/\\\/secure.gravatar.com\\\/avatar\\\/2172498d4914b51e1d89a0f97957b035ac4938723a5cac208135d389b6972a6d?s=96&d=mm&r=g\",\"url\":\"https:\\\/\\\/secure.gravatar.com\\\/avatar\\\/2172498d4914b51e1d89a0f97957b035ac4938723a5cac208135d389b6972a6d?s=96&d=mm&r=g\",\"contentUrl\":\"https:\\\/\\\/secure.gravatar.com\\\/avatar\\\/2172498d4914b51e1d89a0f97957b035ac4938723a5cac208135d389b6972a6d?s=96&d=mm&r=g\",\"caption\":\"teste\"},\"url\":\"https:\\\/\\\/blogdofarnesio.com.br\\\/?author=3\"}]}<\/script>\n<!-- \/ Yoast SEO plugin. -->","yoast_head_json":{"title":"\u201cTROPIC\u00c1LIA E NOVOS BAIANOS\u201d SER\u00c1 TEMA DO 2\u00ba ENSAIOS MUSICAIS DA UNIVASF - Blog do Farn\u00e9sio","robots":{"index":"index","follow":"follow","max-snippet":"max-snippet:-1","max-image-preview":"max-image-preview:large","max-video-preview":"max-video-preview:-1"},"canonical":"https:\/\/blogdofarnesio.com.br\/?p=73839","og_locale":"pt_BR","og_type":"article","og_title":"\u201cTROPIC\u00c1LIA E NOVOS BAIANOS\u201d SER\u00c1 TEMA DO 2\u00ba ENSAIOS MUSICAIS DA UNIVASF - Blog do Farn\u00e9sio","og_description":"A Diretoria de Arte, Cultura e A\u00e7\u00f5es Comunit\u00e1rias (DACC) da Universidade Federal do Vale do S\u00e3o Francisco (Univasf) promover\u00e1 no s\u00e1bado (22), a segunda edi\u00e7\u00e3o do projeto \u201cEnsaios Musicais\u201d com o tema \u201cTropic\u00e1lia e os Novos Baianos\u201d, que acontece \u00e0s 19h, no audit\u00f3rio da Biblioteca, do Campus Petrolina Sede com entrada gratuita. Participam do evento Monzitti Baumann; Fred Pontes; C\u00e1ssia Queiroz; Camila Ara\u00fajo; Sarah Fonseca Weslley Heymard e a banda Coletivo n\u00e3o Identificado. A proposta, conforme os organizadores, \u00e9 fazer uma releitura da cena musical do per\u00edodo. O \u201cEnsaios Musicais\u201d \u00e9 um projeto do DACC em parceria com os alunos da Univasf e pretende fomentar a\u00e7\u00f5es culturais na \u00e1rea musical. De acordo com o diretor da DACC, Euricl\u00e9sio Sodr\u00e9, as&hellip;","og_url":"https:\/\/blogdofarnesio.com.br\/?p=73839","og_site_name":"Blog do Farn\u00e9sio","article_publisher":"https:\/\/www.facebook.com\/BlogQuerSaberPolitica\/","article_published_time":"2014-02-20T14:02:41+00:00","og_image":[{"url":"http:\/\/www.quersaberpolitica.com.br\/2016\/wp-content\/uploads\/2013\/09\/blogqspSarah-Raphaella.jpg","type":"","width":"","height":""}],"author":"teste","twitter_card":"summary_large_image","twitter_misc":{"Escrito por":"teste","Est. tempo de leitura":"1 minuto"},"schema":{"@context":"https:\/\/schema.org","@graph":[{"@type":"Article","@id":"https:\/\/blogdofarnesio.com.br\/?p=73839#article","isPartOf":{"@id":"https:\/\/blogdofarnesio.com.br\/?p=73839"},"author":{"name":"teste","@id":"https:\/\/blogdofarnesio.com.br\/#\/schema\/person\/dd1bf5eba40b687199ba45ca6b97dff9"},"headline":"\u201cTROPIC\u00c1LIA E NOVOS BAIANOS\u201d SER\u00c1 TEMA DO 2\u00ba ENSAIOS MUSICAIS DA UNIVASF","datePublished":"2014-02-20T14:02:41+00:00","mainEntityOfPage":{"@id":"https:\/\/blogdofarnesio.com.br\/?p=73839"},"wordCount":225,"commentCount":0,"publisher":{"@id":"https:\/\/blogdofarnesio.com.br\/#organization"},"image":{"@id":"https:\/\/blogdofarnesio.com.br\/?p=73839#primaryimage"},"thumbnailUrl":"http:\/\/www.quersaberpolitica.com.br\/2016\/wp-content\/uploads\/2013\/09\/blogqspSarah-Raphaella.jpg","articleSection":["Cultura"],"inLanguage":"pt-BR","potentialAction":[{"@type":"CommentAction","name":"Comment","target":["https:\/\/blogdofarnesio.com.br\/?p=73839#respond"]}]},{"@type":"WebPage","@id":"https:\/\/blogdofarnesio.com.br\/?p=73839","url":"https:\/\/blogdofarnesio.com.br\/?p=73839","name":"\u201cTROPIC\u00c1LIA E NOVOS BAIANOS\u201d SER\u00c1 TEMA DO 2\u00ba ENSAIOS MUSICAIS DA UNIVASF - Blog do Farn\u00e9sio","isPartOf":{"@id":"https:\/\/blogdofarnesio.com.br\/#website"},"primaryImageOfPage":{"@id":"https:\/\/blogdofarnesio.com.br\/?p=73839#primaryimage"},"image":{"@id":"https:\/\/blogdofarnesio.com.br\/?p=73839#primaryimage"},"thumbnailUrl":"http:\/\/www.quersaberpolitica.com.br\/2016\/wp-content\/uploads\/2013\/09\/blogqspSarah-Raphaella.jpg","datePublished":"2014-02-20T14:02:41+00:00","breadcrumb":{"@id":"https:\/\/blogdofarnesio.com.br\/?p=73839#breadcrumb"},"inLanguage":"pt-BR","potentialAction":[{"@type":"ReadAction","target":["https:\/\/blogdofarnesio.com.br\/?p=73839"]}]},{"@type":"ImageObject","inLanguage":"pt-BR","@id":"https:\/\/blogdofarnesio.com.br\/?p=73839#primaryimage","url":"http:\/\/www.quersaberpolitica.com.br\/2016\/wp-content\/uploads\/2013\/09\/blogqspSarah-Raphaella.jpg","contentUrl":"http:\/\/www.quersaberpolitica.com.br\/2016\/wp-content\/uploads\/2013\/09\/blogqspSarah-Raphaella.jpg"},{"@type":"BreadcrumbList","@id":"https:\/\/blogdofarnesio.com.br\/?p=73839#breadcrumb","itemListElement":[{"@type":"ListItem","position":1,"name":"In\u00edcio","item":"https:\/\/blogdofarnesio.com.br\/"},{"@type":"ListItem","position":2,"name":"\u201cTROPIC\u00c1LIA E NOVOS BAIANOS\u201d SER\u00c1 TEMA DO 2\u00ba ENSAIOS MUSICAIS DA UNIVASF"}]},{"@type":"WebSite","@id":"https:\/\/blogdofarnesio.com.br\/#website","url":"https:\/\/blogdofarnesio.com.br\/","name":"Blog do Farn\u00e9sio","description":"Quer Saber Pol\u00edtica?","publisher":{"@id":"https:\/\/blogdofarnesio.com.br\/#organization"},"potentialAction":[{"@type":"SearchAction","target":{"@type":"EntryPoint","urlTemplate":"https:\/\/blogdofarnesio.com.br\/?s={search_term_string}"},"query-input":{"@type":"PropertyValueSpecification","valueRequired":true,"valueName":"search_term_string"}}],"inLanguage":"pt-BR"},{"@type":"Organization","@id":"https:\/\/blogdofarnesio.com.br\/#organization","name":"Blog do Farn\u00e9sio","url":"https:\/\/blogdofarnesio.com.br\/","logo":{"@type":"ImageObject","inLanguage":"pt-BR","@id":"https:\/\/blogdofarnesio.com.br\/#\/schema\/logo\/image\/","url":"https:\/\/blogdofarnesio.com.br\/wp-content\/uploads\/2026\/03\/cropped-logo_new-1.png","contentUrl":"https:\/\/blogdofarnesio.com.br\/wp-content\/uploads\/2026\/03\/cropped-logo_new-1.png","width":881,"height":685,"caption":"Blog do Farn\u00e9sio"},"image":{"@id":"https:\/\/blogdofarnesio.com.br\/#\/schema\/logo\/image\/"},"sameAs":["https:\/\/www.facebook.com\/BlogQuerSaberPolitica\/"]},{"@type":"Person","@id":"https:\/\/blogdofarnesio.com.br\/#\/schema\/person\/dd1bf5eba40b687199ba45ca6b97dff9","name":"teste","image":{"@type":"ImageObject","inLanguage":"pt-BR","@id":"https:\/\/secure.gravatar.com\/avatar\/2172498d4914b51e1d89a0f97957b035ac4938723a5cac208135d389b6972a6d?s=96&d=mm&r=g","url":"https:\/\/secure.gravatar.com\/avatar\/2172498d4914b51e1d89a0f97957b035ac4938723a5cac208135d389b6972a6d?s=96&d=mm&r=g","contentUrl":"https:\/\/secure.gravatar.com\/avatar\/2172498d4914b51e1d89a0f97957b035ac4938723a5cac208135d389b6972a6d?s=96&d=mm&r=g","caption":"teste"},"url":"https:\/\/blogdofarnesio.com.br\/?author=3"}]}},"_links":{"self":[{"href":"https:\/\/blogdofarnesio.com.br\/index.php?rest_route=\/wp\/v2\/posts\/73839","targetHints":{"allow":["GET"]}}],"collection":[{"href":"https:\/\/blogdofarnesio.com.br\/index.php?rest_route=\/wp\/v2\/posts"}],"about":[{"href":"https:\/\/blogdofarnesio.com.br\/index.php?rest_route=\/wp\/v2\/types\/post"}],"author":[{"embeddable":true,"href":"https:\/\/blogdofarnesio.com.br\/index.php?rest_route=\/wp\/v2\/users\/3"}],"replies":[{"embeddable":true,"href":"https:\/\/blogdofarnesio.com.br\/index.php?rest_route=%2Fwp%2Fv2%2Fcomments&post=73839"}],"version-history":[{"count":0,"href":"https:\/\/blogdofarnesio.com.br\/index.php?rest_route=\/wp\/v2\/posts\/73839\/revisions"}],"wp:attachment":[{"href":"https:\/\/blogdofarnesio.com.br\/index.php?rest_route=%2Fwp%2Fv2%2Fmedia&parent=73839"}],"wp:term":[{"taxonomy":"category","embeddable":true,"href":"https:\/\/blogdofarnesio.com.br\/index.php?rest_route=%2Fwp%2Fv2%2Fcategories&post=73839"},{"taxonomy":"post_tag","embeddable":true,"href":"https:\/\/blogdofarnesio.com.br\/index.php?rest_route=%2Fwp%2Fv2%2Ftags&post=73839"}],"curies":[{"name":"wp","href":"https:\/\/api.w.org\/{rel}","templated":true}]}}