{"id":73776,"date":"2014-02-19T14:00:15","date_gmt":"2014-02-19T17:00:15","guid":{"rendered":"http:\/\/www.quersaberpolitica.com.br\/?p=73776"},"modified":"2014-02-19T10:50:31","modified_gmt":"2014-02-19T13:50:31","slug":"sindicatos-de-servidores-solicitam-audiencia-com-o-prefeito-isaac-carvalho","status":"publish","type":"post","link":"https:\/\/blogdofarnesio.com.br\/?p=73776","title":{"rendered":"SINDICATOS DE SERVIDORES SOLICITAM AUDI\u00caNCIA COM O PREFEITO ISAAC CARVALHO"},"content":{"rendered":"<p style=\"text-align: justify\"><a href=\"http:\/\/www.quersaberpolitica.com.br\/2016\/wp-content\/uploads\/2014\/02\/BRAS\u00c3O-SINSERP.jpg\"><img loading=\"lazy\" decoding=\"async\" class=\"alignleft  wp-image-73777\" alt=\"BLOGQSPSINSERP\" src=\"http:\/\/www.quersaberpolitica.com.br\/2016\/wp-content\/uploads\/2014\/02\/BRAS\u00c3O-SINSERP.jpg\" width=\"200\" height=\"240\" \/><\/a>Ap\u00f3s aprova\u00e7\u00e3o do projeto de reajuste dos servidores do munic\u00edpio, as entidades sindicais voltam a se mobilizar para as discuss\u00f5es para o Plano de Cargos, Carreiras e Vencimentos. Ontem (18), foi enviado um oficio ao gestor municipal, solicitando \u00a0uma reuni\u00e3o.<\/p>\n<p style=\"text-align: justify\"><strong>Confira o of\u00edcio:<\/strong><\/p>\n<p style=\"text-align: justify\">&#8220;As entidades abaixo signat\u00e1rias dirigem-se respeitosamente a Vossa Excel\u00eancia, para dar continuidade aos trabalhos de discuss\u00f5es do PCCV Plano de Cargos, Carreiras e Vencimentos, acordado na Campanha Salarial de 2014.<\/p>\n<p style=\"text-align: justify\">Aproveitamos<b>\u00a0<\/b>para solicitar mais uma reuni\u00e3o com\u00a0<b>V. EX<\/b>. e a equipe de Governo para reiniciarmos os trabalhos do referido projeto, na certeza que juntos estamos buscando a valoriza\u00e7\u00e3o do Servidor e o fortalecimento dos Servi\u00e7os P\u00fablicos.<\/p>\n<p style=\"text-align: justify\">Na oportunidade, renovamos nossos votos de estima e distinta considera\u00e7\u00e3o.<\/p>\n<p style=\"text-align: justify\"><b>Pelas Entidades Sindicais:<\/b><\/p>\n<p style=\"text-align: justify\">SINSERP, APLB SINDICATO, SINTASE, AGMJ E ASSOSGESTRAN.<\/p>\n<p style=\"text-align: justify\"><b><\/b><b>JUAZEIRO \u2013 BA, 18 DE FEVEREIRO DE 2014.&#8221;<\/b><\/p>\n<p>&nbsp;<\/p>\n<p>&nbsp;<\/p>\n","protected":false},"excerpt":{"rendered":"<p>Ap\u00f3s aprova\u00e7\u00e3o do projeto de reajuste dos servidores do munic\u00edpio, as entidades sindicais voltam a se mobilizar para as discuss\u00f5es para o Plano de Cargos, Carreiras e Vencimentos. Ontem (18), foi enviado um oficio ao gestor municipal, solicitando \u00a0uma reuni\u00e3o. Confira o of\u00edcio: &#8220;As entidades abaixo signat\u00e1rias dirigem-se respeitosamente a Vossa Excel\u00eancia, para dar continuidade aos trabalhos de discuss\u00f5es do PCCV Plano de Cargos, Carreiras e Vencimentos, acordado na Campanha Salarial de 2014. Aproveitamos\u00a0para solicitar mais uma reuni\u00e3o com\u00a0V. EX. e a equipe de Governo para reiniciarmos os trabalhos do referido projeto, na certeza que juntos estamos buscando a valoriza\u00e7\u00e3o do Servidor e o fortalecimento dos Servi\u00e7os P\u00fablicos. Na oportunidade, renovamos nossos votos de estima e distinta considera\u00e7\u00e3o. Pelas Entidades&hellip; <\/p>\n","protected":false},"author":3,"featured_media":0,"comment_status":"open","ping_status":"open","sticky":false,"template":"","format":"standard","meta":{"_acf_changed":false,"footnotes":""},"categories":[19],"tags":[],"class_list":["post-73776","post","type-post","status-publish","format-standard","hentry","category-servidores"],"acf":[],"yoast_head":"<!-- This site is optimized with the Yoast SEO plugin v27.4 - https:\/\/yoast.com\/product\/yoast-seo-wordpress\/ -->\n<title>SINDICATOS DE SERVIDORES SOLICITAM AUDI\u00caNCIA COM O PREFEITO ISAAC CARVALHO - Blog do Farn\u00e9sio<\/title>\n<meta name=\"robots\" content=\"index, follow, max-snippet:-1, max-image-preview:large, max-video-preview:-1\" \/>\n<link rel=\"canonical\" href=\"https:\/\/blogdofarnesio.com.br\/?p=73776\" \/>\n<meta property=\"og:locale\" content=\"pt_BR\" \/>\n<meta property=\"og:type\" content=\"article\" \/>\n<meta property=\"og:title\" content=\"SINDICATOS DE SERVIDORES SOLICITAM AUDI\u00caNCIA COM O PREFEITO ISAAC CARVALHO - Blog do Farn\u00e9sio\" \/>\n<meta property=\"og:description\" content=\"Ap\u00f3s aprova\u00e7\u00e3o do projeto de reajuste dos servidores do munic\u00edpio, as entidades sindicais voltam a se mobilizar para as discuss\u00f5es para o Plano de Cargos, Carreiras e Vencimentos. Ontem (18), foi enviado um oficio ao gestor municipal, solicitando \u00a0uma reuni\u00e3o. Confira o of\u00edcio: &#8220;As entidades abaixo signat\u00e1rias dirigem-se respeitosamente a Vossa Excel\u00eancia, para dar continuidade aos trabalhos de discuss\u00f5es do PCCV Plano de Cargos, Carreiras e Vencimentos, acordado na Campanha Salarial de 2014. Aproveitamos\u00a0para solicitar mais uma reuni\u00e3o com\u00a0V. EX. e a equipe de Governo para reiniciarmos os trabalhos do referido projeto, na certeza que juntos estamos buscando a valoriza\u00e7\u00e3o do Servidor e o fortalecimento dos Servi\u00e7os P\u00fablicos. Na oportunidade, renovamos nossos votos de estima e distinta considera\u00e7\u00e3o. Pelas Entidades&hellip;\" \/>\n<meta property=\"og:url\" content=\"https:\/\/blogdofarnesio.com.br\/?p=73776\" \/>\n<meta property=\"og:site_name\" content=\"Blog do Farn\u00e9sio\" \/>\n<meta property=\"article:publisher\" content=\"https:\/\/www.facebook.com\/BlogQuerSaberPolitica\/\" \/>\n<meta property=\"article:published_time\" content=\"2014-02-19T17:00:15+00:00\" \/>\n<meta name=\"author\" content=\"teste\" \/>\n<meta name=\"twitter:card\" content=\"summary_large_image\" \/>\n<meta name=\"twitter:label1\" content=\"Escrito por\" \/>\n\t<meta name=\"twitter:data1\" content=\"teste\" \/>\n\t<meta name=\"twitter:label2\" content=\"Est. tempo de leitura\" \/>\n\t<meta name=\"twitter:data2\" content=\"1 minuto\" \/>\n<script type=\"application\/ld+json\" class=\"yoast-schema-graph\">{\"@context\":\"https:\\\/\\\/schema.org\",\"@graph\":[{\"@type\":\"Article\",\"@id\":\"https:\\\/\\\/blogdofarnesio.com.br\\\/?p=73776#article\",\"isPartOf\":{\"@id\":\"https:\\\/\\\/blogdofarnesio.com.br\\\/?p=73776\"},\"author\":{\"name\":\"teste\",\"@id\":\"https:\\\/\\\/blogdofarnesio.com.br\\\/#\\\/schema\\\/person\\\/dd1bf5eba40b687199ba45ca6b97dff9\"},\"headline\":\"SINDICATOS DE SERVIDORES SOLICITAM AUDI\u00caNCIA COM O PREFEITO ISAAC CARVALHO\",\"datePublished\":\"2014-02-19T17:00:15+00:00\",\"mainEntityOfPage\":{\"@id\":\"https:\\\/\\\/blogdofarnesio.com.br\\\/?p=73776\"},\"wordCount\":160,\"commentCount\":0,\"publisher\":{\"@id\":\"https:\\\/\\\/blogdofarnesio.com.br\\\/#organization\"},\"articleSection\":[\"Servidores\"],\"inLanguage\":\"pt-BR\",\"potentialAction\":[{\"@type\":\"CommentAction\",\"name\":\"Comment\",\"target\":[\"https:\\\/\\\/blogdofarnesio.com.br\\\/?p=73776#respond\"]}]},{\"@type\":\"WebPage\",\"@id\":\"https:\\\/\\\/blogdofarnesio.com.br\\\/?p=73776\",\"url\":\"https:\\\/\\\/blogdofarnesio.com.br\\\/?p=73776\",\"name\":\"SINDICATOS DE SERVIDORES SOLICITAM AUDI\u00caNCIA COM O PREFEITO ISAAC CARVALHO - Blog do Farn\u00e9sio\",\"isPartOf\":{\"@id\":\"https:\\\/\\\/blogdofarnesio.com.br\\\/#website\"},\"datePublished\":\"2014-02-19T17:00:15+00:00\",\"breadcrumb\":{\"@id\":\"https:\\\/\\\/blogdofarnesio.com.br\\\/?p=73776#breadcrumb\"},\"inLanguage\":\"pt-BR\",\"potentialAction\":[{\"@type\":\"ReadAction\",\"target\":[\"https:\\\/\\\/blogdofarnesio.com.br\\\/?p=73776\"]}]},{\"@type\":\"BreadcrumbList\",\"@id\":\"https:\\\/\\\/blogdofarnesio.com.br\\\/?p=73776#breadcrumb\",\"itemListElement\":[{\"@type\":\"ListItem\",\"position\":1,\"name\":\"In\u00edcio\",\"item\":\"https:\\\/\\\/blogdofarnesio.com.br\\\/\"},{\"@type\":\"ListItem\",\"position\":2,\"name\":\"SINDICATOS DE SERVIDORES SOLICITAM AUDI\u00caNCIA COM O PREFEITO ISAAC CARVALHO\"}]},{\"@type\":\"WebSite\",\"@id\":\"https:\\\/\\\/blogdofarnesio.com.br\\\/#website\",\"url\":\"https:\\\/\\\/blogdofarnesio.com.br\\\/\",\"name\":\"Blog do Farn\u00e9sio\",\"description\":\"Quer Saber Pol\u00edtica?\",\"publisher\":{\"@id\":\"https:\\\/\\\/blogdofarnesio.com.br\\\/#organization\"},\"potentialAction\":[{\"@type\":\"SearchAction\",\"target\":{\"@type\":\"EntryPoint\",\"urlTemplate\":\"https:\\\/\\\/blogdofarnesio.com.br\\\/?s={search_term_string}\"},\"query-input\":{\"@type\":\"PropertyValueSpecification\",\"valueRequired\":true,\"valueName\":\"search_term_string\"}}],\"inLanguage\":\"pt-BR\"},{\"@type\":\"Organization\",\"@id\":\"https:\\\/\\\/blogdofarnesio.com.br\\\/#organization\",\"name\":\"Blog do Farn\u00e9sio\",\"url\":\"https:\\\/\\\/blogdofarnesio.com.br\\\/\",\"logo\":{\"@type\":\"ImageObject\",\"inLanguage\":\"pt-BR\",\"@id\":\"https:\\\/\\\/blogdofarnesio.com.br\\\/#\\\/schema\\\/logo\\\/image\\\/\",\"url\":\"https:\\\/\\\/blogdofarnesio.com.br\\\/wp-content\\\/uploads\\\/2026\\\/03\\\/cropped-logo_new-1.png\",\"contentUrl\":\"https:\\\/\\\/blogdofarnesio.com.br\\\/wp-content\\\/uploads\\\/2026\\\/03\\\/cropped-logo_new-1.png\",\"width\":881,\"height\":685,\"caption\":\"Blog do Farn\u00e9sio\"},\"image\":{\"@id\":\"https:\\\/\\\/blogdofarnesio.com.br\\\/#\\\/schema\\\/logo\\\/image\\\/\"},\"sameAs\":[\"https:\\\/\\\/www.facebook.com\\\/BlogQuerSaberPolitica\\\/\"]},{\"@type\":\"Person\",\"@id\":\"https:\\\/\\\/blogdofarnesio.com.br\\\/#\\\/schema\\\/person\\\/dd1bf5eba40b687199ba45ca6b97dff9\",\"name\":\"teste\",\"image\":{\"@type\":\"ImageObject\",\"inLanguage\":\"pt-BR\",\"@id\":\"https:\\\/\\\/secure.gravatar.com\\\/avatar\\\/2172498d4914b51e1d89a0f97957b035ac4938723a5cac208135d389b6972a6d?s=96&d=mm&r=g\",\"url\":\"https:\\\/\\\/secure.gravatar.com\\\/avatar\\\/2172498d4914b51e1d89a0f97957b035ac4938723a5cac208135d389b6972a6d?s=96&d=mm&r=g\",\"contentUrl\":\"https:\\\/\\\/secure.gravatar.com\\\/avatar\\\/2172498d4914b51e1d89a0f97957b035ac4938723a5cac208135d389b6972a6d?s=96&d=mm&r=g\",\"caption\":\"teste\"},\"url\":\"https:\\\/\\\/blogdofarnesio.com.br\\\/?author=3\"}]}<\/script>\n<!-- \/ Yoast SEO plugin. -->","yoast_head_json":{"title":"SINDICATOS DE SERVIDORES SOLICITAM AUDI\u00caNCIA COM O PREFEITO ISAAC CARVALHO - Blog do Farn\u00e9sio","robots":{"index":"index","follow":"follow","max-snippet":"max-snippet:-1","max-image-preview":"max-image-preview:large","max-video-preview":"max-video-preview:-1"},"canonical":"https:\/\/blogdofarnesio.com.br\/?p=73776","og_locale":"pt_BR","og_type":"article","og_title":"SINDICATOS DE SERVIDORES SOLICITAM AUDI\u00caNCIA COM O PREFEITO ISAAC CARVALHO - Blog do Farn\u00e9sio","og_description":"Ap\u00f3s aprova\u00e7\u00e3o do projeto de reajuste dos servidores do munic\u00edpio, as entidades sindicais voltam a se mobilizar para as discuss\u00f5es para o Plano de Cargos, Carreiras e Vencimentos. Ontem (18), foi enviado um oficio ao gestor municipal, solicitando \u00a0uma reuni\u00e3o. Confira o of\u00edcio: &#8220;As entidades abaixo signat\u00e1rias dirigem-se respeitosamente a Vossa Excel\u00eancia, para dar continuidade aos trabalhos de discuss\u00f5es do PCCV Plano de Cargos, Carreiras e Vencimentos, acordado na Campanha Salarial de 2014. Aproveitamos\u00a0para solicitar mais uma reuni\u00e3o com\u00a0V. EX. e a equipe de Governo para reiniciarmos os trabalhos do referido projeto, na certeza que juntos estamos buscando a valoriza\u00e7\u00e3o do Servidor e o fortalecimento dos Servi\u00e7os P\u00fablicos. Na oportunidade, renovamos nossos votos de estima e distinta considera\u00e7\u00e3o. Pelas Entidades&hellip;","og_url":"https:\/\/blogdofarnesio.com.br\/?p=73776","og_site_name":"Blog do Farn\u00e9sio","article_publisher":"https:\/\/www.facebook.com\/BlogQuerSaberPolitica\/","article_published_time":"2014-02-19T17:00:15+00:00","author":"teste","twitter_card":"summary_large_image","twitter_misc":{"Escrito por":"teste","Est. tempo de leitura":"1 minuto"},"schema":{"@context":"https:\/\/schema.org","@graph":[{"@type":"Article","@id":"https:\/\/blogdofarnesio.com.br\/?p=73776#article","isPartOf":{"@id":"https:\/\/blogdofarnesio.com.br\/?p=73776"},"author":{"name":"teste","@id":"https:\/\/blogdofarnesio.com.br\/#\/schema\/person\/dd1bf5eba40b687199ba45ca6b97dff9"},"headline":"SINDICATOS DE SERVIDORES SOLICITAM AUDI\u00caNCIA COM O PREFEITO ISAAC CARVALHO","datePublished":"2014-02-19T17:00:15+00:00","mainEntityOfPage":{"@id":"https:\/\/blogdofarnesio.com.br\/?p=73776"},"wordCount":160,"commentCount":0,"publisher":{"@id":"https:\/\/blogdofarnesio.com.br\/#organization"},"articleSection":["Servidores"],"inLanguage":"pt-BR","potentialAction":[{"@type":"CommentAction","name":"Comment","target":["https:\/\/blogdofarnesio.com.br\/?p=73776#respond"]}]},{"@type":"WebPage","@id":"https:\/\/blogdofarnesio.com.br\/?p=73776","url":"https:\/\/blogdofarnesio.com.br\/?p=73776","name":"SINDICATOS DE SERVIDORES SOLICITAM AUDI\u00caNCIA COM O PREFEITO ISAAC CARVALHO - Blog do Farn\u00e9sio","isPartOf":{"@id":"https:\/\/blogdofarnesio.com.br\/#website"},"datePublished":"2014-02-19T17:00:15+00:00","breadcrumb":{"@id":"https:\/\/blogdofarnesio.com.br\/?p=73776#breadcrumb"},"inLanguage":"pt-BR","potentialAction":[{"@type":"ReadAction","target":["https:\/\/blogdofarnesio.com.br\/?p=73776"]}]},{"@type":"BreadcrumbList","@id":"https:\/\/blogdofarnesio.com.br\/?p=73776#breadcrumb","itemListElement":[{"@type":"ListItem","position":1,"name":"In\u00edcio","item":"https:\/\/blogdofarnesio.com.br\/"},{"@type":"ListItem","position":2,"name":"SINDICATOS DE SERVIDORES SOLICITAM AUDI\u00caNCIA COM O PREFEITO ISAAC CARVALHO"}]},{"@type":"WebSite","@id":"https:\/\/blogdofarnesio.com.br\/#website","url":"https:\/\/blogdofarnesio.com.br\/","name":"Blog do Farn\u00e9sio","description":"Quer Saber Pol\u00edtica?","publisher":{"@id":"https:\/\/blogdofarnesio.com.br\/#organization"},"potentialAction":[{"@type":"SearchAction","target":{"@type":"EntryPoint","urlTemplate":"https:\/\/blogdofarnesio.com.br\/?s={search_term_string}"},"query-input":{"@type":"PropertyValueSpecification","valueRequired":true,"valueName":"search_term_string"}}],"inLanguage":"pt-BR"},{"@type":"Organization","@id":"https:\/\/blogdofarnesio.com.br\/#organization","name":"Blog do Farn\u00e9sio","url":"https:\/\/blogdofarnesio.com.br\/","logo":{"@type":"ImageObject","inLanguage":"pt-BR","@id":"https:\/\/blogdofarnesio.com.br\/#\/schema\/logo\/image\/","url":"https:\/\/blogdofarnesio.com.br\/wp-content\/uploads\/2026\/03\/cropped-logo_new-1.png","contentUrl":"https:\/\/blogdofarnesio.com.br\/wp-content\/uploads\/2026\/03\/cropped-logo_new-1.png","width":881,"height":685,"caption":"Blog do Farn\u00e9sio"},"image":{"@id":"https:\/\/blogdofarnesio.com.br\/#\/schema\/logo\/image\/"},"sameAs":["https:\/\/www.facebook.com\/BlogQuerSaberPolitica\/"]},{"@type":"Person","@id":"https:\/\/blogdofarnesio.com.br\/#\/schema\/person\/dd1bf5eba40b687199ba45ca6b97dff9","name":"teste","image":{"@type":"ImageObject","inLanguage":"pt-BR","@id":"https:\/\/secure.gravatar.com\/avatar\/2172498d4914b51e1d89a0f97957b035ac4938723a5cac208135d389b6972a6d?s=96&d=mm&r=g","url":"https:\/\/secure.gravatar.com\/avatar\/2172498d4914b51e1d89a0f97957b035ac4938723a5cac208135d389b6972a6d?s=96&d=mm&r=g","contentUrl":"https:\/\/secure.gravatar.com\/avatar\/2172498d4914b51e1d89a0f97957b035ac4938723a5cac208135d389b6972a6d?s=96&d=mm&r=g","caption":"teste"},"url":"https:\/\/blogdofarnesio.com.br\/?author=3"}]}},"_links":{"self":[{"href":"https:\/\/blogdofarnesio.com.br\/index.php?rest_route=\/wp\/v2\/posts\/73776","targetHints":{"allow":["GET"]}}],"collection":[{"href":"https:\/\/blogdofarnesio.com.br\/index.php?rest_route=\/wp\/v2\/posts"}],"about":[{"href":"https:\/\/blogdofarnesio.com.br\/index.php?rest_route=\/wp\/v2\/types\/post"}],"author":[{"embeddable":true,"href":"https:\/\/blogdofarnesio.com.br\/index.php?rest_route=\/wp\/v2\/users\/3"}],"replies":[{"embeddable":true,"href":"https:\/\/blogdofarnesio.com.br\/index.php?rest_route=%2Fwp%2Fv2%2Fcomments&post=73776"}],"version-history":[{"count":0,"href":"https:\/\/blogdofarnesio.com.br\/index.php?rest_route=\/wp\/v2\/posts\/73776\/revisions"}],"wp:attachment":[{"href":"https:\/\/blogdofarnesio.com.br\/index.php?rest_route=%2Fwp%2Fv2%2Fmedia&parent=73776"}],"wp:term":[{"taxonomy":"category","embeddable":true,"href":"https:\/\/blogdofarnesio.com.br\/index.php?rest_route=%2Fwp%2Fv2%2Fcategories&post=73776"},{"taxonomy":"post_tag","embeddable":true,"href":"https:\/\/blogdofarnesio.com.br\/index.php?rest_route=%2Fwp%2Fv2%2Ftags&post=73776"}],"curies":[{"name":"wp","href":"https:\/\/api.w.org\/{rel}","templated":true}]}}