{"id":73495,"date":"2014-02-17T11:04:55","date_gmt":"2014-02-17T14:04:55","guid":{"rendered":"http:\/\/www.quersaberpolitica.com.br\/?p=73495"},"modified":"2014-02-17T09:36:49","modified_gmt":"2014-02-17T12:36:49","slug":"canavieiros-de-pernambuco-homenageiam-fbc","status":"publish","type":"post","link":"https:\/\/blogdofarnesio.com.br\/?p=73495","title":{"rendered":"CANAVIEIROS DE PERNAMBUCO HOMENAGEIAM FBC"},"content":{"rendered":"<div>\n<h2><a style=\"text-align: justify\" href=\"http:\/\/www.quersaberpolitica.com.br\/2016\/wp-content\/uploads\/2013\/12\/fbc_palmares_0412_1.jpg\"><img loading=\"lazy\" decoding=\"async\" class=\"alignleft size-medium wp-image-66021\" alt=\"bLOGQSPFBC\" src=\"http:\/\/www.quersaberpolitica.com.br\/2016\/wp-content\/uploads\/2013\/12\/fbc_palmares_0412_1-300x200.jpg\" width=\"300\" height=\"200\" srcset=\"https:\/\/blogdofarnesio.com.br\/wp-content\/uploads\/2013\/12\/fbc_palmares_0412_1-300x200.jpg 300w, https:\/\/blogdofarnesio.com.br\/wp-content\/uploads\/2013\/12\/fbc_palmares_0412_1.jpg 400w\" sizes=\"auto, (max-width: 300px) 100vw, 300px\" \/><\/a><\/h2>\n<\/div>\n<div>\n<p style=\"text-align: justify\">O ex-ministro da Integra\u00e7\u00e3o Nacional, Fernando Bezerra Coelho (PSB), ser\u00e1 homenageado nesta segunda-feira (17) pelos fornecedores de cana de Pernambuco.<\/p>\n<p style=\"text-align: justify\">A solenidade ser\u00e1 realizada na Associa\u00e7\u00e3o dos Fornecedores de Cana, avenida Mascarenhas de Moraes, 2028, Imbiribeira, a partir das 11h.<\/p>\n<p style=\"text-align: justify\">O premio \u00e9 conferido pela Uni\u00e3o Nordestina dos Produtores de Cana (Unida) \u2013 entidade de classe regional que representa 21 mil canavieiros na Regi\u00e3o Nordeste.<\/p>\n<p>A comenda de honra ao m\u00e9rito canavieiro \u00e9 conferida a pol\u00edticos que se destacam pelo servi\u00e7o prestado \u00e0 manuten\u00e7\u00e3o e ao fortalecimento da cultura da cana-de-a\u00e7\u00facar nordestina.<!--more--><\/p>\n<p>At\u00e9 hoje somente dois pol\u00edticos receberam tal premia\u00e7\u00e3o da Unida. O atual ministro do Tribunal de Contas da Uni\u00e3o, Jos\u00e9 M\u00facio Monteiro recebeu no ano de 2009; e no ano passado, foi a vez do presidente do Senado, Renan Calheiros.<\/p>\n<p>\u201cAntes de ser ministro de Integra\u00e7\u00e3o Nacional, ele foi secret\u00e1rio de Desenvolvimento Econ\u00f4mico de Pernambuco, e sempre contribuiu no fortalecimento da cadeia produtiva da cana do Estado e nordestina. Enquanto ministro ele foi fundamental para a manuten\u00e7\u00e3o do segmento canavieiro nordestino\u201d, disse o presidente da Unida e da AFCP, Alexandre Andrade Lima.<\/p>\n<\/div>\n","protected":false},"excerpt":{"rendered":"<p>O ex-ministro da Integra\u00e7\u00e3o Nacional, Fernando Bezerra Coelho (PSB), ser\u00e1 homenageado nesta segunda-feira (17) pelos fornecedores de cana de Pernambuco. A solenidade ser\u00e1 realizada na Associa\u00e7\u00e3o dos Fornecedores de Cana, avenida Mascarenhas de Moraes, 2028, Imbiribeira, a partir das 11h. O premio \u00e9 conferido pela Uni\u00e3o Nordestina dos Produtores de Cana (Unida) \u2013 entidade de classe regional que representa 21 mil canavieiros na Regi\u00e3o Nordeste. A comenda de honra ao m\u00e9rito canavieiro \u00e9 conferida a pol\u00edticos que se destacam pelo servi\u00e7o prestado \u00e0 manuten\u00e7\u00e3o e ao fortalecimento da cultura da cana-de-a\u00e7\u00facar nordestina.<\/p>\n","protected":false},"author":3,"featured_media":0,"comment_status":"open","ping_status":"open","sticky":false,"template":"","format":"standard","meta":{"_acf_changed":false,"footnotes":""},"categories":[1],"tags":[],"class_list":["post-73495","post","type-post","status-publish","format-standard","hentry","category-politica"],"acf":[],"yoast_head":"<!-- This site is optimized with the Yoast SEO plugin v27.4 - https:\/\/yoast.com\/product\/yoast-seo-wordpress\/ -->\n<title>CANAVIEIROS DE PERNAMBUCO HOMENAGEIAM FBC - Blog do Farn\u00e9sio<\/title>\n<meta name=\"robots\" content=\"index, follow, max-snippet:-1, max-image-preview:large, max-video-preview:-1\" \/>\n<link rel=\"canonical\" href=\"https:\/\/blogdofarnesio.com.br\/?p=73495\" \/>\n<meta property=\"og:locale\" content=\"pt_BR\" \/>\n<meta property=\"og:type\" content=\"article\" \/>\n<meta property=\"og:title\" content=\"CANAVIEIROS DE PERNAMBUCO HOMENAGEIAM FBC - Blog do Farn\u00e9sio\" \/>\n<meta property=\"og:description\" content=\"O ex-ministro da Integra\u00e7\u00e3o Nacional, Fernando Bezerra Coelho (PSB), ser\u00e1 homenageado nesta segunda-feira (17) pelos fornecedores de cana de Pernambuco. A solenidade ser\u00e1 realizada na Associa\u00e7\u00e3o dos Fornecedores de Cana, avenida Mascarenhas de Moraes, 2028, Imbiribeira, a partir das 11h. O premio \u00e9 conferido pela Uni\u00e3o Nordestina dos Produtores de Cana (Unida) \u2013 entidade de classe regional que representa 21 mil canavieiros na Regi\u00e3o Nordeste. A comenda de honra ao m\u00e9rito canavieiro \u00e9 conferida a pol\u00edticos que se destacam pelo servi\u00e7o prestado \u00e0 manuten\u00e7\u00e3o e ao fortalecimento da cultura da cana-de-a\u00e7\u00facar nordestina.\" \/>\n<meta property=\"og:url\" content=\"https:\/\/blogdofarnesio.com.br\/?p=73495\" \/>\n<meta property=\"og:site_name\" content=\"Blog do Farn\u00e9sio\" \/>\n<meta property=\"article:publisher\" content=\"https:\/\/www.facebook.com\/BlogQuerSaberPolitica\/\" \/>\n<meta property=\"article:published_time\" content=\"2014-02-17T14:04:55+00:00\" \/>\n<meta property=\"og:image\" content=\"http:\/\/www.quersaberpolitica.com.br\/2016\/wp-content\/uploads\/2013\/12\/fbc_palmares_0412_1-300x200.jpg\" \/>\n<meta name=\"author\" content=\"teste\" \/>\n<meta name=\"twitter:card\" content=\"summary_large_image\" \/>\n<meta name=\"twitter:label1\" content=\"Escrito por\" \/>\n\t<meta name=\"twitter:data1\" content=\"teste\" \/>\n\t<meta name=\"twitter:label2\" content=\"Est. tempo de leitura\" \/>\n\t<meta name=\"twitter:data2\" content=\"1 minuto\" \/>\n<script type=\"application\/ld+json\" class=\"yoast-schema-graph\">{\"@context\":\"https:\\\/\\\/schema.org\",\"@graph\":[{\"@type\":\"Article\",\"@id\":\"https:\\\/\\\/blogdofarnesio.com.br\\\/?p=73495#article\",\"isPartOf\":{\"@id\":\"https:\\\/\\\/blogdofarnesio.com.br\\\/?p=73495\"},\"author\":{\"name\":\"teste\",\"@id\":\"https:\\\/\\\/blogdofarnesio.com.br\\\/#\\\/schema\\\/person\\\/dd1bf5eba40b687199ba45ca6b97dff9\"},\"headline\":\"CANAVIEIROS DE PERNAMBUCO HOMENAGEIAM FBC\",\"datePublished\":\"2014-02-17T14:04:55+00:00\",\"mainEntityOfPage\":{\"@id\":\"https:\\\/\\\/blogdofarnesio.com.br\\\/?p=73495\"},\"wordCount\":198,\"commentCount\":0,\"publisher\":{\"@id\":\"https:\\\/\\\/blogdofarnesio.com.br\\\/#organization\"},\"image\":{\"@id\":\"https:\\\/\\\/blogdofarnesio.com.br\\\/?p=73495#primaryimage\"},\"thumbnailUrl\":\"http:\\\/\\\/www.quersaberpolitica.com.br\\\/2016\\\/wp-content\\\/uploads\\\/2013\\\/12\\\/fbc_palmares_0412_1-300x200.jpg\",\"articleSection\":[\"Pol\u00edtica\"],\"inLanguage\":\"pt-BR\",\"potentialAction\":[{\"@type\":\"CommentAction\",\"name\":\"Comment\",\"target\":[\"https:\\\/\\\/blogdofarnesio.com.br\\\/?p=73495#respond\"]}]},{\"@type\":\"WebPage\",\"@id\":\"https:\\\/\\\/blogdofarnesio.com.br\\\/?p=73495\",\"url\":\"https:\\\/\\\/blogdofarnesio.com.br\\\/?p=73495\",\"name\":\"CANAVIEIROS DE PERNAMBUCO HOMENAGEIAM FBC - Blog do Farn\u00e9sio\",\"isPartOf\":{\"@id\":\"https:\\\/\\\/blogdofarnesio.com.br\\\/#website\"},\"primaryImageOfPage\":{\"@id\":\"https:\\\/\\\/blogdofarnesio.com.br\\\/?p=73495#primaryimage\"},\"image\":{\"@id\":\"https:\\\/\\\/blogdofarnesio.com.br\\\/?p=73495#primaryimage\"},\"thumbnailUrl\":\"http:\\\/\\\/www.quersaberpolitica.com.br\\\/2016\\\/wp-content\\\/uploads\\\/2013\\\/12\\\/fbc_palmares_0412_1-300x200.jpg\",\"datePublished\":\"2014-02-17T14:04:55+00:00\",\"breadcrumb\":{\"@id\":\"https:\\\/\\\/blogdofarnesio.com.br\\\/?p=73495#breadcrumb\"},\"inLanguage\":\"pt-BR\",\"potentialAction\":[{\"@type\":\"ReadAction\",\"target\":[\"https:\\\/\\\/blogdofarnesio.com.br\\\/?p=73495\"]}]},{\"@type\":\"ImageObject\",\"inLanguage\":\"pt-BR\",\"@id\":\"https:\\\/\\\/blogdofarnesio.com.br\\\/?p=73495#primaryimage\",\"url\":\"http:\\\/\\\/www.quersaberpolitica.com.br\\\/2016\\\/wp-content\\\/uploads\\\/2013\\\/12\\\/fbc_palmares_0412_1-300x200.jpg\",\"contentUrl\":\"http:\\\/\\\/www.quersaberpolitica.com.br\\\/2016\\\/wp-content\\\/uploads\\\/2013\\\/12\\\/fbc_palmares_0412_1-300x200.jpg\"},{\"@type\":\"BreadcrumbList\",\"@id\":\"https:\\\/\\\/blogdofarnesio.com.br\\\/?p=73495#breadcrumb\",\"itemListElement\":[{\"@type\":\"ListItem\",\"position\":1,\"name\":\"In\u00edcio\",\"item\":\"https:\\\/\\\/blogdofarnesio.com.br\\\/\"},{\"@type\":\"ListItem\",\"position\":2,\"name\":\"CANAVIEIROS DE PERNAMBUCO HOMENAGEIAM FBC\"}]},{\"@type\":\"WebSite\",\"@id\":\"https:\\\/\\\/blogdofarnesio.com.br\\\/#website\",\"url\":\"https:\\\/\\\/blogdofarnesio.com.br\\\/\",\"name\":\"Blog do Farn\u00e9sio\",\"description\":\"Quer Saber Pol\u00edtica?\",\"publisher\":{\"@id\":\"https:\\\/\\\/blogdofarnesio.com.br\\\/#organization\"},\"potentialAction\":[{\"@type\":\"SearchAction\",\"target\":{\"@type\":\"EntryPoint\",\"urlTemplate\":\"https:\\\/\\\/blogdofarnesio.com.br\\\/?s={search_term_string}\"},\"query-input\":{\"@type\":\"PropertyValueSpecification\",\"valueRequired\":true,\"valueName\":\"search_term_string\"}}],\"inLanguage\":\"pt-BR\"},{\"@type\":\"Organization\",\"@id\":\"https:\\\/\\\/blogdofarnesio.com.br\\\/#organization\",\"name\":\"Blog do Farn\u00e9sio\",\"url\":\"https:\\\/\\\/blogdofarnesio.com.br\\\/\",\"logo\":{\"@type\":\"ImageObject\",\"inLanguage\":\"pt-BR\",\"@id\":\"https:\\\/\\\/blogdofarnesio.com.br\\\/#\\\/schema\\\/logo\\\/image\\\/\",\"url\":\"https:\\\/\\\/blogdofarnesio.com.br\\\/wp-content\\\/uploads\\\/2026\\\/03\\\/cropped-logo_new-1.png\",\"contentUrl\":\"https:\\\/\\\/blogdofarnesio.com.br\\\/wp-content\\\/uploads\\\/2026\\\/03\\\/cropped-logo_new-1.png\",\"width\":881,\"height\":685,\"caption\":\"Blog do Farn\u00e9sio\"},\"image\":{\"@id\":\"https:\\\/\\\/blogdofarnesio.com.br\\\/#\\\/schema\\\/logo\\\/image\\\/\"},\"sameAs\":[\"https:\\\/\\\/www.facebook.com\\\/BlogQuerSaberPolitica\\\/\"]},{\"@type\":\"Person\",\"@id\":\"https:\\\/\\\/blogdofarnesio.com.br\\\/#\\\/schema\\\/person\\\/dd1bf5eba40b687199ba45ca6b97dff9\",\"name\":\"teste\",\"image\":{\"@type\":\"ImageObject\",\"inLanguage\":\"pt-BR\",\"@id\":\"https:\\\/\\\/secure.gravatar.com\\\/avatar\\\/2172498d4914b51e1d89a0f97957b035ac4938723a5cac208135d389b6972a6d?s=96&d=mm&r=g\",\"url\":\"https:\\\/\\\/secure.gravatar.com\\\/avatar\\\/2172498d4914b51e1d89a0f97957b035ac4938723a5cac208135d389b6972a6d?s=96&d=mm&r=g\",\"contentUrl\":\"https:\\\/\\\/secure.gravatar.com\\\/avatar\\\/2172498d4914b51e1d89a0f97957b035ac4938723a5cac208135d389b6972a6d?s=96&d=mm&r=g\",\"caption\":\"teste\"},\"url\":\"https:\\\/\\\/blogdofarnesio.com.br\\\/?author=3\"}]}<\/script>\n<!-- \/ Yoast SEO plugin. -->","yoast_head_json":{"title":"CANAVIEIROS DE PERNAMBUCO HOMENAGEIAM FBC - Blog do Farn\u00e9sio","robots":{"index":"index","follow":"follow","max-snippet":"max-snippet:-1","max-image-preview":"max-image-preview:large","max-video-preview":"max-video-preview:-1"},"canonical":"https:\/\/blogdofarnesio.com.br\/?p=73495","og_locale":"pt_BR","og_type":"article","og_title":"CANAVIEIROS DE PERNAMBUCO HOMENAGEIAM FBC - Blog do Farn\u00e9sio","og_description":"O ex-ministro da Integra\u00e7\u00e3o Nacional, Fernando Bezerra Coelho (PSB), ser\u00e1 homenageado nesta segunda-feira (17) pelos fornecedores de cana de Pernambuco. A solenidade ser\u00e1 realizada na Associa\u00e7\u00e3o dos Fornecedores de Cana, avenida Mascarenhas de Moraes, 2028, Imbiribeira, a partir das 11h. O premio \u00e9 conferido pela Uni\u00e3o Nordestina dos Produtores de Cana (Unida) \u2013 entidade de classe regional que representa 21 mil canavieiros na Regi\u00e3o Nordeste. A comenda de honra ao m\u00e9rito canavieiro \u00e9 conferida a pol\u00edticos que se destacam pelo servi\u00e7o prestado \u00e0 manuten\u00e7\u00e3o e ao fortalecimento da cultura da cana-de-a\u00e7\u00facar nordestina.","og_url":"https:\/\/blogdofarnesio.com.br\/?p=73495","og_site_name":"Blog do Farn\u00e9sio","article_publisher":"https:\/\/www.facebook.com\/BlogQuerSaberPolitica\/","article_published_time":"2014-02-17T14:04:55+00:00","og_image":[{"url":"http:\/\/www.quersaberpolitica.com.br\/2016\/wp-content\/uploads\/2013\/12\/fbc_palmares_0412_1-300x200.jpg","type":"","width":"","height":""}],"author":"teste","twitter_card":"summary_large_image","twitter_misc":{"Escrito por":"teste","Est. tempo de leitura":"1 minuto"},"schema":{"@context":"https:\/\/schema.org","@graph":[{"@type":"Article","@id":"https:\/\/blogdofarnesio.com.br\/?p=73495#article","isPartOf":{"@id":"https:\/\/blogdofarnesio.com.br\/?p=73495"},"author":{"name":"teste","@id":"https:\/\/blogdofarnesio.com.br\/#\/schema\/person\/dd1bf5eba40b687199ba45ca6b97dff9"},"headline":"CANAVIEIROS DE PERNAMBUCO HOMENAGEIAM FBC","datePublished":"2014-02-17T14:04:55+00:00","mainEntityOfPage":{"@id":"https:\/\/blogdofarnesio.com.br\/?p=73495"},"wordCount":198,"commentCount":0,"publisher":{"@id":"https:\/\/blogdofarnesio.com.br\/#organization"},"image":{"@id":"https:\/\/blogdofarnesio.com.br\/?p=73495#primaryimage"},"thumbnailUrl":"http:\/\/www.quersaberpolitica.com.br\/2016\/wp-content\/uploads\/2013\/12\/fbc_palmares_0412_1-300x200.jpg","articleSection":["Pol\u00edtica"],"inLanguage":"pt-BR","potentialAction":[{"@type":"CommentAction","name":"Comment","target":["https:\/\/blogdofarnesio.com.br\/?p=73495#respond"]}]},{"@type":"WebPage","@id":"https:\/\/blogdofarnesio.com.br\/?p=73495","url":"https:\/\/blogdofarnesio.com.br\/?p=73495","name":"CANAVIEIROS DE PERNAMBUCO HOMENAGEIAM FBC - Blog do Farn\u00e9sio","isPartOf":{"@id":"https:\/\/blogdofarnesio.com.br\/#website"},"primaryImageOfPage":{"@id":"https:\/\/blogdofarnesio.com.br\/?p=73495#primaryimage"},"image":{"@id":"https:\/\/blogdofarnesio.com.br\/?p=73495#primaryimage"},"thumbnailUrl":"http:\/\/www.quersaberpolitica.com.br\/2016\/wp-content\/uploads\/2013\/12\/fbc_palmares_0412_1-300x200.jpg","datePublished":"2014-02-17T14:04:55+00:00","breadcrumb":{"@id":"https:\/\/blogdofarnesio.com.br\/?p=73495#breadcrumb"},"inLanguage":"pt-BR","potentialAction":[{"@type":"ReadAction","target":["https:\/\/blogdofarnesio.com.br\/?p=73495"]}]},{"@type":"ImageObject","inLanguage":"pt-BR","@id":"https:\/\/blogdofarnesio.com.br\/?p=73495#primaryimage","url":"http:\/\/www.quersaberpolitica.com.br\/2016\/wp-content\/uploads\/2013\/12\/fbc_palmares_0412_1-300x200.jpg","contentUrl":"http:\/\/www.quersaberpolitica.com.br\/2016\/wp-content\/uploads\/2013\/12\/fbc_palmares_0412_1-300x200.jpg"},{"@type":"BreadcrumbList","@id":"https:\/\/blogdofarnesio.com.br\/?p=73495#breadcrumb","itemListElement":[{"@type":"ListItem","position":1,"name":"In\u00edcio","item":"https:\/\/blogdofarnesio.com.br\/"},{"@type":"ListItem","position":2,"name":"CANAVIEIROS DE PERNAMBUCO HOMENAGEIAM FBC"}]},{"@type":"WebSite","@id":"https:\/\/blogdofarnesio.com.br\/#website","url":"https:\/\/blogdofarnesio.com.br\/","name":"Blog do Farn\u00e9sio","description":"Quer Saber Pol\u00edtica?","publisher":{"@id":"https:\/\/blogdofarnesio.com.br\/#organization"},"potentialAction":[{"@type":"SearchAction","target":{"@type":"EntryPoint","urlTemplate":"https:\/\/blogdofarnesio.com.br\/?s={search_term_string}"},"query-input":{"@type":"PropertyValueSpecification","valueRequired":true,"valueName":"search_term_string"}}],"inLanguage":"pt-BR"},{"@type":"Organization","@id":"https:\/\/blogdofarnesio.com.br\/#organization","name":"Blog do Farn\u00e9sio","url":"https:\/\/blogdofarnesio.com.br\/","logo":{"@type":"ImageObject","inLanguage":"pt-BR","@id":"https:\/\/blogdofarnesio.com.br\/#\/schema\/logo\/image\/","url":"https:\/\/blogdofarnesio.com.br\/wp-content\/uploads\/2026\/03\/cropped-logo_new-1.png","contentUrl":"https:\/\/blogdofarnesio.com.br\/wp-content\/uploads\/2026\/03\/cropped-logo_new-1.png","width":881,"height":685,"caption":"Blog do Farn\u00e9sio"},"image":{"@id":"https:\/\/blogdofarnesio.com.br\/#\/schema\/logo\/image\/"},"sameAs":["https:\/\/www.facebook.com\/BlogQuerSaberPolitica\/"]},{"@type":"Person","@id":"https:\/\/blogdofarnesio.com.br\/#\/schema\/person\/dd1bf5eba40b687199ba45ca6b97dff9","name":"teste","image":{"@type":"ImageObject","inLanguage":"pt-BR","@id":"https:\/\/secure.gravatar.com\/avatar\/2172498d4914b51e1d89a0f97957b035ac4938723a5cac208135d389b6972a6d?s=96&d=mm&r=g","url":"https:\/\/secure.gravatar.com\/avatar\/2172498d4914b51e1d89a0f97957b035ac4938723a5cac208135d389b6972a6d?s=96&d=mm&r=g","contentUrl":"https:\/\/secure.gravatar.com\/avatar\/2172498d4914b51e1d89a0f97957b035ac4938723a5cac208135d389b6972a6d?s=96&d=mm&r=g","caption":"teste"},"url":"https:\/\/blogdofarnesio.com.br\/?author=3"}]}},"_links":{"self":[{"href":"https:\/\/blogdofarnesio.com.br\/index.php?rest_route=\/wp\/v2\/posts\/73495","targetHints":{"allow":["GET"]}}],"collection":[{"href":"https:\/\/blogdofarnesio.com.br\/index.php?rest_route=\/wp\/v2\/posts"}],"about":[{"href":"https:\/\/blogdofarnesio.com.br\/index.php?rest_route=\/wp\/v2\/types\/post"}],"author":[{"embeddable":true,"href":"https:\/\/blogdofarnesio.com.br\/index.php?rest_route=\/wp\/v2\/users\/3"}],"replies":[{"embeddable":true,"href":"https:\/\/blogdofarnesio.com.br\/index.php?rest_route=%2Fwp%2Fv2%2Fcomments&post=73495"}],"version-history":[{"count":0,"href":"https:\/\/blogdofarnesio.com.br\/index.php?rest_route=\/wp\/v2\/posts\/73495\/revisions"}],"wp:attachment":[{"href":"https:\/\/blogdofarnesio.com.br\/index.php?rest_route=%2Fwp%2Fv2%2Fmedia&parent=73495"}],"wp:term":[{"taxonomy":"category","embeddable":true,"href":"https:\/\/blogdofarnesio.com.br\/index.php?rest_route=%2Fwp%2Fv2%2Fcategories&post=73495"},{"taxonomy":"post_tag","embeddable":true,"href":"https:\/\/blogdofarnesio.com.br\/index.php?rest_route=%2Fwp%2Fv2%2Ftags&post=73495"}],"curies":[{"name":"wp","href":"https:\/\/api.w.org\/{rel}","templated":true}]}}