{"id":73328,"date":"2014-02-15T11:36:24","date_gmt":"2014-02-15T14:36:24","guid":{"rendered":"http:\/\/www.quersaberpolitica.com.br\/?p=73328"},"modified":"2014-02-15T10:12:17","modified_gmt":"2014-02-15T13:12:17","slug":"em-nota-enviada-ao-blogqsp-deputada-fatima-critica-convenio-assinado-pelo-prefeito-de-curacaprejudicando-reassentados","status":"publish","type":"post","link":"https:\/\/blogdofarnesio.com.br\/?p=73328","title":{"rendered":"EM NOTA ENVIADA AO BLOGQSP, DEPUTADA F\u00c1TIMA CRITICA CONV\u00caNIO ASSINADO PELO PREFEITO DE CURA\u00c7\u00c1,PREJUDICANDO REASSENTADOS"},"content":{"rendered":"<div style=\"text-align: justify\">\n<p style=\"text-align: center\"><img loading=\"lazy\" decoding=\"async\" class=\"aligncenter\" alt=\"\" src=\"https:\/\/fbcdn-sphotos-b-a.akamaihd.net\/hphotos-ak-prn1\/t1\/63710_598499510217756_961292781_n.jpg\" width=\"460\" height=\"461\" \/><\/p>\n<p style=\"text-align: justify\">Em face das manifesta\u00e7\u00f5es ocorridas nos dias 3 e 4, dos trabalhadores reassentados do Projeto Pedra Branca, que reivindicam a revoga\u00e7\u00e3o do convenio CV-I-92.2013.4350.00, or\u00e7ado no valor de R$ 4.151.675,70, que tem como objetivo repassar responsabilidades da infraestrutura de irriga\u00e7\u00e3o e abastecimento de \u00e1gua pot\u00e1vel dos reassentamentos do Projeto Pedra Branca da Chesf para o munic\u00edpio, a deputada estadual F\u00e1tima Nunes (PT), que l\u00e1 esteve presente, solidariza-se com os manifestantes e apoia, de forma incondicional, o movimento, e torna p\u00fablico seu entendimento:<\/p>\n<ol>\n<li>As justificativas dos trabalhadores t\u00eam assento no Acordo de 1986, por eles conquistado, que estabelece que a implanta\u00e7\u00e3o dos reassentamentos, infraestrutura de irriga\u00e7\u00e3o, \u00e1gua pot\u00e1vel, entre outros servi\u00e7os \u00e9 de inteira responsabilidade da Chesf, empresa respons\u00e1vel pela constru\u00e7\u00e3o da Barragem de Itaparica.<\/li>\n<\/ol>\n<ol>\n<li>Que se a Chesf, mantenedora do projeto, segundo informa\u00e7\u00f5es dos trabalhadores, n\u00e3o cumpre com o seu papel, no que concerne \u00e0 garantia de sustentabilidade do Projeto Pedra Branca, haja vista \u00e0s pend\u00eancias processuais da institui\u00e7\u00e3o no minist\u00e9rio p\u00fablico; que se a \u00e1rea destinada aos trabalhadores \u00e9 objeto de reivindica\u00e7\u00e3o da tribo ind\u00edgena Tumbalal\u00e1, fato que emperra a gest\u00e3o de servi\u00e7os da Chesf; que se o valor do conv\u00eanio n\u00e3o atende as necessidades b\u00e1sicas de infraestrutura relatidas \u00e0 sa\u00fade nas agrovilas, entre outros benef\u00edcios; h\u00e1 que se questionar se o munic\u00edpio disp\u00f5e de know how suficiente para suprir as demandas essenciais das agrovilas, de tal modo que possa quitar o d\u00e9bito social que \u00e9 da compet\u00eancia da Chesf.<\/li>\n<\/ol>\n<ol>\n<li>Finalizando, o gestor municipal de Cura\u00e7\u00e1 afirmar que esse movimento de trabalhadores e trabalhadoras, que foram destitu\u00eddos de suas moradias, em fun\u00e7\u00e3o da implanta\u00e7\u00e3o da barragem de Itaparica, \u00e9 um protesto inconsistente e inconsequente, \u00e9 querer usurpar o direito de quem tem. Al\u00e9m disso, querer atribuir a n\u00f3s apoiadores do movimento a pecha de oportunistas, na verdade n\u00e3o passa de um procedimento evasivo, t\u00edpico de pessoas alheias aos contextos reais, sem comprometimento e, principalmente, sem responsabilidade direta com as causas sociais. Desde o primeiro instante da concep\u00e7\u00e3o do projeto da barragem de Itaparica, que implicaria na desapropria\u00e7\u00e3o de terras e casas, eu estava l\u00e1, discutindo, falando em un\u00edssono com o povo, acompanhando as etapas do processo. Antes, durante e depois. Estou onde o povo est\u00e1. Porque sou da luta do povo que labuta, sem medo de ser feliz.<\/li>\n<\/ol>\n<\/div>\n","protected":false},"excerpt":{"rendered":"<p>Em face das manifesta\u00e7\u00f5es ocorridas nos dias 3 e 4, dos trabalhadores reassentados do Projeto Pedra Branca, que reivindicam a revoga\u00e7\u00e3o do convenio CV-I-92.2013.4350.00, or\u00e7ado no valor de R$ 4.151.675,70, que tem como objetivo repassar responsabilidades da infraestrutura de irriga\u00e7\u00e3o e abastecimento de \u00e1gua pot\u00e1vel dos reassentamentos do Projeto Pedra Branca da Chesf para o munic\u00edpio, a deputada estadual F\u00e1tima Nunes (PT), que l\u00e1 esteve presente, solidariza-se com os manifestantes e apoia, de forma incondicional, o movimento, e torna p\u00fablico seu entendimento: As justificativas dos trabalhadores t\u00eam assento no Acordo de 1986, por eles conquistado, que estabelece que a implanta\u00e7\u00e3o dos reassentamentos, infraestrutura de irriga\u00e7\u00e3o, \u00e1gua pot\u00e1vel, entre outros servi\u00e7os \u00e9 de inteira responsabilidade da Chesf, empresa respons\u00e1vel pela constru\u00e7\u00e3o&hellip; <\/p>\n","protected":false},"author":3,"featured_media":0,"comment_status":"open","ping_status":"open","sticky":false,"template":"","format":"standard","meta":{"_acf_changed":false,"footnotes":""},"categories":[27],"tags":[],"class_list":["post-73328","post","type-post","status-publish","format-standard","hentry","category-cidades"],"acf":[],"yoast_head":"<!-- This site is optimized with the Yoast SEO plugin v27.4 - https:\/\/yoast.com\/product\/yoast-seo-wordpress\/ -->\n<title>EM NOTA ENVIADA AO BLOGQSP, DEPUTADA F\u00c1TIMA CRITICA CONV\u00caNIO ASSINADO PELO PREFEITO DE CURA\u00c7\u00c1,PREJUDICANDO REASSENTADOS - Blog do Farn\u00e9sio<\/title>\n<meta name=\"robots\" content=\"index, follow, max-snippet:-1, max-image-preview:large, max-video-preview:-1\" \/>\n<link rel=\"canonical\" href=\"https:\/\/blogdofarnesio.com.br\/?p=73328\" \/>\n<meta property=\"og:locale\" content=\"pt_BR\" \/>\n<meta property=\"og:type\" content=\"article\" \/>\n<meta property=\"og:title\" content=\"EM NOTA ENVIADA AO BLOGQSP, DEPUTADA F\u00c1TIMA CRITICA CONV\u00caNIO ASSINADO PELO PREFEITO DE CURA\u00c7\u00c1,PREJUDICANDO REASSENTADOS - Blog do Farn\u00e9sio\" \/>\n<meta property=\"og:description\" content=\"Em face das manifesta\u00e7\u00f5es ocorridas nos dias 3 e 4, dos trabalhadores reassentados do Projeto Pedra Branca, que reivindicam a revoga\u00e7\u00e3o do convenio CV-I-92.2013.4350.00, or\u00e7ado no valor de R$ 4.151.675,70, que tem como objetivo repassar responsabilidades da infraestrutura de irriga\u00e7\u00e3o e abastecimento de \u00e1gua pot\u00e1vel dos reassentamentos do Projeto Pedra Branca da Chesf para o munic\u00edpio, a deputada estadual F\u00e1tima Nunes (PT), que l\u00e1 esteve presente, solidariza-se com os manifestantes e apoia, de forma incondicional, o movimento, e torna p\u00fablico seu entendimento: As justificativas dos trabalhadores t\u00eam assento no Acordo de 1986, por eles conquistado, que estabelece que a implanta\u00e7\u00e3o dos reassentamentos, infraestrutura de irriga\u00e7\u00e3o, \u00e1gua pot\u00e1vel, entre outros servi\u00e7os \u00e9 de inteira responsabilidade da Chesf, empresa respons\u00e1vel pela constru\u00e7\u00e3o&hellip;\" \/>\n<meta property=\"og:url\" content=\"https:\/\/blogdofarnesio.com.br\/?p=73328\" \/>\n<meta property=\"og:site_name\" content=\"Blog do Farn\u00e9sio\" \/>\n<meta property=\"article:publisher\" content=\"https:\/\/www.facebook.com\/BlogQuerSaberPolitica\/\" \/>\n<meta property=\"article:published_time\" content=\"2014-02-15T14:36:24+00:00\" \/>\n<meta property=\"og:image\" content=\"https:\/\/fbcdn-sphotos-b-a.akamaihd.net\/hphotos-ak-prn1\/t1\/63710_598499510217756_961292781_n.jpg\" \/>\n<meta name=\"author\" content=\"teste\" \/>\n<meta name=\"twitter:card\" content=\"summary_large_image\" \/>\n<meta name=\"twitter:label1\" content=\"Escrito por\" \/>\n\t<meta name=\"twitter:data1\" content=\"teste\" \/>\n\t<meta name=\"twitter:label2\" content=\"Est. tempo de leitura\" \/>\n\t<meta name=\"twitter:data2\" content=\"2 minutos\" \/>\n<script type=\"application\/ld+json\" class=\"yoast-schema-graph\">{\"@context\":\"https:\\\/\\\/schema.org\",\"@graph\":[{\"@type\":\"Article\",\"@id\":\"https:\\\/\\\/blogdofarnesio.com.br\\\/?p=73328#article\",\"isPartOf\":{\"@id\":\"https:\\\/\\\/blogdofarnesio.com.br\\\/?p=73328\"},\"author\":{\"name\":\"teste\",\"@id\":\"https:\\\/\\\/blogdofarnesio.com.br\\\/#\\\/schema\\\/person\\\/dd1bf5eba40b687199ba45ca6b97dff9\"},\"headline\":\"EM NOTA ENVIADA AO BLOGQSP, DEPUTADA F\u00c1TIMA CRITICA CONV\u00caNIO ASSINADO PELO PREFEITO DE CURA\u00c7\u00c1,PREJUDICANDO REASSENTADOS\",\"datePublished\":\"2014-02-15T14:36:24+00:00\",\"mainEntityOfPage\":{\"@id\":\"https:\\\/\\\/blogdofarnesio.com.br\\\/?p=73328\"},\"wordCount\":430,\"commentCount\":1,\"publisher\":{\"@id\":\"https:\\\/\\\/blogdofarnesio.com.br\\\/#organization\"},\"image\":{\"@id\":\"https:\\\/\\\/blogdofarnesio.com.br\\\/?p=73328#primaryimage\"},\"thumbnailUrl\":\"https:\\\/\\\/fbcdn-sphotos-b-a.akamaihd.net\\\/hphotos-ak-prn1\\\/t1\\\/63710_598499510217756_961292781_n.jpg\",\"articleSection\":[\"Cidades\"],\"inLanguage\":\"pt-BR\",\"potentialAction\":[{\"@type\":\"CommentAction\",\"name\":\"Comment\",\"target\":[\"https:\\\/\\\/blogdofarnesio.com.br\\\/?p=73328#respond\"]}]},{\"@type\":\"WebPage\",\"@id\":\"https:\\\/\\\/blogdofarnesio.com.br\\\/?p=73328\",\"url\":\"https:\\\/\\\/blogdofarnesio.com.br\\\/?p=73328\",\"name\":\"EM NOTA ENVIADA AO BLOGQSP, DEPUTADA F\u00c1TIMA CRITICA CONV\u00caNIO ASSINADO PELO PREFEITO DE CURA\u00c7\u00c1,PREJUDICANDO REASSENTADOS - Blog do Farn\u00e9sio\",\"isPartOf\":{\"@id\":\"https:\\\/\\\/blogdofarnesio.com.br\\\/#website\"},\"primaryImageOfPage\":{\"@id\":\"https:\\\/\\\/blogdofarnesio.com.br\\\/?p=73328#primaryimage\"},\"image\":{\"@id\":\"https:\\\/\\\/blogdofarnesio.com.br\\\/?p=73328#primaryimage\"},\"thumbnailUrl\":\"https:\\\/\\\/fbcdn-sphotos-b-a.akamaihd.net\\\/hphotos-ak-prn1\\\/t1\\\/63710_598499510217756_961292781_n.jpg\",\"datePublished\":\"2014-02-15T14:36:24+00:00\",\"breadcrumb\":{\"@id\":\"https:\\\/\\\/blogdofarnesio.com.br\\\/?p=73328#breadcrumb\"},\"inLanguage\":\"pt-BR\",\"potentialAction\":[{\"@type\":\"ReadAction\",\"target\":[\"https:\\\/\\\/blogdofarnesio.com.br\\\/?p=73328\"]}]},{\"@type\":\"ImageObject\",\"inLanguage\":\"pt-BR\",\"@id\":\"https:\\\/\\\/blogdofarnesio.com.br\\\/?p=73328#primaryimage\",\"url\":\"https:\\\/\\\/fbcdn-sphotos-b-a.akamaihd.net\\\/hphotos-ak-prn1\\\/t1\\\/63710_598499510217756_961292781_n.jpg\",\"contentUrl\":\"https:\\\/\\\/fbcdn-sphotos-b-a.akamaihd.net\\\/hphotos-ak-prn1\\\/t1\\\/63710_598499510217756_961292781_n.jpg\"},{\"@type\":\"BreadcrumbList\",\"@id\":\"https:\\\/\\\/blogdofarnesio.com.br\\\/?p=73328#breadcrumb\",\"itemListElement\":[{\"@type\":\"ListItem\",\"position\":1,\"name\":\"In\u00edcio\",\"item\":\"https:\\\/\\\/blogdofarnesio.com.br\\\/\"},{\"@type\":\"ListItem\",\"position\":2,\"name\":\"EM NOTA ENVIADA AO BLOGQSP, DEPUTADA F\u00c1TIMA CRITICA CONV\u00caNIO ASSINADO PELO PREFEITO DE CURA\u00c7\u00c1,PREJUDICANDO REASSENTADOS\"}]},{\"@type\":\"WebSite\",\"@id\":\"https:\\\/\\\/blogdofarnesio.com.br\\\/#website\",\"url\":\"https:\\\/\\\/blogdofarnesio.com.br\\\/\",\"name\":\"Blog do Farn\u00e9sio\",\"description\":\"Quer Saber Pol\u00edtica?\",\"publisher\":{\"@id\":\"https:\\\/\\\/blogdofarnesio.com.br\\\/#organization\"},\"potentialAction\":[{\"@type\":\"SearchAction\",\"target\":{\"@type\":\"EntryPoint\",\"urlTemplate\":\"https:\\\/\\\/blogdofarnesio.com.br\\\/?s={search_term_string}\"},\"query-input\":{\"@type\":\"PropertyValueSpecification\",\"valueRequired\":true,\"valueName\":\"search_term_string\"}}],\"inLanguage\":\"pt-BR\"},{\"@type\":\"Organization\",\"@id\":\"https:\\\/\\\/blogdofarnesio.com.br\\\/#organization\",\"name\":\"Blog do Farn\u00e9sio\",\"url\":\"https:\\\/\\\/blogdofarnesio.com.br\\\/\",\"logo\":{\"@type\":\"ImageObject\",\"inLanguage\":\"pt-BR\",\"@id\":\"https:\\\/\\\/blogdofarnesio.com.br\\\/#\\\/schema\\\/logo\\\/image\\\/\",\"url\":\"https:\\\/\\\/blogdofarnesio.com.br\\\/wp-content\\\/uploads\\\/2026\\\/03\\\/cropped-logo_new-1.png\",\"contentUrl\":\"https:\\\/\\\/blogdofarnesio.com.br\\\/wp-content\\\/uploads\\\/2026\\\/03\\\/cropped-logo_new-1.png\",\"width\":881,\"height\":685,\"caption\":\"Blog do Farn\u00e9sio\"},\"image\":{\"@id\":\"https:\\\/\\\/blogdofarnesio.com.br\\\/#\\\/schema\\\/logo\\\/image\\\/\"},\"sameAs\":[\"https:\\\/\\\/www.facebook.com\\\/BlogQuerSaberPolitica\\\/\"]},{\"@type\":\"Person\",\"@id\":\"https:\\\/\\\/blogdofarnesio.com.br\\\/#\\\/schema\\\/person\\\/dd1bf5eba40b687199ba45ca6b97dff9\",\"name\":\"teste\",\"image\":{\"@type\":\"ImageObject\",\"inLanguage\":\"pt-BR\",\"@id\":\"https:\\\/\\\/secure.gravatar.com\\\/avatar\\\/2172498d4914b51e1d89a0f97957b035ac4938723a5cac208135d389b6972a6d?s=96&d=mm&r=g\",\"url\":\"https:\\\/\\\/secure.gravatar.com\\\/avatar\\\/2172498d4914b51e1d89a0f97957b035ac4938723a5cac208135d389b6972a6d?s=96&d=mm&r=g\",\"contentUrl\":\"https:\\\/\\\/secure.gravatar.com\\\/avatar\\\/2172498d4914b51e1d89a0f97957b035ac4938723a5cac208135d389b6972a6d?s=96&d=mm&r=g\",\"caption\":\"teste\"},\"url\":\"https:\\\/\\\/blogdofarnesio.com.br\\\/?author=3\"}]}<\/script>\n<!-- \/ Yoast SEO plugin. -->","yoast_head_json":{"title":"EM NOTA ENVIADA AO BLOGQSP, DEPUTADA F\u00c1TIMA CRITICA CONV\u00caNIO ASSINADO PELO PREFEITO DE CURA\u00c7\u00c1,PREJUDICANDO REASSENTADOS - Blog do Farn\u00e9sio","robots":{"index":"index","follow":"follow","max-snippet":"max-snippet:-1","max-image-preview":"max-image-preview:large","max-video-preview":"max-video-preview:-1"},"canonical":"https:\/\/blogdofarnesio.com.br\/?p=73328","og_locale":"pt_BR","og_type":"article","og_title":"EM NOTA ENVIADA AO BLOGQSP, DEPUTADA F\u00c1TIMA CRITICA CONV\u00caNIO ASSINADO PELO PREFEITO DE CURA\u00c7\u00c1,PREJUDICANDO REASSENTADOS - Blog do Farn\u00e9sio","og_description":"Em face das manifesta\u00e7\u00f5es ocorridas nos dias 3 e 4, dos trabalhadores reassentados do Projeto Pedra Branca, que reivindicam a revoga\u00e7\u00e3o do convenio CV-I-92.2013.4350.00, or\u00e7ado no valor de R$ 4.151.675,70, que tem como objetivo repassar responsabilidades da infraestrutura de irriga\u00e7\u00e3o e abastecimento de \u00e1gua pot\u00e1vel dos reassentamentos do Projeto Pedra Branca da Chesf para o munic\u00edpio, a deputada estadual F\u00e1tima Nunes (PT), que l\u00e1 esteve presente, solidariza-se com os manifestantes e apoia, de forma incondicional, o movimento, e torna p\u00fablico seu entendimento: As justificativas dos trabalhadores t\u00eam assento no Acordo de 1986, por eles conquistado, que estabelece que a implanta\u00e7\u00e3o dos reassentamentos, infraestrutura de irriga\u00e7\u00e3o, \u00e1gua pot\u00e1vel, entre outros servi\u00e7os \u00e9 de inteira responsabilidade da Chesf, empresa respons\u00e1vel pela constru\u00e7\u00e3o&hellip;","og_url":"https:\/\/blogdofarnesio.com.br\/?p=73328","og_site_name":"Blog do Farn\u00e9sio","article_publisher":"https:\/\/www.facebook.com\/BlogQuerSaberPolitica\/","article_published_time":"2014-02-15T14:36:24+00:00","og_image":[{"url":"https:\/\/fbcdn-sphotos-b-a.akamaihd.net\/hphotos-ak-prn1\/t1\/63710_598499510217756_961292781_n.jpg","type":"","width":"","height":""}],"author":"teste","twitter_card":"summary_large_image","twitter_misc":{"Escrito por":"teste","Est. tempo de leitura":"2 minutos"},"schema":{"@context":"https:\/\/schema.org","@graph":[{"@type":"Article","@id":"https:\/\/blogdofarnesio.com.br\/?p=73328#article","isPartOf":{"@id":"https:\/\/blogdofarnesio.com.br\/?p=73328"},"author":{"name":"teste","@id":"https:\/\/blogdofarnesio.com.br\/#\/schema\/person\/dd1bf5eba40b687199ba45ca6b97dff9"},"headline":"EM NOTA ENVIADA AO BLOGQSP, DEPUTADA F\u00c1TIMA CRITICA CONV\u00caNIO ASSINADO PELO PREFEITO DE CURA\u00c7\u00c1,PREJUDICANDO REASSENTADOS","datePublished":"2014-02-15T14:36:24+00:00","mainEntityOfPage":{"@id":"https:\/\/blogdofarnesio.com.br\/?p=73328"},"wordCount":430,"commentCount":1,"publisher":{"@id":"https:\/\/blogdofarnesio.com.br\/#organization"},"image":{"@id":"https:\/\/blogdofarnesio.com.br\/?p=73328#primaryimage"},"thumbnailUrl":"https:\/\/fbcdn-sphotos-b-a.akamaihd.net\/hphotos-ak-prn1\/t1\/63710_598499510217756_961292781_n.jpg","articleSection":["Cidades"],"inLanguage":"pt-BR","potentialAction":[{"@type":"CommentAction","name":"Comment","target":["https:\/\/blogdofarnesio.com.br\/?p=73328#respond"]}]},{"@type":"WebPage","@id":"https:\/\/blogdofarnesio.com.br\/?p=73328","url":"https:\/\/blogdofarnesio.com.br\/?p=73328","name":"EM NOTA ENVIADA AO BLOGQSP, DEPUTADA F\u00c1TIMA CRITICA CONV\u00caNIO ASSINADO PELO PREFEITO DE CURA\u00c7\u00c1,PREJUDICANDO REASSENTADOS - Blog do Farn\u00e9sio","isPartOf":{"@id":"https:\/\/blogdofarnesio.com.br\/#website"},"primaryImageOfPage":{"@id":"https:\/\/blogdofarnesio.com.br\/?p=73328#primaryimage"},"image":{"@id":"https:\/\/blogdofarnesio.com.br\/?p=73328#primaryimage"},"thumbnailUrl":"https:\/\/fbcdn-sphotos-b-a.akamaihd.net\/hphotos-ak-prn1\/t1\/63710_598499510217756_961292781_n.jpg","datePublished":"2014-02-15T14:36:24+00:00","breadcrumb":{"@id":"https:\/\/blogdofarnesio.com.br\/?p=73328#breadcrumb"},"inLanguage":"pt-BR","potentialAction":[{"@type":"ReadAction","target":["https:\/\/blogdofarnesio.com.br\/?p=73328"]}]},{"@type":"ImageObject","inLanguage":"pt-BR","@id":"https:\/\/blogdofarnesio.com.br\/?p=73328#primaryimage","url":"https:\/\/fbcdn-sphotos-b-a.akamaihd.net\/hphotos-ak-prn1\/t1\/63710_598499510217756_961292781_n.jpg","contentUrl":"https:\/\/fbcdn-sphotos-b-a.akamaihd.net\/hphotos-ak-prn1\/t1\/63710_598499510217756_961292781_n.jpg"},{"@type":"BreadcrumbList","@id":"https:\/\/blogdofarnesio.com.br\/?p=73328#breadcrumb","itemListElement":[{"@type":"ListItem","position":1,"name":"In\u00edcio","item":"https:\/\/blogdofarnesio.com.br\/"},{"@type":"ListItem","position":2,"name":"EM NOTA ENVIADA AO BLOGQSP, DEPUTADA F\u00c1TIMA CRITICA CONV\u00caNIO ASSINADO PELO PREFEITO DE CURA\u00c7\u00c1,PREJUDICANDO REASSENTADOS"}]},{"@type":"WebSite","@id":"https:\/\/blogdofarnesio.com.br\/#website","url":"https:\/\/blogdofarnesio.com.br\/","name":"Blog do Farn\u00e9sio","description":"Quer Saber Pol\u00edtica?","publisher":{"@id":"https:\/\/blogdofarnesio.com.br\/#organization"},"potentialAction":[{"@type":"SearchAction","target":{"@type":"EntryPoint","urlTemplate":"https:\/\/blogdofarnesio.com.br\/?s={search_term_string}"},"query-input":{"@type":"PropertyValueSpecification","valueRequired":true,"valueName":"search_term_string"}}],"inLanguage":"pt-BR"},{"@type":"Organization","@id":"https:\/\/blogdofarnesio.com.br\/#organization","name":"Blog do Farn\u00e9sio","url":"https:\/\/blogdofarnesio.com.br\/","logo":{"@type":"ImageObject","inLanguage":"pt-BR","@id":"https:\/\/blogdofarnesio.com.br\/#\/schema\/logo\/image\/","url":"https:\/\/blogdofarnesio.com.br\/wp-content\/uploads\/2026\/03\/cropped-logo_new-1.png","contentUrl":"https:\/\/blogdofarnesio.com.br\/wp-content\/uploads\/2026\/03\/cropped-logo_new-1.png","width":881,"height":685,"caption":"Blog do Farn\u00e9sio"},"image":{"@id":"https:\/\/blogdofarnesio.com.br\/#\/schema\/logo\/image\/"},"sameAs":["https:\/\/www.facebook.com\/BlogQuerSaberPolitica\/"]},{"@type":"Person","@id":"https:\/\/blogdofarnesio.com.br\/#\/schema\/person\/dd1bf5eba40b687199ba45ca6b97dff9","name":"teste","image":{"@type":"ImageObject","inLanguage":"pt-BR","@id":"https:\/\/secure.gravatar.com\/avatar\/2172498d4914b51e1d89a0f97957b035ac4938723a5cac208135d389b6972a6d?s=96&d=mm&r=g","url":"https:\/\/secure.gravatar.com\/avatar\/2172498d4914b51e1d89a0f97957b035ac4938723a5cac208135d389b6972a6d?s=96&d=mm&r=g","contentUrl":"https:\/\/secure.gravatar.com\/avatar\/2172498d4914b51e1d89a0f97957b035ac4938723a5cac208135d389b6972a6d?s=96&d=mm&r=g","caption":"teste"},"url":"https:\/\/blogdofarnesio.com.br\/?author=3"}]}},"_links":{"self":[{"href":"https:\/\/blogdofarnesio.com.br\/index.php?rest_route=\/wp\/v2\/posts\/73328","targetHints":{"allow":["GET"]}}],"collection":[{"href":"https:\/\/blogdofarnesio.com.br\/index.php?rest_route=\/wp\/v2\/posts"}],"about":[{"href":"https:\/\/blogdofarnesio.com.br\/index.php?rest_route=\/wp\/v2\/types\/post"}],"author":[{"embeddable":true,"href":"https:\/\/blogdofarnesio.com.br\/index.php?rest_route=\/wp\/v2\/users\/3"}],"replies":[{"embeddable":true,"href":"https:\/\/blogdofarnesio.com.br\/index.php?rest_route=%2Fwp%2Fv2%2Fcomments&post=73328"}],"version-history":[{"count":0,"href":"https:\/\/blogdofarnesio.com.br\/index.php?rest_route=\/wp\/v2\/posts\/73328\/revisions"}],"wp:attachment":[{"href":"https:\/\/blogdofarnesio.com.br\/index.php?rest_route=%2Fwp%2Fv2%2Fmedia&parent=73328"}],"wp:term":[{"taxonomy":"category","embeddable":true,"href":"https:\/\/blogdofarnesio.com.br\/index.php?rest_route=%2Fwp%2Fv2%2Fcategories&post=73328"},{"taxonomy":"post_tag","embeddable":true,"href":"https:\/\/blogdofarnesio.com.br\/index.php?rest_route=%2Fwp%2Fv2%2Ftags&post=73328"}],"curies":[{"name":"wp","href":"https:\/\/api.w.org\/{rel}","templated":true}]}}