{"id":73321,"date":"2014-02-15T10:31:19","date_gmt":"2014-02-15T13:31:19","guid":{"rendered":"http:\/\/www.quersaberpolitica.com.br\/?p=73321"},"modified":"2014-02-15T00:29:34","modified_gmt":"2014-02-15T03:29:34","slug":"cubana-que-abandou-o-mais-medicos-quer-indenizacao-por-dano-moral-e-salarios","status":"publish","type":"post","link":"https:\/\/blogdofarnesio.com.br\/?p=73321","title":{"rendered":"CUBANA QUE ABANDOU O &#8220;MAIS M\u00c9DICOS&#8221; QUER INDENIZA\u00c7\u00c3O POR DANO MORAL E SAL\u00c1RIOS"},"content":{"rendered":"<div><img decoding=\"async\" class=\"aligncenter\" alt=\"Cubana pede R$ 149 mil por dano moral e sal\u00e1rios do Mais M\u00e9dicos\" src=\"http:\/\/www.bahianoticias.com.br\/fotos\/saude_noticias\/10913\/xIMAGEM_NOTICIA_5.jpg.pagespeed.ic.PrAxBDqGwi.jpg\" \/><\/div>\n<div style=\"text-align: justify\">A cubana Ramona Rodriguez, que abandonou o programa Mais M\u00e9dicos, entrou nesta sexta-feira (14) com uma a\u00e7\u00e3o na Justi\u00e7a Trabalhista de Tucuru\u00ed (PA) para pedir R$ 149 mil equivalentes a danos morais, direitos trabalhistas e diferen\u00e7a do sal\u00e1rio de R$ 10 mil oferecido pelo governo brasileiro \u2013 e que, segundo a m\u00e9dica, n\u00e3o foi pago a ela durante os quatro meses em que trabalhou no pa\u00eds.<\/div>\n<div style=\"text-align: justify\"><\/div>\n<div style=\"text-align: justify\">De acordo com o advogado Jo\u00e3o Brasil, contratado pelo DEM para representar a cubana, o pedido de indeniza\u00e7\u00e3o foi protocolado no munic\u00edpio de Tucuru\u00ed por ser a cidade com comarca trabalhista mais pr\u00f3xima de Pacaj\u00e1, onde Ramona atuava pelo programa Mais M\u00e9dicos em um posto de sa\u00fade.<\/div>\n<div style=\"text-align: justify\"><\/div>\n<div style=\"text-align: justify\">O advogado explica que, na a\u00e7\u00e3o, pede R$ 69 mil por parte da remunera\u00e7\u00e3o que teria ido para Cuba e direitos trabalhistas n\u00e3o recolhidos, e outros R$ 80 mil por dano moral pelo tratamento \u201cdiscriminat\u00f3rio\u201d que Ramona teria recebido no programa quanto comparada a profissionais de outras nacionalidades contratados pelo governo.<\/div>\n<div style=\"text-align: justify\"><\/div>\n<div style=\"text-align: justify\">No dia 1\u00ba de fevereiro, a cubana deixou Pacaj\u00e1 e foi para Bras\u00edlia depois de descobrir que outros m\u00e9dicos estrangeiros contratados para trabalhar no Brasil ganhavam R$ 10 mil por m\u00eas, enquanto os cubanos recebem, segundo ela, US$ 400 (cerca de R$ 965). Informa\u00e7\u00f5es do Bem Estar.<\/div>\n","protected":false},"excerpt":{"rendered":"<p>A cubana Ramona Rodriguez, que abandonou o programa Mais M\u00e9dicos, entrou nesta sexta-feira (14) com uma a\u00e7\u00e3o na Justi\u00e7a Trabalhista de Tucuru\u00ed (PA) para pedir R$ 149 mil equivalentes a danos morais, direitos trabalhistas e diferen\u00e7a do sal\u00e1rio de R$ 10 mil oferecido pelo governo brasileiro \u2013 e que, segundo a m\u00e9dica, n\u00e3o foi pago a ela durante os quatro meses em que trabalhou no pa\u00eds. De acordo com o advogado Jo\u00e3o Brasil, contratado pelo DEM para representar a cubana, o pedido de indeniza\u00e7\u00e3o foi protocolado no munic\u00edpio de Tucuru\u00ed por ser a cidade com comarca trabalhista mais pr\u00f3xima de Pacaj\u00e1, onde Ramona atuava pelo programa Mais M\u00e9dicos em um posto de sa\u00fade. O advogado explica que, na a\u00e7\u00e3o, pede&hellip; <\/p>\n","protected":false},"author":3,"featured_media":0,"comment_status":"open","ping_status":"open","sticky":false,"template":"","format":"standard","meta":{"_acf_changed":false,"footnotes":""},"categories":[4],"tags":[],"class_list":["post-73321","post","type-post","status-publish","format-standard","hentry","category-saude"],"acf":[],"yoast_head":"<!-- This site is optimized with the Yoast SEO plugin v27.4 - https:\/\/yoast.com\/product\/yoast-seo-wordpress\/ -->\n<title>CUBANA QUE ABANDOU O &quot;MAIS M\u00c9DICOS&quot; QUER INDENIZA\u00c7\u00c3O POR DANO MORAL E SAL\u00c1RIOS - Blog do Farn\u00e9sio<\/title>\n<meta name=\"robots\" content=\"index, follow, max-snippet:-1, max-image-preview:large, max-video-preview:-1\" \/>\n<link rel=\"canonical\" href=\"https:\/\/blogdofarnesio.com.br\/?p=73321\" \/>\n<meta property=\"og:locale\" content=\"pt_BR\" \/>\n<meta property=\"og:type\" content=\"article\" \/>\n<meta property=\"og:title\" content=\"CUBANA QUE ABANDOU O &quot;MAIS M\u00c9DICOS&quot; QUER INDENIZA\u00c7\u00c3O POR DANO MORAL E SAL\u00c1RIOS - Blog do Farn\u00e9sio\" \/>\n<meta property=\"og:description\" content=\"A cubana Ramona Rodriguez, que abandonou o programa Mais M\u00e9dicos, entrou nesta sexta-feira (14) com uma a\u00e7\u00e3o na Justi\u00e7a Trabalhista de Tucuru\u00ed (PA) para pedir R$ 149 mil equivalentes a danos morais, direitos trabalhistas e diferen\u00e7a do sal\u00e1rio de R$ 10 mil oferecido pelo governo brasileiro \u2013 e que, segundo a m\u00e9dica, n\u00e3o foi pago a ela durante os quatro meses em que trabalhou no pa\u00eds. De acordo com o advogado Jo\u00e3o Brasil, contratado pelo DEM para representar a cubana, o pedido de indeniza\u00e7\u00e3o foi protocolado no munic\u00edpio de Tucuru\u00ed por ser a cidade com comarca trabalhista mais pr\u00f3xima de Pacaj\u00e1, onde Ramona atuava pelo programa Mais M\u00e9dicos em um posto de sa\u00fade. O advogado explica que, na a\u00e7\u00e3o, pede&hellip;\" \/>\n<meta property=\"og:url\" content=\"https:\/\/blogdofarnesio.com.br\/?p=73321\" \/>\n<meta property=\"og:site_name\" content=\"Blog do Farn\u00e9sio\" \/>\n<meta property=\"article:publisher\" content=\"https:\/\/www.facebook.com\/BlogQuerSaberPolitica\/\" \/>\n<meta property=\"article:published_time\" content=\"2014-02-15T13:31:19+00:00\" \/>\n<meta property=\"og:image\" content=\"http:\/\/www.bahianoticias.com.br\/fotos\/saude_noticias\/10913\/xIMAGEM_NOTICIA_5.jpg.pagespeed.ic.PrAxBDqGwi.jpg\" \/>\n<meta name=\"author\" content=\"teste\" \/>\n<meta name=\"twitter:card\" content=\"summary_large_image\" \/>\n<meta name=\"twitter:label1\" content=\"Escrito por\" \/>\n\t<meta name=\"twitter:data1\" content=\"teste\" \/>\n\t<meta name=\"twitter:label2\" content=\"Est. tempo de leitura\" \/>\n\t<meta name=\"twitter:data2\" content=\"1 minuto\" \/>\n<script type=\"application\/ld+json\" class=\"yoast-schema-graph\">{\"@context\":\"https:\\\/\\\/schema.org\",\"@graph\":[{\"@type\":\"Article\",\"@id\":\"https:\\\/\\\/blogdofarnesio.com.br\\\/?p=73321#article\",\"isPartOf\":{\"@id\":\"https:\\\/\\\/blogdofarnesio.com.br\\\/?p=73321\"},\"author\":{\"name\":\"teste\",\"@id\":\"https:\\\/\\\/blogdofarnesio.com.br\\\/#\\\/schema\\\/person\\\/dd1bf5eba40b687199ba45ca6b97dff9\"},\"headline\":\"CUBANA QUE ABANDOU O &#8220;MAIS M\u00c9DICOS&#8221; QUER INDENIZA\u00c7\u00c3O POR DANO MORAL E SAL\u00c1RIOS\",\"datePublished\":\"2014-02-15T13:31:19+00:00\",\"mainEntityOfPage\":{\"@id\":\"https:\\\/\\\/blogdofarnesio.com.br\\\/?p=73321\"},\"wordCount\":239,\"commentCount\":0,\"publisher\":{\"@id\":\"https:\\\/\\\/blogdofarnesio.com.br\\\/#organization\"},\"image\":{\"@id\":\"https:\\\/\\\/blogdofarnesio.com.br\\\/?p=73321#primaryimage\"},\"thumbnailUrl\":\"http:\\\/\\\/www.bahianoticias.com.br\\\/fotos\\\/saude_noticias\\\/10913\\\/xIMAGEM_NOTICIA_5.jpg.pagespeed.ic.PrAxBDqGwi.jpg\",\"articleSection\":[\"Sa\u00fade\"],\"inLanguage\":\"pt-BR\",\"potentialAction\":[{\"@type\":\"CommentAction\",\"name\":\"Comment\",\"target\":[\"https:\\\/\\\/blogdofarnesio.com.br\\\/?p=73321#respond\"]}]},{\"@type\":\"WebPage\",\"@id\":\"https:\\\/\\\/blogdofarnesio.com.br\\\/?p=73321\",\"url\":\"https:\\\/\\\/blogdofarnesio.com.br\\\/?p=73321\",\"name\":\"CUBANA QUE ABANDOU O \\\"MAIS M\u00c9DICOS\\\" QUER INDENIZA\u00c7\u00c3O POR DANO MORAL E SAL\u00c1RIOS - Blog do Farn\u00e9sio\",\"isPartOf\":{\"@id\":\"https:\\\/\\\/blogdofarnesio.com.br\\\/#website\"},\"primaryImageOfPage\":{\"@id\":\"https:\\\/\\\/blogdofarnesio.com.br\\\/?p=73321#primaryimage\"},\"image\":{\"@id\":\"https:\\\/\\\/blogdofarnesio.com.br\\\/?p=73321#primaryimage\"},\"thumbnailUrl\":\"http:\\\/\\\/www.bahianoticias.com.br\\\/fotos\\\/saude_noticias\\\/10913\\\/xIMAGEM_NOTICIA_5.jpg.pagespeed.ic.PrAxBDqGwi.jpg\",\"datePublished\":\"2014-02-15T13:31:19+00:00\",\"breadcrumb\":{\"@id\":\"https:\\\/\\\/blogdofarnesio.com.br\\\/?p=73321#breadcrumb\"},\"inLanguage\":\"pt-BR\",\"potentialAction\":[{\"@type\":\"ReadAction\",\"target\":[\"https:\\\/\\\/blogdofarnesio.com.br\\\/?p=73321\"]}]},{\"@type\":\"ImageObject\",\"inLanguage\":\"pt-BR\",\"@id\":\"https:\\\/\\\/blogdofarnesio.com.br\\\/?p=73321#primaryimage\",\"url\":\"http:\\\/\\\/www.bahianoticias.com.br\\\/fotos\\\/saude_noticias\\\/10913\\\/xIMAGEM_NOTICIA_5.jpg.pagespeed.ic.PrAxBDqGwi.jpg\",\"contentUrl\":\"http:\\\/\\\/www.bahianoticias.com.br\\\/fotos\\\/saude_noticias\\\/10913\\\/xIMAGEM_NOTICIA_5.jpg.pagespeed.ic.PrAxBDqGwi.jpg\"},{\"@type\":\"BreadcrumbList\",\"@id\":\"https:\\\/\\\/blogdofarnesio.com.br\\\/?p=73321#breadcrumb\",\"itemListElement\":[{\"@type\":\"ListItem\",\"position\":1,\"name\":\"In\u00edcio\",\"item\":\"https:\\\/\\\/blogdofarnesio.com.br\\\/\"},{\"@type\":\"ListItem\",\"position\":2,\"name\":\"CUBANA QUE ABANDOU O &#8220;MAIS M\u00c9DICOS&#8221; QUER INDENIZA\u00c7\u00c3O POR DANO MORAL E SAL\u00c1RIOS\"}]},{\"@type\":\"WebSite\",\"@id\":\"https:\\\/\\\/blogdofarnesio.com.br\\\/#website\",\"url\":\"https:\\\/\\\/blogdofarnesio.com.br\\\/\",\"name\":\"Blog do Farn\u00e9sio\",\"description\":\"Quer Saber Pol\u00edtica?\",\"publisher\":{\"@id\":\"https:\\\/\\\/blogdofarnesio.com.br\\\/#organization\"},\"potentialAction\":[{\"@type\":\"SearchAction\",\"target\":{\"@type\":\"EntryPoint\",\"urlTemplate\":\"https:\\\/\\\/blogdofarnesio.com.br\\\/?s={search_term_string}\"},\"query-input\":{\"@type\":\"PropertyValueSpecification\",\"valueRequired\":true,\"valueName\":\"search_term_string\"}}],\"inLanguage\":\"pt-BR\"},{\"@type\":\"Organization\",\"@id\":\"https:\\\/\\\/blogdofarnesio.com.br\\\/#organization\",\"name\":\"Blog do Farn\u00e9sio\",\"url\":\"https:\\\/\\\/blogdofarnesio.com.br\\\/\",\"logo\":{\"@type\":\"ImageObject\",\"inLanguage\":\"pt-BR\",\"@id\":\"https:\\\/\\\/blogdofarnesio.com.br\\\/#\\\/schema\\\/logo\\\/image\\\/\",\"url\":\"https:\\\/\\\/blogdofarnesio.com.br\\\/wp-content\\\/uploads\\\/2026\\\/03\\\/cropped-logo_new-1.png\",\"contentUrl\":\"https:\\\/\\\/blogdofarnesio.com.br\\\/wp-content\\\/uploads\\\/2026\\\/03\\\/cropped-logo_new-1.png\",\"width\":881,\"height\":685,\"caption\":\"Blog do Farn\u00e9sio\"},\"image\":{\"@id\":\"https:\\\/\\\/blogdofarnesio.com.br\\\/#\\\/schema\\\/logo\\\/image\\\/\"},\"sameAs\":[\"https:\\\/\\\/www.facebook.com\\\/BlogQuerSaberPolitica\\\/\"]},{\"@type\":\"Person\",\"@id\":\"https:\\\/\\\/blogdofarnesio.com.br\\\/#\\\/schema\\\/person\\\/dd1bf5eba40b687199ba45ca6b97dff9\",\"name\":\"teste\",\"image\":{\"@type\":\"ImageObject\",\"inLanguage\":\"pt-BR\",\"@id\":\"https:\\\/\\\/secure.gravatar.com\\\/avatar\\\/2172498d4914b51e1d89a0f97957b035ac4938723a5cac208135d389b6972a6d?s=96&d=mm&r=g\",\"url\":\"https:\\\/\\\/secure.gravatar.com\\\/avatar\\\/2172498d4914b51e1d89a0f97957b035ac4938723a5cac208135d389b6972a6d?s=96&d=mm&r=g\",\"contentUrl\":\"https:\\\/\\\/secure.gravatar.com\\\/avatar\\\/2172498d4914b51e1d89a0f97957b035ac4938723a5cac208135d389b6972a6d?s=96&d=mm&r=g\",\"caption\":\"teste\"},\"url\":\"https:\\\/\\\/blogdofarnesio.com.br\\\/?author=3\"}]}<\/script>\n<!-- \/ Yoast SEO plugin. -->","yoast_head_json":{"title":"CUBANA QUE ABANDOU O \"MAIS M\u00c9DICOS\" QUER INDENIZA\u00c7\u00c3O POR DANO MORAL E SAL\u00c1RIOS - Blog do Farn\u00e9sio","robots":{"index":"index","follow":"follow","max-snippet":"max-snippet:-1","max-image-preview":"max-image-preview:large","max-video-preview":"max-video-preview:-1"},"canonical":"https:\/\/blogdofarnesio.com.br\/?p=73321","og_locale":"pt_BR","og_type":"article","og_title":"CUBANA QUE ABANDOU O \"MAIS M\u00c9DICOS\" QUER INDENIZA\u00c7\u00c3O POR DANO MORAL E SAL\u00c1RIOS - Blog do Farn\u00e9sio","og_description":"A cubana Ramona Rodriguez, que abandonou o programa Mais M\u00e9dicos, entrou nesta sexta-feira (14) com uma a\u00e7\u00e3o na Justi\u00e7a Trabalhista de Tucuru\u00ed (PA) para pedir R$ 149 mil equivalentes a danos morais, direitos trabalhistas e diferen\u00e7a do sal\u00e1rio de R$ 10 mil oferecido pelo governo brasileiro \u2013 e que, segundo a m\u00e9dica, n\u00e3o foi pago a ela durante os quatro meses em que trabalhou no pa\u00eds. De acordo com o advogado Jo\u00e3o Brasil, contratado pelo DEM para representar a cubana, o pedido de indeniza\u00e7\u00e3o foi protocolado no munic\u00edpio de Tucuru\u00ed por ser a cidade com comarca trabalhista mais pr\u00f3xima de Pacaj\u00e1, onde Ramona atuava pelo programa Mais M\u00e9dicos em um posto de sa\u00fade. O advogado explica que, na a\u00e7\u00e3o, pede&hellip;","og_url":"https:\/\/blogdofarnesio.com.br\/?p=73321","og_site_name":"Blog do Farn\u00e9sio","article_publisher":"https:\/\/www.facebook.com\/BlogQuerSaberPolitica\/","article_published_time":"2014-02-15T13:31:19+00:00","og_image":[{"url":"http:\/\/www.bahianoticias.com.br\/fotos\/saude_noticias\/10913\/xIMAGEM_NOTICIA_5.jpg.pagespeed.ic.PrAxBDqGwi.jpg","type":"","width":"","height":""}],"author":"teste","twitter_card":"summary_large_image","twitter_misc":{"Escrito por":"teste","Est. tempo de leitura":"1 minuto"},"schema":{"@context":"https:\/\/schema.org","@graph":[{"@type":"Article","@id":"https:\/\/blogdofarnesio.com.br\/?p=73321#article","isPartOf":{"@id":"https:\/\/blogdofarnesio.com.br\/?p=73321"},"author":{"name":"teste","@id":"https:\/\/blogdofarnesio.com.br\/#\/schema\/person\/dd1bf5eba40b687199ba45ca6b97dff9"},"headline":"CUBANA QUE ABANDOU O &#8220;MAIS M\u00c9DICOS&#8221; QUER INDENIZA\u00c7\u00c3O POR DANO MORAL E SAL\u00c1RIOS","datePublished":"2014-02-15T13:31:19+00:00","mainEntityOfPage":{"@id":"https:\/\/blogdofarnesio.com.br\/?p=73321"},"wordCount":239,"commentCount":0,"publisher":{"@id":"https:\/\/blogdofarnesio.com.br\/#organization"},"image":{"@id":"https:\/\/blogdofarnesio.com.br\/?p=73321#primaryimage"},"thumbnailUrl":"http:\/\/www.bahianoticias.com.br\/fotos\/saude_noticias\/10913\/xIMAGEM_NOTICIA_5.jpg.pagespeed.ic.PrAxBDqGwi.jpg","articleSection":["Sa\u00fade"],"inLanguage":"pt-BR","potentialAction":[{"@type":"CommentAction","name":"Comment","target":["https:\/\/blogdofarnesio.com.br\/?p=73321#respond"]}]},{"@type":"WebPage","@id":"https:\/\/blogdofarnesio.com.br\/?p=73321","url":"https:\/\/blogdofarnesio.com.br\/?p=73321","name":"CUBANA QUE ABANDOU O \"MAIS M\u00c9DICOS\" QUER INDENIZA\u00c7\u00c3O POR DANO MORAL E SAL\u00c1RIOS - Blog do Farn\u00e9sio","isPartOf":{"@id":"https:\/\/blogdofarnesio.com.br\/#website"},"primaryImageOfPage":{"@id":"https:\/\/blogdofarnesio.com.br\/?p=73321#primaryimage"},"image":{"@id":"https:\/\/blogdofarnesio.com.br\/?p=73321#primaryimage"},"thumbnailUrl":"http:\/\/www.bahianoticias.com.br\/fotos\/saude_noticias\/10913\/xIMAGEM_NOTICIA_5.jpg.pagespeed.ic.PrAxBDqGwi.jpg","datePublished":"2014-02-15T13:31:19+00:00","breadcrumb":{"@id":"https:\/\/blogdofarnesio.com.br\/?p=73321#breadcrumb"},"inLanguage":"pt-BR","potentialAction":[{"@type":"ReadAction","target":["https:\/\/blogdofarnesio.com.br\/?p=73321"]}]},{"@type":"ImageObject","inLanguage":"pt-BR","@id":"https:\/\/blogdofarnesio.com.br\/?p=73321#primaryimage","url":"http:\/\/www.bahianoticias.com.br\/fotos\/saude_noticias\/10913\/xIMAGEM_NOTICIA_5.jpg.pagespeed.ic.PrAxBDqGwi.jpg","contentUrl":"http:\/\/www.bahianoticias.com.br\/fotos\/saude_noticias\/10913\/xIMAGEM_NOTICIA_5.jpg.pagespeed.ic.PrAxBDqGwi.jpg"},{"@type":"BreadcrumbList","@id":"https:\/\/blogdofarnesio.com.br\/?p=73321#breadcrumb","itemListElement":[{"@type":"ListItem","position":1,"name":"In\u00edcio","item":"https:\/\/blogdofarnesio.com.br\/"},{"@type":"ListItem","position":2,"name":"CUBANA QUE ABANDOU O &#8220;MAIS M\u00c9DICOS&#8221; QUER INDENIZA\u00c7\u00c3O POR DANO MORAL E SAL\u00c1RIOS"}]},{"@type":"WebSite","@id":"https:\/\/blogdofarnesio.com.br\/#website","url":"https:\/\/blogdofarnesio.com.br\/","name":"Blog do Farn\u00e9sio","description":"Quer Saber Pol\u00edtica?","publisher":{"@id":"https:\/\/blogdofarnesio.com.br\/#organization"},"potentialAction":[{"@type":"SearchAction","target":{"@type":"EntryPoint","urlTemplate":"https:\/\/blogdofarnesio.com.br\/?s={search_term_string}"},"query-input":{"@type":"PropertyValueSpecification","valueRequired":true,"valueName":"search_term_string"}}],"inLanguage":"pt-BR"},{"@type":"Organization","@id":"https:\/\/blogdofarnesio.com.br\/#organization","name":"Blog do Farn\u00e9sio","url":"https:\/\/blogdofarnesio.com.br\/","logo":{"@type":"ImageObject","inLanguage":"pt-BR","@id":"https:\/\/blogdofarnesio.com.br\/#\/schema\/logo\/image\/","url":"https:\/\/blogdofarnesio.com.br\/wp-content\/uploads\/2026\/03\/cropped-logo_new-1.png","contentUrl":"https:\/\/blogdofarnesio.com.br\/wp-content\/uploads\/2026\/03\/cropped-logo_new-1.png","width":881,"height":685,"caption":"Blog do Farn\u00e9sio"},"image":{"@id":"https:\/\/blogdofarnesio.com.br\/#\/schema\/logo\/image\/"},"sameAs":["https:\/\/www.facebook.com\/BlogQuerSaberPolitica\/"]},{"@type":"Person","@id":"https:\/\/blogdofarnesio.com.br\/#\/schema\/person\/dd1bf5eba40b687199ba45ca6b97dff9","name":"teste","image":{"@type":"ImageObject","inLanguage":"pt-BR","@id":"https:\/\/secure.gravatar.com\/avatar\/2172498d4914b51e1d89a0f97957b035ac4938723a5cac208135d389b6972a6d?s=96&d=mm&r=g","url":"https:\/\/secure.gravatar.com\/avatar\/2172498d4914b51e1d89a0f97957b035ac4938723a5cac208135d389b6972a6d?s=96&d=mm&r=g","contentUrl":"https:\/\/secure.gravatar.com\/avatar\/2172498d4914b51e1d89a0f97957b035ac4938723a5cac208135d389b6972a6d?s=96&d=mm&r=g","caption":"teste"},"url":"https:\/\/blogdofarnesio.com.br\/?author=3"}]}},"_links":{"self":[{"href":"https:\/\/blogdofarnesio.com.br\/index.php?rest_route=\/wp\/v2\/posts\/73321","targetHints":{"allow":["GET"]}}],"collection":[{"href":"https:\/\/blogdofarnesio.com.br\/index.php?rest_route=\/wp\/v2\/posts"}],"about":[{"href":"https:\/\/blogdofarnesio.com.br\/index.php?rest_route=\/wp\/v2\/types\/post"}],"author":[{"embeddable":true,"href":"https:\/\/blogdofarnesio.com.br\/index.php?rest_route=\/wp\/v2\/users\/3"}],"replies":[{"embeddable":true,"href":"https:\/\/blogdofarnesio.com.br\/index.php?rest_route=%2Fwp%2Fv2%2Fcomments&post=73321"}],"version-history":[{"count":0,"href":"https:\/\/blogdofarnesio.com.br\/index.php?rest_route=\/wp\/v2\/posts\/73321\/revisions"}],"wp:attachment":[{"href":"https:\/\/blogdofarnesio.com.br\/index.php?rest_route=%2Fwp%2Fv2%2Fmedia&parent=73321"}],"wp:term":[{"taxonomy":"category","embeddable":true,"href":"https:\/\/blogdofarnesio.com.br\/index.php?rest_route=%2Fwp%2Fv2%2Fcategories&post=73321"},{"taxonomy":"post_tag","embeddable":true,"href":"https:\/\/blogdofarnesio.com.br\/index.php?rest_route=%2Fwp%2Fv2%2Ftags&post=73321"}],"curies":[{"name":"wp","href":"https:\/\/api.w.org\/{rel}","templated":true}]}}