{"id":73131,"date":"2014-02-17T08:34:55","date_gmt":"2014-02-17T11:34:55","guid":{"rendered":"http:\/\/www.quersaberpolitica.com.br\/?p=73131"},"modified":"2014-02-16T15:27:06","modified_gmt":"2014-02-16T18:27:06","slug":"mais-de-12-mil-militantes-do-movimento-emancipalista-devem-chegar-a-brasilia","status":"publish","type":"post","link":"https:\/\/blogdofarnesio.com.br\/?p=73131","title":{"rendered":"MAIS DE 12 MIL MILITANTES DO MOVIMENTO EMANCIPALISTA, DEVEM CHEGAR A BRAS\u00cdLIA"},"content":{"rendered":"<p style=\"text-align: justify\"><a href=\"http:\/\/www.quersaberpolitica.com.br\/2016\/wp-content\/uploads\/2013\/05\/blogqsp.emancipalistas-1.jpg\"><img loading=\"lazy\" decoding=\"async\" class=\"alignleft size-medium wp-image-39320\" alt=\"blogqsp.emancipalistas 1\" src=\"http:\/\/www.quersaberpolitica.com.br\/2016\/wp-content\/uploads\/2013\/05\/blogqsp.emancipalistas-1-300x224.jpg\" width=\"300\" height=\"224\" srcset=\"https:\/\/blogdofarnesio.com.br\/wp-content\/uploads\/2013\/05\/blogqsp.emancipalistas-1-300x224.jpg 300w, https:\/\/blogdofarnesio.com.br\/wp-content\/uploads\/2013\/05\/blogqsp.emancipalistas-1-1024x764.jpg 1024w, https:\/\/blogdofarnesio.com.br\/wp-content\/uploads\/2013\/05\/blogqsp.emancipalistas-1-401x300.jpg 401w\" sizes=\"auto, (max-width: 300px) 100vw, 300px\" \/><\/a>Em entrevista a Radio Filadelfia FM de P\u00e3o de A\u00e7\u00facar, \u00a0Augusto Cesar, do distrito do Coque em Vitoria do Mearim no estado do Maranh\u00e3o, l\u00edder nacional do movimento emancipalista, disse que mais de 12 mil populares devem chegar a Bras\u00edlia amanh\u00e3 dia 18, para assistir a aprecia\u00e7\u00e3o do veto presidencial pelas duas casas legislativas Senado e C\u00e2mara dos deputados.<\/p>\n<p style=\"text-align: justify\">O movimento informa que 500 bandeiras foram confeccionada com s\u00edmbolo e marca do PT, caso o veto seja mantido os militantes do movimento queimar\u00e3o as mesma, em forma de protesto na pra\u00e7a dos tr\u00eas poderes.<\/p>\n<p style=\"text-align: justify\">Outras faixas com dizeres de sensibiliza\u00e7\u00e3o j\u00e1 foram confeccionadas \u00a0em Pernambuco e Bahia: \u201c SENHORES DEPUTADOS E SENADORES, VAMOS DERRUBAR O VETO, OU NOS DERRUBAREMOS VOC\u00caS EM 2014\u201d.<!--more-->Izacolandia, Distrito de Vermelhos em Lagoa Grande e Santana do Sobrado na Bahia j\u00e1 est\u00e3o articulados com faixas e camisas e prometem fazer parte do grande cord\u00e3o humano que desembarcar\u00e1 em Bras\u00edlia no pr\u00f3ximo dia 18.<\/p>\n<p style=\"text-align: justify\">Al\u00e9m dos citados, outros do estado, a exemplo, dos Distritos de: P\u00e3o de A\u00e7ucar, Ponta de Pedras, Nascente, Barra de S\u00e3o Pedro, S\u00e3o Domingos, Cavaleiros, Ponte dos Carvalhos entre outros, j\u00e1 est\u00e3o com suas caravanas articuladas.<\/p>\n<p style=\"text-align: justify\">Ascom<\/p>\n","protected":false},"excerpt":{"rendered":"<p>Em entrevista a Radio Filadelfia FM de P\u00e3o de A\u00e7\u00facar, \u00a0Augusto Cesar, do distrito do Coque em Vitoria do Mearim no estado do Maranh\u00e3o, l\u00edder nacional do movimento emancipalista, disse que mais de 12 mil populares devem chegar a Bras\u00edlia amanh\u00e3 dia 18, para assistir a aprecia\u00e7\u00e3o do veto presidencial pelas duas casas legislativas Senado e C\u00e2mara dos deputados. O movimento informa que 500 bandeiras foram confeccionada com s\u00edmbolo e marca do PT, caso o veto seja mantido os militantes do movimento queimar\u00e3o as mesma, em forma de protesto na pra\u00e7a dos tr\u00eas poderes. Outras faixas com dizeres de sensibiliza\u00e7\u00e3o j\u00e1 foram confeccionadas \u00a0em Pernambuco e Bahia: \u201c SENHORES DEPUTADOS E SENADORES, VAMOS DERRUBAR O VETO, OU NOS DERRUBAREMOS VOC\u00caS&hellip; <\/p>\n","protected":false},"author":3,"featured_media":0,"comment_status":"open","ping_status":"open","sticky":false,"template":"","format":"standard","meta":{"_acf_changed":false,"footnotes":""},"categories":[1],"tags":[],"class_list":["post-73131","post","type-post","status-publish","format-standard","hentry","category-politica"],"acf":[],"yoast_head":"<!-- This site is optimized with the Yoast SEO plugin v27.4 - https:\/\/yoast.com\/product\/yoast-seo-wordpress\/ -->\n<title>MAIS DE 12 MIL MILITANTES DO MOVIMENTO EMANCIPALISTA, DEVEM CHEGAR A BRAS\u00cdLIA  - Blog do Farn\u00e9sio<\/title>\n<meta name=\"robots\" content=\"index, follow, max-snippet:-1, max-image-preview:large, max-video-preview:-1\" \/>\n<link rel=\"canonical\" href=\"https:\/\/blogdofarnesio.com.br\/?p=73131\" \/>\n<meta property=\"og:locale\" content=\"pt_BR\" \/>\n<meta property=\"og:type\" content=\"article\" \/>\n<meta property=\"og:title\" content=\"MAIS DE 12 MIL MILITANTES DO MOVIMENTO EMANCIPALISTA, DEVEM CHEGAR A BRAS\u00cdLIA  - Blog do Farn\u00e9sio\" \/>\n<meta property=\"og:description\" content=\"Em entrevista a Radio Filadelfia FM de P\u00e3o de A\u00e7\u00facar, \u00a0Augusto Cesar, do distrito do Coque em Vitoria do Mearim no estado do Maranh\u00e3o, l\u00edder nacional do movimento emancipalista, disse que mais de 12 mil populares devem chegar a Bras\u00edlia amanh\u00e3 dia 18, para assistir a aprecia\u00e7\u00e3o do veto presidencial pelas duas casas legislativas Senado e C\u00e2mara dos deputados. O movimento informa que 500 bandeiras foram confeccionada com s\u00edmbolo e marca do PT, caso o veto seja mantido os militantes do movimento queimar\u00e3o as mesma, em forma de protesto na pra\u00e7a dos tr\u00eas poderes. Outras faixas com dizeres de sensibiliza\u00e7\u00e3o j\u00e1 foram confeccionadas \u00a0em Pernambuco e Bahia: \u201c SENHORES DEPUTADOS E SENADORES, VAMOS DERRUBAR O VETO, OU NOS DERRUBAREMOS VOC\u00caS&hellip;\" \/>\n<meta property=\"og:url\" content=\"https:\/\/blogdofarnesio.com.br\/?p=73131\" \/>\n<meta property=\"og:site_name\" content=\"Blog do Farn\u00e9sio\" \/>\n<meta property=\"article:publisher\" content=\"https:\/\/www.facebook.com\/BlogQuerSaberPolitica\/\" \/>\n<meta property=\"article:published_time\" content=\"2014-02-17T11:34:55+00:00\" \/>\n<meta property=\"og:image\" content=\"http:\/\/www.quersaberpolitica.com.br\/2016\/wp-content\/uploads\/2013\/05\/blogqsp.emancipalistas-1-300x224.jpg\" \/>\n<meta name=\"author\" content=\"teste\" \/>\n<meta name=\"twitter:card\" content=\"summary_large_image\" \/>\n<meta name=\"twitter:label1\" content=\"Escrito por\" \/>\n\t<meta name=\"twitter:data1\" content=\"teste\" \/>\n\t<meta name=\"twitter:label2\" content=\"Est. tempo de leitura\" \/>\n\t<meta name=\"twitter:data2\" content=\"1 minuto\" \/>\n<script type=\"application\/ld+json\" class=\"yoast-schema-graph\">{\"@context\":\"https:\\\/\\\/schema.org\",\"@graph\":[{\"@type\":\"Article\",\"@id\":\"https:\\\/\\\/blogdofarnesio.com.br\\\/?p=73131#article\",\"isPartOf\":{\"@id\":\"https:\\\/\\\/blogdofarnesio.com.br\\\/?p=73131\"},\"author\":{\"name\":\"teste\",\"@id\":\"https:\\\/\\\/blogdofarnesio.com.br\\\/#\\\/schema\\\/person\\\/dd1bf5eba40b687199ba45ca6b97dff9\"},\"headline\":\"MAIS DE 12 MIL MILITANTES DO MOVIMENTO EMANCIPALISTA, DEVEM CHEGAR A BRAS\u00cdLIA\",\"datePublished\":\"2014-02-17T11:34:55+00:00\",\"mainEntityOfPage\":{\"@id\":\"https:\\\/\\\/blogdofarnesio.com.br\\\/?p=73131\"},\"wordCount\":224,\"commentCount\":0,\"publisher\":{\"@id\":\"https:\\\/\\\/blogdofarnesio.com.br\\\/#organization\"},\"image\":{\"@id\":\"https:\\\/\\\/blogdofarnesio.com.br\\\/?p=73131#primaryimage\"},\"thumbnailUrl\":\"http:\\\/\\\/www.quersaberpolitica.com.br\\\/2016\\\/wp-content\\\/uploads\\\/2013\\\/05\\\/blogqsp.emancipalistas-1-300x224.jpg\",\"articleSection\":[\"Pol\u00edtica\"],\"inLanguage\":\"pt-BR\",\"potentialAction\":[{\"@type\":\"CommentAction\",\"name\":\"Comment\",\"target\":[\"https:\\\/\\\/blogdofarnesio.com.br\\\/?p=73131#respond\"]}]},{\"@type\":\"WebPage\",\"@id\":\"https:\\\/\\\/blogdofarnesio.com.br\\\/?p=73131\",\"url\":\"https:\\\/\\\/blogdofarnesio.com.br\\\/?p=73131\",\"name\":\"MAIS DE 12 MIL MILITANTES DO MOVIMENTO EMANCIPALISTA, DEVEM CHEGAR A BRAS\u00cdLIA - Blog do Farn\u00e9sio\",\"isPartOf\":{\"@id\":\"https:\\\/\\\/blogdofarnesio.com.br\\\/#website\"},\"primaryImageOfPage\":{\"@id\":\"https:\\\/\\\/blogdofarnesio.com.br\\\/?p=73131#primaryimage\"},\"image\":{\"@id\":\"https:\\\/\\\/blogdofarnesio.com.br\\\/?p=73131#primaryimage\"},\"thumbnailUrl\":\"http:\\\/\\\/www.quersaberpolitica.com.br\\\/2016\\\/wp-content\\\/uploads\\\/2013\\\/05\\\/blogqsp.emancipalistas-1-300x224.jpg\",\"datePublished\":\"2014-02-17T11:34:55+00:00\",\"breadcrumb\":{\"@id\":\"https:\\\/\\\/blogdofarnesio.com.br\\\/?p=73131#breadcrumb\"},\"inLanguage\":\"pt-BR\",\"potentialAction\":[{\"@type\":\"ReadAction\",\"target\":[\"https:\\\/\\\/blogdofarnesio.com.br\\\/?p=73131\"]}]},{\"@type\":\"ImageObject\",\"inLanguage\":\"pt-BR\",\"@id\":\"https:\\\/\\\/blogdofarnesio.com.br\\\/?p=73131#primaryimage\",\"url\":\"http:\\\/\\\/www.quersaberpolitica.com.br\\\/2016\\\/wp-content\\\/uploads\\\/2013\\\/05\\\/blogqsp.emancipalistas-1-300x224.jpg\",\"contentUrl\":\"http:\\\/\\\/www.quersaberpolitica.com.br\\\/2016\\\/wp-content\\\/uploads\\\/2013\\\/05\\\/blogqsp.emancipalistas-1-300x224.jpg\"},{\"@type\":\"BreadcrumbList\",\"@id\":\"https:\\\/\\\/blogdofarnesio.com.br\\\/?p=73131#breadcrumb\",\"itemListElement\":[{\"@type\":\"ListItem\",\"position\":1,\"name\":\"In\u00edcio\",\"item\":\"https:\\\/\\\/blogdofarnesio.com.br\\\/\"},{\"@type\":\"ListItem\",\"position\":2,\"name\":\"MAIS DE 12 MIL MILITANTES DO MOVIMENTO EMANCIPALISTA, DEVEM CHEGAR A BRAS\u00cdLIA\"}]},{\"@type\":\"WebSite\",\"@id\":\"https:\\\/\\\/blogdofarnesio.com.br\\\/#website\",\"url\":\"https:\\\/\\\/blogdofarnesio.com.br\\\/\",\"name\":\"Blog do Farn\u00e9sio\",\"description\":\"Quer Saber Pol\u00edtica?\",\"publisher\":{\"@id\":\"https:\\\/\\\/blogdofarnesio.com.br\\\/#organization\"},\"potentialAction\":[{\"@type\":\"SearchAction\",\"target\":{\"@type\":\"EntryPoint\",\"urlTemplate\":\"https:\\\/\\\/blogdofarnesio.com.br\\\/?s={search_term_string}\"},\"query-input\":{\"@type\":\"PropertyValueSpecification\",\"valueRequired\":true,\"valueName\":\"search_term_string\"}}],\"inLanguage\":\"pt-BR\"},{\"@type\":\"Organization\",\"@id\":\"https:\\\/\\\/blogdofarnesio.com.br\\\/#organization\",\"name\":\"Blog do Farn\u00e9sio\",\"url\":\"https:\\\/\\\/blogdofarnesio.com.br\\\/\",\"logo\":{\"@type\":\"ImageObject\",\"inLanguage\":\"pt-BR\",\"@id\":\"https:\\\/\\\/blogdofarnesio.com.br\\\/#\\\/schema\\\/logo\\\/image\\\/\",\"url\":\"https:\\\/\\\/blogdofarnesio.com.br\\\/wp-content\\\/uploads\\\/2026\\\/03\\\/cropped-logo_new-1.png\",\"contentUrl\":\"https:\\\/\\\/blogdofarnesio.com.br\\\/wp-content\\\/uploads\\\/2026\\\/03\\\/cropped-logo_new-1.png\",\"width\":881,\"height\":685,\"caption\":\"Blog do Farn\u00e9sio\"},\"image\":{\"@id\":\"https:\\\/\\\/blogdofarnesio.com.br\\\/#\\\/schema\\\/logo\\\/image\\\/\"},\"sameAs\":[\"https:\\\/\\\/www.facebook.com\\\/BlogQuerSaberPolitica\\\/\"]},{\"@type\":\"Person\",\"@id\":\"https:\\\/\\\/blogdofarnesio.com.br\\\/#\\\/schema\\\/person\\\/dd1bf5eba40b687199ba45ca6b97dff9\",\"name\":\"teste\",\"image\":{\"@type\":\"ImageObject\",\"inLanguage\":\"pt-BR\",\"@id\":\"https:\\\/\\\/secure.gravatar.com\\\/avatar\\\/2172498d4914b51e1d89a0f97957b035ac4938723a5cac208135d389b6972a6d?s=96&d=mm&r=g\",\"url\":\"https:\\\/\\\/secure.gravatar.com\\\/avatar\\\/2172498d4914b51e1d89a0f97957b035ac4938723a5cac208135d389b6972a6d?s=96&d=mm&r=g\",\"contentUrl\":\"https:\\\/\\\/secure.gravatar.com\\\/avatar\\\/2172498d4914b51e1d89a0f97957b035ac4938723a5cac208135d389b6972a6d?s=96&d=mm&r=g\",\"caption\":\"teste\"},\"url\":\"https:\\\/\\\/blogdofarnesio.com.br\\\/?author=3\"}]}<\/script>\n<!-- \/ Yoast SEO plugin. -->","yoast_head_json":{"title":"MAIS DE 12 MIL MILITANTES DO MOVIMENTO EMANCIPALISTA, DEVEM CHEGAR A BRAS\u00cdLIA  - Blog do Farn\u00e9sio","robots":{"index":"index","follow":"follow","max-snippet":"max-snippet:-1","max-image-preview":"max-image-preview:large","max-video-preview":"max-video-preview:-1"},"canonical":"https:\/\/blogdofarnesio.com.br\/?p=73131","og_locale":"pt_BR","og_type":"article","og_title":"MAIS DE 12 MIL MILITANTES DO MOVIMENTO EMANCIPALISTA, DEVEM CHEGAR A BRAS\u00cdLIA  - Blog do Farn\u00e9sio","og_description":"Em entrevista a Radio Filadelfia FM de P\u00e3o de A\u00e7\u00facar, \u00a0Augusto Cesar, do distrito do Coque em Vitoria do Mearim no estado do Maranh\u00e3o, l\u00edder nacional do movimento emancipalista, disse que mais de 12 mil populares devem chegar a Bras\u00edlia amanh\u00e3 dia 18, para assistir a aprecia\u00e7\u00e3o do veto presidencial pelas duas casas legislativas Senado e C\u00e2mara dos deputados. O movimento informa que 500 bandeiras foram confeccionada com s\u00edmbolo e marca do PT, caso o veto seja mantido os militantes do movimento queimar\u00e3o as mesma, em forma de protesto na pra\u00e7a dos tr\u00eas poderes. Outras faixas com dizeres de sensibiliza\u00e7\u00e3o j\u00e1 foram confeccionadas \u00a0em Pernambuco e Bahia: \u201c SENHORES DEPUTADOS E SENADORES, VAMOS DERRUBAR O VETO, OU NOS DERRUBAREMOS VOC\u00caS&hellip;","og_url":"https:\/\/blogdofarnesio.com.br\/?p=73131","og_site_name":"Blog do Farn\u00e9sio","article_publisher":"https:\/\/www.facebook.com\/BlogQuerSaberPolitica\/","article_published_time":"2014-02-17T11:34:55+00:00","og_image":[{"url":"http:\/\/www.quersaberpolitica.com.br\/2016\/wp-content\/uploads\/2013\/05\/blogqsp.emancipalistas-1-300x224.jpg","type":"","width":"","height":""}],"author":"teste","twitter_card":"summary_large_image","twitter_misc":{"Escrito por":"teste","Est. tempo de leitura":"1 minuto"},"schema":{"@context":"https:\/\/schema.org","@graph":[{"@type":"Article","@id":"https:\/\/blogdofarnesio.com.br\/?p=73131#article","isPartOf":{"@id":"https:\/\/blogdofarnesio.com.br\/?p=73131"},"author":{"name":"teste","@id":"https:\/\/blogdofarnesio.com.br\/#\/schema\/person\/dd1bf5eba40b687199ba45ca6b97dff9"},"headline":"MAIS DE 12 MIL MILITANTES DO MOVIMENTO EMANCIPALISTA, DEVEM CHEGAR A BRAS\u00cdLIA","datePublished":"2014-02-17T11:34:55+00:00","mainEntityOfPage":{"@id":"https:\/\/blogdofarnesio.com.br\/?p=73131"},"wordCount":224,"commentCount":0,"publisher":{"@id":"https:\/\/blogdofarnesio.com.br\/#organization"},"image":{"@id":"https:\/\/blogdofarnesio.com.br\/?p=73131#primaryimage"},"thumbnailUrl":"http:\/\/www.quersaberpolitica.com.br\/2016\/wp-content\/uploads\/2013\/05\/blogqsp.emancipalistas-1-300x224.jpg","articleSection":["Pol\u00edtica"],"inLanguage":"pt-BR","potentialAction":[{"@type":"CommentAction","name":"Comment","target":["https:\/\/blogdofarnesio.com.br\/?p=73131#respond"]}]},{"@type":"WebPage","@id":"https:\/\/blogdofarnesio.com.br\/?p=73131","url":"https:\/\/blogdofarnesio.com.br\/?p=73131","name":"MAIS DE 12 MIL MILITANTES DO MOVIMENTO EMANCIPALISTA, DEVEM CHEGAR A BRAS\u00cdLIA - Blog do Farn\u00e9sio","isPartOf":{"@id":"https:\/\/blogdofarnesio.com.br\/#website"},"primaryImageOfPage":{"@id":"https:\/\/blogdofarnesio.com.br\/?p=73131#primaryimage"},"image":{"@id":"https:\/\/blogdofarnesio.com.br\/?p=73131#primaryimage"},"thumbnailUrl":"http:\/\/www.quersaberpolitica.com.br\/2016\/wp-content\/uploads\/2013\/05\/blogqsp.emancipalistas-1-300x224.jpg","datePublished":"2014-02-17T11:34:55+00:00","breadcrumb":{"@id":"https:\/\/blogdofarnesio.com.br\/?p=73131#breadcrumb"},"inLanguage":"pt-BR","potentialAction":[{"@type":"ReadAction","target":["https:\/\/blogdofarnesio.com.br\/?p=73131"]}]},{"@type":"ImageObject","inLanguage":"pt-BR","@id":"https:\/\/blogdofarnesio.com.br\/?p=73131#primaryimage","url":"http:\/\/www.quersaberpolitica.com.br\/2016\/wp-content\/uploads\/2013\/05\/blogqsp.emancipalistas-1-300x224.jpg","contentUrl":"http:\/\/www.quersaberpolitica.com.br\/2016\/wp-content\/uploads\/2013\/05\/blogqsp.emancipalistas-1-300x224.jpg"},{"@type":"BreadcrumbList","@id":"https:\/\/blogdofarnesio.com.br\/?p=73131#breadcrumb","itemListElement":[{"@type":"ListItem","position":1,"name":"In\u00edcio","item":"https:\/\/blogdofarnesio.com.br\/"},{"@type":"ListItem","position":2,"name":"MAIS DE 12 MIL MILITANTES DO MOVIMENTO EMANCIPALISTA, DEVEM CHEGAR A BRAS\u00cdLIA"}]},{"@type":"WebSite","@id":"https:\/\/blogdofarnesio.com.br\/#website","url":"https:\/\/blogdofarnesio.com.br\/","name":"Blog do Farn\u00e9sio","description":"Quer Saber Pol\u00edtica?","publisher":{"@id":"https:\/\/blogdofarnesio.com.br\/#organization"},"potentialAction":[{"@type":"SearchAction","target":{"@type":"EntryPoint","urlTemplate":"https:\/\/blogdofarnesio.com.br\/?s={search_term_string}"},"query-input":{"@type":"PropertyValueSpecification","valueRequired":true,"valueName":"search_term_string"}}],"inLanguage":"pt-BR"},{"@type":"Organization","@id":"https:\/\/blogdofarnesio.com.br\/#organization","name":"Blog do Farn\u00e9sio","url":"https:\/\/blogdofarnesio.com.br\/","logo":{"@type":"ImageObject","inLanguage":"pt-BR","@id":"https:\/\/blogdofarnesio.com.br\/#\/schema\/logo\/image\/","url":"https:\/\/blogdofarnesio.com.br\/wp-content\/uploads\/2026\/03\/cropped-logo_new-1.png","contentUrl":"https:\/\/blogdofarnesio.com.br\/wp-content\/uploads\/2026\/03\/cropped-logo_new-1.png","width":881,"height":685,"caption":"Blog do Farn\u00e9sio"},"image":{"@id":"https:\/\/blogdofarnesio.com.br\/#\/schema\/logo\/image\/"},"sameAs":["https:\/\/www.facebook.com\/BlogQuerSaberPolitica\/"]},{"@type":"Person","@id":"https:\/\/blogdofarnesio.com.br\/#\/schema\/person\/dd1bf5eba40b687199ba45ca6b97dff9","name":"teste","image":{"@type":"ImageObject","inLanguage":"pt-BR","@id":"https:\/\/secure.gravatar.com\/avatar\/2172498d4914b51e1d89a0f97957b035ac4938723a5cac208135d389b6972a6d?s=96&d=mm&r=g","url":"https:\/\/secure.gravatar.com\/avatar\/2172498d4914b51e1d89a0f97957b035ac4938723a5cac208135d389b6972a6d?s=96&d=mm&r=g","contentUrl":"https:\/\/secure.gravatar.com\/avatar\/2172498d4914b51e1d89a0f97957b035ac4938723a5cac208135d389b6972a6d?s=96&d=mm&r=g","caption":"teste"},"url":"https:\/\/blogdofarnesio.com.br\/?author=3"}]}},"_links":{"self":[{"href":"https:\/\/blogdofarnesio.com.br\/index.php?rest_route=\/wp\/v2\/posts\/73131","targetHints":{"allow":["GET"]}}],"collection":[{"href":"https:\/\/blogdofarnesio.com.br\/index.php?rest_route=\/wp\/v2\/posts"}],"about":[{"href":"https:\/\/blogdofarnesio.com.br\/index.php?rest_route=\/wp\/v2\/types\/post"}],"author":[{"embeddable":true,"href":"https:\/\/blogdofarnesio.com.br\/index.php?rest_route=\/wp\/v2\/users\/3"}],"replies":[{"embeddable":true,"href":"https:\/\/blogdofarnesio.com.br\/index.php?rest_route=%2Fwp%2Fv2%2Fcomments&post=73131"}],"version-history":[{"count":0,"href":"https:\/\/blogdofarnesio.com.br\/index.php?rest_route=\/wp\/v2\/posts\/73131\/revisions"}],"wp:attachment":[{"href":"https:\/\/blogdofarnesio.com.br\/index.php?rest_route=%2Fwp%2Fv2%2Fmedia&parent=73131"}],"wp:term":[{"taxonomy":"category","embeddable":true,"href":"https:\/\/blogdofarnesio.com.br\/index.php?rest_route=%2Fwp%2Fv2%2Fcategories&post=73131"},{"taxonomy":"post_tag","embeddable":true,"href":"https:\/\/blogdofarnesio.com.br\/index.php?rest_route=%2Fwp%2Fv2%2Ftags&post=73131"}],"curies":[{"name":"wp","href":"https:\/\/api.w.org\/{rel}","templated":true}]}}