{"id":72510,"date":"2014-02-09T09:03:23","date_gmt":"2014-02-09T12:03:23","guid":{"rendered":"http:\/\/www.quersaberpolitica.com.br\/?p=72510"},"modified":"2014-02-08T22:05:59","modified_gmt":"2014-02-09T01:05:59","slug":"hoje-tem-asa-de-aguia-participa-pela-primeira-vez-do-carnaval-de-juazeiro-e-a-eleicao-dos-reis-e-rainhas-da-folia","status":"publish","type":"post","link":"https:\/\/blogdofarnesio.com.br\/2014\/02\/hoje-tem-asa-de-aguia-participa-pela-primeira-vez-do-carnaval-de-juazeiro-e-a-eleicao-dos-reis-e-rainhas-da-folia\/","title":{"rendered":"HOJE TEM ASA DE \u00c1GUIA PELA PRIMEIRA VEZ NO CARNAVAL DE JUAZEIRO E A ELEI\u00c7\u00c3O DOS REIS E RAINHAS DA FOLIA"},"content":{"rendered":"<p style=\"text-align: justify\"><a href=\"http:\/\/www.quersaberpolitica.com.br\/2016\/wp-content\/uploads\/2014\/02\/Divulga\u00e7\u00e3o-Asa.jpg\"><img loading=\"lazy\" decoding=\"async\" class=\"alignleft size-medium wp-image-72511\" alt=\"blogqspAsa\" src=\"http:\/\/www.quersaberpolitica.com.br\/2016\/wp-content\/uploads\/2014\/02\/Divulga\u00e7\u00e3o-Asa-300x195.jpg\" width=\"300\" height=\"195\" srcset=\"https:\/\/blogdofarnesio.com.br\/wp-content\/uploads\/2014\/02\/Divulga\u00e7\u00e3o-Asa-300x195.jpg 300w, https:\/\/blogdofarnesio.com.br\/wp-content\/uploads\/2014\/02\/Divulga\u00e7\u00e3o-Asa.jpg 400w\" sizes=\"auto, (max-width: 300px) 100vw, 300px\" \/><\/a>Um dos principais nomes da ax\u00e9 music, com trajet\u00f3ria iniciada em 1987 e dezenove discos lan\u00e7ados, a banda Asa de \u00c1guia \u2013 que tem \u00e0 frente o carism\u00e1tico vocalista Durval Lelys \u2013 atingiu um sucesso avassalador atrav\u00e9s de uma sonoridade \u00fanica, misturando rock com ritmos baianos e latinos. Por tudo isso conquistou uma legi\u00e3o de f\u00e3s por todo o Brasil, que se renderam \u00e0 alegre e contagiante energia do Asa.<\/p>\n<p style=\"text-align: justify\">O Asa se apresentar\u00e1 neste domingo (9), no Circuito Daniel Alves, Palco Multicultural da Orla 2, onde tamb\u00e9m haver\u00e1 a escolha dos Reis Momos e das Rainhas, al\u00e9m de shows das bandas Swing Samba e Nossa Cor. Confira a programa\u00e7\u00e3o completa do \u201cCarnaval de Juazeiro 100 Anos\u201d no site <a href=\"www.carnavaldejuazeirobahia.com\">www.carnavaldejuazeirobahia.com<!--more--><\/a><\/p>\n<p style=\"text-align: justify\">Ao longo da carreira a banda acumulou grandes sucessos, como \u201cTake it Easy\u201d, \u201cBota Pra Ferver\u201d, \u201cQual \u00e9?\u201d, \u201cCom Amor\u201d, \u201cN\u00e3o Tem Lua\u201d, \u201cOba Vou Passear\u201d, \u201cCocobambu\u201d, \u201cDia dos Namorados\u201d, \u201cPra L\u00e1 de Bragad\u00e1\u201d, \u201cQuebra A\u00ea\u201d (que recebeu seis trof\u00e9us como a melhor m\u00fasica no Carnaval 2007 e a mais executada no Carnaval de 2008 em todo pa\u00eds), \u201cVale Night\u201d (que virou g\u00edria nacional), entre in\u00fameros outros que continuam embalando os f\u00e3s no carnaval de Salvador, micaretas e festas por todo o Brasil e tamb\u00e9m no exterior.<!--more--><\/p>\n<p style=\"text-align: justify\">Agora chegou a vez de Juazeiro tamb\u00e9m receber esse grande nome da m\u00fasica baiana e nacional, que pela primeira vez tocar\u00e1 no maior pr\u00e9-carnaval do interior. \u201c\u00c9 uma honra para o Asa participar desse importante carnaval fora de \u00e9poca. Tenho certeza que junto com toda a galera da cidade e mais os visitantes faremos uma festa linda, afinal completar 100 anos tem que ser comemorado com muita alegria\u201d, frisou Durval Lelys.<\/p>\n<p style=\"text-align: justify\">O l\u00edder do grupo prometeu ainda uma apresenta\u00e7\u00e3o inesquec\u00edvel para brindar o centen\u00e1rio da folia momesca. \u201cPreparamos um repert\u00f3rio especial para esse tradicional e maravilhoso evento, com nossos grandes sucessos e outras novidades que ir\u00e3o fazer a galera vibrar com a gente! Agora falta pouco, domingo estaremos juntos curtindo essa linda festa. Valeu!\u201d, Durval Lelys.<\/p>\n<p style=\"text-align: justify\">O Asa se apresentar\u00e1 neste domingo (9), no Circuito Daniel Alves, Palco Multicultural da Orla 2, onde tamb\u00e9m haver\u00e1 a escolha dos Reis Momos e das Rainhas, al\u00e9m de shows das bandas Swing Samba e Nossa Cor. Confira a programa\u00e7\u00e3o completa do \u201cCarnaval de Juazeiro 100 Anos\u201d no site www.carnavaldejuazeirobahia.com<\/p>\n<p><strong>Por Luiz H\u00e9lio\/PMJ<\/strong><\/p>\n","protected":false},"excerpt":{"rendered":"<p>Um dos principais nomes da ax\u00e9 music, com trajet\u00f3ria iniciada em 1987 e dezenove discos lan\u00e7ados, a banda Asa de \u00c1guia \u2013 que tem \u00e0 frente o carism\u00e1tico vocalista Durval Lelys \u2013 atingiu um sucesso avassalador atrav\u00e9s de uma sonoridade \u00fanica, misturando rock com ritmos baianos e latinos. Por tudo isso conquistou uma legi\u00e3o de f\u00e3s por todo o Brasil, que se renderam \u00e0 alegre e contagiante energia do Asa. O Asa se apresentar\u00e1 neste domingo (9), no Circuito Daniel Alves, Palco Multicultural da Orla 2, onde tamb\u00e9m haver\u00e1 a escolha dos Reis Momos e das Rainhas, al\u00e9m de shows das bandas Swing Samba e Nossa Cor. Confira a programa\u00e7\u00e3o completa do \u201cCarnaval de Juazeiro 100 Anos\u201d no site www.carnavaldejuazeirobahia.com<\/p>\n","protected":false},"author":3,"featured_media":0,"comment_status":"open","ping_status":"open","sticky":false,"template":"","format":"standard","meta":{"_acf_changed":false,"footnotes":""},"categories":[10],"tags":[],"class_list":["post-72510","post","type-post","status-publish","format-standard","hentry","category-cultura"],"acf":[],"yoast_head":"<!-- This site is optimized with the Yoast SEO plugin v27.5 - https:\/\/yoast.com\/product\/yoast-seo-wordpress\/ -->\n<title>HOJE TEM ASA DE \u00c1GUIA PELA PRIMEIRA VEZ NO CARNAVAL DE JUAZEIRO E A ELEI\u00c7\u00c3O DOS REIS E RAINHAS DA FOLIA - Blog do Farn\u00e9sio<\/title>\n<meta name=\"robots\" content=\"index, follow, max-snippet:-1, max-image-preview:large, max-video-preview:-1\" \/>\n<link rel=\"canonical\" href=\"https:\/\/blogdofarnesio.com.br\/2014\/02\/hoje-tem-asa-de-aguia-participa-pela-primeira-vez-do-carnaval-de-juazeiro-e-a-eleicao-dos-reis-e-rainhas-da-folia\/\" \/>\n<meta property=\"og:locale\" content=\"pt_BR\" \/>\n<meta property=\"og:type\" content=\"article\" \/>\n<meta property=\"og:title\" content=\"HOJE TEM ASA DE \u00c1GUIA PELA PRIMEIRA VEZ NO CARNAVAL DE JUAZEIRO E A ELEI\u00c7\u00c3O DOS REIS E RAINHAS DA FOLIA - Blog do Farn\u00e9sio\" \/>\n<meta property=\"og:description\" content=\"Um dos principais nomes da ax\u00e9 music, com trajet\u00f3ria iniciada em 1987 e dezenove discos lan\u00e7ados, a banda Asa de \u00c1guia \u2013 que tem \u00e0 frente o carism\u00e1tico vocalista Durval Lelys \u2013 atingiu um sucesso avassalador atrav\u00e9s de uma sonoridade \u00fanica, misturando rock com ritmos baianos e latinos. Por tudo isso conquistou uma legi\u00e3o de f\u00e3s por todo o Brasil, que se renderam \u00e0 alegre e contagiante energia do Asa. O Asa se apresentar\u00e1 neste domingo (9), no Circuito Daniel Alves, Palco Multicultural da Orla 2, onde tamb\u00e9m haver\u00e1 a escolha dos Reis Momos e das Rainhas, al\u00e9m de shows das bandas Swing Samba e Nossa Cor. Confira a programa\u00e7\u00e3o completa do \u201cCarnaval de Juazeiro 100 Anos\u201d no site www.carnavaldejuazeirobahia.com\" \/>\n<meta property=\"og:url\" content=\"https:\/\/blogdofarnesio.com.br\/2014\/02\/hoje-tem-asa-de-aguia-participa-pela-primeira-vez-do-carnaval-de-juazeiro-e-a-eleicao-dos-reis-e-rainhas-da-folia\/\" \/>\n<meta property=\"og:site_name\" content=\"Blog do Farn\u00e9sio\" \/>\n<meta property=\"article:publisher\" content=\"https:\/\/www.facebook.com\/BlogQuerSaberPolitica\/\" \/>\n<meta property=\"article:published_time\" content=\"2014-02-09T12:03:23+00:00\" \/>\n<meta name=\"author\" content=\"teste\" \/>\n<meta name=\"twitter:card\" content=\"summary_large_image\" \/>\n<meta name=\"twitter:label1\" content=\"Escrito por\" \/>\n\t<meta name=\"twitter:data1\" content=\"teste\" \/>\n\t<meta name=\"twitter:label2\" content=\"Est. tempo de leitura\" \/>\n\t<meta name=\"twitter:data2\" content=\"2 minutos\" \/>\n<script type=\"application\/ld+json\" class=\"yoast-schema-graph\">{\"@context\":\"https:\\\/\\\/schema.org\",\"@graph\":[{\"@type\":\"Article\",\"@id\":\"https:\\\/\\\/blogdofarnesio.com.br\\\/2014\\\/02\\\/hoje-tem-asa-de-aguia-participa-pela-primeira-vez-do-carnaval-de-juazeiro-e-a-eleicao-dos-reis-e-rainhas-da-folia\\\/#article\",\"isPartOf\":{\"@id\":\"https:\\\/\\\/blogdofarnesio.com.br\\\/2014\\\/02\\\/hoje-tem-asa-de-aguia-participa-pela-primeira-vez-do-carnaval-de-juazeiro-e-a-eleicao-dos-reis-e-rainhas-da-folia\\\/\"},\"author\":{\"name\":\"teste\",\"@id\":\"https:\\\/\\\/blogdofarnesio.com.br\\\/#\\\/schema\\\/person\\\/dd1bf5eba40b687199ba45ca6b97dff9\"},\"headline\":\"HOJE TEM ASA DE \u00c1GUIA PELA PRIMEIRA VEZ NO CARNAVAL DE JUAZEIRO E A ELEI\u00c7\u00c3O DOS REIS E RAINHAS DA FOLIA\",\"datePublished\":\"2014-02-09T12:03:23+00:00\",\"mainEntityOfPage\":{\"@id\":\"https:\\\/\\\/blogdofarnesio.com.br\\\/2014\\\/02\\\/hoje-tem-asa-de-aguia-participa-pela-primeira-vez-do-carnaval-de-juazeiro-e-a-eleicao-dos-reis-e-rainhas-da-folia\\\/\"},\"wordCount\":427,\"commentCount\":0,\"publisher\":{\"@id\":\"https:\\\/\\\/blogdofarnesio.com.br\\\/#organization\"},\"articleSection\":[\"Cultura\"],\"inLanguage\":\"pt-BR\",\"potentialAction\":[{\"@type\":\"CommentAction\",\"name\":\"Comment\",\"target\":[\"https:\\\/\\\/blogdofarnesio.com.br\\\/2014\\\/02\\\/hoje-tem-asa-de-aguia-participa-pela-primeira-vez-do-carnaval-de-juazeiro-e-a-eleicao-dos-reis-e-rainhas-da-folia\\\/#respond\"]}]},{\"@type\":\"WebPage\",\"@id\":\"https:\\\/\\\/blogdofarnesio.com.br\\\/2014\\\/02\\\/hoje-tem-asa-de-aguia-participa-pela-primeira-vez-do-carnaval-de-juazeiro-e-a-eleicao-dos-reis-e-rainhas-da-folia\\\/\",\"url\":\"https:\\\/\\\/blogdofarnesio.com.br\\\/2014\\\/02\\\/hoje-tem-asa-de-aguia-participa-pela-primeira-vez-do-carnaval-de-juazeiro-e-a-eleicao-dos-reis-e-rainhas-da-folia\\\/\",\"name\":\"HOJE TEM ASA DE \u00c1GUIA PELA PRIMEIRA VEZ NO CARNAVAL DE JUAZEIRO E A ELEI\u00c7\u00c3O DOS REIS E RAINHAS DA FOLIA - Blog do Farn\u00e9sio\",\"isPartOf\":{\"@id\":\"https:\\\/\\\/blogdofarnesio.com.br\\\/#website\"},\"datePublished\":\"2014-02-09T12:03:23+00:00\",\"breadcrumb\":{\"@id\":\"https:\\\/\\\/blogdofarnesio.com.br\\\/2014\\\/02\\\/hoje-tem-asa-de-aguia-participa-pela-primeira-vez-do-carnaval-de-juazeiro-e-a-eleicao-dos-reis-e-rainhas-da-folia\\\/#breadcrumb\"},\"inLanguage\":\"pt-BR\",\"potentialAction\":[{\"@type\":\"ReadAction\",\"target\":[\"https:\\\/\\\/blogdofarnesio.com.br\\\/2014\\\/02\\\/hoje-tem-asa-de-aguia-participa-pela-primeira-vez-do-carnaval-de-juazeiro-e-a-eleicao-dos-reis-e-rainhas-da-folia\\\/\"]}]},{\"@type\":\"BreadcrumbList\",\"@id\":\"https:\\\/\\\/blogdofarnesio.com.br\\\/2014\\\/02\\\/hoje-tem-asa-de-aguia-participa-pela-primeira-vez-do-carnaval-de-juazeiro-e-a-eleicao-dos-reis-e-rainhas-da-folia\\\/#breadcrumb\",\"itemListElement\":[{\"@type\":\"ListItem\",\"position\":1,\"name\":\"In\u00edcio\",\"item\":\"https:\\\/\\\/blogdofarnesio.com.br\\\/\"},{\"@type\":\"ListItem\",\"position\":2,\"name\":\"HOJE TEM ASA DE \u00c1GUIA PELA PRIMEIRA VEZ NO CARNAVAL DE JUAZEIRO E A ELEI\u00c7\u00c3O DOS REIS E RAINHAS DA FOLIA\"}]},{\"@type\":\"WebSite\",\"@id\":\"https:\\\/\\\/blogdofarnesio.com.br\\\/#website\",\"url\":\"https:\\\/\\\/blogdofarnesio.com.br\\\/\",\"name\":\"Blog do Farn\u00e9sio\",\"description\":\"Quer Saber Pol\u00edtica?\",\"publisher\":{\"@id\":\"https:\\\/\\\/blogdofarnesio.com.br\\\/#organization\"},\"potentialAction\":[{\"@type\":\"SearchAction\",\"target\":{\"@type\":\"EntryPoint\",\"urlTemplate\":\"https:\\\/\\\/blogdofarnesio.com.br\\\/?s={search_term_string}\"},\"query-input\":{\"@type\":\"PropertyValueSpecification\",\"valueRequired\":true,\"valueName\":\"search_term_string\"}}],\"inLanguage\":\"pt-BR\"},{\"@type\":\"Organization\",\"@id\":\"https:\\\/\\\/blogdofarnesio.com.br\\\/#organization\",\"name\":\"Blog do Farn\u00e9sio\",\"url\":\"https:\\\/\\\/blogdofarnesio.com.br\\\/\",\"logo\":{\"@type\":\"ImageObject\",\"inLanguage\":\"pt-BR\",\"@id\":\"https:\\\/\\\/blogdofarnesio.com.br\\\/#\\\/schema\\\/logo\\\/image\\\/\",\"url\":\"https:\\\/\\\/blogdofarnesio.com.br\\\/wp-content\\\/uploads\\\/2026\\\/03\\\/cropped-logo_new-1.png\",\"contentUrl\":\"https:\\\/\\\/blogdofarnesio.com.br\\\/wp-content\\\/uploads\\\/2026\\\/03\\\/cropped-logo_new-1.png\",\"width\":881,\"height\":685,\"caption\":\"Blog do Farn\u00e9sio\"},\"image\":{\"@id\":\"https:\\\/\\\/blogdofarnesio.com.br\\\/#\\\/schema\\\/logo\\\/image\\\/\"},\"sameAs\":[\"https:\\\/\\\/www.facebook.com\\\/BlogQuerSaberPolitica\\\/\"]},{\"@type\":\"Person\",\"@id\":\"https:\\\/\\\/blogdofarnesio.com.br\\\/#\\\/schema\\\/person\\\/dd1bf5eba40b687199ba45ca6b97dff9\",\"name\":\"teste\",\"image\":{\"@type\":\"ImageObject\",\"inLanguage\":\"pt-BR\",\"@id\":\"https:\\\/\\\/secure.gravatar.com\\\/avatar\\\/2172498d4914b51e1d89a0f97957b035ac4938723a5cac208135d389b6972a6d?s=96&d=mm&r=g\",\"url\":\"https:\\\/\\\/secure.gravatar.com\\\/avatar\\\/2172498d4914b51e1d89a0f97957b035ac4938723a5cac208135d389b6972a6d?s=96&d=mm&r=g\",\"contentUrl\":\"https:\\\/\\\/secure.gravatar.com\\\/avatar\\\/2172498d4914b51e1d89a0f97957b035ac4938723a5cac208135d389b6972a6d?s=96&d=mm&r=g\",\"caption\":\"teste\"},\"url\":\"https:\\\/\\\/blogdofarnesio.com.br\\\/author\\\/teste\\\/\"}]}<\/script>\n<!-- \/ Yoast SEO plugin. -->","yoast_head_json":{"title":"HOJE TEM ASA DE \u00c1GUIA PELA PRIMEIRA VEZ NO CARNAVAL DE JUAZEIRO E A ELEI\u00c7\u00c3O DOS REIS E RAINHAS DA FOLIA - Blog do Farn\u00e9sio","robots":{"index":"index","follow":"follow","max-snippet":"max-snippet:-1","max-image-preview":"max-image-preview:large","max-video-preview":"max-video-preview:-1"},"canonical":"https:\/\/blogdofarnesio.com.br\/2014\/02\/hoje-tem-asa-de-aguia-participa-pela-primeira-vez-do-carnaval-de-juazeiro-e-a-eleicao-dos-reis-e-rainhas-da-folia\/","og_locale":"pt_BR","og_type":"article","og_title":"HOJE TEM ASA DE \u00c1GUIA PELA PRIMEIRA VEZ NO CARNAVAL DE JUAZEIRO E A ELEI\u00c7\u00c3O DOS REIS E RAINHAS DA FOLIA - Blog do Farn\u00e9sio","og_description":"Um dos principais nomes da ax\u00e9 music, com trajet\u00f3ria iniciada em 1987 e dezenove discos lan\u00e7ados, a banda Asa de \u00c1guia \u2013 que tem \u00e0 frente o carism\u00e1tico vocalista Durval Lelys \u2013 atingiu um sucesso avassalador atrav\u00e9s de uma sonoridade \u00fanica, misturando rock com ritmos baianos e latinos. Por tudo isso conquistou uma legi\u00e3o de f\u00e3s por todo o Brasil, que se renderam \u00e0 alegre e contagiante energia do Asa. O Asa se apresentar\u00e1 neste domingo (9), no Circuito Daniel Alves, Palco Multicultural da Orla 2, onde tamb\u00e9m haver\u00e1 a escolha dos Reis Momos e das Rainhas, al\u00e9m de shows das bandas Swing Samba e Nossa Cor. Confira a programa\u00e7\u00e3o completa do \u201cCarnaval de Juazeiro 100 Anos\u201d no site www.carnavaldejuazeirobahia.com","og_url":"https:\/\/blogdofarnesio.com.br\/2014\/02\/hoje-tem-asa-de-aguia-participa-pela-primeira-vez-do-carnaval-de-juazeiro-e-a-eleicao-dos-reis-e-rainhas-da-folia\/","og_site_name":"Blog do Farn\u00e9sio","article_publisher":"https:\/\/www.facebook.com\/BlogQuerSaberPolitica\/","article_published_time":"2014-02-09T12:03:23+00:00","author":"teste","twitter_card":"summary_large_image","twitter_misc":{"Escrito por":"teste","Est. tempo de leitura":"2 minutos"},"schema":{"@context":"https:\/\/schema.org","@graph":[{"@type":"Article","@id":"https:\/\/blogdofarnesio.com.br\/2014\/02\/hoje-tem-asa-de-aguia-participa-pela-primeira-vez-do-carnaval-de-juazeiro-e-a-eleicao-dos-reis-e-rainhas-da-folia\/#article","isPartOf":{"@id":"https:\/\/blogdofarnesio.com.br\/2014\/02\/hoje-tem-asa-de-aguia-participa-pela-primeira-vez-do-carnaval-de-juazeiro-e-a-eleicao-dos-reis-e-rainhas-da-folia\/"},"author":{"name":"teste","@id":"https:\/\/blogdofarnesio.com.br\/#\/schema\/person\/dd1bf5eba40b687199ba45ca6b97dff9"},"headline":"HOJE TEM ASA DE \u00c1GUIA PELA PRIMEIRA VEZ NO CARNAVAL DE JUAZEIRO E A ELEI\u00c7\u00c3O DOS REIS E RAINHAS DA FOLIA","datePublished":"2014-02-09T12:03:23+00:00","mainEntityOfPage":{"@id":"https:\/\/blogdofarnesio.com.br\/2014\/02\/hoje-tem-asa-de-aguia-participa-pela-primeira-vez-do-carnaval-de-juazeiro-e-a-eleicao-dos-reis-e-rainhas-da-folia\/"},"wordCount":427,"commentCount":0,"publisher":{"@id":"https:\/\/blogdofarnesio.com.br\/#organization"},"articleSection":["Cultura"],"inLanguage":"pt-BR","potentialAction":[{"@type":"CommentAction","name":"Comment","target":["https:\/\/blogdofarnesio.com.br\/2014\/02\/hoje-tem-asa-de-aguia-participa-pela-primeira-vez-do-carnaval-de-juazeiro-e-a-eleicao-dos-reis-e-rainhas-da-folia\/#respond"]}]},{"@type":"WebPage","@id":"https:\/\/blogdofarnesio.com.br\/2014\/02\/hoje-tem-asa-de-aguia-participa-pela-primeira-vez-do-carnaval-de-juazeiro-e-a-eleicao-dos-reis-e-rainhas-da-folia\/","url":"https:\/\/blogdofarnesio.com.br\/2014\/02\/hoje-tem-asa-de-aguia-participa-pela-primeira-vez-do-carnaval-de-juazeiro-e-a-eleicao-dos-reis-e-rainhas-da-folia\/","name":"HOJE TEM ASA DE \u00c1GUIA PELA PRIMEIRA VEZ NO CARNAVAL DE JUAZEIRO E A ELEI\u00c7\u00c3O DOS REIS E RAINHAS DA FOLIA - Blog do Farn\u00e9sio","isPartOf":{"@id":"https:\/\/blogdofarnesio.com.br\/#website"},"datePublished":"2014-02-09T12:03:23+00:00","breadcrumb":{"@id":"https:\/\/blogdofarnesio.com.br\/2014\/02\/hoje-tem-asa-de-aguia-participa-pela-primeira-vez-do-carnaval-de-juazeiro-e-a-eleicao-dos-reis-e-rainhas-da-folia\/#breadcrumb"},"inLanguage":"pt-BR","potentialAction":[{"@type":"ReadAction","target":["https:\/\/blogdofarnesio.com.br\/2014\/02\/hoje-tem-asa-de-aguia-participa-pela-primeira-vez-do-carnaval-de-juazeiro-e-a-eleicao-dos-reis-e-rainhas-da-folia\/"]}]},{"@type":"BreadcrumbList","@id":"https:\/\/blogdofarnesio.com.br\/2014\/02\/hoje-tem-asa-de-aguia-participa-pela-primeira-vez-do-carnaval-de-juazeiro-e-a-eleicao-dos-reis-e-rainhas-da-folia\/#breadcrumb","itemListElement":[{"@type":"ListItem","position":1,"name":"In\u00edcio","item":"https:\/\/blogdofarnesio.com.br\/"},{"@type":"ListItem","position":2,"name":"HOJE TEM ASA DE \u00c1GUIA PELA PRIMEIRA VEZ NO CARNAVAL DE JUAZEIRO E A ELEI\u00c7\u00c3O DOS REIS E RAINHAS DA FOLIA"}]},{"@type":"WebSite","@id":"https:\/\/blogdofarnesio.com.br\/#website","url":"https:\/\/blogdofarnesio.com.br\/","name":"Blog do Farn\u00e9sio","description":"Quer Saber Pol\u00edtica?","publisher":{"@id":"https:\/\/blogdofarnesio.com.br\/#organization"},"potentialAction":[{"@type":"SearchAction","target":{"@type":"EntryPoint","urlTemplate":"https:\/\/blogdofarnesio.com.br\/?s={search_term_string}"},"query-input":{"@type":"PropertyValueSpecification","valueRequired":true,"valueName":"search_term_string"}}],"inLanguage":"pt-BR"},{"@type":"Organization","@id":"https:\/\/blogdofarnesio.com.br\/#organization","name":"Blog do Farn\u00e9sio","url":"https:\/\/blogdofarnesio.com.br\/","logo":{"@type":"ImageObject","inLanguage":"pt-BR","@id":"https:\/\/blogdofarnesio.com.br\/#\/schema\/logo\/image\/","url":"https:\/\/blogdofarnesio.com.br\/wp-content\/uploads\/2026\/03\/cropped-logo_new-1.png","contentUrl":"https:\/\/blogdofarnesio.com.br\/wp-content\/uploads\/2026\/03\/cropped-logo_new-1.png","width":881,"height":685,"caption":"Blog do Farn\u00e9sio"},"image":{"@id":"https:\/\/blogdofarnesio.com.br\/#\/schema\/logo\/image\/"},"sameAs":["https:\/\/www.facebook.com\/BlogQuerSaberPolitica\/"]},{"@type":"Person","@id":"https:\/\/blogdofarnesio.com.br\/#\/schema\/person\/dd1bf5eba40b687199ba45ca6b97dff9","name":"teste","image":{"@type":"ImageObject","inLanguage":"pt-BR","@id":"https:\/\/secure.gravatar.com\/avatar\/2172498d4914b51e1d89a0f97957b035ac4938723a5cac208135d389b6972a6d?s=96&d=mm&r=g","url":"https:\/\/secure.gravatar.com\/avatar\/2172498d4914b51e1d89a0f97957b035ac4938723a5cac208135d389b6972a6d?s=96&d=mm&r=g","contentUrl":"https:\/\/secure.gravatar.com\/avatar\/2172498d4914b51e1d89a0f97957b035ac4938723a5cac208135d389b6972a6d?s=96&d=mm&r=g","caption":"teste"},"url":"https:\/\/blogdofarnesio.com.br\/author\/teste\/"}]}},"_links":{"self":[{"href":"https:\/\/blogdofarnesio.com.br\/wp-json\/wp\/v2\/posts\/72510","targetHints":{"allow":["GET"]}}],"collection":[{"href":"https:\/\/blogdofarnesio.com.br\/wp-json\/wp\/v2\/posts"}],"about":[{"href":"https:\/\/blogdofarnesio.com.br\/wp-json\/wp\/v2\/types\/post"}],"author":[{"embeddable":true,"href":"https:\/\/blogdofarnesio.com.br\/wp-json\/wp\/v2\/users\/3"}],"replies":[{"embeddable":true,"href":"https:\/\/blogdofarnesio.com.br\/wp-json\/wp\/v2\/comments?post=72510"}],"version-history":[{"count":0,"href":"https:\/\/blogdofarnesio.com.br\/wp-json\/wp\/v2\/posts\/72510\/revisions"}],"wp:attachment":[{"href":"https:\/\/blogdofarnesio.com.br\/wp-json\/wp\/v2\/media?parent=72510"}],"wp:term":[{"taxonomy":"category","embeddable":true,"href":"https:\/\/blogdofarnesio.com.br\/wp-json\/wp\/v2\/categories?post=72510"},{"taxonomy":"post_tag","embeddable":true,"href":"https:\/\/blogdofarnesio.com.br\/wp-json\/wp\/v2\/tags?post=72510"}],"curies":[{"name":"wp","href":"https:\/\/api.w.org\/{rel}","templated":true}]}}