{"id":72384,"date":"2014-02-06T18:33:16","date_gmt":"2014-02-06T21:33:16","guid":{"rendered":"http:\/\/www.quersaberpolitica.com.br\/?p=72384"},"modified":"2014-02-06T18:33:16","modified_gmt":"2014-02-06T21:33:16","slug":"hospital-divulga-boletim-medico-sobre-estado-de-saude-do-padre-bernardino","status":"publish","type":"post","link":"https:\/\/blogdofarnesio.com.br\/?p=72384","title":{"rendered":"HOSPITAL DIVULGA BOLETIM M\u00c9DICO, SOBRE ESTADO DE SA\u00daDE DO PADRE BERNARDINO"},"content":{"rendered":"<h1 style=\"text-align: justify\"><img loading=\"lazy\" decoding=\"async\" class=\"alignleft\" title=\"Padre Bernardino est\u00e1 internado desde domingo (02) (Foto: Reprodu\u00e7\u00e3o\/TV Grande Rio)\" alt=\"Padre Bernardino est\u00e1 internado desde domingo (02) (Foto: Reprodu\u00e7\u00e3o\/TV Grande Rio)\" src=\"http:\/\/s2.glbimg.com\/pMqzHDJ6O67gAcyFRTn6IydhmO4=\/300x225\/s.glbimg.com\/jo\/g1\/f\/original\/2014\/02\/06\/foto_padre_bernardino.jpg\" width=\"300\" height=\"225\" \/><\/h1>\n<div id=\"materia-letra\" style=\"text-align: justify\">\n<div style=\"text-align: justify\">Foi divulgado no final da tarde desta quinta-feira (6), o boletim m\u00e9dico do monsenhor Bernardino Padilha da Luz, de 89 anos, que est\u00e1 internado desde o \u00faltimo domingo na Unidade de Terapia Intensiva de um hospital particular na cidade baiana de Juazeiro, vizinho a\u00a0<a href=\"http:\/\/g1.globo.com\/pe\/petrolina-regiao\/cidade\/petrolina.html\">Petrolina<\/a>, no Sert\u00e3o pernambucano.<\/div>\n<p>Segundo o geriatra Alexandre Ramiro Costa, o quadro de sa\u00fade do padre agora \u00e9 est\u00e1vel e j\u00e1 \u00e9 observada um pequena melhora. Ele respira com ajuda de aparelhos e o estado dele ainda \u00e9 grave.<\/p>\n<p>O m\u00e9dico explica que o religioso chegou \u00e0 unidade de sa\u00fade no domingo (2) com uma pneumonia, doen\u00e7a que provoca a falta de ar. Bernardino tem Alzheimer e Mal de Parkinson, doen\u00e7as que fragilizam ainda mais a sa\u00fade dele.<\/p>\n<p>Juliane Peixinho\/G1-Petrolina<\/p>\n<\/div>\n","protected":false},"excerpt":{"rendered":"<p>Foi divulgado no final da tarde desta quinta-feira (6), o boletim m\u00e9dico do monsenhor Bernardino Padilha da Luz, de 89 anos, que est\u00e1 internado desde o \u00faltimo domingo na Unidade de Terapia Intensiva de um hospital particular na cidade baiana de Juazeiro, vizinho a\u00a0Petrolina, no Sert\u00e3o pernambucano. Segundo o geriatra Alexandre Ramiro Costa, o quadro de sa\u00fade do padre agora \u00e9 est\u00e1vel e j\u00e1 \u00e9 observada um pequena melhora. Ele respira com ajuda de aparelhos e o estado dele ainda \u00e9 grave. O m\u00e9dico explica que o religioso chegou \u00e0 unidade de sa\u00fade no domingo (2) com uma pneumonia, doen\u00e7a que provoca a falta de ar. Bernardino tem Alzheimer e Mal de Parkinson, doen\u00e7as que fragilizam ainda mais a sa\u00fade&hellip; <\/p>\n","protected":false},"author":3,"featured_media":0,"comment_status":"open","ping_status":"open","sticky":false,"template":"","format":"standard","meta":{"_acf_changed":false,"footnotes":""},"categories":[4],"tags":[],"class_list":["post-72384","post","type-post","status-publish","format-standard","hentry","category-saude"],"acf":[],"yoast_head":"<!-- This site is optimized with the Yoast SEO plugin v27.4 - https:\/\/yoast.com\/product\/yoast-seo-wordpress\/ -->\n<title>HOSPITAL DIVULGA BOLETIM M\u00c9DICO, SOBRE ESTADO DE SA\u00daDE DO PADRE BERNARDINO - Blog do Farn\u00e9sio<\/title>\n<meta name=\"robots\" content=\"index, follow, max-snippet:-1, max-image-preview:large, max-video-preview:-1\" \/>\n<link rel=\"canonical\" href=\"https:\/\/blogdofarnesio.com.br\/?p=72384\" \/>\n<meta property=\"og:locale\" content=\"pt_BR\" \/>\n<meta property=\"og:type\" content=\"article\" \/>\n<meta property=\"og:title\" content=\"HOSPITAL DIVULGA BOLETIM M\u00c9DICO, SOBRE ESTADO DE SA\u00daDE DO PADRE BERNARDINO - Blog do Farn\u00e9sio\" \/>\n<meta property=\"og:description\" content=\"Foi divulgado no final da tarde desta quinta-feira (6), o boletim m\u00e9dico do monsenhor Bernardino Padilha da Luz, de 89 anos, que est\u00e1 internado desde o \u00faltimo domingo na Unidade de Terapia Intensiva de um hospital particular na cidade baiana de Juazeiro, vizinho a\u00a0Petrolina, no Sert\u00e3o pernambucano. Segundo o geriatra Alexandre Ramiro Costa, o quadro de sa\u00fade do padre agora \u00e9 est\u00e1vel e j\u00e1 \u00e9 observada um pequena melhora. Ele respira com ajuda de aparelhos e o estado dele ainda \u00e9 grave. O m\u00e9dico explica que o religioso chegou \u00e0 unidade de sa\u00fade no domingo (2) com uma pneumonia, doen\u00e7a que provoca a falta de ar. Bernardino tem Alzheimer e Mal de Parkinson, doen\u00e7as que fragilizam ainda mais a sa\u00fade&hellip;\" \/>\n<meta property=\"og:url\" content=\"https:\/\/blogdofarnesio.com.br\/?p=72384\" \/>\n<meta property=\"og:site_name\" content=\"Blog do Farn\u00e9sio\" \/>\n<meta property=\"article:publisher\" content=\"https:\/\/www.facebook.com\/BlogQuerSaberPolitica\/\" \/>\n<meta property=\"article:published_time\" content=\"2014-02-06T21:33:16+00:00\" \/>\n<meta property=\"og:image\" content=\"http:\/\/s2.glbimg.com\/pMqzHDJ6O67gAcyFRTn6IydhmO4=\/300x225\/s.glbimg.com\/jo\/g1\/f\/original\/2014\/02\/06\/foto_padre_bernardino.jpg\" \/>\n<meta name=\"author\" content=\"teste\" \/>\n<meta name=\"twitter:card\" content=\"summary_large_image\" \/>\n<meta name=\"twitter:label1\" content=\"Escrito por\" \/>\n\t<meta name=\"twitter:data1\" content=\"teste\" \/>\n\t<meta name=\"twitter:label2\" content=\"Est. tempo de leitura\" \/>\n\t<meta name=\"twitter:data2\" content=\"1 minuto\" \/>\n<script type=\"application\/ld+json\" class=\"yoast-schema-graph\">{\"@context\":\"https:\\\/\\\/schema.org\",\"@graph\":[{\"@type\":\"Article\",\"@id\":\"https:\\\/\\\/blogdofarnesio.com.br\\\/?p=72384#article\",\"isPartOf\":{\"@id\":\"https:\\\/\\\/blogdofarnesio.com.br\\\/?p=72384\"},\"author\":{\"name\":\"teste\",\"@id\":\"https:\\\/\\\/blogdofarnesio.com.br\\\/#\\\/schema\\\/person\\\/dd1bf5eba40b687199ba45ca6b97dff9\"},\"headline\":\"HOSPITAL DIVULGA BOLETIM M\u00c9DICO, SOBRE ESTADO DE SA\u00daDE DO PADRE BERNARDINO\",\"datePublished\":\"2014-02-06T21:33:16+00:00\",\"mainEntityOfPage\":{\"@id\":\"https:\\\/\\\/blogdofarnesio.com.br\\\/?p=72384\"},\"wordCount\":141,\"commentCount\":0,\"publisher\":{\"@id\":\"https:\\\/\\\/blogdofarnesio.com.br\\\/#organization\"},\"image\":{\"@id\":\"https:\\\/\\\/blogdofarnesio.com.br\\\/?p=72384#primaryimage\"},\"thumbnailUrl\":\"http:\\\/\\\/s2.glbimg.com\\\/pMqzHDJ6O67gAcyFRTn6IydhmO4=\\\/300x225\\\/s.glbimg.com\\\/jo\\\/g1\\\/f\\\/original\\\/2014\\\/02\\\/06\\\/foto_padre_bernardino.jpg\",\"articleSection\":[\"Sa\u00fade\"],\"inLanguage\":\"pt-BR\",\"potentialAction\":[{\"@type\":\"CommentAction\",\"name\":\"Comment\",\"target\":[\"https:\\\/\\\/blogdofarnesio.com.br\\\/?p=72384#respond\"]}]},{\"@type\":\"WebPage\",\"@id\":\"https:\\\/\\\/blogdofarnesio.com.br\\\/?p=72384\",\"url\":\"https:\\\/\\\/blogdofarnesio.com.br\\\/?p=72384\",\"name\":\"HOSPITAL DIVULGA BOLETIM M\u00c9DICO, SOBRE ESTADO DE SA\u00daDE DO PADRE BERNARDINO - Blog do Farn\u00e9sio\",\"isPartOf\":{\"@id\":\"https:\\\/\\\/blogdofarnesio.com.br\\\/#website\"},\"primaryImageOfPage\":{\"@id\":\"https:\\\/\\\/blogdofarnesio.com.br\\\/?p=72384#primaryimage\"},\"image\":{\"@id\":\"https:\\\/\\\/blogdofarnesio.com.br\\\/?p=72384#primaryimage\"},\"thumbnailUrl\":\"http:\\\/\\\/s2.glbimg.com\\\/pMqzHDJ6O67gAcyFRTn6IydhmO4=\\\/300x225\\\/s.glbimg.com\\\/jo\\\/g1\\\/f\\\/original\\\/2014\\\/02\\\/06\\\/foto_padre_bernardino.jpg\",\"datePublished\":\"2014-02-06T21:33:16+00:00\",\"breadcrumb\":{\"@id\":\"https:\\\/\\\/blogdofarnesio.com.br\\\/?p=72384#breadcrumb\"},\"inLanguage\":\"pt-BR\",\"potentialAction\":[{\"@type\":\"ReadAction\",\"target\":[\"https:\\\/\\\/blogdofarnesio.com.br\\\/?p=72384\"]}]},{\"@type\":\"ImageObject\",\"inLanguage\":\"pt-BR\",\"@id\":\"https:\\\/\\\/blogdofarnesio.com.br\\\/?p=72384#primaryimage\",\"url\":\"http:\\\/\\\/s2.glbimg.com\\\/pMqzHDJ6O67gAcyFRTn6IydhmO4=\\\/300x225\\\/s.glbimg.com\\\/jo\\\/g1\\\/f\\\/original\\\/2014\\\/02\\\/06\\\/foto_padre_bernardino.jpg\",\"contentUrl\":\"http:\\\/\\\/s2.glbimg.com\\\/pMqzHDJ6O67gAcyFRTn6IydhmO4=\\\/300x225\\\/s.glbimg.com\\\/jo\\\/g1\\\/f\\\/original\\\/2014\\\/02\\\/06\\\/foto_padre_bernardino.jpg\"},{\"@type\":\"BreadcrumbList\",\"@id\":\"https:\\\/\\\/blogdofarnesio.com.br\\\/?p=72384#breadcrumb\",\"itemListElement\":[{\"@type\":\"ListItem\",\"position\":1,\"name\":\"In\u00edcio\",\"item\":\"https:\\\/\\\/blogdofarnesio.com.br\\\/\"},{\"@type\":\"ListItem\",\"position\":2,\"name\":\"HOSPITAL DIVULGA BOLETIM M\u00c9DICO, SOBRE ESTADO DE SA\u00daDE DO PADRE BERNARDINO\"}]},{\"@type\":\"WebSite\",\"@id\":\"https:\\\/\\\/blogdofarnesio.com.br\\\/#website\",\"url\":\"https:\\\/\\\/blogdofarnesio.com.br\\\/\",\"name\":\"Blog do Farn\u00e9sio\",\"description\":\"Quer Saber Pol\u00edtica?\",\"publisher\":{\"@id\":\"https:\\\/\\\/blogdofarnesio.com.br\\\/#organization\"},\"potentialAction\":[{\"@type\":\"SearchAction\",\"target\":{\"@type\":\"EntryPoint\",\"urlTemplate\":\"https:\\\/\\\/blogdofarnesio.com.br\\\/?s={search_term_string}\"},\"query-input\":{\"@type\":\"PropertyValueSpecification\",\"valueRequired\":true,\"valueName\":\"search_term_string\"}}],\"inLanguage\":\"pt-BR\"},{\"@type\":\"Organization\",\"@id\":\"https:\\\/\\\/blogdofarnesio.com.br\\\/#organization\",\"name\":\"Blog do Farn\u00e9sio\",\"url\":\"https:\\\/\\\/blogdofarnesio.com.br\\\/\",\"logo\":{\"@type\":\"ImageObject\",\"inLanguage\":\"pt-BR\",\"@id\":\"https:\\\/\\\/blogdofarnesio.com.br\\\/#\\\/schema\\\/logo\\\/image\\\/\",\"url\":\"https:\\\/\\\/blogdofarnesio.com.br\\\/wp-content\\\/uploads\\\/2026\\\/03\\\/cropped-logo_new-1.png\",\"contentUrl\":\"https:\\\/\\\/blogdofarnesio.com.br\\\/wp-content\\\/uploads\\\/2026\\\/03\\\/cropped-logo_new-1.png\",\"width\":881,\"height\":685,\"caption\":\"Blog do Farn\u00e9sio\"},\"image\":{\"@id\":\"https:\\\/\\\/blogdofarnesio.com.br\\\/#\\\/schema\\\/logo\\\/image\\\/\"},\"sameAs\":[\"https:\\\/\\\/www.facebook.com\\\/BlogQuerSaberPolitica\\\/\"]},{\"@type\":\"Person\",\"@id\":\"https:\\\/\\\/blogdofarnesio.com.br\\\/#\\\/schema\\\/person\\\/dd1bf5eba40b687199ba45ca6b97dff9\",\"name\":\"teste\",\"image\":{\"@type\":\"ImageObject\",\"inLanguage\":\"pt-BR\",\"@id\":\"https:\\\/\\\/secure.gravatar.com\\\/avatar\\\/2172498d4914b51e1d89a0f97957b035ac4938723a5cac208135d389b6972a6d?s=96&d=mm&r=g\",\"url\":\"https:\\\/\\\/secure.gravatar.com\\\/avatar\\\/2172498d4914b51e1d89a0f97957b035ac4938723a5cac208135d389b6972a6d?s=96&d=mm&r=g\",\"contentUrl\":\"https:\\\/\\\/secure.gravatar.com\\\/avatar\\\/2172498d4914b51e1d89a0f97957b035ac4938723a5cac208135d389b6972a6d?s=96&d=mm&r=g\",\"caption\":\"teste\"},\"url\":\"https:\\\/\\\/blogdofarnesio.com.br\\\/?author=3\"}]}<\/script>\n<!-- \/ Yoast SEO plugin. -->","yoast_head_json":{"title":"HOSPITAL DIVULGA BOLETIM M\u00c9DICO, SOBRE ESTADO DE SA\u00daDE DO PADRE BERNARDINO - Blog do Farn\u00e9sio","robots":{"index":"index","follow":"follow","max-snippet":"max-snippet:-1","max-image-preview":"max-image-preview:large","max-video-preview":"max-video-preview:-1"},"canonical":"https:\/\/blogdofarnesio.com.br\/?p=72384","og_locale":"pt_BR","og_type":"article","og_title":"HOSPITAL DIVULGA BOLETIM M\u00c9DICO, SOBRE ESTADO DE SA\u00daDE DO PADRE BERNARDINO - Blog do Farn\u00e9sio","og_description":"Foi divulgado no final da tarde desta quinta-feira (6), o boletim m\u00e9dico do monsenhor Bernardino Padilha da Luz, de 89 anos, que est\u00e1 internado desde o \u00faltimo domingo na Unidade de Terapia Intensiva de um hospital particular na cidade baiana de Juazeiro, vizinho a\u00a0Petrolina, no Sert\u00e3o pernambucano. Segundo o geriatra Alexandre Ramiro Costa, o quadro de sa\u00fade do padre agora \u00e9 est\u00e1vel e j\u00e1 \u00e9 observada um pequena melhora. Ele respira com ajuda de aparelhos e o estado dele ainda \u00e9 grave. O m\u00e9dico explica que o religioso chegou \u00e0 unidade de sa\u00fade no domingo (2) com uma pneumonia, doen\u00e7a que provoca a falta de ar. Bernardino tem Alzheimer e Mal de Parkinson, doen\u00e7as que fragilizam ainda mais a sa\u00fade&hellip;","og_url":"https:\/\/blogdofarnesio.com.br\/?p=72384","og_site_name":"Blog do Farn\u00e9sio","article_publisher":"https:\/\/www.facebook.com\/BlogQuerSaberPolitica\/","article_published_time":"2014-02-06T21:33:16+00:00","og_image":[{"url":"http:\/\/s2.glbimg.com\/pMqzHDJ6O67gAcyFRTn6IydhmO4=\/300x225\/s.glbimg.com\/jo\/g1\/f\/original\/2014\/02\/06\/foto_padre_bernardino.jpg","type":"","width":"","height":""}],"author":"teste","twitter_card":"summary_large_image","twitter_misc":{"Escrito por":"teste","Est. tempo de leitura":"1 minuto"},"schema":{"@context":"https:\/\/schema.org","@graph":[{"@type":"Article","@id":"https:\/\/blogdofarnesio.com.br\/?p=72384#article","isPartOf":{"@id":"https:\/\/blogdofarnesio.com.br\/?p=72384"},"author":{"name":"teste","@id":"https:\/\/blogdofarnesio.com.br\/#\/schema\/person\/dd1bf5eba40b687199ba45ca6b97dff9"},"headline":"HOSPITAL DIVULGA BOLETIM M\u00c9DICO, SOBRE ESTADO DE SA\u00daDE DO PADRE BERNARDINO","datePublished":"2014-02-06T21:33:16+00:00","mainEntityOfPage":{"@id":"https:\/\/blogdofarnesio.com.br\/?p=72384"},"wordCount":141,"commentCount":0,"publisher":{"@id":"https:\/\/blogdofarnesio.com.br\/#organization"},"image":{"@id":"https:\/\/blogdofarnesio.com.br\/?p=72384#primaryimage"},"thumbnailUrl":"http:\/\/s2.glbimg.com\/pMqzHDJ6O67gAcyFRTn6IydhmO4=\/300x225\/s.glbimg.com\/jo\/g1\/f\/original\/2014\/02\/06\/foto_padre_bernardino.jpg","articleSection":["Sa\u00fade"],"inLanguage":"pt-BR","potentialAction":[{"@type":"CommentAction","name":"Comment","target":["https:\/\/blogdofarnesio.com.br\/?p=72384#respond"]}]},{"@type":"WebPage","@id":"https:\/\/blogdofarnesio.com.br\/?p=72384","url":"https:\/\/blogdofarnesio.com.br\/?p=72384","name":"HOSPITAL DIVULGA BOLETIM M\u00c9DICO, SOBRE ESTADO DE SA\u00daDE DO PADRE BERNARDINO - Blog do Farn\u00e9sio","isPartOf":{"@id":"https:\/\/blogdofarnesio.com.br\/#website"},"primaryImageOfPage":{"@id":"https:\/\/blogdofarnesio.com.br\/?p=72384#primaryimage"},"image":{"@id":"https:\/\/blogdofarnesio.com.br\/?p=72384#primaryimage"},"thumbnailUrl":"http:\/\/s2.glbimg.com\/pMqzHDJ6O67gAcyFRTn6IydhmO4=\/300x225\/s.glbimg.com\/jo\/g1\/f\/original\/2014\/02\/06\/foto_padre_bernardino.jpg","datePublished":"2014-02-06T21:33:16+00:00","breadcrumb":{"@id":"https:\/\/blogdofarnesio.com.br\/?p=72384#breadcrumb"},"inLanguage":"pt-BR","potentialAction":[{"@type":"ReadAction","target":["https:\/\/blogdofarnesio.com.br\/?p=72384"]}]},{"@type":"ImageObject","inLanguage":"pt-BR","@id":"https:\/\/blogdofarnesio.com.br\/?p=72384#primaryimage","url":"http:\/\/s2.glbimg.com\/pMqzHDJ6O67gAcyFRTn6IydhmO4=\/300x225\/s.glbimg.com\/jo\/g1\/f\/original\/2014\/02\/06\/foto_padre_bernardino.jpg","contentUrl":"http:\/\/s2.glbimg.com\/pMqzHDJ6O67gAcyFRTn6IydhmO4=\/300x225\/s.glbimg.com\/jo\/g1\/f\/original\/2014\/02\/06\/foto_padre_bernardino.jpg"},{"@type":"BreadcrumbList","@id":"https:\/\/blogdofarnesio.com.br\/?p=72384#breadcrumb","itemListElement":[{"@type":"ListItem","position":1,"name":"In\u00edcio","item":"https:\/\/blogdofarnesio.com.br\/"},{"@type":"ListItem","position":2,"name":"HOSPITAL DIVULGA BOLETIM M\u00c9DICO, SOBRE ESTADO DE SA\u00daDE DO PADRE BERNARDINO"}]},{"@type":"WebSite","@id":"https:\/\/blogdofarnesio.com.br\/#website","url":"https:\/\/blogdofarnesio.com.br\/","name":"Blog do Farn\u00e9sio","description":"Quer Saber Pol\u00edtica?","publisher":{"@id":"https:\/\/blogdofarnesio.com.br\/#organization"},"potentialAction":[{"@type":"SearchAction","target":{"@type":"EntryPoint","urlTemplate":"https:\/\/blogdofarnesio.com.br\/?s={search_term_string}"},"query-input":{"@type":"PropertyValueSpecification","valueRequired":true,"valueName":"search_term_string"}}],"inLanguage":"pt-BR"},{"@type":"Organization","@id":"https:\/\/blogdofarnesio.com.br\/#organization","name":"Blog do Farn\u00e9sio","url":"https:\/\/blogdofarnesio.com.br\/","logo":{"@type":"ImageObject","inLanguage":"pt-BR","@id":"https:\/\/blogdofarnesio.com.br\/#\/schema\/logo\/image\/","url":"https:\/\/blogdofarnesio.com.br\/wp-content\/uploads\/2026\/03\/cropped-logo_new-1.png","contentUrl":"https:\/\/blogdofarnesio.com.br\/wp-content\/uploads\/2026\/03\/cropped-logo_new-1.png","width":881,"height":685,"caption":"Blog do Farn\u00e9sio"},"image":{"@id":"https:\/\/blogdofarnesio.com.br\/#\/schema\/logo\/image\/"},"sameAs":["https:\/\/www.facebook.com\/BlogQuerSaberPolitica\/"]},{"@type":"Person","@id":"https:\/\/blogdofarnesio.com.br\/#\/schema\/person\/dd1bf5eba40b687199ba45ca6b97dff9","name":"teste","image":{"@type":"ImageObject","inLanguage":"pt-BR","@id":"https:\/\/secure.gravatar.com\/avatar\/2172498d4914b51e1d89a0f97957b035ac4938723a5cac208135d389b6972a6d?s=96&d=mm&r=g","url":"https:\/\/secure.gravatar.com\/avatar\/2172498d4914b51e1d89a0f97957b035ac4938723a5cac208135d389b6972a6d?s=96&d=mm&r=g","contentUrl":"https:\/\/secure.gravatar.com\/avatar\/2172498d4914b51e1d89a0f97957b035ac4938723a5cac208135d389b6972a6d?s=96&d=mm&r=g","caption":"teste"},"url":"https:\/\/blogdofarnesio.com.br\/?author=3"}]}},"_links":{"self":[{"href":"https:\/\/blogdofarnesio.com.br\/index.php?rest_route=\/wp\/v2\/posts\/72384","targetHints":{"allow":["GET"]}}],"collection":[{"href":"https:\/\/blogdofarnesio.com.br\/index.php?rest_route=\/wp\/v2\/posts"}],"about":[{"href":"https:\/\/blogdofarnesio.com.br\/index.php?rest_route=\/wp\/v2\/types\/post"}],"author":[{"embeddable":true,"href":"https:\/\/blogdofarnesio.com.br\/index.php?rest_route=\/wp\/v2\/users\/3"}],"replies":[{"embeddable":true,"href":"https:\/\/blogdofarnesio.com.br\/index.php?rest_route=%2Fwp%2Fv2%2Fcomments&post=72384"}],"version-history":[{"count":0,"href":"https:\/\/blogdofarnesio.com.br\/index.php?rest_route=\/wp\/v2\/posts\/72384\/revisions"}],"wp:attachment":[{"href":"https:\/\/blogdofarnesio.com.br\/index.php?rest_route=%2Fwp%2Fv2%2Fmedia&parent=72384"}],"wp:term":[{"taxonomy":"category","embeddable":true,"href":"https:\/\/blogdofarnesio.com.br\/index.php?rest_route=%2Fwp%2Fv2%2Fcategories&post=72384"},{"taxonomy":"post_tag","embeddable":true,"href":"https:\/\/blogdofarnesio.com.br\/index.php?rest_route=%2Fwp%2Fv2%2Ftags&post=72384"}],"curies":[{"name":"wp","href":"https:\/\/api.w.org\/{rel}","templated":true}]}}