{"id":72248,"date":"2014-02-06T20:01:28","date_gmt":"2014-02-06T23:01:28","guid":{"rendered":"http:\/\/www.quersaberpolitica.com.br\/?p=72248"},"modified":"2014-02-06T17:42:09","modified_gmt":"2014-02-06T20:42:09","slug":"sesp-divulga-mudanca-de-horario-da-coleta-no-periodo-do-carnaval","status":"publish","type":"post","link":"https:\/\/blogdofarnesio.com.br\/?p=72248","title":{"rendered":"SESP DIVULGA MUDAN\u00c7A DE HOR\u00c1RIO DA COLETA NO PER\u00cdODO DO CARNAVAL"},"content":{"rendered":"<p style=\"text-align: justify\"><a href=\"http:\/\/www.quersaberpolitica.com.br\/2016\/wp-content\/uploads\/2013\/07\/BLOGQSP.COLETA-DE-LIXO.jpg\"><img loading=\"lazy\" decoding=\"async\" class=\"alignleft size-medium wp-image-49173\" alt=\"BLOGQSP.COLETA DE LIXO\" src=\"http:\/\/www.quersaberpolitica.com.br\/2016\/wp-content\/uploads\/2013\/07\/BLOGQSP.COLETA-DE-LIXO-300x200.jpg\" width=\"300\" height=\"200\" srcset=\"https:\/\/blogdofarnesio.com.br\/wp-content\/uploads\/2013\/07\/BLOGQSP.COLETA-DE-LIXO-300x200.jpg 300w, https:\/\/blogdofarnesio.com.br\/wp-content\/uploads\/2013\/07\/BLOGQSP.COLETA-DE-LIXO-1024x682.jpg 1024w, https:\/\/blogdofarnesio.com.br\/wp-content\/uploads\/2013\/07\/BLOGQSP.COLETA-DE-LIXO-450x300.jpg 450w\" sizes=\"auto, (max-width: 300px) 100vw, 300px\" \/><\/a>A Secretaria de Servi\u00e7os P\u00fablicos (SESP) informa que a partir deste s\u00e1bado (08) at\u00e9 o pr\u00f3ximo (15), correspondente ao per\u00edodo do carnaval, as empresas respons\u00e1veis pela coleta de lixo estar\u00e3o realizando o servi\u00e7o em turnos diferentes em alguns bairros.<\/p>\n<p style=\"text-align: justify\">Nos bairros Jo\u00e3o XXIII e Alto do Cruzeiro aonde a coleta \u00e9 feita pela manh\u00e3, passar\u00e1 ser a tarde a partir das 15h; j\u00e1 no Angary, Morada do Rio e Cajueiro ficar\u00e1 com a coleta pela manh\u00e3 a partir das 7h. No centro comercial a coleta acontecer\u00e1 \u00e0s 18h, tamb\u00e9m dentro do per\u00edodo do carnaval.<\/p>\n<p style=\"text-align: justify\">A SESP pede encarecidamente a colabora\u00e7\u00e3o de todos, e desde j\u00e1, agradece a compreens\u00e3o.<\/p>\n","protected":false},"excerpt":{"rendered":"<p>A Secretaria de Servi\u00e7os P\u00fablicos (SESP) informa que a partir deste s\u00e1bado (08) at\u00e9 o pr\u00f3ximo (15), correspondente ao per\u00edodo do carnaval, as empresas respons\u00e1veis pela coleta de lixo estar\u00e3o realizando o servi\u00e7o em turnos diferentes em alguns bairros. Nos bairros Jo\u00e3o XXIII e Alto do Cruzeiro aonde a coleta \u00e9 feita pela manh\u00e3, passar\u00e1 ser a tarde a partir das 15h; j\u00e1 no Angary, Morada do Rio e Cajueiro ficar\u00e1 com a coleta pela manh\u00e3 a partir das 7h. No centro comercial a coleta acontecer\u00e1 \u00e0s 18h, tamb\u00e9m dentro do per\u00edodo do carnaval. A SESP pede encarecidamente a colabora\u00e7\u00e3o de todos, e desde j\u00e1, agradece a compreens\u00e3o.<\/p>\n","protected":false},"author":3,"featured_media":0,"comment_status":"open","ping_status":"open","sticky":false,"template":"","format":"standard","meta":{"_acf_changed":false,"footnotes":""},"categories":[44],"tags":[],"class_list":["post-72248","post","type-post","status-publish","format-standard","hentry","category-administracao"],"acf":[],"yoast_head":"<!-- This site is optimized with the Yoast SEO plugin v27.4 - https:\/\/yoast.com\/product\/yoast-seo-wordpress\/ -->\n<title>SESP DIVULGA MUDAN\u00c7A DE HOR\u00c1RIO DA COLETA NO PER\u00cdODO DO CARNAVAL - Blog do Farn\u00e9sio<\/title>\n<meta name=\"robots\" content=\"index, follow, max-snippet:-1, max-image-preview:large, max-video-preview:-1\" \/>\n<link rel=\"canonical\" href=\"https:\/\/blogdofarnesio.com.br\/?p=72248\" \/>\n<meta property=\"og:locale\" content=\"pt_BR\" \/>\n<meta property=\"og:type\" content=\"article\" \/>\n<meta property=\"og:title\" content=\"SESP DIVULGA MUDAN\u00c7A DE HOR\u00c1RIO DA COLETA NO PER\u00cdODO DO CARNAVAL - Blog do Farn\u00e9sio\" \/>\n<meta property=\"og:description\" content=\"A Secretaria de Servi\u00e7os P\u00fablicos (SESP) informa que a partir deste s\u00e1bado (08) at\u00e9 o pr\u00f3ximo (15), correspondente ao per\u00edodo do carnaval, as empresas respons\u00e1veis pela coleta de lixo estar\u00e3o realizando o servi\u00e7o em turnos diferentes em alguns bairros. Nos bairros Jo\u00e3o XXIII e Alto do Cruzeiro aonde a coleta \u00e9 feita pela manh\u00e3, passar\u00e1 ser a tarde a partir das 15h; j\u00e1 no Angary, Morada do Rio e Cajueiro ficar\u00e1 com a coleta pela manh\u00e3 a partir das 7h. No centro comercial a coleta acontecer\u00e1 \u00e0s 18h, tamb\u00e9m dentro do per\u00edodo do carnaval. A SESP pede encarecidamente a colabora\u00e7\u00e3o de todos, e desde j\u00e1, agradece a compreens\u00e3o.\" \/>\n<meta property=\"og:url\" content=\"https:\/\/blogdofarnesio.com.br\/?p=72248\" \/>\n<meta property=\"og:site_name\" content=\"Blog do Farn\u00e9sio\" \/>\n<meta property=\"article:publisher\" content=\"https:\/\/www.facebook.com\/BlogQuerSaberPolitica\/\" \/>\n<meta property=\"article:published_time\" content=\"2014-02-06T23:01:28+00:00\" \/>\n<meta property=\"og:image\" content=\"http:\/\/www.quersaberpolitica.com.br\/2016\/wp-content\/uploads\/2013\/07\/BLOGQSP.COLETA-DE-LIXO-300x200.jpg\" \/>\n<meta name=\"author\" content=\"teste\" \/>\n<meta name=\"twitter:card\" content=\"summary_large_image\" \/>\n<meta name=\"twitter:label1\" content=\"Escrito por\" \/>\n\t<meta name=\"twitter:data1\" content=\"teste\" \/>\n\t<meta name=\"twitter:label2\" content=\"Est. tempo de leitura\" \/>\n\t<meta name=\"twitter:data2\" content=\"1 minuto\" \/>\n<script type=\"application\/ld+json\" class=\"yoast-schema-graph\">{\"@context\":\"https:\\\/\\\/schema.org\",\"@graph\":[{\"@type\":\"Article\",\"@id\":\"https:\\\/\\\/blogdofarnesio.com.br\\\/?p=72248#article\",\"isPartOf\":{\"@id\":\"https:\\\/\\\/blogdofarnesio.com.br\\\/?p=72248\"},\"author\":{\"name\":\"teste\",\"@id\":\"https:\\\/\\\/blogdofarnesio.com.br\\\/#\\\/schema\\\/person\\\/dd1bf5eba40b687199ba45ca6b97dff9\"},\"headline\":\"SESP DIVULGA MUDAN\u00c7A DE HOR\u00c1RIO DA COLETA NO PER\u00cdODO DO CARNAVAL\",\"datePublished\":\"2014-02-06T23:01:28+00:00\",\"mainEntityOfPage\":{\"@id\":\"https:\\\/\\\/blogdofarnesio.com.br\\\/?p=72248\"},\"wordCount\":132,\"commentCount\":0,\"publisher\":{\"@id\":\"https:\\\/\\\/blogdofarnesio.com.br\\\/#organization\"},\"image\":{\"@id\":\"https:\\\/\\\/blogdofarnesio.com.br\\\/?p=72248#primaryimage\"},\"thumbnailUrl\":\"http:\\\/\\\/www.quersaberpolitica.com.br\\\/2016\\\/wp-content\\\/uploads\\\/2013\\\/07\\\/BLOGQSP.COLETA-DE-LIXO-300x200.jpg\",\"articleSection\":[\"Administra\u00e7\u00e3o\"],\"inLanguage\":\"pt-BR\",\"potentialAction\":[{\"@type\":\"CommentAction\",\"name\":\"Comment\",\"target\":[\"https:\\\/\\\/blogdofarnesio.com.br\\\/?p=72248#respond\"]}]},{\"@type\":\"WebPage\",\"@id\":\"https:\\\/\\\/blogdofarnesio.com.br\\\/?p=72248\",\"url\":\"https:\\\/\\\/blogdofarnesio.com.br\\\/?p=72248\",\"name\":\"SESP DIVULGA MUDAN\u00c7A DE HOR\u00c1RIO DA COLETA NO PER\u00cdODO DO CARNAVAL - Blog do Farn\u00e9sio\",\"isPartOf\":{\"@id\":\"https:\\\/\\\/blogdofarnesio.com.br\\\/#website\"},\"primaryImageOfPage\":{\"@id\":\"https:\\\/\\\/blogdofarnesio.com.br\\\/?p=72248#primaryimage\"},\"image\":{\"@id\":\"https:\\\/\\\/blogdofarnesio.com.br\\\/?p=72248#primaryimage\"},\"thumbnailUrl\":\"http:\\\/\\\/www.quersaberpolitica.com.br\\\/2016\\\/wp-content\\\/uploads\\\/2013\\\/07\\\/BLOGQSP.COLETA-DE-LIXO-300x200.jpg\",\"datePublished\":\"2014-02-06T23:01:28+00:00\",\"breadcrumb\":{\"@id\":\"https:\\\/\\\/blogdofarnesio.com.br\\\/?p=72248#breadcrumb\"},\"inLanguage\":\"pt-BR\",\"potentialAction\":[{\"@type\":\"ReadAction\",\"target\":[\"https:\\\/\\\/blogdofarnesio.com.br\\\/?p=72248\"]}]},{\"@type\":\"ImageObject\",\"inLanguage\":\"pt-BR\",\"@id\":\"https:\\\/\\\/blogdofarnesio.com.br\\\/?p=72248#primaryimage\",\"url\":\"http:\\\/\\\/www.quersaberpolitica.com.br\\\/2016\\\/wp-content\\\/uploads\\\/2013\\\/07\\\/BLOGQSP.COLETA-DE-LIXO-300x200.jpg\",\"contentUrl\":\"http:\\\/\\\/www.quersaberpolitica.com.br\\\/2016\\\/wp-content\\\/uploads\\\/2013\\\/07\\\/BLOGQSP.COLETA-DE-LIXO-300x200.jpg\"},{\"@type\":\"BreadcrumbList\",\"@id\":\"https:\\\/\\\/blogdofarnesio.com.br\\\/?p=72248#breadcrumb\",\"itemListElement\":[{\"@type\":\"ListItem\",\"position\":1,\"name\":\"In\u00edcio\",\"item\":\"https:\\\/\\\/blogdofarnesio.com.br\\\/\"},{\"@type\":\"ListItem\",\"position\":2,\"name\":\"SESP DIVULGA MUDAN\u00c7A DE HOR\u00c1RIO DA COLETA NO PER\u00cdODO DO CARNAVAL\"}]},{\"@type\":\"WebSite\",\"@id\":\"https:\\\/\\\/blogdofarnesio.com.br\\\/#website\",\"url\":\"https:\\\/\\\/blogdofarnesio.com.br\\\/\",\"name\":\"Blog do Farn\u00e9sio\",\"description\":\"Quer Saber Pol\u00edtica?\",\"publisher\":{\"@id\":\"https:\\\/\\\/blogdofarnesio.com.br\\\/#organization\"},\"potentialAction\":[{\"@type\":\"SearchAction\",\"target\":{\"@type\":\"EntryPoint\",\"urlTemplate\":\"https:\\\/\\\/blogdofarnesio.com.br\\\/?s={search_term_string}\"},\"query-input\":{\"@type\":\"PropertyValueSpecification\",\"valueRequired\":true,\"valueName\":\"search_term_string\"}}],\"inLanguage\":\"pt-BR\"},{\"@type\":\"Organization\",\"@id\":\"https:\\\/\\\/blogdofarnesio.com.br\\\/#organization\",\"name\":\"Blog do Farn\u00e9sio\",\"url\":\"https:\\\/\\\/blogdofarnesio.com.br\\\/\",\"logo\":{\"@type\":\"ImageObject\",\"inLanguage\":\"pt-BR\",\"@id\":\"https:\\\/\\\/blogdofarnesio.com.br\\\/#\\\/schema\\\/logo\\\/image\\\/\",\"url\":\"https:\\\/\\\/blogdofarnesio.com.br\\\/wp-content\\\/uploads\\\/2026\\\/03\\\/cropped-logo_new-1.png\",\"contentUrl\":\"https:\\\/\\\/blogdofarnesio.com.br\\\/wp-content\\\/uploads\\\/2026\\\/03\\\/cropped-logo_new-1.png\",\"width\":881,\"height\":685,\"caption\":\"Blog do Farn\u00e9sio\"},\"image\":{\"@id\":\"https:\\\/\\\/blogdofarnesio.com.br\\\/#\\\/schema\\\/logo\\\/image\\\/\"},\"sameAs\":[\"https:\\\/\\\/www.facebook.com\\\/BlogQuerSaberPolitica\\\/\"]},{\"@type\":\"Person\",\"@id\":\"https:\\\/\\\/blogdofarnesio.com.br\\\/#\\\/schema\\\/person\\\/dd1bf5eba40b687199ba45ca6b97dff9\",\"name\":\"teste\",\"image\":{\"@type\":\"ImageObject\",\"inLanguage\":\"pt-BR\",\"@id\":\"https:\\\/\\\/secure.gravatar.com\\\/avatar\\\/2172498d4914b51e1d89a0f97957b035ac4938723a5cac208135d389b6972a6d?s=96&d=mm&r=g\",\"url\":\"https:\\\/\\\/secure.gravatar.com\\\/avatar\\\/2172498d4914b51e1d89a0f97957b035ac4938723a5cac208135d389b6972a6d?s=96&d=mm&r=g\",\"contentUrl\":\"https:\\\/\\\/secure.gravatar.com\\\/avatar\\\/2172498d4914b51e1d89a0f97957b035ac4938723a5cac208135d389b6972a6d?s=96&d=mm&r=g\",\"caption\":\"teste\"},\"url\":\"https:\\\/\\\/blogdofarnesio.com.br\\\/?author=3\"}]}<\/script>\n<!-- \/ Yoast SEO plugin. -->","yoast_head_json":{"title":"SESP DIVULGA MUDAN\u00c7A DE HOR\u00c1RIO DA COLETA NO PER\u00cdODO DO CARNAVAL - Blog do Farn\u00e9sio","robots":{"index":"index","follow":"follow","max-snippet":"max-snippet:-1","max-image-preview":"max-image-preview:large","max-video-preview":"max-video-preview:-1"},"canonical":"https:\/\/blogdofarnesio.com.br\/?p=72248","og_locale":"pt_BR","og_type":"article","og_title":"SESP DIVULGA MUDAN\u00c7A DE HOR\u00c1RIO DA COLETA NO PER\u00cdODO DO CARNAVAL - Blog do Farn\u00e9sio","og_description":"A Secretaria de Servi\u00e7os P\u00fablicos (SESP) informa que a partir deste s\u00e1bado (08) at\u00e9 o pr\u00f3ximo (15), correspondente ao per\u00edodo do carnaval, as empresas respons\u00e1veis pela coleta de lixo estar\u00e3o realizando o servi\u00e7o em turnos diferentes em alguns bairros. Nos bairros Jo\u00e3o XXIII e Alto do Cruzeiro aonde a coleta \u00e9 feita pela manh\u00e3, passar\u00e1 ser a tarde a partir das 15h; j\u00e1 no Angary, Morada do Rio e Cajueiro ficar\u00e1 com a coleta pela manh\u00e3 a partir das 7h. No centro comercial a coleta acontecer\u00e1 \u00e0s 18h, tamb\u00e9m dentro do per\u00edodo do carnaval. A SESP pede encarecidamente a colabora\u00e7\u00e3o de todos, e desde j\u00e1, agradece a compreens\u00e3o.","og_url":"https:\/\/blogdofarnesio.com.br\/?p=72248","og_site_name":"Blog do Farn\u00e9sio","article_publisher":"https:\/\/www.facebook.com\/BlogQuerSaberPolitica\/","article_published_time":"2014-02-06T23:01:28+00:00","og_image":[{"url":"http:\/\/www.quersaberpolitica.com.br\/2016\/wp-content\/uploads\/2013\/07\/BLOGQSP.COLETA-DE-LIXO-300x200.jpg","type":"","width":"","height":""}],"author":"teste","twitter_card":"summary_large_image","twitter_misc":{"Escrito por":"teste","Est. tempo de leitura":"1 minuto"},"schema":{"@context":"https:\/\/schema.org","@graph":[{"@type":"Article","@id":"https:\/\/blogdofarnesio.com.br\/?p=72248#article","isPartOf":{"@id":"https:\/\/blogdofarnesio.com.br\/?p=72248"},"author":{"name":"teste","@id":"https:\/\/blogdofarnesio.com.br\/#\/schema\/person\/dd1bf5eba40b687199ba45ca6b97dff9"},"headline":"SESP DIVULGA MUDAN\u00c7A DE HOR\u00c1RIO DA COLETA NO PER\u00cdODO DO CARNAVAL","datePublished":"2014-02-06T23:01:28+00:00","mainEntityOfPage":{"@id":"https:\/\/blogdofarnesio.com.br\/?p=72248"},"wordCount":132,"commentCount":0,"publisher":{"@id":"https:\/\/blogdofarnesio.com.br\/#organization"},"image":{"@id":"https:\/\/blogdofarnesio.com.br\/?p=72248#primaryimage"},"thumbnailUrl":"http:\/\/www.quersaberpolitica.com.br\/2016\/wp-content\/uploads\/2013\/07\/BLOGQSP.COLETA-DE-LIXO-300x200.jpg","articleSection":["Administra\u00e7\u00e3o"],"inLanguage":"pt-BR","potentialAction":[{"@type":"CommentAction","name":"Comment","target":["https:\/\/blogdofarnesio.com.br\/?p=72248#respond"]}]},{"@type":"WebPage","@id":"https:\/\/blogdofarnesio.com.br\/?p=72248","url":"https:\/\/blogdofarnesio.com.br\/?p=72248","name":"SESP DIVULGA MUDAN\u00c7A DE HOR\u00c1RIO DA COLETA NO PER\u00cdODO DO CARNAVAL - Blog do Farn\u00e9sio","isPartOf":{"@id":"https:\/\/blogdofarnesio.com.br\/#website"},"primaryImageOfPage":{"@id":"https:\/\/blogdofarnesio.com.br\/?p=72248#primaryimage"},"image":{"@id":"https:\/\/blogdofarnesio.com.br\/?p=72248#primaryimage"},"thumbnailUrl":"http:\/\/www.quersaberpolitica.com.br\/2016\/wp-content\/uploads\/2013\/07\/BLOGQSP.COLETA-DE-LIXO-300x200.jpg","datePublished":"2014-02-06T23:01:28+00:00","breadcrumb":{"@id":"https:\/\/blogdofarnesio.com.br\/?p=72248#breadcrumb"},"inLanguage":"pt-BR","potentialAction":[{"@type":"ReadAction","target":["https:\/\/blogdofarnesio.com.br\/?p=72248"]}]},{"@type":"ImageObject","inLanguage":"pt-BR","@id":"https:\/\/blogdofarnesio.com.br\/?p=72248#primaryimage","url":"http:\/\/www.quersaberpolitica.com.br\/2016\/wp-content\/uploads\/2013\/07\/BLOGQSP.COLETA-DE-LIXO-300x200.jpg","contentUrl":"http:\/\/www.quersaberpolitica.com.br\/2016\/wp-content\/uploads\/2013\/07\/BLOGQSP.COLETA-DE-LIXO-300x200.jpg"},{"@type":"BreadcrumbList","@id":"https:\/\/blogdofarnesio.com.br\/?p=72248#breadcrumb","itemListElement":[{"@type":"ListItem","position":1,"name":"In\u00edcio","item":"https:\/\/blogdofarnesio.com.br\/"},{"@type":"ListItem","position":2,"name":"SESP DIVULGA MUDAN\u00c7A DE HOR\u00c1RIO DA COLETA NO PER\u00cdODO DO CARNAVAL"}]},{"@type":"WebSite","@id":"https:\/\/blogdofarnesio.com.br\/#website","url":"https:\/\/blogdofarnesio.com.br\/","name":"Blog do Farn\u00e9sio","description":"Quer Saber Pol\u00edtica?","publisher":{"@id":"https:\/\/blogdofarnesio.com.br\/#organization"},"potentialAction":[{"@type":"SearchAction","target":{"@type":"EntryPoint","urlTemplate":"https:\/\/blogdofarnesio.com.br\/?s={search_term_string}"},"query-input":{"@type":"PropertyValueSpecification","valueRequired":true,"valueName":"search_term_string"}}],"inLanguage":"pt-BR"},{"@type":"Organization","@id":"https:\/\/blogdofarnesio.com.br\/#organization","name":"Blog do Farn\u00e9sio","url":"https:\/\/blogdofarnesio.com.br\/","logo":{"@type":"ImageObject","inLanguage":"pt-BR","@id":"https:\/\/blogdofarnesio.com.br\/#\/schema\/logo\/image\/","url":"https:\/\/blogdofarnesio.com.br\/wp-content\/uploads\/2026\/03\/cropped-logo_new-1.png","contentUrl":"https:\/\/blogdofarnesio.com.br\/wp-content\/uploads\/2026\/03\/cropped-logo_new-1.png","width":881,"height":685,"caption":"Blog do Farn\u00e9sio"},"image":{"@id":"https:\/\/blogdofarnesio.com.br\/#\/schema\/logo\/image\/"},"sameAs":["https:\/\/www.facebook.com\/BlogQuerSaberPolitica\/"]},{"@type":"Person","@id":"https:\/\/blogdofarnesio.com.br\/#\/schema\/person\/dd1bf5eba40b687199ba45ca6b97dff9","name":"teste","image":{"@type":"ImageObject","inLanguage":"pt-BR","@id":"https:\/\/secure.gravatar.com\/avatar\/2172498d4914b51e1d89a0f97957b035ac4938723a5cac208135d389b6972a6d?s=96&d=mm&r=g","url":"https:\/\/secure.gravatar.com\/avatar\/2172498d4914b51e1d89a0f97957b035ac4938723a5cac208135d389b6972a6d?s=96&d=mm&r=g","contentUrl":"https:\/\/secure.gravatar.com\/avatar\/2172498d4914b51e1d89a0f97957b035ac4938723a5cac208135d389b6972a6d?s=96&d=mm&r=g","caption":"teste"},"url":"https:\/\/blogdofarnesio.com.br\/?author=3"}]}},"_links":{"self":[{"href":"https:\/\/blogdofarnesio.com.br\/index.php?rest_route=\/wp\/v2\/posts\/72248","targetHints":{"allow":["GET"]}}],"collection":[{"href":"https:\/\/blogdofarnesio.com.br\/index.php?rest_route=\/wp\/v2\/posts"}],"about":[{"href":"https:\/\/blogdofarnesio.com.br\/index.php?rest_route=\/wp\/v2\/types\/post"}],"author":[{"embeddable":true,"href":"https:\/\/blogdofarnesio.com.br\/index.php?rest_route=\/wp\/v2\/users\/3"}],"replies":[{"embeddable":true,"href":"https:\/\/blogdofarnesio.com.br\/index.php?rest_route=%2Fwp%2Fv2%2Fcomments&post=72248"}],"version-history":[{"count":0,"href":"https:\/\/blogdofarnesio.com.br\/index.php?rest_route=\/wp\/v2\/posts\/72248\/revisions"}],"wp:attachment":[{"href":"https:\/\/blogdofarnesio.com.br\/index.php?rest_route=%2Fwp%2Fv2%2Fmedia&parent=72248"}],"wp:term":[{"taxonomy":"category","embeddable":true,"href":"https:\/\/blogdofarnesio.com.br\/index.php?rest_route=%2Fwp%2Fv2%2Fcategories&post=72248"},{"taxonomy":"post_tag","embeddable":true,"href":"https:\/\/blogdofarnesio.com.br\/index.php?rest_route=%2Fwp%2Fv2%2Ftags&post=72248"}],"curies":[{"name":"wp","href":"https:\/\/api.w.org\/{rel}","templated":true}]}}