{"id":71632,"date":"2014-01-31T16:00:36","date_gmt":"2014-01-31T19:00:36","guid":{"rendered":"http:\/\/www.quersaberpolitica.com.br\/?p=71632"},"modified":"2014-01-31T15:01:03","modified_gmt":"2014-01-31T18:01:03","slug":"deputado-roberto-carlos-parabeniza-empresario-carlos-gilberto-pela-eleicao-na-fieb","status":"publish","type":"post","link":"https:\/\/blogdofarnesio.com.br\/?p=71632","title":{"rendered":"DEPUTADO ROBERTO CARLOS PARABENIZA EMPRES\u00c1RIO CARLOS GILBERTO PELA ELEI\u00c7\u00c3O NA FIEB"},"content":{"rendered":"<p style=\"text-align: justify\"><a href=\"http:\/\/www.quersaberpolitica.com.br\/2016\/wp-content\/uploads\/2013\/11\/Roberto-Carlos-1.jpg\"><img loading=\"lazy\" decoding=\"async\" class=\"alignleft size-full wp-image-64271\" alt=\"blogqsp.RobertoCarlos\" src=\"http:\/\/www.quersaberpolitica.com.br\/2016\/wp-content\/uploads\/2013\/11\/Roberto-Carlos-1.jpg\" width=\"300\" height=\"199\" \/><\/a>O deputado Roberto Carlos (PDT) parabenizou o empres\u00e1rio Carlos Gilberto Farias, da AGROVALE, pela elei\u00e7\u00e3o para presidente da FIEB- Federa\u00e7\u00e3o das Ind\u00fastrias do Estado da Bahia. Para o pedetista, isso mostra o potencial do vale, a o profissionalismo dos seus empres\u00e1rios; \u201c a Agrovale \u00e9 a maior geradora de ICMS do Estado, seus empres\u00e1rios est\u00e3o entre os melhores do pa\u00eds, nada mais justo que essa vit\u00f3ria de Dr. Carlos Gilberto.<\/p>\n<p style=\"text-align: justify\">Tenho certeza que, com Carlos Gilberto na presid\u00eancia, as a\u00e7\u00f5es da FIEB ser\u00e3o descentralizadas e a nossa regi\u00e3o ter\u00e1 muito mais incentivo para os diversos setores sa ind\u00fastria.\u201d pontuou o deputado.\u00a0A elei\u00e7\u00e3o na FIEB se deu na quarta-feira \u00faltima, numa disputa acirrada entre os empres\u00e1rios.<\/p>\n<p style=\"text-align: justify\"><strong>\u00a0<\/strong><\/p>\n","protected":false},"excerpt":{"rendered":"<p>O deputado Roberto Carlos (PDT) parabenizou o empres\u00e1rio Carlos Gilberto Farias, da AGROVALE, pela elei\u00e7\u00e3o para presidente da FIEB- Federa\u00e7\u00e3o das Ind\u00fastrias do Estado da Bahia. Para o pedetista, isso mostra o potencial do vale, a o profissionalismo dos seus empres\u00e1rios; \u201c a Agrovale \u00e9 a maior geradora de ICMS do Estado, seus empres\u00e1rios est\u00e3o entre os melhores do pa\u00eds, nada mais justo que essa vit\u00f3ria de Dr. Carlos Gilberto. Tenho certeza que, com Carlos Gilberto na presid\u00eancia, as a\u00e7\u00f5es da FIEB ser\u00e3o descentralizadas e a nossa regi\u00e3o ter\u00e1 muito mais incentivo para os diversos setores sa ind\u00fastria.\u201d pontuou o deputado.\u00a0A elei\u00e7\u00e3o na FIEB se deu na quarta-feira \u00faltima, numa disputa acirrada entre os empres\u00e1rios. \u00a0<\/p>\n","protected":false},"author":3,"featured_media":0,"comment_status":"open","ping_status":"open","sticky":false,"template":"","format":"standard","meta":{"_acf_changed":false,"footnotes":""},"categories":[1],"tags":[],"class_list":["post-71632","post","type-post","status-publish","format-standard","hentry","category-politica"],"acf":[],"yoast_head":"<!-- This site is optimized with the Yoast SEO plugin v27.4 - https:\/\/yoast.com\/product\/yoast-seo-wordpress\/ -->\n<title>DEPUTADO ROBERTO CARLOS PARABENIZA EMPRES\u00c1RIO CARLOS GILBERTO PELA ELEI\u00c7\u00c3O NA FIEB - Blog do Farn\u00e9sio<\/title>\n<meta name=\"robots\" content=\"index, follow, max-snippet:-1, max-image-preview:large, max-video-preview:-1\" \/>\n<link rel=\"canonical\" href=\"https:\/\/blogdofarnesio.com.br\/?p=71632\" \/>\n<meta property=\"og:locale\" content=\"pt_BR\" \/>\n<meta property=\"og:type\" content=\"article\" \/>\n<meta property=\"og:title\" content=\"DEPUTADO ROBERTO CARLOS PARABENIZA EMPRES\u00c1RIO CARLOS GILBERTO PELA ELEI\u00c7\u00c3O NA FIEB - Blog do Farn\u00e9sio\" \/>\n<meta property=\"og:description\" content=\"O deputado Roberto Carlos (PDT) parabenizou o empres\u00e1rio Carlos Gilberto Farias, da AGROVALE, pela elei\u00e7\u00e3o para presidente da FIEB- Federa\u00e7\u00e3o das Ind\u00fastrias do Estado da Bahia. Para o pedetista, isso mostra o potencial do vale, a o profissionalismo dos seus empres\u00e1rios; \u201c a Agrovale \u00e9 a maior geradora de ICMS do Estado, seus empres\u00e1rios est\u00e3o entre os melhores do pa\u00eds, nada mais justo que essa vit\u00f3ria de Dr. Carlos Gilberto. Tenho certeza que, com Carlos Gilberto na presid\u00eancia, as a\u00e7\u00f5es da FIEB ser\u00e3o descentralizadas e a nossa regi\u00e3o ter\u00e1 muito mais incentivo para os diversos setores sa ind\u00fastria.\u201d pontuou o deputado.\u00a0A elei\u00e7\u00e3o na FIEB se deu na quarta-feira \u00faltima, numa disputa acirrada entre os empres\u00e1rios. \u00a0\" \/>\n<meta property=\"og:url\" content=\"https:\/\/blogdofarnesio.com.br\/?p=71632\" \/>\n<meta property=\"og:site_name\" content=\"Blog do Farn\u00e9sio\" \/>\n<meta property=\"article:publisher\" content=\"https:\/\/www.facebook.com\/BlogQuerSaberPolitica\/\" \/>\n<meta property=\"article:published_time\" content=\"2014-01-31T19:00:36+00:00\" \/>\n<meta property=\"og:image\" content=\"http:\/\/www.quersaberpolitica.com.br\/2016\/wp-content\/uploads\/2013\/11\/Roberto-Carlos-1.jpg\" \/>\n<meta name=\"author\" content=\"teste\" \/>\n<meta name=\"twitter:card\" content=\"summary_large_image\" \/>\n<meta name=\"twitter:label1\" content=\"Escrito por\" \/>\n\t<meta name=\"twitter:data1\" content=\"teste\" \/>\n\t<meta name=\"twitter:label2\" content=\"Est. tempo de leitura\" \/>\n\t<meta name=\"twitter:data2\" content=\"1 minuto\" \/>\n<script type=\"application\/ld+json\" class=\"yoast-schema-graph\">{\"@context\":\"https:\\\/\\\/schema.org\",\"@graph\":[{\"@type\":\"Article\",\"@id\":\"https:\\\/\\\/blogdofarnesio.com.br\\\/?p=71632#article\",\"isPartOf\":{\"@id\":\"https:\\\/\\\/blogdofarnesio.com.br\\\/?p=71632\"},\"author\":{\"name\":\"teste\",\"@id\":\"https:\\\/\\\/blogdofarnesio.com.br\\\/#\\\/schema\\\/person\\\/dd1bf5eba40b687199ba45ca6b97dff9\"},\"headline\":\"DEPUTADO ROBERTO CARLOS PARABENIZA EMPRES\u00c1RIO CARLOS GILBERTO PELA ELEI\u00c7\u00c3O NA FIEB\",\"datePublished\":\"2014-01-31T19:00:36+00:00\",\"mainEntityOfPage\":{\"@id\":\"https:\\\/\\\/blogdofarnesio.com.br\\\/?p=71632\"},\"wordCount\":143,\"commentCount\":0,\"publisher\":{\"@id\":\"https:\\\/\\\/blogdofarnesio.com.br\\\/#organization\"},\"image\":{\"@id\":\"https:\\\/\\\/blogdofarnesio.com.br\\\/?p=71632#primaryimage\"},\"thumbnailUrl\":\"http:\\\/\\\/www.quersaberpolitica.com.br\\\/2016\\\/wp-content\\\/uploads\\\/2013\\\/11\\\/Roberto-Carlos-1.jpg\",\"articleSection\":[\"Pol\u00edtica\"],\"inLanguage\":\"pt-BR\",\"potentialAction\":[{\"@type\":\"CommentAction\",\"name\":\"Comment\",\"target\":[\"https:\\\/\\\/blogdofarnesio.com.br\\\/?p=71632#respond\"]}]},{\"@type\":\"WebPage\",\"@id\":\"https:\\\/\\\/blogdofarnesio.com.br\\\/?p=71632\",\"url\":\"https:\\\/\\\/blogdofarnesio.com.br\\\/?p=71632\",\"name\":\"DEPUTADO ROBERTO CARLOS PARABENIZA EMPRES\u00c1RIO CARLOS GILBERTO PELA ELEI\u00c7\u00c3O NA FIEB - Blog do Farn\u00e9sio\",\"isPartOf\":{\"@id\":\"https:\\\/\\\/blogdofarnesio.com.br\\\/#website\"},\"primaryImageOfPage\":{\"@id\":\"https:\\\/\\\/blogdofarnesio.com.br\\\/?p=71632#primaryimage\"},\"image\":{\"@id\":\"https:\\\/\\\/blogdofarnesio.com.br\\\/?p=71632#primaryimage\"},\"thumbnailUrl\":\"http:\\\/\\\/www.quersaberpolitica.com.br\\\/2016\\\/wp-content\\\/uploads\\\/2013\\\/11\\\/Roberto-Carlos-1.jpg\",\"datePublished\":\"2014-01-31T19:00:36+00:00\",\"breadcrumb\":{\"@id\":\"https:\\\/\\\/blogdofarnesio.com.br\\\/?p=71632#breadcrumb\"},\"inLanguage\":\"pt-BR\",\"potentialAction\":[{\"@type\":\"ReadAction\",\"target\":[\"https:\\\/\\\/blogdofarnesio.com.br\\\/?p=71632\"]}]},{\"@type\":\"ImageObject\",\"inLanguage\":\"pt-BR\",\"@id\":\"https:\\\/\\\/blogdofarnesio.com.br\\\/?p=71632#primaryimage\",\"url\":\"http:\\\/\\\/www.quersaberpolitica.com.br\\\/2016\\\/wp-content\\\/uploads\\\/2013\\\/11\\\/Roberto-Carlos-1.jpg\",\"contentUrl\":\"http:\\\/\\\/www.quersaberpolitica.com.br\\\/2016\\\/wp-content\\\/uploads\\\/2013\\\/11\\\/Roberto-Carlos-1.jpg\"},{\"@type\":\"BreadcrumbList\",\"@id\":\"https:\\\/\\\/blogdofarnesio.com.br\\\/?p=71632#breadcrumb\",\"itemListElement\":[{\"@type\":\"ListItem\",\"position\":1,\"name\":\"In\u00edcio\",\"item\":\"https:\\\/\\\/blogdofarnesio.com.br\\\/\"},{\"@type\":\"ListItem\",\"position\":2,\"name\":\"DEPUTADO ROBERTO CARLOS PARABENIZA EMPRES\u00c1RIO CARLOS GILBERTO PELA ELEI\u00c7\u00c3O NA FIEB\"}]},{\"@type\":\"WebSite\",\"@id\":\"https:\\\/\\\/blogdofarnesio.com.br\\\/#website\",\"url\":\"https:\\\/\\\/blogdofarnesio.com.br\\\/\",\"name\":\"Blog do Farn\u00e9sio\",\"description\":\"Quer Saber Pol\u00edtica?\",\"publisher\":{\"@id\":\"https:\\\/\\\/blogdofarnesio.com.br\\\/#organization\"},\"potentialAction\":[{\"@type\":\"SearchAction\",\"target\":{\"@type\":\"EntryPoint\",\"urlTemplate\":\"https:\\\/\\\/blogdofarnesio.com.br\\\/?s={search_term_string}\"},\"query-input\":{\"@type\":\"PropertyValueSpecification\",\"valueRequired\":true,\"valueName\":\"search_term_string\"}}],\"inLanguage\":\"pt-BR\"},{\"@type\":\"Organization\",\"@id\":\"https:\\\/\\\/blogdofarnesio.com.br\\\/#organization\",\"name\":\"Blog do Farn\u00e9sio\",\"url\":\"https:\\\/\\\/blogdofarnesio.com.br\\\/\",\"logo\":{\"@type\":\"ImageObject\",\"inLanguage\":\"pt-BR\",\"@id\":\"https:\\\/\\\/blogdofarnesio.com.br\\\/#\\\/schema\\\/logo\\\/image\\\/\",\"url\":\"https:\\\/\\\/blogdofarnesio.com.br\\\/wp-content\\\/uploads\\\/2026\\\/03\\\/cropped-logo_new-1.png\",\"contentUrl\":\"https:\\\/\\\/blogdofarnesio.com.br\\\/wp-content\\\/uploads\\\/2026\\\/03\\\/cropped-logo_new-1.png\",\"width\":881,\"height\":685,\"caption\":\"Blog do Farn\u00e9sio\"},\"image\":{\"@id\":\"https:\\\/\\\/blogdofarnesio.com.br\\\/#\\\/schema\\\/logo\\\/image\\\/\"},\"sameAs\":[\"https:\\\/\\\/www.facebook.com\\\/BlogQuerSaberPolitica\\\/\"]},{\"@type\":\"Person\",\"@id\":\"https:\\\/\\\/blogdofarnesio.com.br\\\/#\\\/schema\\\/person\\\/dd1bf5eba40b687199ba45ca6b97dff9\",\"name\":\"teste\",\"image\":{\"@type\":\"ImageObject\",\"inLanguage\":\"pt-BR\",\"@id\":\"https:\\\/\\\/secure.gravatar.com\\\/avatar\\\/2172498d4914b51e1d89a0f97957b035ac4938723a5cac208135d389b6972a6d?s=96&d=mm&r=g\",\"url\":\"https:\\\/\\\/secure.gravatar.com\\\/avatar\\\/2172498d4914b51e1d89a0f97957b035ac4938723a5cac208135d389b6972a6d?s=96&d=mm&r=g\",\"contentUrl\":\"https:\\\/\\\/secure.gravatar.com\\\/avatar\\\/2172498d4914b51e1d89a0f97957b035ac4938723a5cac208135d389b6972a6d?s=96&d=mm&r=g\",\"caption\":\"teste\"},\"url\":\"https:\\\/\\\/blogdofarnesio.com.br\\\/?author=3\"}]}<\/script>\n<!-- \/ Yoast SEO plugin. -->","yoast_head_json":{"title":"DEPUTADO ROBERTO CARLOS PARABENIZA EMPRES\u00c1RIO CARLOS GILBERTO PELA ELEI\u00c7\u00c3O NA FIEB - Blog do Farn\u00e9sio","robots":{"index":"index","follow":"follow","max-snippet":"max-snippet:-1","max-image-preview":"max-image-preview:large","max-video-preview":"max-video-preview:-1"},"canonical":"https:\/\/blogdofarnesio.com.br\/?p=71632","og_locale":"pt_BR","og_type":"article","og_title":"DEPUTADO ROBERTO CARLOS PARABENIZA EMPRES\u00c1RIO CARLOS GILBERTO PELA ELEI\u00c7\u00c3O NA FIEB - Blog do Farn\u00e9sio","og_description":"O deputado Roberto Carlos (PDT) parabenizou o empres\u00e1rio Carlos Gilberto Farias, da AGROVALE, pela elei\u00e7\u00e3o para presidente da FIEB- Federa\u00e7\u00e3o das Ind\u00fastrias do Estado da Bahia. Para o pedetista, isso mostra o potencial do vale, a o profissionalismo dos seus empres\u00e1rios; \u201c a Agrovale \u00e9 a maior geradora de ICMS do Estado, seus empres\u00e1rios est\u00e3o entre os melhores do pa\u00eds, nada mais justo que essa vit\u00f3ria de Dr. Carlos Gilberto. Tenho certeza que, com Carlos Gilberto na presid\u00eancia, as a\u00e7\u00f5es da FIEB ser\u00e3o descentralizadas e a nossa regi\u00e3o ter\u00e1 muito mais incentivo para os diversos setores sa ind\u00fastria.\u201d pontuou o deputado.\u00a0A elei\u00e7\u00e3o na FIEB se deu na quarta-feira \u00faltima, numa disputa acirrada entre os empres\u00e1rios. \u00a0","og_url":"https:\/\/blogdofarnesio.com.br\/?p=71632","og_site_name":"Blog do Farn\u00e9sio","article_publisher":"https:\/\/www.facebook.com\/BlogQuerSaberPolitica\/","article_published_time":"2014-01-31T19:00:36+00:00","og_image":[{"url":"http:\/\/www.quersaberpolitica.com.br\/2016\/wp-content\/uploads\/2013\/11\/Roberto-Carlos-1.jpg","type":"","width":"","height":""}],"author":"teste","twitter_card":"summary_large_image","twitter_misc":{"Escrito por":"teste","Est. tempo de leitura":"1 minuto"},"schema":{"@context":"https:\/\/schema.org","@graph":[{"@type":"Article","@id":"https:\/\/blogdofarnesio.com.br\/?p=71632#article","isPartOf":{"@id":"https:\/\/blogdofarnesio.com.br\/?p=71632"},"author":{"name":"teste","@id":"https:\/\/blogdofarnesio.com.br\/#\/schema\/person\/dd1bf5eba40b687199ba45ca6b97dff9"},"headline":"DEPUTADO ROBERTO CARLOS PARABENIZA EMPRES\u00c1RIO CARLOS GILBERTO PELA ELEI\u00c7\u00c3O NA FIEB","datePublished":"2014-01-31T19:00:36+00:00","mainEntityOfPage":{"@id":"https:\/\/blogdofarnesio.com.br\/?p=71632"},"wordCount":143,"commentCount":0,"publisher":{"@id":"https:\/\/blogdofarnesio.com.br\/#organization"},"image":{"@id":"https:\/\/blogdofarnesio.com.br\/?p=71632#primaryimage"},"thumbnailUrl":"http:\/\/www.quersaberpolitica.com.br\/2016\/wp-content\/uploads\/2013\/11\/Roberto-Carlos-1.jpg","articleSection":["Pol\u00edtica"],"inLanguage":"pt-BR","potentialAction":[{"@type":"CommentAction","name":"Comment","target":["https:\/\/blogdofarnesio.com.br\/?p=71632#respond"]}]},{"@type":"WebPage","@id":"https:\/\/blogdofarnesio.com.br\/?p=71632","url":"https:\/\/blogdofarnesio.com.br\/?p=71632","name":"DEPUTADO ROBERTO CARLOS PARABENIZA EMPRES\u00c1RIO CARLOS GILBERTO PELA ELEI\u00c7\u00c3O NA FIEB - Blog do Farn\u00e9sio","isPartOf":{"@id":"https:\/\/blogdofarnesio.com.br\/#website"},"primaryImageOfPage":{"@id":"https:\/\/blogdofarnesio.com.br\/?p=71632#primaryimage"},"image":{"@id":"https:\/\/blogdofarnesio.com.br\/?p=71632#primaryimage"},"thumbnailUrl":"http:\/\/www.quersaberpolitica.com.br\/2016\/wp-content\/uploads\/2013\/11\/Roberto-Carlos-1.jpg","datePublished":"2014-01-31T19:00:36+00:00","breadcrumb":{"@id":"https:\/\/blogdofarnesio.com.br\/?p=71632#breadcrumb"},"inLanguage":"pt-BR","potentialAction":[{"@type":"ReadAction","target":["https:\/\/blogdofarnesio.com.br\/?p=71632"]}]},{"@type":"ImageObject","inLanguage":"pt-BR","@id":"https:\/\/blogdofarnesio.com.br\/?p=71632#primaryimage","url":"http:\/\/www.quersaberpolitica.com.br\/2016\/wp-content\/uploads\/2013\/11\/Roberto-Carlos-1.jpg","contentUrl":"http:\/\/www.quersaberpolitica.com.br\/2016\/wp-content\/uploads\/2013\/11\/Roberto-Carlos-1.jpg"},{"@type":"BreadcrumbList","@id":"https:\/\/blogdofarnesio.com.br\/?p=71632#breadcrumb","itemListElement":[{"@type":"ListItem","position":1,"name":"In\u00edcio","item":"https:\/\/blogdofarnesio.com.br\/"},{"@type":"ListItem","position":2,"name":"DEPUTADO ROBERTO CARLOS PARABENIZA EMPRES\u00c1RIO CARLOS GILBERTO PELA ELEI\u00c7\u00c3O NA FIEB"}]},{"@type":"WebSite","@id":"https:\/\/blogdofarnesio.com.br\/#website","url":"https:\/\/blogdofarnesio.com.br\/","name":"Blog do Farn\u00e9sio","description":"Quer Saber Pol\u00edtica?","publisher":{"@id":"https:\/\/blogdofarnesio.com.br\/#organization"},"potentialAction":[{"@type":"SearchAction","target":{"@type":"EntryPoint","urlTemplate":"https:\/\/blogdofarnesio.com.br\/?s={search_term_string}"},"query-input":{"@type":"PropertyValueSpecification","valueRequired":true,"valueName":"search_term_string"}}],"inLanguage":"pt-BR"},{"@type":"Organization","@id":"https:\/\/blogdofarnesio.com.br\/#organization","name":"Blog do Farn\u00e9sio","url":"https:\/\/blogdofarnesio.com.br\/","logo":{"@type":"ImageObject","inLanguage":"pt-BR","@id":"https:\/\/blogdofarnesio.com.br\/#\/schema\/logo\/image\/","url":"https:\/\/blogdofarnesio.com.br\/wp-content\/uploads\/2026\/03\/cropped-logo_new-1.png","contentUrl":"https:\/\/blogdofarnesio.com.br\/wp-content\/uploads\/2026\/03\/cropped-logo_new-1.png","width":881,"height":685,"caption":"Blog do Farn\u00e9sio"},"image":{"@id":"https:\/\/blogdofarnesio.com.br\/#\/schema\/logo\/image\/"},"sameAs":["https:\/\/www.facebook.com\/BlogQuerSaberPolitica\/"]},{"@type":"Person","@id":"https:\/\/blogdofarnesio.com.br\/#\/schema\/person\/dd1bf5eba40b687199ba45ca6b97dff9","name":"teste","image":{"@type":"ImageObject","inLanguage":"pt-BR","@id":"https:\/\/secure.gravatar.com\/avatar\/2172498d4914b51e1d89a0f97957b035ac4938723a5cac208135d389b6972a6d?s=96&d=mm&r=g","url":"https:\/\/secure.gravatar.com\/avatar\/2172498d4914b51e1d89a0f97957b035ac4938723a5cac208135d389b6972a6d?s=96&d=mm&r=g","contentUrl":"https:\/\/secure.gravatar.com\/avatar\/2172498d4914b51e1d89a0f97957b035ac4938723a5cac208135d389b6972a6d?s=96&d=mm&r=g","caption":"teste"},"url":"https:\/\/blogdofarnesio.com.br\/?author=3"}]}},"_links":{"self":[{"href":"https:\/\/blogdofarnesio.com.br\/index.php?rest_route=\/wp\/v2\/posts\/71632","targetHints":{"allow":["GET"]}}],"collection":[{"href":"https:\/\/blogdofarnesio.com.br\/index.php?rest_route=\/wp\/v2\/posts"}],"about":[{"href":"https:\/\/blogdofarnesio.com.br\/index.php?rest_route=\/wp\/v2\/types\/post"}],"author":[{"embeddable":true,"href":"https:\/\/blogdofarnesio.com.br\/index.php?rest_route=\/wp\/v2\/users\/3"}],"replies":[{"embeddable":true,"href":"https:\/\/blogdofarnesio.com.br\/index.php?rest_route=%2Fwp%2Fv2%2Fcomments&post=71632"}],"version-history":[{"count":0,"href":"https:\/\/blogdofarnesio.com.br\/index.php?rest_route=\/wp\/v2\/posts\/71632\/revisions"}],"wp:attachment":[{"href":"https:\/\/blogdofarnesio.com.br\/index.php?rest_route=%2Fwp%2Fv2%2Fmedia&parent=71632"}],"wp:term":[{"taxonomy":"category","embeddable":true,"href":"https:\/\/blogdofarnesio.com.br\/index.php?rest_route=%2Fwp%2Fv2%2Fcategories&post=71632"},{"taxonomy":"post_tag","embeddable":true,"href":"https:\/\/blogdofarnesio.com.br\/index.php?rest_route=%2Fwp%2Fv2%2Ftags&post=71632"}],"curies":[{"name":"wp","href":"https:\/\/api.w.org\/{rel}","templated":true}]}}