{"id":71580,"date":"2014-01-31T14:00:23","date_gmt":"2014-01-31T17:00:23","guid":{"rendered":"http:\/\/www.quersaberpolitica.com.br\/?p=71580"},"modified":"2014-01-31T08:50:44","modified_gmt":"2014-01-31T11:50:44","slug":"equipe-da-secretaria-de-saude-de-petrolina-se-reuniu-para-atualizacao-do-plano-de-contingencia-do-municipio-para-dengue","status":"publish","type":"post","link":"https:\/\/blogdofarnesio.com.br\/2014\/01\/equipe-da-secretaria-de-saude-de-petrolina-se-reuniu-para-atualizacao-do-plano-de-contingencia-do-municipio-para-dengue\/","title":{"rendered":"EQUIPE DA SECRETARIA DE SA\u00daDE DE PETROLINA SE REUNIU PARA ATUALIZA\u00c7\u00c3O DO PLANO DE CONTING\u00caNCIA DO MUNIC\u00cdPIO PARA DENGUE"},"content":{"rendered":"<p style=\"text-align: justify\"><a href=\"http:\/\/www.quersaberpolitica.com.br\/2016\/wp-content\/uploads\/2013\/02\/blogqspdengue6.jpg\"><img loading=\"lazy\" decoding=\"async\" class=\"alignleft size-full wp-image-26841\" alt=\"blogqspdengue6\" src=\"http:\/\/www.quersaberpolitica.com.br\/2016\/wp-content\/uploads\/2013\/02\/blogqspdengue6.jpg\" width=\"251\" height=\"201\" \/><\/a>Os diretores e coordenadores da Aten\u00e7\u00e3o B\u00e1sica, Vigil\u00e2ncia em Sa\u00fade, Aten\u00e7\u00e3o Especializada, Regula\u00e7\u00e3o, e da Assist\u00eancia Farmac\u00eautica de Petrolina estiverem reunidos para atualiza\u00e7\u00e3o do Plano de Conting\u00eancia do Munic\u00edpio 2014 para dengue.<\/p>\n<p style=\"text-align: justify\">O plano \u00e9 baseado em cincos pontos espec\u00edficos Assist\u00eancia, Controle Vetorial, Vigil\u00e2ncia Epidemiol\u00f3gica, Comunica\u00e7\u00e3o e Mobiliza\u00e7\u00e3o e Gest\u00e3o e como propostas para 2014 est\u00e3o a realiza\u00e7\u00e3o de seis pesquisas LIRAa e ciclos de tratamento focal nos im\u00f3veis da zona rural.<\/p>\n<p style=\"text-align: justify\">\u201cEstamos em processo de finaliza\u00e7\u00e3o do Plano que ir\u00e1 viabilizar o monitoramento das a\u00e7\u00f5es que ser\u00e3o desenvolvidas durante este ano e \u00e9 preciso que cada diretoria esteja ciente das a\u00e7\u00f5es que devem ser feitas para reduzir bem mais a incid\u00eancia de dengue no munic\u00edpio\u201d, disse a secret\u00e1ria de Sa\u00fade de Petrolina, Lucia Giesta.<!--more--><\/p>\n<p style=\"text-align: justify\">Durante a reuni\u00e3o, o gerente de Endemias de Petrolina, Jailson Ara\u00fajo, destacou a redu\u00e7\u00e3o no n\u00famero de casos da doen\u00e7a durante 2013. \u201cEm 2012, foram notificados 968 casos, destes 252 foram confirmados. J\u00e1 no ano passado, tivemos 242 casos notificados e apenas 44 confirmados, uma redu\u00e7\u00e3o de 75% o que demonstra a efic\u00e1cia das estrat\u00e9gias de controle e combate utilizadas\u201d, destacou Ara\u00fajo salientando que durante 2013 Petrolina teve um \u00edndice de 0,6% para infesta\u00e7\u00e3o de dengue, considerado de baixo risco.<\/p>\n<p style=\"text-align: justify\">O gerente ainda orientou sobre a import\u00e2ncia dos profissionais das unidades da Aten\u00e7\u00e3o B\u00e1sica e Especializada notificarem as suspeitas dos casos para que haja um mapeamento real do munic\u00edpio. \u201cO dever de notificar n\u00e3o \u00e9 somente da Aten\u00e7\u00e3o B\u00e1sica, mas se estende as demais unidades\/setores municipais de sa\u00fade bem como pela rede hospitalar p\u00fablica e privada\u201d, esclareceu.<\/p>\n<p><strong>Texto e fotos: Gabriella Moura<\/strong><\/p>\n","protected":false},"excerpt":{"rendered":"<p>Os diretores e coordenadores da Aten\u00e7\u00e3o B\u00e1sica, Vigil\u00e2ncia em Sa\u00fade, Aten\u00e7\u00e3o Especializada, Regula\u00e7\u00e3o, e da Assist\u00eancia Farmac\u00eautica de Petrolina estiverem reunidos para atualiza\u00e7\u00e3o do Plano de Conting\u00eancia do Munic\u00edpio 2014 para dengue. O plano \u00e9 baseado em cincos pontos espec\u00edficos Assist\u00eancia, Controle Vetorial, Vigil\u00e2ncia Epidemiol\u00f3gica, Comunica\u00e7\u00e3o e Mobiliza\u00e7\u00e3o e Gest\u00e3o e como propostas para 2014 est\u00e3o a realiza\u00e7\u00e3o de seis pesquisas LIRAa e ciclos de tratamento focal nos im\u00f3veis da zona rural. \u201cEstamos em processo de finaliza\u00e7\u00e3o do Plano que ir\u00e1 viabilizar o monitoramento das a\u00e7\u00f5es que ser\u00e3o desenvolvidas durante este ano e \u00e9 preciso que cada diretoria esteja ciente das a\u00e7\u00f5es que devem ser feitas para reduzir bem mais a incid\u00eancia de dengue no munic\u00edpio\u201d, disse a secret\u00e1ria de&hellip; <\/p>\n","protected":false},"author":3,"featured_media":0,"comment_status":"open","ping_status":"open","sticky":false,"template":"","format":"standard","meta":{"_acf_changed":false,"footnotes":""},"categories":[4],"tags":[],"class_list":["post-71580","post","type-post","status-publish","format-standard","hentry","category-saude"],"acf":[],"yoast_head":"<!-- This site is optimized with the Yoast SEO plugin v27.5 - https:\/\/yoast.com\/product\/yoast-seo-wordpress\/ -->\n<title>EQUIPE DA SECRETARIA DE SA\u00daDE DE PETROLINA SE REUNIU PARA ATUALIZA\u00c7\u00c3O DO PLANO DE CONTING\u00caNCIA DO MUNIC\u00cdPIO PARA DENGUE - Blog do Farn\u00e9sio<\/title>\n<meta name=\"robots\" content=\"index, follow, max-snippet:-1, max-image-preview:large, max-video-preview:-1\" \/>\n<link rel=\"canonical\" href=\"https:\/\/blogdofarnesio.com.br\/2014\/01\/equipe-da-secretaria-de-saude-de-petrolina-se-reuniu-para-atualizacao-do-plano-de-contingencia-do-municipio-para-dengue\/\" \/>\n<meta property=\"og:locale\" content=\"pt_BR\" \/>\n<meta property=\"og:type\" content=\"article\" \/>\n<meta property=\"og:title\" content=\"EQUIPE DA SECRETARIA DE SA\u00daDE DE PETROLINA SE REUNIU PARA ATUALIZA\u00c7\u00c3O DO PLANO DE CONTING\u00caNCIA DO MUNIC\u00cdPIO PARA DENGUE - Blog do Farn\u00e9sio\" \/>\n<meta property=\"og:description\" content=\"Os diretores e coordenadores da Aten\u00e7\u00e3o B\u00e1sica, Vigil\u00e2ncia em Sa\u00fade, Aten\u00e7\u00e3o Especializada, Regula\u00e7\u00e3o, e da Assist\u00eancia Farmac\u00eautica de Petrolina estiverem reunidos para atualiza\u00e7\u00e3o do Plano de Conting\u00eancia do Munic\u00edpio 2014 para dengue. O plano \u00e9 baseado em cincos pontos espec\u00edficos Assist\u00eancia, Controle Vetorial, Vigil\u00e2ncia Epidemiol\u00f3gica, Comunica\u00e7\u00e3o e Mobiliza\u00e7\u00e3o e Gest\u00e3o e como propostas para 2014 est\u00e3o a realiza\u00e7\u00e3o de seis pesquisas LIRAa e ciclos de tratamento focal nos im\u00f3veis da zona rural. \u201cEstamos em processo de finaliza\u00e7\u00e3o do Plano que ir\u00e1 viabilizar o monitoramento das a\u00e7\u00f5es que ser\u00e3o desenvolvidas durante este ano e \u00e9 preciso que cada diretoria esteja ciente das a\u00e7\u00f5es que devem ser feitas para reduzir bem mais a incid\u00eancia de dengue no munic\u00edpio\u201d, disse a secret\u00e1ria de&hellip;\" \/>\n<meta property=\"og:url\" content=\"https:\/\/blogdofarnesio.com.br\/2014\/01\/equipe-da-secretaria-de-saude-de-petrolina-se-reuniu-para-atualizacao-do-plano-de-contingencia-do-municipio-para-dengue\/\" \/>\n<meta property=\"og:site_name\" content=\"Blog do Farn\u00e9sio\" \/>\n<meta property=\"article:publisher\" content=\"https:\/\/www.facebook.com\/BlogQuerSaberPolitica\/\" \/>\n<meta property=\"article:published_time\" content=\"2014-01-31T17:00:23+00:00\" \/>\n<meta property=\"og:image\" content=\"http:\/\/www.quersaberpolitica.com.br\/2016\/wp-content\/uploads\/2013\/02\/blogqspdengue6.jpg\" \/>\n<meta name=\"author\" content=\"teste\" \/>\n<meta name=\"twitter:card\" content=\"summary_large_image\" \/>\n<meta name=\"twitter:label1\" content=\"Escrito por\" \/>\n\t<meta name=\"twitter:data1\" content=\"teste\" \/>\n\t<meta name=\"twitter:label2\" content=\"Est. tempo de leitura\" \/>\n\t<meta name=\"twitter:data2\" content=\"2 minutos\" \/>\n<script type=\"application\/ld+json\" class=\"yoast-schema-graph\">{\"@context\":\"https:\\\/\\\/schema.org\",\"@graph\":[{\"@type\":\"Article\",\"@id\":\"https:\\\/\\\/blogdofarnesio.com.br\\\/2014\\\/01\\\/equipe-da-secretaria-de-saude-de-petrolina-se-reuniu-para-atualizacao-do-plano-de-contingencia-do-municipio-para-dengue\\\/#article\",\"isPartOf\":{\"@id\":\"https:\\\/\\\/blogdofarnesio.com.br\\\/2014\\\/01\\\/equipe-da-secretaria-de-saude-de-petrolina-se-reuniu-para-atualizacao-do-plano-de-contingencia-do-municipio-para-dengue\\\/\"},\"author\":{\"name\":\"teste\",\"@id\":\"https:\\\/\\\/blogdofarnesio.com.br\\\/#\\\/schema\\\/person\\\/dd1bf5eba40b687199ba45ca6b97dff9\"},\"headline\":\"EQUIPE DA SECRETARIA DE SA\u00daDE DE PETROLINA SE REUNIU PARA ATUALIZA\u00c7\u00c3O DO PLANO DE CONTING\u00caNCIA DO MUNIC\u00cdPIO PARA DENGUE\",\"datePublished\":\"2014-01-31T17:00:23+00:00\",\"mainEntityOfPage\":{\"@id\":\"https:\\\/\\\/blogdofarnesio.com.br\\\/2014\\\/01\\\/equipe-da-secretaria-de-saude-de-petrolina-se-reuniu-para-atualizacao-do-plano-de-contingencia-do-municipio-para-dengue\\\/\"},\"wordCount\":325,\"commentCount\":0,\"publisher\":{\"@id\":\"https:\\\/\\\/blogdofarnesio.com.br\\\/#organization\"},\"image\":{\"@id\":\"https:\\\/\\\/blogdofarnesio.com.br\\\/2014\\\/01\\\/equipe-da-secretaria-de-saude-de-petrolina-se-reuniu-para-atualizacao-do-plano-de-contingencia-do-municipio-para-dengue\\\/#primaryimage\"},\"thumbnailUrl\":\"http:\\\/\\\/www.quersaberpolitica.com.br\\\/2016\\\/wp-content\\\/uploads\\\/2013\\\/02\\\/blogqspdengue6.jpg\",\"articleSection\":[\"Sa\u00fade\"],\"inLanguage\":\"pt-BR\",\"potentialAction\":[{\"@type\":\"CommentAction\",\"name\":\"Comment\",\"target\":[\"https:\\\/\\\/blogdofarnesio.com.br\\\/2014\\\/01\\\/equipe-da-secretaria-de-saude-de-petrolina-se-reuniu-para-atualizacao-do-plano-de-contingencia-do-municipio-para-dengue\\\/#respond\"]}]},{\"@type\":\"WebPage\",\"@id\":\"https:\\\/\\\/blogdofarnesio.com.br\\\/2014\\\/01\\\/equipe-da-secretaria-de-saude-de-petrolina-se-reuniu-para-atualizacao-do-plano-de-contingencia-do-municipio-para-dengue\\\/\",\"url\":\"https:\\\/\\\/blogdofarnesio.com.br\\\/2014\\\/01\\\/equipe-da-secretaria-de-saude-de-petrolina-se-reuniu-para-atualizacao-do-plano-de-contingencia-do-municipio-para-dengue\\\/\",\"name\":\"EQUIPE DA SECRETARIA DE SA\u00daDE DE PETROLINA SE REUNIU PARA ATUALIZA\u00c7\u00c3O DO PLANO DE CONTING\u00caNCIA DO MUNIC\u00cdPIO PARA DENGUE - Blog do Farn\u00e9sio\",\"isPartOf\":{\"@id\":\"https:\\\/\\\/blogdofarnesio.com.br\\\/#website\"},\"primaryImageOfPage\":{\"@id\":\"https:\\\/\\\/blogdofarnesio.com.br\\\/2014\\\/01\\\/equipe-da-secretaria-de-saude-de-petrolina-se-reuniu-para-atualizacao-do-plano-de-contingencia-do-municipio-para-dengue\\\/#primaryimage\"},\"image\":{\"@id\":\"https:\\\/\\\/blogdofarnesio.com.br\\\/2014\\\/01\\\/equipe-da-secretaria-de-saude-de-petrolina-se-reuniu-para-atualizacao-do-plano-de-contingencia-do-municipio-para-dengue\\\/#primaryimage\"},\"thumbnailUrl\":\"http:\\\/\\\/www.quersaberpolitica.com.br\\\/2016\\\/wp-content\\\/uploads\\\/2013\\\/02\\\/blogqspdengue6.jpg\",\"datePublished\":\"2014-01-31T17:00:23+00:00\",\"breadcrumb\":{\"@id\":\"https:\\\/\\\/blogdofarnesio.com.br\\\/2014\\\/01\\\/equipe-da-secretaria-de-saude-de-petrolina-se-reuniu-para-atualizacao-do-plano-de-contingencia-do-municipio-para-dengue\\\/#breadcrumb\"},\"inLanguage\":\"pt-BR\",\"potentialAction\":[{\"@type\":\"ReadAction\",\"target\":[\"https:\\\/\\\/blogdofarnesio.com.br\\\/2014\\\/01\\\/equipe-da-secretaria-de-saude-de-petrolina-se-reuniu-para-atualizacao-do-plano-de-contingencia-do-municipio-para-dengue\\\/\"]}]},{\"@type\":\"ImageObject\",\"inLanguage\":\"pt-BR\",\"@id\":\"https:\\\/\\\/blogdofarnesio.com.br\\\/2014\\\/01\\\/equipe-da-secretaria-de-saude-de-petrolina-se-reuniu-para-atualizacao-do-plano-de-contingencia-do-municipio-para-dengue\\\/#primaryimage\",\"url\":\"http:\\\/\\\/www.quersaberpolitica.com.br\\\/2016\\\/wp-content\\\/uploads\\\/2013\\\/02\\\/blogqspdengue6.jpg\",\"contentUrl\":\"http:\\\/\\\/www.quersaberpolitica.com.br\\\/2016\\\/wp-content\\\/uploads\\\/2013\\\/02\\\/blogqspdengue6.jpg\"},{\"@type\":\"BreadcrumbList\",\"@id\":\"https:\\\/\\\/blogdofarnesio.com.br\\\/2014\\\/01\\\/equipe-da-secretaria-de-saude-de-petrolina-se-reuniu-para-atualizacao-do-plano-de-contingencia-do-municipio-para-dengue\\\/#breadcrumb\",\"itemListElement\":[{\"@type\":\"ListItem\",\"position\":1,\"name\":\"In\u00edcio\",\"item\":\"https:\\\/\\\/blogdofarnesio.com.br\\\/\"},{\"@type\":\"ListItem\",\"position\":2,\"name\":\"EQUIPE DA SECRETARIA DE SA\u00daDE DE PETROLINA SE REUNIU PARA ATUALIZA\u00c7\u00c3O DO PLANO DE CONTING\u00caNCIA DO MUNIC\u00cdPIO PARA DENGUE\"}]},{\"@type\":\"WebSite\",\"@id\":\"https:\\\/\\\/blogdofarnesio.com.br\\\/#website\",\"url\":\"https:\\\/\\\/blogdofarnesio.com.br\\\/\",\"name\":\"Blog do Farn\u00e9sio\",\"description\":\"Quer Saber Pol\u00edtica?\",\"publisher\":{\"@id\":\"https:\\\/\\\/blogdofarnesio.com.br\\\/#organization\"},\"potentialAction\":[{\"@type\":\"SearchAction\",\"target\":{\"@type\":\"EntryPoint\",\"urlTemplate\":\"https:\\\/\\\/blogdofarnesio.com.br\\\/?s={search_term_string}\"},\"query-input\":{\"@type\":\"PropertyValueSpecification\",\"valueRequired\":true,\"valueName\":\"search_term_string\"}}],\"inLanguage\":\"pt-BR\"},{\"@type\":\"Organization\",\"@id\":\"https:\\\/\\\/blogdofarnesio.com.br\\\/#organization\",\"name\":\"Blog do Farn\u00e9sio\",\"url\":\"https:\\\/\\\/blogdofarnesio.com.br\\\/\",\"logo\":{\"@type\":\"ImageObject\",\"inLanguage\":\"pt-BR\",\"@id\":\"https:\\\/\\\/blogdofarnesio.com.br\\\/#\\\/schema\\\/logo\\\/image\\\/\",\"url\":\"https:\\\/\\\/blogdofarnesio.com.br\\\/wp-content\\\/uploads\\\/2026\\\/03\\\/cropped-logo_new-1.png\",\"contentUrl\":\"https:\\\/\\\/blogdofarnesio.com.br\\\/wp-content\\\/uploads\\\/2026\\\/03\\\/cropped-logo_new-1.png\",\"width\":881,\"height\":685,\"caption\":\"Blog do Farn\u00e9sio\"},\"image\":{\"@id\":\"https:\\\/\\\/blogdofarnesio.com.br\\\/#\\\/schema\\\/logo\\\/image\\\/\"},\"sameAs\":[\"https:\\\/\\\/www.facebook.com\\\/BlogQuerSaberPolitica\\\/\"]},{\"@type\":\"Person\",\"@id\":\"https:\\\/\\\/blogdofarnesio.com.br\\\/#\\\/schema\\\/person\\\/dd1bf5eba40b687199ba45ca6b97dff9\",\"name\":\"teste\",\"image\":{\"@type\":\"ImageObject\",\"inLanguage\":\"pt-BR\",\"@id\":\"https:\\\/\\\/secure.gravatar.com\\\/avatar\\\/2172498d4914b51e1d89a0f97957b035ac4938723a5cac208135d389b6972a6d?s=96&d=mm&r=g\",\"url\":\"https:\\\/\\\/secure.gravatar.com\\\/avatar\\\/2172498d4914b51e1d89a0f97957b035ac4938723a5cac208135d389b6972a6d?s=96&d=mm&r=g\",\"contentUrl\":\"https:\\\/\\\/secure.gravatar.com\\\/avatar\\\/2172498d4914b51e1d89a0f97957b035ac4938723a5cac208135d389b6972a6d?s=96&d=mm&r=g\",\"caption\":\"teste\"},\"url\":\"https:\\\/\\\/blogdofarnesio.com.br\\\/author\\\/teste\\\/\"}]}<\/script>\n<!-- \/ Yoast SEO plugin. -->","yoast_head_json":{"title":"EQUIPE DA SECRETARIA DE SA\u00daDE DE PETROLINA SE REUNIU PARA ATUALIZA\u00c7\u00c3O DO PLANO DE CONTING\u00caNCIA DO MUNIC\u00cdPIO PARA DENGUE - Blog do Farn\u00e9sio","robots":{"index":"index","follow":"follow","max-snippet":"max-snippet:-1","max-image-preview":"max-image-preview:large","max-video-preview":"max-video-preview:-1"},"canonical":"https:\/\/blogdofarnesio.com.br\/2014\/01\/equipe-da-secretaria-de-saude-de-petrolina-se-reuniu-para-atualizacao-do-plano-de-contingencia-do-municipio-para-dengue\/","og_locale":"pt_BR","og_type":"article","og_title":"EQUIPE DA SECRETARIA DE SA\u00daDE DE PETROLINA SE REUNIU PARA ATUALIZA\u00c7\u00c3O DO PLANO DE CONTING\u00caNCIA DO MUNIC\u00cdPIO PARA DENGUE - Blog do Farn\u00e9sio","og_description":"Os diretores e coordenadores da Aten\u00e7\u00e3o B\u00e1sica, Vigil\u00e2ncia em Sa\u00fade, Aten\u00e7\u00e3o Especializada, Regula\u00e7\u00e3o, e da Assist\u00eancia Farmac\u00eautica de Petrolina estiverem reunidos para atualiza\u00e7\u00e3o do Plano de Conting\u00eancia do Munic\u00edpio 2014 para dengue. O plano \u00e9 baseado em cincos pontos espec\u00edficos Assist\u00eancia, Controle Vetorial, Vigil\u00e2ncia Epidemiol\u00f3gica, Comunica\u00e7\u00e3o e Mobiliza\u00e7\u00e3o e Gest\u00e3o e como propostas para 2014 est\u00e3o a realiza\u00e7\u00e3o de seis pesquisas LIRAa e ciclos de tratamento focal nos im\u00f3veis da zona rural. \u201cEstamos em processo de finaliza\u00e7\u00e3o do Plano que ir\u00e1 viabilizar o monitoramento das a\u00e7\u00f5es que ser\u00e3o desenvolvidas durante este ano e \u00e9 preciso que cada diretoria esteja ciente das a\u00e7\u00f5es que devem ser feitas para reduzir bem mais a incid\u00eancia de dengue no munic\u00edpio\u201d, disse a secret\u00e1ria de&hellip;","og_url":"https:\/\/blogdofarnesio.com.br\/2014\/01\/equipe-da-secretaria-de-saude-de-petrolina-se-reuniu-para-atualizacao-do-plano-de-contingencia-do-municipio-para-dengue\/","og_site_name":"Blog do Farn\u00e9sio","article_publisher":"https:\/\/www.facebook.com\/BlogQuerSaberPolitica\/","article_published_time":"2014-01-31T17:00:23+00:00","og_image":[{"url":"http:\/\/www.quersaberpolitica.com.br\/2016\/wp-content\/uploads\/2013\/02\/blogqspdengue6.jpg","type":"","width":"","height":""}],"author":"teste","twitter_card":"summary_large_image","twitter_misc":{"Escrito por":"teste","Est. tempo de leitura":"2 minutos"},"schema":{"@context":"https:\/\/schema.org","@graph":[{"@type":"Article","@id":"https:\/\/blogdofarnesio.com.br\/2014\/01\/equipe-da-secretaria-de-saude-de-petrolina-se-reuniu-para-atualizacao-do-plano-de-contingencia-do-municipio-para-dengue\/#article","isPartOf":{"@id":"https:\/\/blogdofarnesio.com.br\/2014\/01\/equipe-da-secretaria-de-saude-de-petrolina-se-reuniu-para-atualizacao-do-plano-de-contingencia-do-municipio-para-dengue\/"},"author":{"name":"teste","@id":"https:\/\/blogdofarnesio.com.br\/#\/schema\/person\/dd1bf5eba40b687199ba45ca6b97dff9"},"headline":"EQUIPE DA SECRETARIA DE SA\u00daDE DE PETROLINA SE REUNIU PARA ATUALIZA\u00c7\u00c3O DO PLANO DE CONTING\u00caNCIA DO MUNIC\u00cdPIO PARA DENGUE","datePublished":"2014-01-31T17:00:23+00:00","mainEntityOfPage":{"@id":"https:\/\/blogdofarnesio.com.br\/2014\/01\/equipe-da-secretaria-de-saude-de-petrolina-se-reuniu-para-atualizacao-do-plano-de-contingencia-do-municipio-para-dengue\/"},"wordCount":325,"commentCount":0,"publisher":{"@id":"https:\/\/blogdofarnesio.com.br\/#organization"},"image":{"@id":"https:\/\/blogdofarnesio.com.br\/2014\/01\/equipe-da-secretaria-de-saude-de-petrolina-se-reuniu-para-atualizacao-do-plano-de-contingencia-do-municipio-para-dengue\/#primaryimage"},"thumbnailUrl":"http:\/\/www.quersaberpolitica.com.br\/2016\/wp-content\/uploads\/2013\/02\/blogqspdengue6.jpg","articleSection":["Sa\u00fade"],"inLanguage":"pt-BR","potentialAction":[{"@type":"CommentAction","name":"Comment","target":["https:\/\/blogdofarnesio.com.br\/2014\/01\/equipe-da-secretaria-de-saude-de-petrolina-se-reuniu-para-atualizacao-do-plano-de-contingencia-do-municipio-para-dengue\/#respond"]}]},{"@type":"WebPage","@id":"https:\/\/blogdofarnesio.com.br\/2014\/01\/equipe-da-secretaria-de-saude-de-petrolina-se-reuniu-para-atualizacao-do-plano-de-contingencia-do-municipio-para-dengue\/","url":"https:\/\/blogdofarnesio.com.br\/2014\/01\/equipe-da-secretaria-de-saude-de-petrolina-se-reuniu-para-atualizacao-do-plano-de-contingencia-do-municipio-para-dengue\/","name":"EQUIPE DA SECRETARIA DE SA\u00daDE DE PETROLINA SE REUNIU PARA ATUALIZA\u00c7\u00c3O DO PLANO DE CONTING\u00caNCIA DO MUNIC\u00cdPIO PARA DENGUE - Blog do Farn\u00e9sio","isPartOf":{"@id":"https:\/\/blogdofarnesio.com.br\/#website"},"primaryImageOfPage":{"@id":"https:\/\/blogdofarnesio.com.br\/2014\/01\/equipe-da-secretaria-de-saude-de-petrolina-se-reuniu-para-atualizacao-do-plano-de-contingencia-do-municipio-para-dengue\/#primaryimage"},"image":{"@id":"https:\/\/blogdofarnesio.com.br\/2014\/01\/equipe-da-secretaria-de-saude-de-petrolina-se-reuniu-para-atualizacao-do-plano-de-contingencia-do-municipio-para-dengue\/#primaryimage"},"thumbnailUrl":"http:\/\/www.quersaberpolitica.com.br\/2016\/wp-content\/uploads\/2013\/02\/blogqspdengue6.jpg","datePublished":"2014-01-31T17:00:23+00:00","breadcrumb":{"@id":"https:\/\/blogdofarnesio.com.br\/2014\/01\/equipe-da-secretaria-de-saude-de-petrolina-se-reuniu-para-atualizacao-do-plano-de-contingencia-do-municipio-para-dengue\/#breadcrumb"},"inLanguage":"pt-BR","potentialAction":[{"@type":"ReadAction","target":["https:\/\/blogdofarnesio.com.br\/2014\/01\/equipe-da-secretaria-de-saude-de-petrolina-se-reuniu-para-atualizacao-do-plano-de-contingencia-do-municipio-para-dengue\/"]}]},{"@type":"ImageObject","inLanguage":"pt-BR","@id":"https:\/\/blogdofarnesio.com.br\/2014\/01\/equipe-da-secretaria-de-saude-de-petrolina-se-reuniu-para-atualizacao-do-plano-de-contingencia-do-municipio-para-dengue\/#primaryimage","url":"http:\/\/www.quersaberpolitica.com.br\/2016\/wp-content\/uploads\/2013\/02\/blogqspdengue6.jpg","contentUrl":"http:\/\/www.quersaberpolitica.com.br\/2016\/wp-content\/uploads\/2013\/02\/blogqspdengue6.jpg"},{"@type":"BreadcrumbList","@id":"https:\/\/blogdofarnesio.com.br\/2014\/01\/equipe-da-secretaria-de-saude-de-petrolina-se-reuniu-para-atualizacao-do-plano-de-contingencia-do-municipio-para-dengue\/#breadcrumb","itemListElement":[{"@type":"ListItem","position":1,"name":"In\u00edcio","item":"https:\/\/blogdofarnesio.com.br\/"},{"@type":"ListItem","position":2,"name":"EQUIPE DA SECRETARIA DE SA\u00daDE DE PETROLINA SE REUNIU PARA ATUALIZA\u00c7\u00c3O DO PLANO DE CONTING\u00caNCIA DO MUNIC\u00cdPIO PARA DENGUE"}]},{"@type":"WebSite","@id":"https:\/\/blogdofarnesio.com.br\/#website","url":"https:\/\/blogdofarnesio.com.br\/","name":"Blog do Farn\u00e9sio","description":"Quer Saber Pol\u00edtica?","publisher":{"@id":"https:\/\/blogdofarnesio.com.br\/#organization"},"potentialAction":[{"@type":"SearchAction","target":{"@type":"EntryPoint","urlTemplate":"https:\/\/blogdofarnesio.com.br\/?s={search_term_string}"},"query-input":{"@type":"PropertyValueSpecification","valueRequired":true,"valueName":"search_term_string"}}],"inLanguage":"pt-BR"},{"@type":"Organization","@id":"https:\/\/blogdofarnesio.com.br\/#organization","name":"Blog do Farn\u00e9sio","url":"https:\/\/blogdofarnesio.com.br\/","logo":{"@type":"ImageObject","inLanguage":"pt-BR","@id":"https:\/\/blogdofarnesio.com.br\/#\/schema\/logo\/image\/","url":"https:\/\/blogdofarnesio.com.br\/wp-content\/uploads\/2026\/03\/cropped-logo_new-1.png","contentUrl":"https:\/\/blogdofarnesio.com.br\/wp-content\/uploads\/2026\/03\/cropped-logo_new-1.png","width":881,"height":685,"caption":"Blog do Farn\u00e9sio"},"image":{"@id":"https:\/\/blogdofarnesio.com.br\/#\/schema\/logo\/image\/"},"sameAs":["https:\/\/www.facebook.com\/BlogQuerSaberPolitica\/"]},{"@type":"Person","@id":"https:\/\/blogdofarnesio.com.br\/#\/schema\/person\/dd1bf5eba40b687199ba45ca6b97dff9","name":"teste","image":{"@type":"ImageObject","inLanguage":"pt-BR","@id":"https:\/\/secure.gravatar.com\/avatar\/2172498d4914b51e1d89a0f97957b035ac4938723a5cac208135d389b6972a6d?s=96&d=mm&r=g","url":"https:\/\/secure.gravatar.com\/avatar\/2172498d4914b51e1d89a0f97957b035ac4938723a5cac208135d389b6972a6d?s=96&d=mm&r=g","contentUrl":"https:\/\/secure.gravatar.com\/avatar\/2172498d4914b51e1d89a0f97957b035ac4938723a5cac208135d389b6972a6d?s=96&d=mm&r=g","caption":"teste"},"url":"https:\/\/blogdofarnesio.com.br\/author\/teste\/"}]}},"_links":{"self":[{"href":"https:\/\/blogdofarnesio.com.br\/wp-json\/wp\/v2\/posts\/71580","targetHints":{"allow":["GET"]}}],"collection":[{"href":"https:\/\/blogdofarnesio.com.br\/wp-json\/wp\/v2\/posts"}],"about":[{"href":"https:\/\/blogdofarnesio.com.br\/wp-json\/wp\/v2\/types\/post"}],"author":[{"embeddable":true,"href":"https:\/\/blogdofarnesio.com.br\/wp-json\/wp\/v2\/users\/3"}],"replies":[{"embeddable":true,"href":"https:\/\/blogdofarnesio.com.br\/wp-json\/wp\/v2\/comments?post=71580"}],"version-history":[{"count":0,"href":"https:\/\/blogdofarnesio.com.br\/wp-json\/wp\/v2\/posts\/71580\/revisions"}],"wp:attachment":[{"href":"https:\/\/blogdofarnesio.com.br\/wp-json\/wp\/v2\/media?parent=71580"}],"wp:term":[{"taxonomy":"category","embeddable":true,"href":"https:\/\/blogdofarnesio.com.br\/wp-json\/wp\/v2\/categories?post=71580"},{"taxonomy":"post_tag","embeddable":true,"href":"https:\/\/blogdofarnesio.com.br\/wp-json\/wp\/v2\/tags?post=71580"}],"curies":[{"name":"wp","href":"https:\/\/api.w.org\/{rel}","templated":true}]}}