{"id":7119,"date":"2011-10-04T10:42:00","date_gmt":"2011-10-04T10:42:00","guid":{"rendered":"http:\/\/www.quersaberpolitica.com.br?p=7119"},"modified":"2011-10-03T18:48:55","modified_gmt":"2011-10-03T18:48:55","slug":"seagriadab-lancam-programa-de-entrepostos-frigorificos-para-estruturar-a-cadeia-da-carne","status":"publish","type":"post","link":"https:\/\/blogdofarnesio.com.br\/?p=7119","title":{"rendered":"Seagri\/Adab lan\u00e7am programa de entrepostos frigor\u00edficos para estruturar a cadeia da carne"},"content":{"rendered":"<p><span><a rel=\"lightbox\" href=\"http:\/\/www.quersaberpolitica.com.br\/2016\/wp-content\/uploads\/2012\/12\/blogqspestruturacaodecarneemjua.jpg\"><img loading=\"lazy\" decoding=\"async\" style=\"float: right; margin-top: 5px; margin-bottom: 5px; margin-left: 10px; margin-right: 10px;\" src=\"http:\/\/www.quersaberpolitica.com.br\/2016\/wp-content\/uploads\/2012\/12\/blogqspestruturacaodecarneemjua.jpg\" alt=\"\" width=\"200\" height=\"157\" \/><\/a><\/span><\/p>\n<p style=\"text-align: justify;\"><span style=\"font-size: small;\"><span style=\"font-family: arial, helvetica, sans-serif;\">Dar sustentabilidade &agrave; cadeia da carne, combater o abate clandestino e assegurar a seguran&ccedil;a alimentar &agrave; popula&ccedil;&atilde;o com a oferta de carne sadia s&atilde;o os principais objetivos do Programa de Entrepostos Frigor&iacute;ficos, que a Secretaria da Agricultura\/Ag&ecirc;ncia Estadual de Defesa Agropecu&aacute;ria, (Adab), lan&ccedil;ou nesta&nbsp;<strong>segunda (3), no audit&oacute;rio da Seagri, no Centro Administrativo da Bahia-Cab<\/strong>.<\/span><\/span><\/p>\n<p style=\"text-align: justify;\"><span style=\"font-size: small;\"><span style=\"font-family: arial, helvetica, sans-serif;\">De acordo com o secret&aacute;rio estadual da Agricultura, engenheiro agr&ocirc;nomo Eduardo Salles, trata-se de um das mais importantes a&ccedil;&otilde;es do governo do Estado no &acirc;mbito da agropecu&aacute;ria dos &uacute;ltimos anos. &#8220;Este &eacute; um programa estruturante que estamos lan&ccedil;ando de forma pioneira no Brasil, dando seq&uuml;encia ao projeto de descentraliza&ccedil;&atilde;o do abate na Bahia&#8221;, afirma Salles. Esta a&ccedil;&atilde;o do governo do Estado atende em especial a agricultura familiar, respons&aacute;vel por 50% da pecu&aacute;ria da Bahia, que tem hoje cerca de 10,7 milh&otilde;es de cabe&ccedil;as.<\/span><\/span><\/p>\n<p style=\"text-align: justify;\"><span style=\"font-size: small;\"><span style=\"font-family: arial, helvetica, sans-serif;\">(Josalto Alves &#8211; Ascom Seagri)<br \/><\/span><\/span><\/p>\n","protected":false},"excerpt":{"rendered":"<p>Dar sustentabilidade &agrave; cadeia da carne, combater o abate clandestino e assegurar a seguran&ccedil;a alimentar &agrave; popula&ccedil;&atilde;o com a oferta de carne sadia s&atilde;o os principais objetivos do Programa de Entrepostos Frigor&iacute;ficos, que a Secretaria da Agricultura\/Ag&ecirc;ncia Estadual de Defesa Agropecu&aacute;ria, (Adab), lan&ccedil;ou nesta&nbsp;segunda (3), no audit&oacute;rio da Seagri, no Centro Administrativo da Bahia-Cab. De acordo com o secret&aacute;rio estadual da Agricultura, engenheiro agr&ocirc;nomo Eduardo Salles, trata-se de um das mais importantes a&ccedil;&otilde;es do governo do Estado no &acirc;mbito da agropecu&aacute;ria dos &uacute;ltimos anos. &#8220;Este &eacute; um programa estruturante que estamos lan&ccedil;ando de forma pioneira no Brasil, dando seq&uuml;encia ao projeto de descentraliza&ccedil;&atilde;o do abate na Bahia&#8221;, afirma Salles. Esta a&ccedil;&atilde;o do governo do Estado atende em especial a agricultura&hellip; <\/p>\n","protected":false},"author":0,"featured_media":0,"comment_status":"open","ping_status":"open","sticky":false,"template":"","format":"standard","meta":{"_acf_changed":false,"footnotes":""},"categories":[3],"tags":[],"class_list":["post-7119","post","type-post","status-publish","format-standard","hentry","category-entretenimento"],"acf":[],"yoast_head":"<!-- This site is optimized with the Yoast SEO plugin v27.4 - https:\/\/yoast.com\/product\/yoast-seo-wordpress\/ -->\n<title>Seagri\/Adab lan\u00e7am programa de entrepostos frigor\u00edficos para estruturar a cadeia da carne - Blog do Farn\u00e9sio<\/title>\n<meta name=\"robots\" content=\"index, follow, max-snippet:-1, max-image-preview:large, max-video-preview:-1\" \/>\n<link rel=\"canonical\" href=\"http:\/\/blogdofarnesio.com.br\/?p=7119\" \/>\n<meta property=\"og:locale\" content=\"pt_BR\" \/>\n<meta property=\"og:type\" content=\"article\" \/>\n<meta property=\"og:title\" content=\"Seagri\/Adab lan\u00e7am programa de entrepostos frigor\u00edficos para estruturar a cadeia da carne - Blog do Farn\u00e9sio\" \/>\n<meta property=\"og:description\" content=\"Dar sustentabilidade &agrave; cadeia da carne, combater o abate clandestino e assegurar a seguran&ccedil;a alimentar &agrave; popula&ccedil;&atilde;o com a oferta de carne sadia s&atilde;o os principais objetivos do Programa de Entrepostos Frigor&iacute;ficos, que a Secretaria da Agricultura\/Ag&ecirc;ncia Estadual de Defesa Agropecu&aacute;ria, (Adab), lan&ccedil;ou nesta&nbsp;segunda (3), no audit&oacute;rio da Seagri, no Centro Administrativo da Bahia-Cab. De acordo com o secret&aacute;rio estadual da Agricultura, engenheiro agr&ocirc;nomo Eduardo Salles, trata-se de um das mais importantes a&ccedil;&otilde;es do governo do Estado no &acirc;mbito da agropecu&aacute;ria dos &uacute;ltimos anos. &#8220;Este &eacute; um programa estruturante que estamos lan&ccedil;ando de forma pioneira no Brasil, dando seq&uuml;encia ao projeto de descentraliza&ccedil;&atilde;o do abate na Bahia&#8221;, afirma Salles. Esta a&ccedil;&atilde;o do governo do Estado atende em especial a agricultura&hellip;\" \/>\n<meta property=\"og:url\" content=\"http:\/\/blogdofarnesio.com.br\/?p=7119\" \/>\n<meta property=\"og:site_name\" content=\"Blog do Farn\u00e9sio\" \/>\n<meta property=\"article:publisher\" content=\"https:\/\/www.facebook.com\/BlogQuerSaberPolitica\/\" \/>\n<meta property=\"article:published_time\" content=\"2011-10-04T10:42:00+00:00\" \/>\n<meta property=\"og:image\" content=\"http:\/\/www.quersaberpolitica.com.br\/2016\/wp-content\/uploads\/2012\/12\/blogqspestruturacaodecarneemjua.jpg\" \/>\n<meta name=\"twitter:card\" content=\"summary_large_image\" \/>\n<meta name=\"twitter:label1\" content=\"Est. tempo de leitura\" \/>\n\t<meta name=\"twitter:data1\" content=\"1 minuto\" \/>\n<script type=\"application\/ld+json\" class=\"yoast-schema-graph\">{\"@context\":\"https:\\\/\\\/schema.org\",\"@graph\":[{\"@type\":\"Article\",\"@id\":\"http:\\\/\\\/blogdofarnesio.com.br\\\/?p=7119#article\",\"isPartOf\":{\"@id\":\"http:\\\/\\\/blogdofarnesio.com.br\\\/?p=7119\"},\"author\":{\"name\":\"\",\"@id\":\"\"},\"headline\":\"Seagri\\\/Adab lan\u00e7am programa de entrepostos frigor\u00edficos para estruturar a cadeia da carne\",\"datePublished\":\"2011-10-04T10:42:00+00:00\",\"mainEntityOfPage\":{\"@id\":\"http:\\\/\\\/blogdofarnesio.com.br\\\/?p=7119\"},\"wordCount\":203,\"commentCount\":0,\"publisher\":{\"@id\":\"https:\\\/\\\/blogdofarnesio.com.br\\\/#organization\"},\"image\":{\"@id\":\"http:\\\/\\\/blogdofarnesio.com.br\\\/?p=7119#primaryimage\"},\"thumbnailUrl\":\"http:\\\/\\\/www.quersaberpolitica.com.br\\\/2016\\\/wp-content\\\/uploads\\\/2012\\\/12\\\/blogqspestruturacaodecarneemjua.jpg\",\"articleSection\":[\"Entretenimento\"],\"inLanguage\":\"pt-BR\",\"potentialAction\":[{\"@type\":\"CommentAction\",\"name\":\"Comment\",\"target\":[\"http:\\\/\\\/blogdofarnesio.com.br\\\/?p=7119#respond\"]}]},{\"@type\":\"WebPage\",\"@id\":\"http:\\\/\\\/blogdofarnesio.com.br\\\/?p=7119\",\"url\":\"http:\\\/\\\/blogdofarnesio.com.br\\\/?p=7119\",\"name\":\"Seagri\\\/Adab lan\u00e7am programa de entrepostos frigor\u00edficos para estruturar a cadeia da carne - Blog do Farn\u00e9sio\",\"isPartOf\":{\"@id\":\"https:\\\/\\\/blogdofarnesio.com.br\\\/#website\"},\"primaryImageOfPage\":{\"@id\":\"http:\\\/\\\/blogdofarnesio.com.br\\\/?p=7119#primaryimage\"},\"image\":{\"@id\":\"http:\\\/\\\/blogdofarnesio.com.br\\\/?p=7119#primaryimage\"},\"thumbnailUrl\":\"http:\\\/\\\/www.quersaberpolitica.com.br\\\/2016\\\/wp-content\\\/uploads\\\/2012\\\/12\\\/blogqspestruturacaodecarneemjua.jpg\",\"datePublished\":\"2011-10-04T10:42:00+00:00\",\"breadcrumb\":{\"@id\":\"http:\\\/\\\/blogdofarnesio.com.br\\\/?p=7119#breadcrumb\"},\"inLanguage\":\"pt-BR\",\"potentialAction\":[{\"@type\":\"ReadAction\",\"target\":[\"http:\\\/\\\/blogdofarnesio.com.br\\\/?p=7119\"]}]},{\"@type\":\"ImageObject\",\"inLanguage\":\"pt-BR\",\"@id\":\"http:\\\/\\\/blogdofarnesio.com.br\\\/?p=7119#primaryimage\",\"url\":\"http:\\\/\\\/www.quersaberpolitica.com.br\\\/2016\\\/wp-content\\\/uploads\\\/2012\\\/12\\\/blogqspestruturacaodecarneemjua.jpg\",\"contentUrl\":\"http:\\\/\\\/www.quersaberpolitica.com.br\\\/2016\\\/wp-content\\\/uploads\\\/2012\\\/12\\\/blogqspestruturacaodecarneemjua.jpg\"},{\"@type\":\"BreadcrumbList\",\"@id\":\"http:\\\/\\\/blogdofarnesio.com.br\\\/?p=7119#breadcrumb\",\"itemListElement\":[{\"@type\":\"ListItem\",\"position\":1,\"name\":\"In\u00edcio\",\"item\":\"https:\\\/\\\/blogdofarnesio.com.br\\\/\"},{\"@type\":\"ListItem\",\"position\":2,\"name\":\"Seagri\\\/Adab lan\u00e7am programa de entrepostos frigor\u00edficos para estruturar a cadeia da carne\"}]},{\"@type\":\"WebSite\",\"@id\":\"https:\\\/\\\/blogdofarnesio.com.br\\\/#website\",\"url\":\"https:\\\/\\\/blogdofarnesio.com.br\\\/\",\"name\":\"Blog do Farn\u00e9sio\",\"description\":\"Quer Saber Pol\u00edtica?\",\"publisher\":{\"@id\":\"https:\\\/\\\/blogdofarnesio.com.br\\\/#organization\"},\"potentialAction\":[{\"@type\":\"SearchAction\",\"target\":{\"@type\":\"EntryPoint\",\"urlTemplate\":\"https:\\\/\\\/blogdofarnesio.com.br\\\/?s={search_term_string}\"},\"query-input\":{\"@type\":\"PropertyValueSpecification\",\"valueRequired\":true,\"valueName\":\"search_term_string\"}}],\"inLanguage\":\"pt-BR\"},{\"@type\":\"Organization\",\"@id\":\"https:\\\/\\\/blogdofarnesio.com.br\\\/#organization\",\"name\":\"Blog do Farn\u00e9sio\",\"url\":\"https:\\\/\\\/blogdofarnesio.com.br\\\/\",\"logo\":{\"@type\":\"ImageObject\",\"inLanguage\":\"pt-BR\",\"@id\":\"https:\\\/\\\/blogdofarnesio.com.br\\\/#\\\/schema\\\/logo\\\/image\\\/\",\"url\":\"https:\\\/\\\/blogdofarnesio.com.br\\\/wp-content\\\/uploads\\\/2026\\\/03\\\/cropped-logo_new-1.png\",\"contentUrl\":\"https:\\\/\\\/blogdofarnesio.com.br\\\/wp-content\\\/uploads\\\/2026\\\/03\\\/cropped-logo_new-1.png\",\"width\":881,\"height\":685,\"caption\":\"Blog do Farn\u00e9sio\"},\"image\":{\"@id\":\"https:\\\/\\\/blogdofarnesio.com.br\\\/#\\\/schema\\\/logo\\\/image\\\/\"},\"sameAs\":[\"https:\\\/\\\/www.facebook.com\\\/BlogQuerSaberPolitica\\\/\"]}]}<\/script>\n<!-- \/ Yoast SEO plugin. -->","yoast_head_json":{"title":"Seagri\/Adab lan\u00e7am programa de entrepostos frigor\u00edficos para estruturar a cadeia da carne - Blog do Farn\u00e9sio","robots":{"index":"index","follow":"follow","max-snippet":"max-snippet:-1","max-image-preview":"max-image-preview:large","max-video-preview":"max-video-preview:-1"},"canonical":"http:\/\/blogdofarnesio.com.br\/?p=7119","og_locale":"pt_BR","og_type":"article","og_title":"Seagri\/Adab lan\u00e7am programa de entrepostos frigor\u00edficos para estruturar a cadeia da carne - Blog do Farn\u00e9sio","og_description":"Dar sustentabilidade &agrave; cadeia da carne, combater o abate clandestino e assegurar a seguran&ccedil;a alimentar &agrave; popula&ccedil;&atilde;o com a oferta de carne sadia s&atilde;o os principais objetivos do Programa de Entrepostos Frigor&iacute;ficos, que a Secretaria da Agricultura\/Ag&ecirc;ncia Estadual de Defesa Agropecu&aacute;ria, (Adab), lan&ccedil;ou nesta&nbsp;segunda (3), no audit&oacute;rio da Seagri, no Centro Administrativo da Bahia-Cab. De acordo com o secret&aacute;rio estadual da Agricultura, engenheiro agr&ocirc;nomo Eduardo Salles, trata-se de um das mais importantes a&ccedil;&otilde;es do governo do Estado no &acirc;mbito da agropecu&aacute;ria dos &uacute;ltimos anos. &#8220;Este &eacute; um programa estruturante que estamos lan&ccedil;ando de forma pioneira no Brasil, dando seq&uuml;encia ao projeto de descentraliza&ccedil;&atilde;o do abate na Bahia&#8221;, afirma Salles. Esta a&ccedil;&atilde;o do governo do Estado atende em especial a agricultura&hellip;","og_url":"http:\/\/blogdofarnesio.com.br\/?p=7119","og_site_name":"Blog do Farn\u00e9sio","article_publisher":"https:\/\/www.facebook.com\/BlogQuerSaberPolitica\/","article_published_time":"2011-10-04T10:42:00+00:00","og_image":[{"url":"http:\/\/www.quersaberpolitica.com.br\/2016\/wp-content\/uploads\/2012\/12\/blogqspestruturacaodecarneemjua.jpg","type":"","width":"","height":""}],"twitter_card":"summary_large_image","twitter_misc":{"Est. tempo de leitura":"1 minuto"},"schema":{"@context":"https:\/\/schema.org","@graph":[{"@type":"Article","@id":"http:\/\/blogdofarnesio.com.br\/?p=7119#article","isPartOf":{"@id":"http:\/\/blogdofarnesio.com.br\/?p=7119"},"author":{"name":"","@id":""},"headline":"Seagri\/Adab lan\u00e7am programa de entrepostos frigor\u00edficos para estruturar a cadeia da carne","datePublished":"2011-10-04T10:42:00+00:00","mainEntityOfPage":{"@id":"http:\/\/blogdofarnesio.com.br\/?p=7119"},"wordCount":203,"commentCount":0,"publisher":{"@id":"https:\/\/blogdofarnesio.com.br\/#organization"},"image":{"@id":"http:\/\/blogdofarnesio.com.br\/?p=7119#primaryimage"},"thumbnailUrl":"http:\/\/www.quersaberpolitica.com.br\/2016\/wp-content\/uploads\/2012\/12\/blogqspestruturacaodecarneemjua.jpg","articleSection":["Entretenimento"],"inLanguage":"pt-BR","potentialAction":[{"@type":"CommentAction","name":"Comment","target":["http:\/\/blogdofarnesio.com.br\/?p=7119#respond"]}]},{"@type":"WebPage","@id":"http:\/\/blogdofarnesio.com.br\/?p=7119","url":"http:\/\/blogdofarnesio.com.br\/?p=7119","name":"Seagri\/Adab lan\u00e7am programa de entrepostos frigor\u00edficos para estruturar a cadeia da carne - Blog do Farn\u00e9sio","isPartOf":{"@id":"https:\/\/blogdofarnesio.com.br\/#website"},"primaryImageOfPage":{"@id":"http:\/\/blogdofarnesio.com.br\/?p=7119#primaryimage"},"image":{"@id":"http:\/\/blogdofarnesio.com.br\/?p=7119#primaryimage"},"thumbnailUrl":"http:\/\/www.quersaberpolitica.com.br\/2016\/wp-content\/uploads\/2012\/12\/blogqspestruturacaodecarneemjua.jpg","datePublished":"2011-10-04T10:42:00+00:00","breadcrumb":{"@id":"http:\/\/blogdofarnesio.com.br\/?p=7119#breadcrumb"},"inLanguage":"pt-BR","potentialAction":[{"@type":"ReadAction","target":["http:\/\/blogdofarnesio.com.br\/?p=7119"]}]},{"@type":"ImageObject","inLanguage":"pt-BR","@id":"http:\/\/blogdofarnesio.com.br\/?p=7119#primaryimage","url":"http:\/\/www.quersaberpolitica.com.br\/2016\/wp-content\/uploads\/2012\/12\/blogqspestruturacaodecarneemjua.jpg","contentUrl":"http:\/\/www.quersaberpolitica.com.br\/2016\/wp-content\/uploads\/2012\/12\/blogqspestruturacaodecarneemjua.jpg"},{"@type":"BreadcrumbList","@id":"http:\/\/blogdofarnesio.com.br\/?p=7119#breadcrumb","itemListElement":[{"@type":"ListItem","position":1,"name":"In\u00edcio","item":"https:\/\/blogdofarnesio.com.br\/"},{"@type":"ListItem","position":2,"name":"Seagri\/Adab lan\u00e7am programa de entrepostos frigor\u00edficos para estruturar a cadeia da carne"}]},{"@type":"WebSite","@id":"https:\/\/blogdofarnesio.com.br\/#website","url":"https:\/\/blogdofarnesio.com.br\/","name":"Blog do Farn\u00e9sio","description":"Quer Saber Pol\u00edtica?","publisher":{"@id":"https:\/\/blogdofarnesio.com.br\/#organization"},"potentialAction":[{"@type":"SearchAction","target":{"@type":"EntryPoint","urlTemplate":"https:\/\/blogdofarnesio.com.br\/?s={search_term_string}"},"query-input":{"@type":"PropertyValueSpecification","valueRequired":true,"valueName":"search_term_string"}}],"inLanguage":"pt-BR"},{"@type":"Organization","@id":"https:\/\/blogdofarnesio.com.br\/#organization","name":"Blog do Farn\u00e9sio","url":"https:\/\/blogdofarnesio.com.br\/","logo":{"@type":"ImageObject","inLanguage":"pt-BR","@id":"https:\/\/blogdofarnesio.com.br\/#\/schema\/logo\/image\/","url":"https:\/\/blogdofarnesio.com.br\/wp-content\/uploads\/2026\/03\/cropped-logo_new-1.png","contentUrl":"https:\/\/blogdofarnesio.com.br\/wp-content\/uploads\/2026\/03\/cropped-logo_new-1.png","width":881,"height":685,"caption":"Blog do Farn\u00e9sio"},"image":{"@id":"https:\/\/blogdofarnesio.com.br\/#\/schema\/logo\/image\/"},"sameAs":["https:\/\/www.facebook.com\/BlogQuerSaberPolitica\/"]}]}},"_links":{"self":[{"href":"https:\/\/blogdofarnesio.com.br\/index.php?rest_route=\/wp\/v2\/posts\/7119","targetHints":{"allow":["GET"]}}],"collection":[{"href":"https:\/\/blogdofarnesio.com.br\/index.php?rest_route=\/wp\/v2\/posts"}],"about":[{"href":"https:\/\/blogdofarnesio.com.br\/index.php?rest_route=\/wp\/v2\/types\/post"}],"replies":[{"embeddable":true,"href":"https:\/\/blogdofarnesio.com.br\/index.php?rest_route=%2Fwp%2Fv2%2Fcomments&post=7119"}],"version-history":[{"count":0,"href":"https:\/\/blogdofarnesio.com.br\/index.php?rest_route=\/wp\/v2\/posts\/7119\/revisions"}],"wp:attachment":[{"href":"https:\/\/blogdofarnesio.com.br\/index.php?rest_route=%2Fwp%2Fv2%2Fmedia&parent=7119"}],"wp:term":[{"taxonomy":"category","embeddable":true,"href":"https:\/\/blogdofarnesio.com.br\/index.php?rest_route=%2Fwp%2Fv2%2Fcategories&post=7119"},{"taxonomy":"post_tag","embeddable":true,"href":"https:\/\/blogdofarnesio.com.br\/index.php?rest_route=%2Fwp%2Fv2%2Ftags&post=7119"}],"curies":[{"name":"wp","href":"https:\/\/api.w.org\/{rel}","templated":true}]}}