{"id":71149,"date":"2014-01-27T16:21:01","date_gmt":"2014-01-27T19:21:01","guid":{"rendered":"http:\/\/www.quersaberpolitica.com.br\/?p=71149"},"modified":"2014-01-27T15:01:13","modified_gmt":"2014-01-27T18:01:13","slug":"baianao-artilheiro-do-juazeiro-jean-mantem-confianca-na-equipe","status":"publish","type":"post","link":"https:\/\/blogdofarnesio.com.br\/?p=71149","title":{"rendered":"BAIAN\u00c3O: ARTILHEIRO DO JUAZEIRO, JEAN, MANT\u00c9M CONFIAN\u00c7A NA EQUIPE"},"content":{"rendered":"<p style=\"text-align: justify\"><a href=\"http:\/\/www.quersaberpolitica.com.br\/2016\/wp-content\/uploads\/2014\/01\/jeangol.jpg\"><img loading=\"lazy\" decoding=\"async\" class=\"alignleft size-medium wp-image-71150\" alt=\"blogqspjogo\" src=\"http:\/\/www.quersaberpolitica.com.br\/2016\/wp-content\/uploads\/2014\/01\/jeangol-300x192.jpg\" width=\"300\" height=\"192\" srcset=\"https:\/\/blogdofarnesio.com.br\/wp-content\/uploads\/2014\/01\/jeangol-300x192.jpg 300w, https:\/\/blogdofarnesio.com.br\/wp-content\/uploads\/2014\/01\/jeangol.jpg 400w\" sizes=\"auto, (max-width: 300px) 100vw, 300px\" \/><\/a>O atacante Jean, artilheiro do Juazeiro no Campeonato Baiano com tr\u00eas gols, um deles marcado na vit\u00f3ria de ontem (26) sobre o Feirense,, falou sobre o gol salvador que deu mais tr\u00eas pontos ao Juazeiro: \u201cFoi uma felicidade enorme fazer um gol t\u00e3o importante como esse para nosso time.<\/p>\n<p style=\"text-align: justify\">Ainda mais depois de termos perdido um p\u00eanalti. J\u00e1 est\u00e1vamos todos abatidos pensando que mais uma vez essa vit\u00f3ria n\u00e3o iria vir, mas com a gl\u00f3ria de Deus eu pude acertar a cabe\u00e7ada e fazer um gol muito importante\u201d disse o camisa 9.<\/p>\n<p style=\"text-align: justify\">O pr\u00f3ximo jogo do Juazeiro ser\u00e1 contra a Juazeirense, um cl\u00e1ssico local e que o resultado positivo \u00e9 de suma import\u00e2ncia para os projetos da equipe dentro da competi\u00e7\u00e3o: \u201cNosso \u00fanico objetivo \u00e9 chegar nesse cl\u00e1ssico respeitando o time da Juazeirense que \u00e9 muito boa por sinal. Mas, vamos lutar e se Deus quiser conseguir mais essa vit\u00f3ria, a primeira veio domingo (26), ent\u00e3o agora vamos nos acostumar a ganhar e que venham mais vit\u00f3rias\u201d completou o atacante.<!--more--><\/p>\n<p style=\"text-align: justify\">Jean fez quest\u00e3o de chamar a torcida para esse grande jogo que definir\u00e1 os rumos das duas equipes dentro do Baian\u00e3o: \u201cMais uma vez chamamos a torcida para ir ao est\u00e1dio Adauto Moraes nos ajudar, estamos precisando mais uma vez deles, garantimos que n\u00e3o vai faltar disposi\u00e7\u00e3o e garra, como sempre\u201d finalizou o jogador.<\/p>\n<p style=\"text-align: justify\">O jogo entre Juazeiro e Juazeirense ser\u00e1 nesta quarta-feira (29) \u00e0s 21:15.<\/p>\n<p><strong>Texto e fotos: Bruno Lopes<\/strong><\/p>\n","protected":false},"excerpt":{"rendered":"<p>O atacante Jean, artilheiro do Juazeiro no Campeonato Baiano com tr\u00eas gols, um deles marcado na vit\u00f3ria de ontem (26) sobre o Feirense,, falou sobre o gol salvador que deu mais tr\u00eas pontos ao Juazeiro: \u201cFoi uma felicidade enorme fazer um gol t\u00e3o importante como esse para nosso time. Ainda mais depois de termos perdido um p\u00eanalti. J\u00e1 est\u00e1vamos todos abatidos pensando que mais uma vez essa vit\u00f3ria n\u00e3o iria vir, mas com a gl\u00f3ria de Deus eu pude acertar a cabe\u00e7ada e fazer um gol muito importante\u201d disse o camisa 9. O pr\u00f3ximo jogo do Juazeiro ser\u00e1 contra a Juazeirense, um cl\u00e1ssico local e que o resultado positivo \u00e9 de suma import\u00e2ncia para os projetos da equipe dentro da&hellip; <\/p>\n","protected":false},"author":3,"featured_media":0,"comment_status":"open","ping_status":"open","sticky":false,"template":"","format":"standard","meta":{"_acf_changed":false,"footnotes":""},"categories":[8],"tags":[],"class_list":["post-71149","post","type-post","status-publish","format-standard","hentry","category-esportes"],"acf":[],"yoast_head":"<!-- This site is optimized with the Yoast SEO plugin v27.4 - https:\/\/yoast.com\/product\/yoast-seo-wordpress\/ -->\n<title>BAIAN\u00c3O: ARTILHEIRO DO JUAZEIRO, JEAN, MANT\u00c9M CONFIAN\u00c7A NA EQUIPE - Blog do Farn\u00e9sio<\/title>\n<meta name=\"robots\" content=\"index, follow, max-snippet:-1, max-image-preview:large, max-video-preview:-1\" \/>\n<link rel=\"canonical\" href=\"https:\/\/blogdofarnesio.com.br\/?p=71149\" \/>\n<meta property=\"og:locale\" content=\"pt_BR\" \/>\n<meta property=\"og:type\" content=\"article\" \/>\n<meta property=\"og:title\" content=\"BAIAN\u00c3O: ARTILHEIRO DO JUAZEIRO, JEAN, MANT\u00c9M CONFIAN\u00c7A NA EQUIPE - Blog do Farn\u00e9sio\" \/>\n<meta property=\"og:description\" content=\"O atacante Jean, artilheiro do Juazeiro no Campeonato Baiano com tr\u00eas gols, um deles marcado na vit\u00f3ria de ontem (26) sobre o Feirense,, falou sobre o gol salvador que deu mais tr\u00eas pontos ao Juazeiro: \u201cFoi uma felicidade enorme fazer um gol t\u00e3o importante como esse para nosso time. Ainda mais depois de termos perdido um p\u00eanalti. J\u00e1 est\u00e1vamos todos abatidos pensando que mais uma vez essa vit\u00f3ria n\u00e3o iria vir, mas com a gl\u00f3ria de Deus eu pude acertar a cabe\u00e7ada e fazer um gol muito importante\u201d disse o camisa 9. O pr\u00f3ximo jogo do Juazeiro ser\u00e1 contra a Juazeirense, um cl\u00e1ssico local e que o resultado positivo \u00e9 de suma import\u00e2ncia para os projetos da equipe dentro da&hellip;\" \/>\n<meta property=\"og:url\" content=\"https:\/\/blogdofarnesio.com.br\/?p=71149\" \/>\n<meta property=\"og:site_name\" content=\"Blog do Farn\u00e9sio\" \/>\n<meta property=\"article:publisher\" content=\"https:\/\/www.facebook.com\/BlogQuerSaberPolitica\/\" \/>\n<meta property=\"article:published_time\" content=\"2014-01-27T19:21:01+00:00\" \/>\n<meta property=\"og:image\" content=\"http:\/\/www.quersaberpolitica.com.br\/2016\/wp-content\/uploads\/2014\/01\/jeangol-300x192.jpg\" \/>\n<meta name=\"author\" content=\"teste\" \/>\n<meta name=\"twitter:card\" content=\"summary_large_image\" \/>\n<meta name=\"twitter:label1\" content=\"Escrito por\" \/>\n\t<meta name=\"twitter:data1\" content=\"teste\" \/>\n\t<meta name=\"twitter:label2\" content=\"Est. tempo de leitura\" \/>\n\t<meta name=\"twitter:data2\" content=\"1 minuto\" \/>\n<script type=\"application\/ld+json\" class=\"yoast-schema-graph\">{\"@context\":\"https:\\\/\\\/schema.org\",\"@graph\":[{\"@type\":\"Article\",\"@id\":\"https:\\\/\\\/blogdofarnesio.com.br\\\/?p=71149#article\",\"isPartOf\":{\"@id\":\"https:\\\/\\\/blogdofarnesio.com.br\\\/?p=71149\"},\"author\":{\"name\":\"teste\",\"@id\":\"https:\\\/\\\/blogdofarnesio.com.br\\\/#\\\/schema\\\/person\\\/dd1bf5eba40b687199ba45ca6b97dff9\"},\"headline\":\"BAIAN\u00c3O: ARTILHEIRO DO JUAZEIRO, JEAN, MANT\u00c9M CONFIAN\u00c7A NA EQUIPE\",\"datePublished\":\"2014-01-27T19:21:01+00:00\",\"mainEntityOfPage\":{\"@id\":\"https:\\\/\\\/blogdofarnesio.com.br\\\/?p=71149\"},\"wordCount\":268,\"commentCount\":0,\"publisher\":{\"@id\":\"https:\\\/\\\/blogdofarnesio.com.br\\\/#organization\"},\"image\":{\"@id\":\"https:\\\/\\\/blogdofarnesio.com.br\\\/?p=71149#primaryimage\"},\"thumbnailUrl\":\"http:\\\/\\\/www.quersaberpolitica.com.br\\\/2016\\\/wp-content\\\/uploads\\\/2014\\\/01\\\/jeangol-300x192.jpg\",\"articleSection\":[\"Esportes\"],\"inLanguage\":\"pt-BR\",\"potentialAction\":[{\"@type\":\"CommentAction\",\"name\":\"Comment\",\"target\":[\"https:\\\/\\\/blogdofarnesio.com.br\\\/?p=71149#respond\"]}]},{\"@type\":\"WebPage\",\"@id\":\"https:\\\/\\\/blogdofarnesio.com.br\\\/?p=71149\",\"url\":\"https:\\\/\\\/blogdofarnesio.com.br\\\/?p=71149\",\"name\":\"BAIAN\u00c3O: ARTILHEIRO DO JUAZEIRO, JEAN, MANT\u00c9M CONFIAN\u00c7A NA EQUIPE - Blog do Farn\u00e9sio\",\"isPartOf\":{\"@id\":\"https:\\\/\\\/blogdofarnesio.com.br\\\/#website\"},\"primaryImageOfPage\":{\"@id\":\"https:\\\/\\\/blogdofarnesio.com.br\\\/?p=71149#primaryimage\"},\"image\":{\"@id\":\"https:\\\/\\\/blogdofarnesio.com.br\\\/?p=71149#primaryimage\"},\"thumbnailUrl\":\"http:\\\/\\\/www.quersaberpolitica.com.br\\\/2016\\\/wp-content\\\/uploads\\\/2014\\\/01\\\/jeangol-300x192.jpg\",\"datePublished\":\"2014-01-27T19:21:01+00:00\",\"breadcrumb\":{\"@id\":\"https:\\\/\\\/blogdofarnesio.com.br\\\/?p=71149#breadcrumb\"},\"inLanguage\":\"pt-BR\",\"potentialAction\":[{\"@type\":\"ReadAction\",\"target\":[\"https:\\\/\\\/blogdofarnesio.com.br\\\/?p=71149\"]}]},{\"@type\":\"ImageObject\",\"inLanguage\":\"pt-BR\",\"@id\":\"https:\\\/\\\/blogdofarnesio.com.br\\\/?p=71149#primaryimage\",\"url\":\"http:\\\/\\\/www.quersaberpolitica.com.br\\\/2016\\\/wp-content\\\/uploads\\\/2014\\\/01\\\/jeangol-300x192.jpg\",\"contentUrl\":\"http:\\\/\\\/www.quersaberpolitica.com.br\\\/2016\\\/wp-content\\\/uploads\\\/2014\\\/01\\\/jeangol-300x192.jpg\"},{\"@type\":\"BreadcrumbList\",\"@id\":\"https:\\\/\\\/blogdofarnesio.com.br\\\/?p=71149#breadcrumb\",\"itemListElement\":[{\"@type\":\"ListItem\",\"position\":1,\"name\":\"In\u00edcio\",\"item\":\"https:\\\/\\\/blogdofarnesio.com.br\\\/\"},{\"@type\":\"ListItem\",\"position\":2,\"name\":\"BAIAN\u00c3O: ARTILHEIRO DO JUAZEIRO, JEAN, MANT\u00c9M CONFIAN\u00c7A NA EQUIPE\"}]},{\"@type\":\"WebSite\",\"@id\":\"https:\\\/\\\/blogdofarnesio.com.br\\\/#website\",\"url\":\"https:\\\/\\\/blogdofarnesio.com.br\\\/\",\"name\":\"Blog do Farn\u00e9sio\",\"description\":\"Quer Saber Pol\u00edtica?\",\"publisher\":{\"@id\":\"https:\\\/\\\/blogdofarnesio.com.br\\\/#organization\"},\"potentialAction\":[{\"@type\":\"SearchAction\",\"target\":{\"@type\":\"EntryPoint\",\"urlTemplate\":\"https:\\\/\\\/blogdofarnesio.com.br\\\/?s={search_term_string}\"},\"query-input\":{\"@type\":\"PropertyValueSpecification\",\"valueRequired\":true,\"valueName\":\"search_term_string\"}}],\"inLanguage\":\"pt-BR\"},{\"@type\":\"Organization\",\"@id\":\"https:\\\/\\\/blogdofarnesio.com.br\\\/#organization\",\"name\":\"Blog do Farn\u00e9sio\",\"url\":\"https:\\\/\\\/blogdofarnesio.com.br\\\/\",\"logo\":{\"@type\":\"ImageObject\",\"inLanguage\":\"pt-BR\",\"@id\":\"https:\\\/\\\/blogdofarnesio.com.br\\\/#\\\/schema\\\/logo\\\/image\\\/\",\"url\":\"https:\\\/\\\/blogdofarnesio.com.br\\\/wp-content\\\/uploads\\\/2026\\\/03\\\/cropped-logo_new-1.png\",\"contentUrl\":\"https:\\\/\\\/blogdofarnesio.com.br\\\/wp-content\\\/uploads\\\/2026\\\/03\\\/cropped-logo_new-1.png\",\"width\":881,\"height\":685,\"caption\":\"Blog do Farn\u00e9sio\"},\"image\":{\"@id\":\"https:\\\/\\\/blogdofarnesio.com.br\\\/#\\\/schema\\\/logo\\\/image\\\/\"},\"sameAs\":[\"https:\\\/\\\/www.facebook.com\\\/BlogQuerSaberPolitica\\\/\"]},{\"@type\":\"Person\",\"@id\":\"https:\\\/\\\/blogdofarnesio.com.br\\\/#\\\/schema\\\/person\\\/dd1bf5eba40b687199ba45ca6b97dff9\",\"name\":\"teste\",\"image\":{\"@type\":\"ImageObject\",\"inLanguage\":\"pt-BR\",\"@id\":\"https:\\\/\\\/secure.gravatar.com\\\/avatar\\\/2172498d4914b51e1d89a0f97957b035ac4938723a5cac208135d389b6972a6d?s=96&d=mm&r=g\",\"url\":\"https:\\\/\\\/secure.gravatar.com\\\/avatar\\\/2172498d4914b51e1d89a0f97957b035ac4938723a5cac208135d389b6972a6d?s=96&d=mm&r=g\",\"contentUrl\":\"https:\\\/\\\/secure.gravatar.com\\\/avatar\\\/2172498d4914b51e1d89a0f97957b035ac4938723a5cac208135d389b6972a6d?s=96&d=mm&r=g\",\"caption\":\"teste\"},\"url\":\"https:\\\/\\\/blogdofarnesio.com.br\\\/?author=3\"}]}<\/script>\n<!-- \/ Yoast SEO plugin. -->","yoast_head_json":{"title":"BAIAN\u00c3O: ARTILHEIRO DO JUAZEIRO, JEAN, MANT\u00c9M CONFIAN\u00c7A NA EQUIPE - Blog do Farn\u00e9sio","robots":{"index":"index","follow":"follow","max-snippet":"max-snippet:-1","max-image-preview":"max-image-preview:large","max-video-preview":"max-video-preview:-1"},"canonical":"https:\/\/blogdofarnesio.com.br\/?p=71149","og_locale":"pt_BR","og_type":"article","og_title":"BAIAN\u00c3O: ARTILHEIRO DO JUAZEIRO, JEAN, MANT\u00c9M CONFIAN\u00c7A NA EQUIPE - Blog do Farn\u00e9sio","og_description":"O atacante Jean, artilheiro do Juazeiro no Campeonato Baiano com tr\u00eas gols, um deles marcado na vit\u00f3ria de ontem (26) sobre o Feirense,, falou sobre o gol salvador que deu mais tr\u00eas pontos ao Juazeiro: \u201cFoi uma felicidade enorme fazer um gol t\u00e3o importante como esse para nosso time. Ainda mais depois de termos perdido um p\u00eanalti. J\u00e1 est\u00e1vamos todos abatidos pensando que mais uma vez essa vit\u00f3ria n\u00e3o iria vir, mas com a gl\u00f3ria de Deus eu pude acertar a cabe\u00e7ada e fazer um gol muito importante\u201d disse o camisa 9. O pr\u00f3ximo jogo do Juazeiro ser\u00e1 contra a Juazeirense, um cl\u00e1ssico local e que o resultado positivo \u00e9 de suma import\u00e2ncia para os projetos da equipe dentro da&hellip;","og_url":"https:\/\/blogdofarnesio.com.br\/?p=71149","og_site_name":"Blog do Farn\u00e9sio","article_publisher":"https:\/\/www.facebook.com\/BlogQuerSaberPolitica\/","article_published_time":"2014-01-27T19:21:01+00:00","og_image":[{"url":"http:\/\/www.quersaberpolitica.com.br\/2016\/wp-content\/uploads\/2014\/01\/jeangol-300x192.jpg","type":"","width":"","height":""}],"author":"teste","twitter_card":"summary_large_image","twitter_misc":{"Escrito por":"teste","Est. tempo de leitura":"1 minuto"},"schema":{"@context":"https:\/\/schema.org","@graph":[{"@type":"Article","@id":"https:\/\/blogdofarnesio.com.br\/?p=71149#article","isPartOf":{"@id":"https:\/\/blogdofarnesio.com.br\/?p=71149"},"author":{"name":"teste","@id":"https:\/\/blogdofarnesio.com.br\/#\/schema\/person\/dd1bf5eba40b687199ba45ca6b97dff9"},"headline":"BAIAN\u00c3O: ARTILHEIRO DO JUAZEIRO, JEAN, MANT\u00c9M CONFIAN\u00c7A NA EQUIPE","datePublished":"2014-01-27T19:21:01+00:00","mainEntityOfPage":{"@id":"https:\/\/blogdofarnesio.com.br\/?p=71149"},"wordCount":268,"commentCount":0,"publisher":{"@id":"https:\/\/blogdofarnesio.com.br\/#organization"},"image":{"@id":"https:\/\/blogdofarnesio.com.br\/?p=71149#primaryimage"},"thumbnailUrl":"http:\/\/www.quersaberpolitica.com.br\/2016\/wp-content\/uploads\/2014\/01\/jeangol-300x192.jpg","articleSection":["Esportes"],"inLanguage":"pt-BR","potentialAction":[{"@type":"CommentAction","name":"Comment","target":["https:\/\/blogdofarnesio.com.br\/?p=71149#respond"]}]},{"@type":"WebPage","@id":"https:\/\/blogdofarnesio.com.br\/?p=71149","url":"https:\/\/blogdofarnesio.com.br\/?p=71149","name":"BAIAN\u00c3O: ARTILHEIRO DO JUAZEIRO, JEAN, MANT\u00c9M CONFIAN\u00c7A NA EQUIPE - Blog do Farn\u00e9sio","isPartOf":{"@id":"https:\/\/blogdofarnesio.com.br\/#website"},"primaryImageOfPage":{"@id":"https:\/\/blogdofarnesio.com.br\/?p=71149#primaryimage"},"image":{"@id":"https:\/\/blogdofarnesio.com.br\/?p=71149#primaryimage"},"thumbnailUrl":"http:\/\/www.quersaberpolitica.com.br\/2016\/wp-content\/uploads\/2014\/01\/jeangol-300x192.jpg","datePublished":"2014-01-27T19:21:01+00:00","breadcrumb":{"@id":"https:\/\/blogdofarnesio.com.br\/?p=71149#breadcrumb"},"inLanguage":"pt-BR","potentialAction":[{"@type":"ReadAction","target":["https:\/\/blogdofarnesio.com.br\/?p=71149"]}]},{"@type":"ImageObject","inLanguage":"pt-BR","@id":"https:\/\/blogdofarnesio.com.br\/?p=71149#primaryimage","url":"http:\/\/www.quersaberpolitica.com.br\/2016\/wp-content\/uploads\/2014\/01\/jeangol-300x192.jpg","contentUrl":"http:\/\/www.quersaberpolitica.com.br\/2016\/wp-content\/uploads\/2014\/01\/jeangol-300x192.jpg"},{"@type":"BreadcrumbList","@id":"https:\/\/blogdofarnesio.com.br\/?p=71149#breadcrumb","itemListElement":[{"@type":"ListItem","position":1,"name":"In\u00edcio","item":"https:\/\/blogdofarnesio.com.br\/"},{"@type":"ListItem","position":2,"name":"BAIAN\u00c3O: ARTILHEIRO DO JUAZEIRO, JEAN, MANT\u00c9M CONFIAN\u00c7A NA EQUIPE"}]},{"@type":"WebSite","@id":"https:\/\/blogdofarnesio.com.br\/#website","url":"https:\/\/blogdofarnesio.com.br\/","name":"Blog do Farn\u00e9sio","description":"Quer Saber Pol\u00edtica?","publisher":{"@id":"https:\/\/blogdofarnesio.com.br\/#organization"},"potentialAction":[{"@type":"SearchAction","target":{"@type":"EntryPoint","urlTemplate":"https:\/\/blogdofarnesio.com.br\/?s={search_term_string}"},"query-input":{"@type":"PropertyValueSpecification","valueRequired":true,"valueName":"search_term_string"}}],"inLanguage":"pt-BR"},{"@type":"Organization","@id":"https:\/\/blogdofarnesio.com.br\/#organization","name":"Blog do Farn\u00e9sio","url":"https:\/\/blogdofarnesio.com.br\/","logo":{"@type":"ImageObject","inLanguage":"pt-BR","@id":"https:\/\/blogdofarnesio.com.br\/#\/schema\/logo\/image\/","url":"https:\/\/blogdofarnesio.com.br\/wp-content\/uploads\/2026\/03\/cropped-logo_new-1.png","contentUrl":"https:\/\/blogdofarnesio.com.br\/wp-content\/uploads\/2026\/03\/cropped-logo_new-1.png","width":881,"height":685,"caption":"Blog do Farn\u00e9sio"},"image":{"@id":"https:\/\/blogdofarnesio.com.br\/#\/schema\/logo\/image\/"},"sameAs":["https:\/\/www.facebook.com\/BlogQuerSaberPolitica\/"]},{"@type":"Person","@id":"https:\/\/blogdofarnesio.com.br\/#\/schema\/person\/dd1bf5eba40b687199ba45ca6b97dff9","name":"teste","image":{"@type":"ImageObject","inLanguage":"pt-BR","@id":"https:\/\/secure.gravatar.com\/avatar\/2172498d4914b51e1d89a0f97957b035ac4938723a5cac208135d389b6972a6d?s=96&d=mm&r=g","url":"https:\/\/secure.gravatar.com\/avatar\/2172498d4914b51e1d89a0f97957b035ac4938723a5cac208135d389b6972a6d?s=96&d=mm&r=g","contentUrl":"https:\/\/secure.gravatar.com\/avatar\/2172498d4914b51e1d89a0f97957b035ac4938723a5cac208135d389b6972a6d?s=96&d=mm&r=g","caption":"teste"},"url":"https:\/\/blogdofarnesio.com.br\/?author=3"}]}},"_links":{"self":[{"href":"https:\/\/blogdofarnesio.com.br\/index.php?rest_route=\/wp\/v2\/posts\/71149","targetHints":{"allow":["GET"]}}],"collection":[{"href":"https:\/\/blogdofarnesio.com.br\/index.php?rest_route=\/wp\/v2\/posts"}],"about":[{"href":"https:\/\/blogdofarnesio.com.br\/index.php?rest_route=\/wp\/v2\/types\/post"}],"author":[{"embeddable":true,"href":"https:\/\/blogdofarnesio.com.br\/index.php?rest_route=\/wp\/v2\/users\/3"}],"replies":[{"embeddable":true,"href":"https:\/\/blogdofarnesio.com.br\/index.php?rest_route=%2Fwp%2Fv2%2Fcomments&post=71149"}],"version-history":[{"count":0,"href":"https:\/\/blogdofarnesio.com.br\/index.php?rest_route=\/wp\/v2\/posts\/71149\/revisions"}],"wp:attachment":[{"href":"https:\/\/blogdofarnesio.com.br\/index.php?rest_route=%2Fwp%2Fv2%2Fmedia&parent=71149"}],"wp:term":[{"taxonomy":"category","embeddable":true,"href":"https:\/\/blogdofarnesio.com.br\/index.php?rest_route=%2Fwp%2Fv2%2Fcategories&post=71149"},{"taxonomy":"post_tag","embeddable":true,"href":"https:\/\/blogdofarnesio.com.br\/index.php?rest_route=%2Fwp%2Fv2%2Ftags&post=71149"}],"curies":[{"name":"wp","href":"https:\/\/api.w.org\/{rel}","templated":true}]}}